{"id":403615,"date":"2026-03-09T13:12:00","date_gmt":"2026-03-09T16:12:00","guid":{"rendered":"https:\/\/portaltela.pt\/noticias\/2026\/03\/09\/muro-planeado-para-esconder-a-cidade-do-cabo-gera-debate-publico\/"},"modified":"2026-03-09T13:12:00","modified_gmt":"2026-03-09T16:12:00","slug":"muro-planeado-para-esconder-a-cidade-do-cabo-gera-debate-publico","status":"publish","type":"post","link":"https:\/\/portaltela.pt\/sociedade\/2026\/03\/09\/muro-planeado-para-esconder-a-cidade-do-cabo-gera-debate-publico\/","title":{"rendered":"Muro planeado para esconder a Cidade do Cabo gera debate p\u00fablico"},"content":{"rendered":"<p>O munic\u00edpio da Cidade do Cabo deu in\u00edcio \u00e0 constru\u00e7\u00e3o de um muro de nove quil\u00f3metros entre o aeroporto local e o centro urbano. A infraestrutura visa prevenir ataques e roubos dirigidos principalmente a turistas, segundo informa\u00e7\u00f5es oficiais.<\/p>\n<p>A obra, batizada N2 Edge, tem or\u00e7amento de cerca de 6 milh\u00f5es de euros e foi anunciada em dezembro, ap\u00f3s a morte de uma mulher esfaqueada junto a uma rotunda da autoestrada ap\u00f3s deixar o aeroporto. A administra\u00e7\u00e3o municipal justifica a medida pela inseguran\u00e7a na via.<\/p>\n<p>A popula\u00e7\u00e3o reage de forma cr\u00edtica, com temores de que o muro esconda desigualdades hist\u00f3ricas. O ex-ativista antiapartheid Allan Boesak acusa que a estrutura poder\u00e1 ocultar uma cidade dividida entre \u00e1reas ricas e bairros pobres.<\/p>\n<p>Segundo a AFP, o per\u00edmetro j\u00e1 era conhecido pela elevada incid\u00eancia de crimes, incluindo roubos e sequestros, com alguns casos a terminar tragicamente. Autoridades locais sublinham que o objetivo \u00e9 reduzir a criminalidade na passagem para o centro.<\/p>\n<p>Dados oficiais indicam que, entre outubro e dezembro de 2025, a zona registou o maior n\u00famero de roubos no pa\u00eds, com a taxa de homic\u00eddios a subir 29% face ao trimestre anterior. Geordin Hill-Lewis justifica a decis\u00e3o pela sensa\u00e7\u00e3o de inseguran\u00e7a de muitos utilizadores da via.<\/p>\n<h3>Rea\u00e7\u00e3o p\u00fablica<\/h3>\n<ul>\n<li>A popula\u00e7\u00e3o questiona a necessidade de uma barreira que restringe a visibilidade de bairros menos favorecidos.<\/li>\n<li>Cr\u00edticos defendem que a solu\u00e7\u00e3o n\u00e3o resolve as causas da criminalidade nem o contexto socioecon\u00f3mico local.<\/li>\n<\/ul>\n<p>As autoridades garantem que o muro n\u00e3o altera a circula\u00e7\u00e3o de pessoas, apenas condiciona a vista de determinadas zonas, e reafirmam a op\u00e7\u00e3o pela melhoria da seguran\u00e7a na via de acesso ao aeroporto.<\/p>\n","protected":false},"excerpt":{"rendered":"<ul>\n<li>A Cidade do Cabo planeia construir um muro de nove quil\u00f3metros entre o aeroporto e o centro urbano, para reduzir ataques e roubos contra turistas.<\/li>\n<li>A ideia tem gerado controv\u00e9rsia, com cr\u00edticas que o muro pode esconder a pobreza e refor\u00e7ar divis\u00f5es entre zonas ricas e pobres.<\/li>\n<li>O projeto, denominado N2 Edge, tem um custo de seis milh\u00f5es de euros e foi anunciado em dezembro, depois de um caso de esfaqueamento perto do aeroporto.<\/li>\n<li>O presidente da C\u00e2mara, Geordin Hill-Lewis, afirmou que muitas pessoas utilizam aquela via diariamente e sentem-se inseguras.<\/li>\n<li>Dados oficiais indicam que, entre outubro e dezembro de 2025, a \u00e1rea registou o maior n\u00famero de roubos na \u00c1frica do Sul e um aumento de 29% nos homic\u00eddios em rela\u00e7\u00e3o ao trimestre anterior.<\/li>\n<\/ul>\n","protected":false},"author":2,"featured_media":403618,"comment_status":"closed","ping_status":"closed","sticky":false,"template":"","format":"standard","meta":{"footnotes":""},"categories":[6779,6871],"tags":[3302,5227,5656,5437,6317,4536],"class_list":["post-403615","post","type-post","status-publish","format-standard","has-post-thumbnail","hentry","category-seguranca","category-sociedade","tag-aeroportos","tag-africa","tag-criminalidade","tag-desigualdades-sociais","tag-infraestrutura-rodoviaria","tag-seguranca"],"yoast_head":"<!-- This site is optimized with the Yoast SEO plugin v27.2 - https:\/\/yoast.com\/product\/yoast-seo-wordpress\/ -->\n<title>Muro planeado para esconder a Cidade do Cabo gera debate p\u00fablico - Portal Tela Portugal<\/title>\n<meta name=\"robots\" content=\"index, follow, max-snippet:-1, max-image-preview:large, max-video-preview:-1\" \/>\n<meta property=\"og:locale\" content=\"pt_PT\" \/>\n<meta property=\"og:type\" content=\"article\" \/>\n<meta property=\"og:title\" content=\"Muro planeado para esconder a Cidade do Cabo gera debate p\u00fablico - Portal Tela Portugal\" \/>\n<meta property=\"og:description\" content=\"A Cidade do Cabo planeia construir um muro de nove quil\u00f3metros entre o aeroporto e o centro urbano, para reduzir ataques e roubos contra turistas. A ideia tem gerado controv\u00e9rsia, com cr\u00edticas que o muro pode esconder a pobreza e refor\u00e7ar divis\u00f5es entre zonas ricas e pobres. O projeto, denominado N2 Edge, tem um custo de seis milh\u00f5es de euros e foi anunciado em dezembro, depois de um caso de esfaqueamento perto do aeroporto. O presidente da C\u00e2mara, Geordin Hill-Lewis, afirmou que muitas pessoas utilizam aquela via diariamente e sentem-se inseguras. Dados oficiais indicam que, entre outubro e dezembro de 2025, a \u00e1rea registou o maior n\u00famero de roubos na \u00c1frica do Sul e um aumento de 29% nos homic\u00eddios em rela\u00e7\u00e3o ao trimestre anterior.\" \/>\n<meta property=\"og:url\" content=\"https:\/\/portaltela.pt\/noticias\/2026\/03\/09\/muro-planeado-para-esconder-a-cidade-do-cabo-gera-debate-publico\/\" \/>\n<meta property=\"og:site_name\" content=\"Portal Tela Portugal\" \/>\n<meta property=\"article:published_time\" content=\"2026-03-09T16:12:00+00:00\" \/>\n<meta name=\"author\" content=\"Telinha\" \/>\n<meta name=\"twitter:card\" content=\"summary_large_image\" \/>\n<meta name=\"twitter:label1\" content=\"Escrito por\" \/>\n\t<meta name=\"twitter:data1\" content=\"Telinha\" \/>\n\t<meta name=\"twitter:label2\" content=\"Tempo estimado de leitura\" \/>\n\t<meta name=\"twitter:data2\" content=\"1 minuto\" \/>\n<script type=\"application\/ld+json\" class=\"yoast-schema-graph\">{\"@context\":\"https:\/\/schema.org\",\"@graph\":[{\"@type\":\"Article\",\"@id\":\"https:\/\/portaltela.pt\/noticias\/2026\/03\/09\/muro-planeado-para-esconder-a-cidade-do-cabo-gera-debate-publico\/#article\",\"isPartOf\":{\"@id\":\"https:\/\/portaltela.pt\/noticias\/2026\/03\/09\/muro-planeado-para-esconder-a-cidade-do-cabo-gera-debate-publico\/\"},\"author\":{\"name\":\"Telinha\",\"@id\":\"https:\/\/portaltela.pt\/#\/schema\/person\/c4278d4a6028830caff9ee44b42d32ed\"},\"headline\":\"Muro planeado para esconder a Cidade do Cabo gera debate p\u00fablico\",\"datePublished\":\"2026-03-09T16:12:00+00:00\",\"mainEntityOfPage\":{\"@id\":\"https:\/\/portaltela.pt\/noticias\/2026\/03\/09\/muro-planeado-para-esconder-a-cidade-do-cabo-gera-debate-publico\/\"},\"wordCount\":310,\"image\":{\"@id\":\"https:\/\/portaltela.pt\/noticias\/2026\/03\/09\/muro-planeado-para-esconder-a-cidade-do-cabo-gera-debate-publico\/#primaryimage\"},\"thumbnailUrl\":\"https:\/\/portaltela.pt\/s.01k8rhncp4jt1\/2026\/03\/image-585.jpg\",\"keywords\":[\"aeroportos\",\"\u00c1frica\",\"criminalidade\",\"desigualdades sociais\",\"infraestrutura rodovi\u00e1ria\",\"seguran\u00e7a\"],\"articleSection\":[\"Seguran\u00e7a\",\"Sociedade\"],\"inLanguage\":\"pt-PT\"},{\"@type\":\"WebPage\",\"@id\":\"https:\/\/portaltela.pt\/noticias\/2026\/03\/09\/muro-planeado-para-esconder-a-cidade-do-cabo-gera-debate-publico\/\",\"url\":\"https:\/\/portaltela.pt\/noticias\/2026\/03\/09\/muro-planeado-para-esconder-a-cidade-do-cabo-gera-debate-publico\/\",\"name\":\"Muro planeado para esconder a Cidade do Cabo gera debate p\u00fablico - Portal Tela Portugal\",\"isPartOf\":{\"@id\":\"https:\/\/portaltela.pt\/#website\"},\"primaryImageOfPage\":{\"@id\":\"https:\/\/portaltela.pt\/noticias\/2026\/03\/09\/muro-planeado-para-esconder-a-cidade-do-cabo-gera-debate-publico\/#primaryimage\"},\"image\":{\"@id\":\"https:\/\/portaltela.pt\/noticias\/2026\/03\/09\/muro-planeado-para-esconder-a-cidade-do-cabo-gera-debate-publico\/#primaryimage\"},\"thumbnailUrl\":\"https:\/\/portaltela.pt\/s.01k8rhncp4jt1\/2026\/03\/image-585.jpg\",\"datePublished\":\"2026-03-09T16:12:00+00:00\",\"author\":{\"@id\":\"https:\/\/portaltela.pt\/#\/schema\/person\/c4278d4a6028830caff9ee44b42d32ed\"},\"breadcrumb\":{\"@id\":\"https:\/\/portaltela.pt\/noticias\/2026\/03\/09\/muro-planeado-para-esconder-a-cidade-do-cabo-gera-debate-publico\/#breadcrumb\"},\"inLanguage\":\"pt-PT\",\"potentialAction\":[{\"@type\":\"ReadAction\",\"target\":[\"https:\/\/portaltela.pt\/noticias\/2026\/03\/09\/muro-planeado-para-esconder-a-cidade-do-cabo-gera-debate-publico\/\"]}]},{\"@type\":\"ImageObject\",\"inLanguage\":\"pt-PT\",\"@id\":\"https:\/\/portaltela.pt\/noticias\/2026\/03\/09\/muro-planeado-para-esconder-a-cidade-do-cabo-gera-debate-publico\/#primaryimage\",\"url\":\"https:\/\/portaltela.pt\/s.01k8rhncp4jt1\/2026\/03\/image-585.jpg\",\"contentUrl\":\"https:\/\/portaltela.pt\/s.01k8rhncp4jt1\/2026\/03\/image-585.jpg\",\"width\":796,\"height\":448,\"caption\":\"Cidade do Cabo \u00e9 a segunda maior da \u00c1frica do Sul, logo a seguir a Joanesburgo\"},{\"@type\":\"BreadcrumbList\",\"@id\":\"https:\/\/portaltela.pt\/noticias\/2026\/03\/09\/muro-planeado-para-esconder-a-cidade-do-cabo-gera-debate-publico\/#breadcrumb\",\"itemListElement\":[{\"@type\":\"ListItem\",\"position\":1,\"name\":\"In\u00edcio\",\"item\":\"https:\/\/portaltela.pt\/\"},{\"@type\":\"ListItem\",\"position\":2,\"name\":\"Muro planeado para esconder a Cidade do Cabo gera debate p\u00fablico\"}]},{\"@type\":\"WebSite\",\"@id\":\"https:\/\/portaltela.pt\/#website\",\"url\":\"https:\/\/portaltela.pt\/\",\"name\":\"Portal Tela Portugal\",\"description\":\"\",\"potentialAction\":[{\"@type\":\"SearchAction\",\"target\":{\"@type\":\"EntryPoint\",\"urlTemplate\":\"https:\/\/portaltela.pt\/?s={search_term_string}\"},\"query-input\":{\"@type\":\"PropertyValueSpecification\",\"valueRequired\":true,\"valueName\":\"search_term_string\"}}],\"inLanguage\":\"pt-PT\"},{\"@type\":\"Person\",\"@id\":\"https:\/\/portaltela.pt\/#\/schema\/person\/c4278d4a6028830caff9ee44b42d32ed\",\"name\":\"Telinha\",\"image\":{\"@type\":\"ImageObject\",\"inLanguage\":\"pt-PT\",\"@id\":\"https:\/\/portaltela.pt\/s.01k8rhncp4jt1\/2025\/11\/talking-bot-125x125.png\",\"url\":\"https:\/\/portaltela.pt\/s.01k8rhncp4jt1\/2025\/11\/talking-bot-125x125.png\",\"contentUrl\":\"https:\/\/portaltela.pt\/s.01k8rhncp4jt1\/2025\/11\/talking-bot-125x125.png\",\"caption\":\"Telinha\"},\"sameAs\":[\"https:\/\/portaltela.pt\/\"],\"url\":\"https:\/\/portaltela.pt\/por\/367410592786\/\"}]}<\/script>\n<!-- \/ Yoast SEO plugin. -->","yoast_head_json":{"title":"Muro planeado para esconder a Cidade do Cabo gera debate p\u00fablico - Portal Tela Portugal","robots":{"index":"index","follow":"follow","max-snippet":"max-snippet:-1","max-image-preview":"max-image-preview:large","max-video-preview":"max-video-preview:-1"},"og_locale":"pt_PT","og_type":"article","og_title":"Muro planeado para esconder a Cidade do Cabo gera debate p\u00fablico - Portal Tela Portugal","og_description":"A Cidade do Cabo planeia construir um muro de nove quil\u00f3metros entre o aeroporto e o centro urbano, para reduzir ataques e roubos contra turistas. A ideia tem gerado controv\u00e9rsia, com cr\u00edticas que o muro pode esconder a pobreza e refor\u00e7ar divis\u00f5es entre zonas ricas e pobres. O projeto, denominado N2 Edge, tem um custo de seis milh\u00f5es de euros e foi anunciado em dezembro, depois de um caso de esfaqueamento perto do aeroporto. O presidente da C\u00e2mara, Geordin Hill-Lewis, afirmou que muitas pessoas utilizam aquela via diariamente e sentem-se inseguras. Dados oficiais indicam que, entre outubro e dezembro de 2025, a \u00e1rea registou o maior n\u00famero de roubos na \u00c1frica do Sul e um aumento de 29% nos homic\u00eddios em rela\u00e7\u00e3o ao trimestre anterior.","og_url":"https:\/\/portaltela.pt\/noticias\/2026\/03\/09\/muro-planeado-para-esconder-a-cidade-do-cabo-gera-debate-publico\/","og_site_name":"Portal Tela Portugal","article_published_time":"2026-03-09T16:12:00+00:00","author":"Telinha","twitter_card":"summary_large_image","twitter_misc":{"Escrito por":"Telinha","Tempo estimado de leitura":"1 minuto"},"schema":{"@context":"https:\/\/schema.org","@graph":[{"@type":"Article","@id":"https:\/\/portaltela.pt\/noticias\/2026\/03\/09\/muro-planeado-para-esconder-a-cidade-do-cabo-gera-debate-publico\/#article","isPartOf":{"@id":"https:\/\/portaltela.pt\/noticias\/2026\/03\/09\/muro-planeado-para-esconder-a-cidade-do-cabo-gera-debate-publico\/"},"author":{"name":"Telinha","@id":"https:\/\/portaltela.pt\/#\/schema\/person\/c4278d4a6028830caff9ee44b42d32ed"},"headline":"Muro planeado para esconder a Cidade do Cabo gera debate p\u00fablico","datePublished":"2026-03-09T16:12:00+00:00","mainEntityOfPage":{"@id":"https:\/\/portaltela.pt\/noticias\/2026\/03\/09\/muro-planeado-para-esconder-a-cidade-do-cabo-gera-debate-publico\/"},"wordCount":310,"image":{"@id":"https:\/\/portaltela.pt\/noticias\/2026\/03\/09\/muro-planeado-para-esconder-a-cidade-do-cabo-gera-debate-publico\/#primaryimage"},"thumbnailUrl":"https:\/\/portaltela.pt\/s.01k8rhncp4jt1\/2026\/03\/image-585.jpg","keywords":["aeroportos","\u00c1frica","criminalidade","desigualdades sociais","infraestrutura rodovi\u00e1ria","seguran\u00e7a"],"articleSection":["Seguran\u00e7a","Sociedade"],"inLanguage":"pt-PT"},{"@type":"WebPage","@id":"https:\/\/portaltela.pt\/noticias\/2026\/03\/09\/muro-planeado-para-esconder-a-cidade-do-cabo-gera-debate-publico\/","url":"https:\/\/portaltela.pt\/noticias\/2026\/03\/09\/muro-planeado-para-esconder-a-cidade-do-cabo-gera-debate-publico\/","name":"Muro planeado para esconder a Cidade do Cabo gera debate p\u00fablico - Portal Tela Portugal","isPartOf":{"@id":"https:\/\/portaltela.pt\/#website"},"primaryImageOfPage":{"@id":"https:\/\/portaltela.pt\/noticias\/2026\/03\/09\/muro-planeado-para-esconder-a-cidade-do-cabo-gera-debate-publico\/#primaryimage"},"image":{"@id":"https:\/\/portaltela.pt\/noticias\/2026\/03\/09\/muro-planeado-para-esconder-a-cidade-do-cabo-gera-debate-publico\/#primaryimage"},"thumbnailUrl":"https:\/\/portaltela.pt\/s.01k8rhncp4jt1\/2026\/03\/image-585.jpg","datePublished":"2026-03-09T16:12:00+00:00","author":{"@id":"https:\/\/portaltela.pt\/#\/schema\/person\/c4278d4a6028830caff9ee44b42d32ed"},"breadcrumb":{"@id":"https:\/\/portaltela.pt\/noticias\/2026\/03\/09\/muro-planeado-para-esconder-a-cidade-do-cabo-gera-debate-publico\/#breadcrumb"},"inLanguage":"pt-PT","potentialAction":[{"@type":"ReadAction","target":["https:\/\/portaltela.pt\/noticias\/2026\/03\/09\/muro-planeado-para-esconder-a-cidade-do-cabo-gera-debate-publico\/"]}]},{"@type":"ImageObject","inLanguage":"pt-PT","@id":"https:\/\/portaltela.pt\/noticias\/2026\/03\/09\/muro-planeado-para-esconder-a-cidade-do-cabo-gera-debate-publico\/#primaryimage","url":"https:\/\/portaltela.pt\/s.01k8rhncp4jt1\/2026\/03\/image-585.jpg","contentUrl":"https:\/\/portaltela.pt\/s.01k8rhncp4jt1\/2026\/03\/image-585.jpg","width":796,"height":448,"caption":"Cidade do Cabo \u00e9 a segunda maior da \u00c1frica do Sul, logo a seguir a Joanesburgo"},{"@type":"BreadcrumbList","@id":"https:\/\/portaltela.pt\/noticias\/2026\/03\/09\/muro-planeado-para-esconder-a-cidade-do-cabo-gera-debate-publico\/#breadcrumb","itemListElement":[{"@type":"ListItem","position":1,"name":"In\u00edcio","item":"https:\/\/portaltela.pt\/"},{"@type":"ListItem","position":2,"name":"Muro planeado para esconder a Cidade do Cabo gera debate p\u00fablico"}]},{"@type":"WebSite","@id":"https:\/\/portaltela.pt\/#website","url":"https:\/\/portaltela.pt\/","name":"Portal Tela Portugal","description":"","potentialAction":[{"@type":"SearchAction","target":{"@type":"EntryPoint","urlTemplate":"https:\/\/portaltela.pt\/?s={search_term_string}"},"query-input":{"@type":"PropertyValueSpecification","valueRequired":true,"valueName":"search_term_string"}}],"inLanguage":"pt-PT"},{"@type":"Person","@id":"https:\/\/portaltela.pt\/#\/schema\/person\/c4278d4a6028830caff9ee44b42d32ed","name":"Telinha","image":{"@type":"ImageObject","inLanguage":"pt-PT","@id":"https:\/\/portaltela.pt\/s.01k8rhncp4jt1\/2025\/11\/talking-bot-125x125.png","url":"https:\/\/portaltela.pt\/s.01k8rhncp4jt1\/2025\/11\/talking-bot-125x125.png","contentUrl":"https:\/\/portaltela.pt\/s.01k8rhncp4jt1\/2025\/11\/talking-bot-125x125.png","caption":"Telinha"},"sameAs":["https:\/\/portaltela.pt\/"],"url":"https:\/\/portaltela.pt\/por\/367410592786\/"}]}},"_links":{"self":[{"href":"https:\/\/portaltela.pt\/api\/wp\/v2\/posts\/403615","targetHints":{"allow":["GET"]}}],"collection":[{"href":"https:\/\/portaltela.pt\/api\/wp\/v2\/posts"}],"about":[{"href":"https:\/\/portaltela.pt\/api\/wp\/v2\/types\/post"}],"author":[{"embeddable":true,"href":"https:\/\/portaltela.pt\/api\/wp\/v2\/users\/2"}],"replies":[{"embeddable":true,"href":"https:\/\/portaltela.pt\/api\/wp\/v2\/comments?post=403615"}],"version-history":[{"count":0,"href":"https:\/\/portaltela.pt\/api\/wp\/v2\/posts\/403615\/revisions"}],"wp:featuredmedia":[{"embeddable":true,"href":"https:\/\/portaltela.pt\/api\/wp\/v2\/media\/403618"}],"wp:attachment":[{"href":"https:\/\/portaltela.pt\/api\/wp\/v2\/media?parent=403615"}],"wp:term":[{"taxonomy":"category","embeddable":true,"href":"https:\/\/portaltela.pt\/api\/wp\/v2\/categories?post=403615"},{"taxonomy":"post_tag","embeddable":true,"href":"https:\/\/portaltela.pt\/api\/wp\/v2\/tags?post=403615"}],"curies":[{"name":"wp","href":"https:\/\/api.w.org\/{rel}","templated":true}]}}