{"id":403607,"date":"2026-03-09T13:05:53","date_gmt":"2026-03-09T16:05:53","guid":{"rendered":"https:\/\/portaltela.pt\/noticias\/2026\/03\/09\/meias-finais-e-final-da-youth-league-disputam-se-em-lausana-a-17-e-20-de-abril\/"},"modified":"2026-03-09T13:05:53","modified_gmt":"2026-03-09T16:05:53","slug":"meias-finais-e-final-da-youth-league-disputam-se-em-lausana-a-17-e-20-de-abril","status":"publish","type":"post","link":"https:\/\/portaltela.pt\/desporto\/futebol\/2026\/03\/09\/meias-finais-e-final-da-youth-league-disputam-se-em-lausana-a-17-e-20-de-abril\/","title":{"rendered":"Meias-finais e final da Youth League disputam\u2011se em Lausana a 17 e 20 de abril"},"content":{"rendered":"<p>A UEFA confirmou que as meias-finais e a final da Youth League 2025\/26 decorrer\u00e3o em Lausana, Su\u00ed\u00e7a, nos dias 17 e 20 de abril. Os encontros v\u00e3o realizar-se no est\u00e1dio La Tuili\u00e8re, com capacidade para 11.000 espetadores, devido \u00e0s obras em Colovray, em Nyon, palco habitual de 10 das 11 finais anteriores.<\/p>\n<p>Benfica e Sporting mant\u00eam-se em prova para chegar \u00e0 decis\u00e3o, ap\u00f3s garantirem quartos de final frente a Inter de Mil\u00e3o e Real Madrid, respetivamente, marcados para 18 de mar\u00e7o. Se vencerem, seguem para as meias-finais, em Lausana, em abril.<\/p>\n<p>A disputa da fase final segue o modelo da Liga dos Campe\u00f5es, com as partidas da meia-final agendadas para 17 de abril, \u00e0s 13h00 e 17h45 (hora de Lisboa). A final est\u00e1 marcada para 20 de abril, a partir das 17h45.<\/p>\n<h3>Sede e datas<\/h3>\n<p>Os jogos ser\u00e3o disputados no est\u00e1dio La Tuili\u00e8re, em Lausana, por decis\u00e3o da UEFA. A mudan\u00e7a de recinto prende-se com a remodela\u00e7\u00e3o em Colovray, em Nyon, que tem sido o palco principal de edi\u00e7\u00f5es anteriores da competi\u00e7\u00e3o.<\/p>\n<h3>Confrontos em quarto de final<\/h3>\n<p>Os quartos de final, que definem as vagas para as meias-finais, realizam-se a 18 de mar\u00e7o. Inter de Mil\u00e3o recebe o Benfica, em territ\u00f3rio italiano, e Real Madrid recebe o Sporting, em territ\u00f3rio espanhol.<\/p>\n","protected":false},"excerpt":{"rendered":"<ul>\n<li>As meias-finais e a final da Youth League 2025\/26 v\u00e3o realizar-se em Lausana, Su\u00ed\u00e7a, a 17 e 20 de abril, anunciou a UEFA.<\/li>\n<li>Os jogos s\u00e3o no est\u00e1dio La Tuili\u00e8re, com capacidade para 11 mil espectadores, devido \u00e0s obras no Colovray, em Nyon.<\/li>\n<li>As meias-finais est\u00e3o marcadas para 17 de abril, \u00e0s 13h00 e 17h45 (horas de Lisboa); a final \u00e9 a 20 de abril, a partir das 17h45.<\/li>\n<li>Benfica e Sporting ainda podem chegar \u00e0 fase decisiva, defrontando Inter de Mil\u00e3o e Real Madrid nos quartos de final, a 18 de mar\u00e7o.<\/li>\n<li>Benfica j\u00e1 conquistou o t\u00edtulo em 2021\/22; Sporting chegou \u00e0s meias-finais em 2022\/23; Porto foi campe\u00e3o em 2018\/19.<\/li>\n<\/ul>\n","protected":false},"author":2,"featured_media":403609,"comment_status":"closed","ping_status":"closed","sticky":false,"template":"","format":"standard","meta":{"footnotes":""},"categories":[21,24],"tags":[1946,32,2119,2928,2714,1652],"class_list":["post-403607","post","type-post","status-publish","format-standard","has-post-thumbnail","hentry","category-desporto","category-futebol","tag-benfica","tag-futebol","tag-inter-de-milao","tag-juvenis","tag-real-madrid","tag-sporting"],"yoast_head":"<!-- This site is optimized with the Yoast SEO plugin v27.2 - https:\/\/yoast.com\/product\/yoast-seo-wordpress\/ -->\n<title>Meias-finais e final da Youth League disputam\u2011se em Lausana a 17 e 20 de abril - Portal Tela Portugal<\/title>\n<meta name=\"robots\" content=\"index, follow, max-snippet:-1, max-image-preview:large, max-video-preview:-1\" \/>\n<meta property=\"og:locale\" content=\"pt_PT\" \/>\n<meta property=\"og:type\" content=\"article\" \/>\n<meta property=\"og:title\" content=\"Meias-finais e final da Youth League disputam\u2011se em Lausana a 17 e 20 de abril - Portal Tela Portugal\" \/>\n<meta property=\"og:description\" content=\"As meias-finais e a final da Youth League 2025\/26 v\u00e3o realizar-se em Lausana, Su\u00ed\u00e7a, a 17 e 20 de abril, anunciou a UEFA. Os jogos s\u00e3o no est\u00e1dio La Tuili\u00e8re, com capacidade para 11 mil espectadores, devido \u00e0s obras no Colovray, em Nyon. As meias-finais est\u00e3o marcadas para 17 de abril, \u00e0s 13h00 e 17h45 (horas de Lisboa); a final \u00e9 a 20 de abril, a partir das 17h45. Benfica e Sporting ainda podem chegar \u00e0 fase decisiva, defrontando Inter de Mil\u00e3o e Real Madrid nos quartos de final, a 18 de mar\u00e7o. Benfica j\u00e1 conquistou o t\u00edtulo em 2021\/22; Sporting chegou \u00e0s meias-finais em 2022\/23; Porto foi campe\u00e3o em 2018\/19.\" \/>\n<meta property=\"og:url\" content=\"https:\/\/portaltela.pt\/noticias\/2026\/03\/09\/meias-finais-e-final-da-youth-league-disputam-se-em-lausana-a-17-e-20-de-abril\/\" \/>\n<meta property=\"og:site_name\" content=\"Portal Tela Portugal\" \/>\n<meta property=\"article:published_time\" content=\"2026-03-09T16:05:53+00:00\" \/>\n<meta name=\"author\" content=\"Telinha\" \/>\n<meta name=\"twitter:card\" content=\"summary_large_image\" \/>\n<meta name=\"twitter:label1\" content=\"Escrito por\" \/>\n\t<meta name=\"twitter:data1\" content=\"Telinha\" \/>\n\t<meta name=\"twitter:label2\" content=\"Tempo estimado de leitura\" \/>\n\t<meta name=\"twitter:data2\" content=\"1 minuto\" \/>\n<script type=\"application\/ld+json\" class=\"yoast-schema-graph\">{\"@context\":\"https:\/\/schema.org\",\"@graph\":[{\"@type\":\"Article\",\"@id\":\"https:\/\/portaltela.pt\/noticias\/2026\/03\/09\/meias-finais-e-final-da-youth-league-disputam-se-em-lausana-a-17-e-20-de-abril\/#article\",\"isPartOf\":{\"@id\":\"https:\/\/portaltela.pt\/noticias\/2026\/03\/09\/meias-finais-e-final-da-youth-league-disputam-se-em-lausana-a-17-e-20-de-abril\/\"},\"author\":{\"name\":\"Telinha\",\"@id\":\"https:\/\/portaltela.pt\/#\/schema\/person\/c4278d4a6028830caff9ee44b42d32ed\"},\"headline\":\"Meias-finais e final da Youth League disputam\u2011se em Lausana a 17 e 20 de abril\",\"datePublished\":\"2026-03-09T16:05:53+00:00\",\"mainEntityOfPage\":{\"@id\":\"https:\/\/portaltela.pt\/noticias\/2026\/03\/09\/meias-finais-e-final-da-youth-league-disputam-se-em-lausana-a-17-e-20-de-abril\/\"},\"wordCount\":237,\"image\":{\"@id\":\"https:\/\/portaltela.pt\/noticias\/2026\/03\/09\/meias-finais-e-final-da-youth-league-disputam-se-em-lausana-a-17-e-20-de-abril\/#primaryimage\"},\"thumbnailUrl\":\"https:\/\/portaltela.pt\/s.01k8rhncp4jt1\/2026\/03\/img_920x518uu2026-02-06-12-09-22-2419938.jpg\",\"keywords\":[\"Benfica\",\"futebol\",\"Inter de Mil\u00e3o\",\"Juvenis\",\"Real Madrid\",\"Sporting\"],\"articleSection\":[\"Desporto\",\"Futebol\"],\"inLanguage\":\"pt-PT\"},{\"@type\":\"WebPage\",\"@id\":\"https:\/\/portaltela.pt\/noticias\/2026\/03\/09\/meias-finais-e-final-da-youth-league-disputam-se-em-lausana-a-17-e-20-de-abril\/\",\"url\":\"https:\/\/portaltela.pt\/noticias\/2026\/03\/09\/meias-finais-e-final-da-youth-league-disputam-se-em-lausana-a-17-e-20-de-abril\/\",\"name\":\"Meias-finais e final da Youth League disputam\u2011se em Lausana a 17 e 20 de abril - Portal Tela Portugal\",\"isPartOf\":{\"@id\":\"https:\/\/portaltela.pt\/#website\"},\"primaryImageOfPage\":{\"@id\":\"https:\/\/portaltela.pt\/noticias\/2026\/03\/09\/meias-finais-e-final-da-youth-league-disputam-se-em-lausana-a-17-e-20-de-abril\/#primaryimage\"},\"image\":{\"@id\":\"https:\/\/portaltela.pt\/noticias\/2026\/03\/09\/meias-finais-e-final-da-youth-league-disputam-se-em-lausana-a-17-e-20-de-abril\/#primaryimage\"},\"thumbnailUrl\":\"https:\/\/portaltela.pt\/s.01k8rhncp4jt1\/2026\/03\/img_920x518uu2026-02-06-12-09-22-2419938.jpg\",\"datePublished\":\"2026-03-09T16:05:53+00:00\",\"author\":{\"@id\":\"https:\/\/portaltela.pt\/#\/schema\/person\/c4278d4a6028830caff9ee44b42d32ed\"},\"breadcrumb\":{\"@id\":\"https:\/\/portaltela.pt\/noticias\/2026\/03\/09\/meias-finais-e-final-da-youth-league-disputam-se-em-lausana-a-17-e-20-de-abril\/#breadcrumb\"},\"inLanguage\":\"pt-PT\",\"potentialAction\":[{\"@type\":\"ReadAction\",\"target\":[\"https:\/\/portaltela.pt\/noticias\/2026\/03\/09\/meias-finais-e-final-da-youth-league-disputam-se-em-lausana-a-17-e-20-de-abril\/\"]}]},{\"@type\":\"ImageObject\",\"inLanguage\":\"pt-PT\",\"@id\":\"https:\/\/portaltela.pt\/noticias\/2026\/03\/09\/meias-finais-e-final-da-youth-league-disputam-se-em-lausana-a-17-e-20-de-abril\/#primaryimage\",\"url\":\"https:\/\/portaltela.pt\/s.01k8rhncp4jt1\/2026\/03\/img_920x518uu2026-02-06-12-09-22-2419938.jpg\",\"contentUrl\":\"https:\/\/portaltela.pt\/s.01k8rhncp4jt1\/2026\/03\/img_920x518uu2026-02-06-12-09-22-2419938.jpg\",\"width\":796,\"height\":448,\"caption\":\"Trof\u00e9u da UEFA Youth League\"},{\"@type\":\"BreadcrumbList\",\"@id\":\"https:\/\/portaltela.pt\/noticias\/2026\/03\/09\/meias-finais-e-final-da-youth-league-disputam-se-em-lausana-a-17-e-20-de-abril\/#breadcrumb\",\"itemListElement\":[{\"@type\":\"ListItem\",\"position\":1,\"name\":\"In\u00edcio\",\"item\":\"https:\/\/portaltela.pt\/\"},{\"@type\":\"ListItem\",\"position\":2,\"name\":\"Meias-finais e final da Youth League disputam\u2011se em Lausana a 17 e 20 de abril\"}]},{\"@type\":\"WebSite\",\"@id\":\"https:\/\/portaltela.pt\/#website\",\"url\":\"https:\/\/portaltela.pt\/\",\"name\":\"Portal Tela Portugal\",\"description\":\"\",\"potentialAction\":[{\"@type\":\"SearchAction\",\"target\":{\"@type\":\"EntryPoint\",\"urlTemplate\":\"https:\/\/portaltela.pt\/?s={search_term_string}\"},\"query-input\":{\"@type\":\"PropertyValueSpecification\",\"valueRequired\":true,\"valueName\":\"search_term_string\"}}],\"inLanguage\":\"pt-PT\"},{\"@type\":\"Person\",\"@id\":\"https:\/\/portaltela.pt\/#\/schema\/person\/c4278d4a6028830caff9ee44b42d32ed\",\"name\":\"Telinha\",\"image\":{\"@type\":\"ImageObject\",\"inLanguage\":\"pt-PT\",\"@id\":\"https:\/\/portaltela.pt\/s.01k8rhncp4jt1\/2025\/11\/talking-bot-125x125.png\",\"url\":\"https:\/\/portaltela.pt\/s.01k8rhncp4jt1\/2025\/11\/talking-bot-125x125.png\",\"contentUrl\":\"https:\/\/portaltela.pt\/s.01k8rhncp4jt1\/2025\/11\/talking-bot-125x125.png\",\"caption\":\"Telinha\"},\"sameAs\":[\"https:\/\/portaltela.pt\/\"],\"url\":\"https:\/\/portaltela.pt\/por\/367410592786\/\"}]}<\/script>\n<!-- \/ Yoast SEO plugin. -->","yoast_head_json":{"title":"Meias-finais e final da Youth League disputam\u2011se em Lausana a 17 e 20 de abril - Portal Tela Portugal","robots":{"index":"index","follow":"follow","max-snippet":"max-snippet:-1","max-image-preview":"max-image-preview:large","max-video-preview":"max-video-preview:-1"},"og_locale":"pt_PT","og_type":"article","og_title":"Meias-finais e final da Youth League disputam\u2011se em Lausana a 17 e 20 de abril - Portal Tela Portugal","og_description":"As meias-finais e a final da Youth League 2025\/26 v\u00e3o realizar-se em Lausana, Su\u00ed\u00e7a, a 17 e 20 de abril, anunciou a UEFA. Os jogos s\u00e3o no est\u00e1dio La Tuili\u00e8re, com capacidade para 11 mil espectadores, devido \u00e0s obras no Colovray, em Nyon. As meias-finais est\u00e3o marcadas para 17 de abril, \u00e0s 13h00 e 17h45 (horas de Lisboa); a final \u00e9 a 20 de abril, a partir das 17h45. Benfica e Sporting ainda podem chegar \u00e0 fase decisiva, defrontando Inter de Mil\u00e3o e Real Madrid nos quartos de final, a 18 de mar\u00e7o. Benfica j\u00e1 conquistou o t\u00edtulo em 2021\/22; Sporting chegou \u00e0s meias-finais em 2022\/23; Porto foi campe\u00e3o em 2018\/19.","og_url":"https:\/\/portaltela.pt\/noticias\/2026\/03\/09\/meias-finais-e-final-da-youth-league-disputam-se-em-lausana-a-17-e-20-de-abril\/","og_site_name":"Portal Tela Portugal","article_published_time":"2026-03-09T16:05:53+00:00","author":"Telinha","twitter_card":"summary_large_image","twitter_misc":{"Escrito por":"Telinha","Tempo estimado de leitura":"1 minuto"},"schema":{"@context":"https:\/\/schema.org","@graph":[{"@type":"Article","@id":"https:\/\/portaltela.pt\/noticias\/2026\/03\/09\/meias-finais-e-final-da-youth-league-disputam-se-em-lausana-a-17-e-20-de-abril\/#article","isPartOf":{"@id":"https:\/\/portaltela.pt\/noticias\/2026\/03\/09\/meias-finais-e-final-da-youth-league-disputam-se-em-lausana-a-17-e-20-de-abril\/"},"author":{"name":"Telinha","@id":"https:\/\/portaltela.pt\/#\/schema\/person\/c4278d4a6028830caff9ee44b42d32ed"},"headline":"Meias-finais e final da Youth League disputam\u2011se em Lausana a 17 e 20 de abril","datePublished":"2026-03-09T16:05:53+00:00","mainEntityOfPage":{"@id":"https:\/\/portaltela.pt\/noticias\/2026\/03\/09\/meias-finais-e-final-da-youth-league-disputam-se-em-lausana-a-17-e-20-de-abril\/"},"wordCount":237,"image":{"@id":"https:\/\/portaltela.pt\/noticias\/2026\/03\/09\/meias-finais-e-final-da-youth-league-disputam-se-em-lausana-a-17-e-20-de-abril\/#primaryimage"},"thumbnailUrl":"https:\/\/portaltela.pt\/s.01k8rhncp4jt1\/2026\/03\/img_920x518uu2026-02-06-12-09-22-2419938.jpg","keywords":["Benfica","futebol","Inter de Mil\u00e3o","Juvenis","Real Madrid","Sporting"],"articleSection":["Desporto","Futebol"],"inLanguage":"pt-PT"},{"@type":"WebPage","@id":"https:\/\/portaltela.pt\/noticias\/2026\/03\/09\/meias-finais-e-final-da-youth-league-disputam-se-em-lausana-a-17-e-20-de-abril\/","url":"https:\/\/portaltela.pt\/noticias\/2026\/03\/09\/meias-finais-e-final-da-youth-league-disputam-se-em-lausana-a-17-e-20-de-abril\/","name":"Meias-finais e final da Youth League disputam\u2011se em Lausana a 17 e 20 de abril - Portal Tela Portugal","isPartOf":{"@id":"https:\/\/portaltela.pt\/#website"},"primaryImageOfPage":{"@id":"https:\/\/portaltela.pt\/noticias\/2026\/03\/09\/meias-finais-e-final-da-youth-league-disputam-se-em-lausana-a-17-e-20-de-abril\/#primaryimage"},"image":{"@id":"https:\/\/portaltela.pt\/noticias\/2026\/03\/09\/meias-finais-e-final-da-youth-league-disputam-se-em-lausana-a-17-e-20-de-abril\/#primaryimage"},"thumbnailUrl":"https:\/\/portaltela.pt\/s.01k8rhncp4jt1\/2026\/03\/img_920x518uu2026-02-06-12-09-22-2419938.jpg","datePublished":"2026-03-09T16:05:53+00:00","author":{"@id":"https:\/\/portaltela.pt\/#\/schema\/person\/c4278d4a6028830caff9ee44b42d32ed"},"breadcrumb":{"@id":"https:\/\/portaltela.pt\/noticias\/2026\/03\/09\/meias-finais-e-final-da-youth-league-disputam-se-em-lausana-a-17-e-20-de-abril\/#breadcrumb"},"inLanguage":"pt-PT","potentialAction":[{"@type":"ReadAction","target":["https:\/\/portaltela.pt\/noticias\/2026\/03\/09\/meias-finais-e-final-da-youth-league-disputam-se-em-lausana-a-17-e-20-de-abril\/"]}]},{"@type":"ImageObject","inLanguage":"pt-PT","@id":"https:\/\/portaltela.pt\/noticias\/2026\/03\/09\/meias-finais-e-final-da-youth-league-disputam-se-em-lausana-a-17-e-20-de-abril\/#primaryimage","url":"https:\/\/portaltela.pt\/s.01k8rhncp4jt1\/2026\/03\/img_920x518uu2026-02-06-12-09-22-2419938.jpg","contentUrl":"https:\/\/portaltela.pt\/s.01k8rhncp4jt1\/2026\/03\/img_920x518uu2026-02-06-12-09-22-2419938.jpg","width":796,"height":448,"caption":"Trof\u00e9u da UEFA Youth League"},{"@type":"BreadcrumbList","@id":"https:\/\/portaltela.pt\/noticias\/2026\/03\/09\/meias-finais-e-final-da-youth-league-disputam-se-em-lausana-a-17-e-20-de-abril\/#breadcrumb","itemListElement":[{"@type":"ListItem","position":1,"name":"In\u00edcio","item":"https:\/\/portaltela.pt\/"},{"@type":"ListItem","position":2,"name":"Meias-finais e final da Youth League disputam\u2011se em Lausana a 17 e 20 de abril"}]},{"@type":"WebSite","@id":"https:\/\/portaltela.pt\/#website","url":"https:\/\/portaltela.pt\/","name":"Portal Tela Portugal","description":"","potentialAction":[{"@type":"SearchAction","target":{"@type":"EntryPoint","urlTemplate":"https:\/\/portaltela.pt\/?s={search_term_string}"},"query-input":{"@type":"PropertyValueSpecification","valueRequired":true,"valueName":"search_term_string"}}],"inLanguage":"pt-PT"},{"@type":"Person","@id":"https:\/\/portaltela.pt\/#\/schema\/person\/c4278d4a6028830caff9ee44b42d32ed","name":"Telinha","image":{"@type":"ImageObject","inLanguage":"pt-PT","@id":"https:\/\/portaltela.pt\/s.01k8rhncp4jt1\/2025\/11\/talking-bot-125x125.png","url":"https:\/\/portaltela.pt\/s.01k8rhncp4jt1\/2025\/11\/talking-bot-125x125.png","contentUrl":"https:\/\/portaltela.pt\/s.01k8rhncp4jt1\/2025\/11\/talking-bot-125x125.png","caption":"Telinha"},"sameAs":["https:\/\/portaltela.pt\/"],"url":"https:\/\/portaltela.pt\/por\/367410592786\/"}]}},"_links":{"self":[{"href":"https:\/\/portaltela.pt\/api\/wp\/v2\/posts\/403607","targetHints":{"allow":["GET"]}}],"collection":[{"href":"https:\/\/portaltela.pt\/api\/wp\/v2\/posts"}],"about":[{"href":"https:\/\/portaltela.pt\/api\/wp\/v2\/types\/post"}],"author":[{"embeddable":true,"href":"https:\/\/portaltela.pt\/api\/wp\/v2\/users\/2"}],"replies":[{"embeddable":true,"href":"https:\/\/portaltela.pt\/api\/wp\/v2\/comments?post=403607"}],"version-history":[{"count":0,"href":"https:\/\/portaltela.pt\/api\/wp\/v2\/posts\/403607\/revisions"}],"wp:featuredmedia":[{"embeddable":true,"href":"https:\/\/portaltela.pt\/api\/wp\/v2\/media\/403609"}],"wp:attachment":[{"href":"https:\/\/portaltela.pt\/api\/wp\/v2\/media?parent=403607"}],"wp:term":[{"taxonomy":"category","embeddable":true,"href":"https:\/\/portaltela.pt\/api\/wp\/v2\/categories?post=403607"},{"taxonomy":"post_tag","embeddable":true,"href":"https:\/\/portaltela.pt\/api\/wp\/v2\/tags?post=403607"}],"curies":[{"name":"wp","href":"https:\/\/api.w.org\/{rel}","templated":true}]}}