{"id":403595,"date":"2026-03-09T13:03:48","date_gmt":"2026-03-09T16:03:48","guid":{"rendered":"https:\/\/portaltela.pt\/noticias\/2026\/03\/09\/tebas-contradiz-xavi-barca-nao-autorizou-regresso-de-messi\/"},"modified":"2026-03-09T13:03:48","modified_gmt":"2026-03-09T16:03:48","slug":"tebas-contradiz-xavi-barca-nao-autorizou-regresso-de-messi","status":"publish","type":"post","link":"https:\/\/portaltela.pt\/desporto\/futebol\/2026\/03\/09\/tebas-contradiz-xavi-barca-nao-autorizou-regresso-de-messi\/","title":{"rendered":"Tebas contradiz Xavi: Bar\u00e7a n\u00e3o autorizou regresso de Messi"},"content":{"rendered":"<p>O presidente da LaLiga, Javier Tebas, afirmou n\u00e3o ter autorizado nem dado o aval ao regresso de Messi a Barcelona, conforme explicou no programa Estudio Estadio, da RTVE.<\/p>\n<p>Tebas negou ainda a exist\u00eancia de qualquer apoio econ\u00f3mico que Xavi tenha citado numa entrevista \u00e0 La Vanguardia, onde o t\u00e9cnico Barcelona indicou ter recebido luz verde da liga para a opera\u00e7\u00e3o.<\/p>\n<p>Xavi havia dito numa conversa com a imprensa que a LaLiga tinha autorizado o regresso de Messi durante as negocia\u00e7\u00f5es com Jorge Messi, pai e representante do jogador.<\/p>\n<p>Segundo Tebas, as declara\u00e7\u00f5es de Xavi n\u00e3o correspondem \u00e0 realidade, e a liga n\u00e3o participou nem apoiou formalmente qualquer acordo para a transfer\u00eancia ou para o contrato com Messi.<\/p>\n<p>A entrevista ocorreu na manh\u00e3 de segunda-feira, sem indicar datas espec\u00edficas, e refor\u00e7ou a posi\u00e7\u00e3o da LaLiga sobre o assunto, mantendo a neutralidade em torno de negocia\u00e7\u00f5es entre clubes e agentes.<\/p>\n","protected":false},"excerpt":{"rendered":"<ul>\n<li>Javier Tebas, presidente da LaLiga, negou no programa Estudio Estadio da RTVE que a liga tenha autorizado o regresso de Lionel Messi a Barcelona em 2023.<\/li>\n<li>Disse que a LaLiga n\u00e3o deu qualquer OK nem autoriza\u00e7\u00e3o econ\u00f3mica para a opera\u00e7\u00e3o.<\/li>\n<li>As declara\u00e7\u00f5es contradizem Xavi, que disse ter havido luz verde da liga durante as negocia\u00e7\u00f5es com Jorge Messi.<\/li>\n<li>Xavi afirmou isso numa entrevista \u00e0 La Vanguardia, onde referiu o alegado aval da LaLiga.<\/li>\n<\/ul>\n","protected":false},"author":2,"featured_media":403601,"comment_status":"closed","ping_status":"closed","sticky":false,"template":"","format":"standard","meta":{"footnotes":""},"categories":[21,24],"tags":[2587,32,1789,2037,3550,1633],"class_list":["post-403595","post","type-post","status-publish","format-standard","has-post-thumbnail","hentry","category-desporto","category-futebol","tag-barcelona","tag-futebol","tag-la-liga","tag-lionel-messi","tag-messi","tag-transferencias-internacionais"],"yoast_head":"<!-- This site is optimized with the Yoast SEO plugin v27.2 - https:\/\/yoast.com\/product\/yoast-seo-wordpress\/ -->\n<title>Tebas contradiz Xavi: Bar\u00e7a n\u00e3o autorizou regresso de Messi - Portal Tela Portugal<\/title>\n<meta name=\"robots\" content=\"index, follow, max-snippet:-1, max-image-preview:large, max-video-preview:-1\" \/>\n<meta property=\"og:locale\" content=\"pt_PT\" \/>\n<meta property=\"og:type\" content=\"article\" \/>\n<meta property=\"og:title\" content=\"Tebas contradiz Xavi: Bar\u00e7a n\u00e3o autorizou regresso de Messi - Portal Tela Portugal\" \/>\n<meta property=\"og:description\" content=\"Javier Tebas, presidente da LaLiga, negou no programa Estudio Estadio da RTVE que a liga tenha autorizado o regresso de Lionel Messi a Barcelona em 2023. Disse que a LaLiga n\u00e3o deu qualquer OK nem autoriza\u00e7\u00e3o econ\u00f3mica para a opera\u00e7\u00e3o. As declara\u00e7\u00f5es contradizem Xavi, que disse ter havido luz verde da liga durante as negocia\u00e7\u00f5es com Jorge Messi. Xavi afirmou isso numa entrevista \u00e0 La Vanguardia, onde referiu o alegado aval da LaLiga.\" \/>\n<meta property=\"og:url\" content=\"https:\/\/portaltela.pt\/noticias\/2026\/03\/09\/tebas-contradiz-xavi-barca-nao-autorizou-regresso-de-messi\/\" \/>\n<meta property=\"og:site_name\" content=\"Portal Tela Portugal\" \/>\n<meta property=\"article:published_time\" content=\"2026-03-09T16:03:48+00:00\" \/>\n<meta name=\"author\" content=\"Telinha\" \/>\n<meta name=\"twitter:card\" content=\"summary_large_image\" \/>\n<meta name=\"twitter:label1\" content=\"Escrito por\" \/>\n\t<meta name=\"twitter:data1\" content=\"Telinha\" \/>\n\t<meta name=\"twitter:label2\" content=\"Tempo estimado de leitura\" \/>\n\t<meta name=\"twitter:data2\" content=\"1 minuto\" \/>\n<script type=\"application\/ld+json\" class=\"yoast-schema-graph\">{\"@context\":\"https:\/\/schema.org\",\"@graph\":[{\"@type\":\"Article\",\"@id\":\"https:\/\/portaltela.pt\/noticias\/2026\/03\/09\/tebas-contradiz-xavi-barca-nao-autorizou-regresso-de-messi\/#article\",\"isPartOf\":{\"@id\":\"https:\/\/portaltela.pt\/noticias\/2026\/03\/09\/tebas-contradiz-xavi-barca-nao-autorizou-regresso-de-messi\/\"},\"author\":{\"name\":\"Telinha\",\"@id\":\"https:\/\/portaltela.pt\/#\/schema\/person\/c4278d4a6028830caff9ee44b42d32ed\"},\"headline\":\"Tebas contradiz Xavi: Bar\u00e7a n\u00e3o autorizou regresso de Messi\",\"datePublished\":\"2026-03-09T16:03:48+00:00\",\"mainEntityOfPage\":{\"@id\":\"https:\/\/portaltela.pt\/noticias\/2026\/03\/09\/tebas-contradiz-xavi-barca-nao-autorizou-regresso-de-messi\/\"},\"wordCount\":171,\"image\":{\"@id\":\"https:\/\/portaltela.pt\/noticias\/2026\/03\/09\/tebas-contradiz-xavi-barca-nao-autorizou-regresso-de-messi\/#primaryimage\"},\"thumbnailUrl\":\"https:\/\/portaltela.pt\/s.01k8rhncp4jt1\/2026\/03\/img_920x518uu2025-10-13-19-53-03-2395997.jpg\",\"keywords\":[\"Barcelona\",\"futebol\",\"La Liga\",\"Lionel Messi\",\"Messi\",\"transfer\u00eancias internacionais\"],\"articleSection\":[\"Desporto\",\"Futebol\"],\"inLanguage\":\"pt-PT\"},{\"@type\":\"WebPage\",\"@id\":\"https:\/\/portaltela.pt\/noticias\/2026\/03\/09\/tebas-contradiz-xavi-barca-nao-autorizou-regresso-de-messi\/\",\"url\":\"https:\/\/portaltela.pt\/noticias\/2026\/03\/09\/tebas-contradiz-xavi-barca-nao-autorizou-regresso-de-messi\/\",\"name\":\"Tebas contradiz Xavi: Bar\u00e7a n\u00e3o autorizou regresso de Messi - Portal Tela Portugal\",\"isPartOf\":{\"@id\":\"https:\/\/portaltela.pt\/#website\"},\"primaryImageOfPage\":{\"@id\":\"https:\/\/portaltela.pt\/noticias\/2026\/03\/09\/tebas-contradiz-xavi-barca-nao-autorizou-regresso-de-messi\/#primaryimage\"},\"image\":{\"@id\":\"https:\/\/portaltela.pt\/noticias\/2026\/03\/09\/tebas-contradiz-xavi-barca-nao-autorizou-regresso-de-messi\/#primaryimage\"},\"thumbnailUrl\":\"https:\/\/portaltela.pt\/s.01k8rhncp4jt1\/2026\/03\/img_920x518uu2025-10-13-19-53-03-2395997.jpg\",\"datePublished\":\"2026-03-09T16:03:48+00:00\",\"author\":{\"@id\":\"https:\/\/portaltela.pt\/#\/schema\/person\/c4278d4a6028830caff9ee44b42d32ed\"},\"breadcrumb\":{\"@id\":\"https:\/\/portaltela.pt\/noticias\/2026\/03\/09\/tebas-contradiz-xavi-barca-nao-autorizou-regresso-de-messi\/#breadcrumb\"},\"inLanguage\":\"pt-PT\",\"potentialAction\":[{\"@type\":\"ReadAction\",\"target\":[\"https:\/\/portaltela.pt\/noticias\/2026\/03\/09\/tebas-contradiz-xavi-barca-nao-autorizou-regresso-de-messi\/\"]}]},{\"@type\":\"ImageObject\",\"inLanguage\":\"pt-PT\",\"@id\":\"https:\/\/portaltela.pt\/noticias\/2026\/03\/09\/tebas-contradiz-xavi-barca-nao-autorizou-regresso-de-messi\/#primaryimage\",\"url\":\"https:\/\/portaltela.pt\/s.01k8rhncp4jt1\/2026\/03\/img_920x518uu2025-10-13-19-53-03-2395997.jpg\",\"contentUrl\":\"https:\/\/portaltela.pt\/s.01k8rhncp4jt1\/2026\/03\/img_920x518uu2025-10-13-19-53-03-2395997.jpg\",\"width\":796,\"height\":448,\"caption\":\"Javier Tebas\"},{\"@type\":\"BreadcrumbList\",\"@id\":\"https:\/\/portaltela.pt\/noticias\/2026\/03\/09\/tebas-contradiz-xavi-barca-nao-autorizou-regresso-de-messi\/#breadcrumb\",\"itemListElement\":[{\"@type\":\"ListItem\",\"position\":1,\"name\":\"In\u00edcio\",\"item\":\"https:\/\/portaltela.pt\/\"},{\"@type\":\"ListItem\",\"position\":2,\"name\":\"Tebas contradiz Xavi: Bar\u00e7a n\u00e3o autorizou regresso de Messi\"}]},{\"@type\":\"WebSite\",\"@id\":\"https:\/\/portaltela.pt\/#website\",\"url\":\"https:\/\/portaltela.pt\/\",\"name\":\"Portal Tela Portugal\",\"description\":\"\",\"potentialAction\":[{\"@type\":\"SearchAction\",\"target\":{\"@type\":\"EntryPoint\",\"urlTemplate\":\"https:\/\/portaltela.pt\/?s={search_term_string}\"},\"query-input\":{\"@type\":\"PropertyValueSpecification\",\"valueRequired\":true,\"valueName\":\"search_term_string\"}}],\"inLanguage\":\"pt-PT\"},{\"@type\":\"Person\",\"@id\":\"https:\/\/portaltela.pt\/#\/schema\/person\/c4278d4a6028830caff9ee44b42d32ed\",\"name\":\"Telinha\",\"image\":{\"@type\":\"ImageObject\",\"inLanguage\":\"pt-PT\",\"@id\":\"https:\/\/portaltela.pt\/s.01k8rhncp4jt1\/2025\/11\/talking-bot-125x125.png\",\"url\":\"https:\/\/portaltela.pt\/s.01k8rhncp4jt1\/2025\/11\/talking-bot-125x125.png\",\"contentUrl\":\"https:\/\/portaltela.pt\/s.01k8rhncp4jt1\/2025\/11\/talking-bot-125x125.png\",\"caption\":\"Telinha\"},\"sameAs\":[\"https:\/\/portaltela.pt\/\"],\"url\":\"https:\/\/portaltela.pt\/por\/367410592786\/\"}]}<\/script>\n<!-- \/ Yoast SEO plugin. -->","yoast_head_json":{"title":"Tebas contradiz Xavi: Bar\u00e7a n\u00e3o autorizou regresso de Messi - Portal Tela Portugal","robots":{"index":"index","follow":"follow","max-snippet":"max-snippet:-1","max-image-preview":"max-image-preview:large","max-video-preview":"max-video-preview:-1"},"og_locale":"pt_PT","og_type":"article","og_title":"Tebas contradiz Xavi: Bar\u00e7a n\u00e3o autorizou regresso de Messi - Portal Tela Portugal","og_description":"Javier Tebas, presidente da LaLiga, negou no programa Estudio Estadio da RTVE que a liga tenha autorizado o regresso de Lionel Messi a Barcelona em 2023. Disse que a LaLiga n\u00e3o deu qualquer OK nem autoriza\u00e7\u00e3o econ\u00f3mica para a opera\u00e7\u00e3o. As declara\u00e7\u00f5es contradizem Xavi, que disse ter havido luz verde da liga durante as negocia\u00e7\u00f5es com Jorge Messi. Xavi afirmou isso numa entrevista \u00e0 La Vanguardia, onde referiu o alegado aval da LaLiga.","og_url":"https:\/\/portaltela.pt\/noticias\/2026\/03\/09\/tebas-contradiz-xavi-barca-nao-autorizou-regresso-de-messi\/","og_site_name":"Portal Tela Portugal","article_published_time":"2026-03-09T16:03:48+00:00","author":"Telinha","twitter_card":"summary_large_image","twitter_misc":{"Escrito por":"Telinha","Tempo estimado de leitura":"1 minuto"},"schema":{"@context":"https:\/\/schema.org","@graph":[{"@type":"Article","@id":"https:\/\/portaltela.pt\/noticias\/2026\/03\/09\/tebas-contradiz-xavi-barca-nao-autorizou-regresso-de-messi\/#article","isPartOf":{"@id":"https:\/\/portaltela.pt\/noticias\/2026\/03\/09\/tebas-contradiz-xavi-barca-nao-autorizou-regresso-de-messi\/"},"author":{"name":"Telinha","@id":"https:\/\/portaltela.pt\/#\/schema\/person\/c4278d4a6028830caff9ee44b42d32ed"},"headline":"Tebas contradiz Xavi: Bar\u00e7a n\u00e3o autorizou regresso de Messi","datePublished":"2026-03-09T16:03:48+00:00","mainEntityOfPage":{"@id":"https:\/\/portaltela.pt\/noticias\/2026\/03\/09\/tebas-contradiz-xavi-barca-nao-autorizou-regresso-de-messi\/"},"wordCount":171,"image":{"@id":"https:\/\/portaltela.pt\/noticias\/2026\/03\/09\/tebas-contradiz-xavi-barca-nao-autorizou-regresso-de-messi\/#primaryimage"},"thumbnailUrl":"https:\/\/portaltela.pt\/s.01k8rhncp4jt1\/2026\/03\/img_920x518uu2025-10-13-19-53-03-2395997.jpg","keywords":["Barcelona","futebol","La Liga","Lionel Messi","Messi","transfer\u00eancias internacionais"],"articleSection":["Desporto","Futebol"],"inLanguage":"pt-PT"},{"@type":"WebPage","@id":"https:\/\/portaltela.pt\/noticias\/2026\/03\/09\/tebas-contradiz-xavi-barca-nao-autorizou-regresso-de-messi\/","url":"https:\/\/portaltela.pt\/noticias\/2026\/03\/09\/tebas-contradiz-xavi-barca-nao-autorizou-regresso-de-messi\/","name":"Tebas contradiz Xavi: Bar\u00e7a n\u00e3o autorizou regresso de Messi - Portal Tela Portugal","isPartOf":{"@id":"https:\/\/portaltela.pt\/#website"},"primaryImageOfPage":{"@id":"https:\/\/portaltela.pt\/noticias\/2026\/03\/09\/tebas-contradiz-xavi-barca-nao-autorizou-regresso-de-messi\/#primaryimage"},"image":{"@id":"https:\/\/portaltela.pt\/noticias\/2026\/03\/09\/tebas-contradiz-xavi-barca-nao-autorizou-regresso-de-messi\/#primaryimage"},"thumbnailUrl":"https:\/\/portaltela.pt\/s.01k8rhncp4jt1\/2026\/03\/img_920x518uu2025-10-13-19-53-03-2395997.jpg","datePublished":"2026-03-09T16:03:48+00:00","author":{"@id":"https:\/\/portaltela.pt\/#\/schema\/person\/c4278d4a6028830caff9ee44b42d32ed"},"breadcrumb":{"@id":"https:\/\/portaltela.pt\/noticias\/2026\/03\/09\/tebas-contradiz-xavi-barca-nao-autorizou-regresso-de-messi\/#breadcrumb"},"inLanguage":"pt-PT","potentialAction":[{"@type":"ReadAction","target":["https:\/\/portaltela.pt\/noticias\/2026\/03\/09\/tebas-contradiz-xavi-barca-nao-autorizou-regresso-de-messi\/"]}]},{"@type":"ImageObject","inLanguage":"pt-PT","@id":"https:\/\/portaltela.pt\/noticias\/2026\/03\/09\/tebas-contradiz-xavi-barca-nao-autorizou-regresso-de-messi\/#primaryimage","url":"https:\/\/portaltela.pt\/s.01k8rhncp4jt1\/2026\/03\/img_920x518uu2025-10-13-19-53-03-2395997.jpg","contentUrl":"https:\/\/portaltela.pt\/s.01k8rhncp4jt1\/2026\/03\/img_920x518uu2025-10-13-19-53-03-2395997.jpg","width":796,"height":448,"caption":"Javier Tebas"},{"@type":"BreadcrumbList","@id":"https:\/\/portaltela.pt\/noticias\/2026\/03\/09\/tebas-contradiz-xavi-barca-nao-autorizou-regresso-de-messi\/#breadcrumb","itemListElement":[{"@type":"ListItem","position":1,"name":"In\u00edcio","item":"https:\/\/portaltela.pt\/"},{"@type":"ListItem","position":2,"name":"Tebas contradiz Xavi: Bar\u00e7a n\u00e3o autorizou regresso de Messi"}]},{"@type":"WebSite","@id":"https:\/\/portaltela.pt\/#website","url":"https:\/\/portaltela.pt\/","name":"Portal Tela Portugal","description":"","potentialAction":[{"@type":"SearchAction","target":{"@type":"EntryPoint","urlTemplate":"https:\/\/portaltela.pt\/?s={search_term_string}"},"query-input":{"@type":"PropertyValueSpecification","valueRequired":true,"valueName":"search_term_string"}}],"inLanguage":"pt-PT"},{"@type":"Person","@id":"https:\/\/portaltela.pt\/#\/schema\/person\/c4278d4a6028830caff9ee44b42d32ed","name":"Telinha","image":{"@type":"ImageObject","inLanguage":"pt-PT","@id":"https:\/\/portaltela.pt\/s.01k8rhncp4jt1\/2025\/11\/talking-bot-125x125.png","url":"https:\/\/portaltela.pt\/s.01k8rhncp4jt1\/2025\/11\/talking-bot-125x125.png","contentUrl":"https:\/\/portaltela.pt\/s.01k8rhncp4jt1\/2025\/11\/talking-bot-125x125.png","caption":"Telinha"},"sameAs":["https:\/\/portaltela.pt\/"],"url":"https:\/\/portaltela.pt\/por\/367410592786\/"}]}},"_links":{"self":[{"href":"https:\/\/portaltela.pt\/api\/wp\/v2\/posts\/403595","targetHints":{"allow":["GET"]}}],"collection":[{"href":"https:\/\/portaltela.pt\/api\/wp\/v2\/posts"}],"about":[{"href":"https:\/\/portaltela.pt\/api\/wp\/v2\/types\/post"}],"author":[{"embeddable":true,"href":"https:\/\/portaltela.pt\/api\/wp\/v2\/users\/2"}],"replies":[{"embeddable":true,"href":"https:\/\/portaltela.pt\/api\/wp\/v2\/comments?post=403595"}],"version-history":[{"count":0,"href":"https:\/\/portaltela.pt\/api\/wp\/v2\/posts\/403595\/revisions"}],"wp:featuredmedia":[{"embeddable":true,"href":"https:\/\/portaltela.pt\/api\/wp\/v2\/media\/403601"}],"wp:attachment":[{"href":"https:\/\/portaltela.pt\/api\/wp\/v2\/media?parent=403595"}],"wp:term":[{"taxonomy":"category","embeddable":true,"href":"https:\/\/portaltela.pt\/api\/wp\/v2\/categories?post=403595"},{"taxonomy":"post_tag","embeddable":true,"href":"https:\/\/portaltela.pt\/api\/wp\/v2\/tags?post=403595"}],"curies":[{"name":"wp","href":"https:\/\/api.w.org\/{rel}","templated":true}]}}