{"id":403576,"date":"2026-03-09T13:02:22","date_gmt":"2026-03-09T16:02:22","guid":{"rendered":"https:\/\/portaltela.pt\/noticias\/2026\/03\/09\/fantasporto-encerra-46a-edicao-com-premio-ao-terror-argentino\/"},"modified":"2026-03-09T13:02:22","modified_gmt":"2026-03-09T16:02:22","slug":"fantasporto-encerra-46a-edicao-com-premio-ao-terror-argentino","status":"publish","type":"post","link":"https:\/\/portaltela.pt\/noticias\/2026\/03\/09\/fantasporto-encerra-46a-edicao-com-premio-ao-terror-argentino\/","title":{"rendered":"Fantasporto encerra 46\u00aa edi\u00e7\u00e3o com pr\u00e9mio ao terror argentino"},"content":{"rendered":"<p>O Fantasporto encerrou a 46\u00aa edi\u00e7\u00e3o com o pr\u00e9mio principal para o cinema argentino. O filme Encantador, de Jos\u00e9 Mar\u00eda Cicala, foi galardoado no festival que decorre no Porto, cuja edi\u00e7\u00e3o deste ano contou ainda com uma retrospetiva da filmografia norueguesa.<\/p>\n<p>O evento voltou a realizar-se no cinema Batalha, consolidando-se como o maior festival de cinema da cidade e um dos maiores de Portugal. A competi\u00e7\u00e3o contempla o Cinema Fant\u00e1stico e a Semana dos Realizadores, com foco em cinema independente e de autor.<\/p>\n<p>Dirigido desde 1981 por M\u00e1rio Dorminsky e Beatriz Pacheco Pereira, o Fantasporto recebeu sele\u00e7\u00f5es provenientes de todo o mundo, ap\u00f3s um processo que envolveu a triagem de 350 longas-metragens e quase 800 curtas.<\/p>\n<h3>Encantador conquista o pr\u00e9mio principal<\/h3>\n<p>Na competi\u00e7\u00e3o de Cinema Fant\u00e1stico, Encantador recebeu o Grande Pr\u00e9mio Fantasporto. O longa argentino acompanha um assassino que raptava mulheres, elogiado pelo j\u00fari pela narrativa, atua\u00e7\u00e3o e design de produ\u00e7\u00e3o.<\/p>\n<p>Outro t\u00edtulo destacado foi Gaua, de Paul Urkijo Alijo, falado em basco e com bruxas e Inquisi\u00e7\u00e3o, que marcou pela paleta lingu\u00edstica e pela forma de contar a hist\u00f3ria.<\/p>\n<h3>Premia\u00e7\u00f5es e destaque entre filmes de v\u00e1rios pa\u00edses<\/h3>\n<p>O realizador grego Vassilis Mazomenos arrecadou o Pr\u00e9mio da Cr\u00edtica com Endless Land, apresentado na Semana dos Realizadores. O filme explora ruralidade, tradi\u00e7\u00f5es e uma vis\u00e3o pol\u00edtica sobre o tempo e a mem\u00f3ria de uma regi\u00e3o.<\/p>\n<p>A retrospetiva dedicada \u00e0 Noruega percorreu parte da produ\u00e7\u00e3o do pa\u00eds, com t\u00edtulos como Telma, de Joachim Trier, e Armand, de Halfdan Ullmann T\u00f8ndel, destacados pela Academia Norueguesa de Realizadores.<\/p>\n<h3>Perspectivas e perto do p\u00fablico<\/h3>\n<p>Isabel Pina e Luis Rosales, presen\u00e7a regular no festival, partilharam liga\u00e7\u00f5es duradouras com o Fantasporto. Rosales, que colabora com o festival Nocturna, descreveu o Fantasporto como uma \u201cfam\u00edlia\u201d para cineastas e festivais ib\u00e9ricos, destacando encontros que marcaram a sua carreira.<\/p>\n<p>O festival, que se aproxima de meio s\u00e9culo de exist\u00eancia, mant\u00e9m a miss\u00e3o de revelar cinema independente e de autor, com uma aposta em filmes de v\u00e1rias partes do mundo e tem\u00e1ticas diversas.<\/p>\n<h3>Pr\u00e9mios e reconhecimentos adicionais<\/h3>\n<p>Al\u00e9m do Grande Pr\u00e9mio, foram atribu\u00eddas v\u00e1rias distin\u00e7\u00f5es entre os filmes da Competi\u00e7\u00e3o de Cinema Fant\u00e1stico e da Semana dos Realizadores, incluindo melhores realizadores, argumentistas, atores e fotografia, bem como men\u00e7\u00f5es especiais do j\u00fari e pr\u00e9mios n\u00e3o oficiais.<\/p>\n","protected":false},"excerpt":{"rendered":"<ul>\n<li>O Fantasporto encerrou a 46\u00aa edi\u00e7\u00e3o, no cinema Batalha, no Porto, com o pr\u00e9mio principal a ser atribu\u00eddo ao filme argentino Encantador, de Jos\u00e9 Mar\u00eda Cicala.<\/li>\n<li>O j\u00fari destacou o terror cl\u00e1ssico do longa, que narra um assassino que rapta mulheres, elogiando a sua narrativa, atua\u00e7\u00e3o e design de produ\u00e7\u00e3o.<\/li>\n<li>O Pr\u00e9mio da Cr\u00edtica foi para Endless Land, de Vassilis Mazomenos, apresentado na Semana dos Realizadores, uma obra que aborda a ruralidade e tradi\u00e7\u00f5es da Gr\u00e9cia.<\/li>\n<li>O festival realizou uma retrospetiva do cinema noruegu\u00eas, com Elisabeth O. Sjaastad a programar t\u00edtulos como Telma e Armand para real\u00e7ar a diversidade da produ\u00e7\u00e3o do pa\u00eds.<\/li>\n<li>O Fantasporto destacou a liga\u00e7\u00e3o com o p\u00fablico e o papel de figuras hist\u00f3ricas do festival, incluindo a realizadora Isabel Pina e o cineasta Lu\u00eds Rosales, que mant\u00e9m presen\u00e7a constante no evento h\u00e1 anos.<\/li>\n<\/ul>\n","protected":false},"author":2,"featured_media":403579,"comment_status":"closed","ping_status":"closed","sticky":false,"template":"","format":"standard","meta":{"footnotes":""},"categories":[12,1],"tags":[2732,70,112,1073,3674,982],"class_list":["post-403576","post","type-post","status-publish","format-standard","has-post-thumbnail","hentry","category-entretenimento","category-noticias","tag-argentina","tag-arte","tag-cinema","tag-cinema-teatro-concertos","tag-festival","tag-porto"],"yoast_head":"<!-- This site is optimized with the Yoast SEO plugin v27.2 - https:\/\/yoast.com\/product\/yoast-seo-wordpress\/ -->\n<title>Fantasporto encerra 46\u00aa edi\u00e7\u00e3o com pr\u00e9mio ao terror argentino - Portal Tela Portugal<\/title>\n<meta name=\"robots\" content=\"index, follow, max-snippet:-1, max-image-preview:large, max-video-preview:-1\" \/>\n<meta property=\"og:locale\" content=\"pt_PT\" \/>\n<meta property=\"og:type\" content=\"article\" \/>\n<meta property=\"og:title\" content=\"Fantasporto encerra 46\u00aa edi\u00e7\u00e3o com pr\u00e9mio ao terror argentino - Portal Tela Portugal\" \/>\n<meta property=\"og:description\" content=\"O Fantasporto encerrou a 46\u00aa edi\u00e7\u00e3o, no cinema Batalha, no Porto, com o pr\u00e9mio principal a ser atribu\u00eddo ao filme argentino Encantador, de Jos\u00e9 Mar\u00eda Cicala. O j\u00fari destacou o terror cl\u00e1ssico do longa, que narra um assassino que rapta mulheres, elogiando a sua narrativa, atua\u00e7\u00e3o e design de produ\u00e7\u00e3o. O Pr\u00e9mio da Cr\u00edtica foi para Endless Land, de Vassilis Mazomenos, apresentado na Semana dos Realizadores, uma obra que aborda a ruralidade e tradi\u00e7\u00f5es da Gr\u00e9cia. O festival realizou uma retrospetiva do cinema noruegu\u00eas, com Elisabeth O. Sjaastad a programar t\u00edtulos como Telma e Armand para real\u00e7ar a diversidade da produ\u00e7\u00e3o do pa\u00eds. O Fantasporto destacou a liga\u00e7\u00e3o com o p\u00fablico e o papel de figuras hist\u00f3ricas do festival, incluindo a realizadora Isabel Pina e o cineasta Lu\u00eds Rosales, que mant\u00e9m presen\u00e7a constante no evento h\u00e1 anos.\" \/>\n<meta property=\"og:url\" content=\"https:\/\/portaltela.pt\/noticias\/2026\/03\/09\/fantasporto-encerra-46a-edicao-com-premio-ao-terror-argentino\/\" \/>\n<meta property=\"og:site_name\" content=\"Portal Tela Portugal\" \/>\n<meta property=\"article:published_time\" content=\"2026-03-09T16:02:22+00:00\" \/>\n<meta name=\"author\" content=\"Telinha\" \/>\n<meta name=\"twitter:card\" content=\"summary_large_image\" \/>\n<meta name=\"twitter:label1\" content=\"Escrito por\" \/>\n\t<meta name=\"twitter:data1\" content=\"Telinha\" \/>\n\t<meta name=\"twitter:label2\" content=\"Tempo estimado de leitura\" \/>\n\t<meta name=\"twitter:data2\" content=\"2 minutos\" \/>\n<script type=\"application\/ld+json\" class=\"yoast-schema-graph\">{\"@context\":\"https:\/\/schema.org\",\"@graph\":[{\"@type\":\"Article\",\"@id\":\"https:\/\/portaltela.pt\/noticias\/2026\/03\/09\/fantasporto-encerra-46a-edicao-com-premio-ao-terror-argentino\/#article\",\"isPartOf\":{\"@id\":\"https:\/\/portaltela.pt\/noticias\/2026\/03\/09\/fantasporto-encerra-46a-edicao-com-premio-ao-terror-argentino\/\"},\"author\":{\"name\":\"Telinha\",\"@id\":\"https:\/\/portaltela.pt\/#\/schema\/person\/c4278d4a6028830caff9ee44b42d32ed\"},\"headline\":\"Fantasporto encerra 46\u00aa edi\u00e7\u00e3o com pr\u00e9mio ao terror argentino\",\"datePublished\":\"2026-03-09T16:02:22+00:00\",\"mainEntityOfPage\":{\"@id\":\"https:\/\/portaltela.pt\/noticias\/2026\/03\/09\/fantasporto-encerra-46a-edicao-com-premio-ao-terror-argentino\/\"},\"wordCount\":436,\"image\":{\"@id\":\"https:\/\/portaltela.pt\/noticias\/2026\/03\/09\/fantasporto-encerra-46a-edicao-com-premio-ao-terror-argentino\/#primaryimage\"},\"thumbnailUrl\":\"https:\/\/portaltela.pt\/s.01k8rhncp4jt1\/2026\/03\/1536x864_cmsv2_844878ee-f70e-518b-a877-4b59421acda8-9677748.jpg\",\"keywords\":[\"Argentina\",\"arte\",\"cinema\",\"cinema\/teatro\/concertos\",\"festival\",\"Porto\"],\"articleSection\":[\"Entretenimento\",\"Not\u00edcias\"],\"inLanguage\":\"pt-PT\"},{\"@type\":\"WebPage\",\"@id\":\"https:\/\/portaltela.pt\/noticias\/2026\/03\/09\/fantasporto-encerra-46a-edicao-com-premio-ao-terror-argentino\/\",\"url\":\"https:\/\/portaltela.pt\/noticias\/2026\/03\/09\/fantasporto-encerra-46a-edicao-com-premio-ao-terror-argentino\/\",\"name\":\"Fantasporto encerra 46\u00aa edi\u00e7\u00e3o com pr\u00e9mio ao terror argentino - Portal Tela Portugal\",\"isPartOf\":{\"@id\":\"https:\/\/portaltela.pt\/#website\"},\"primaryImageOfPage\":{\"@id\":\"https:\/\/portaltela.pt\/noticias\/2026\/03\/09\/fantasporto-encerra-46a-edicao-com-premio-ao-terror-argentino\/#primaryimage\"},\"image\":{\"@id\":\"https:\/\/portaltela.pt\/noticias\/2026\/03\/09\/fantasporto-encerra-46a-edicao-com-premio-ao-terror-argentino\/#primaryimage\"},\"thumbnailUrl\":\"https:\/\/portaltela.pt\/s.01k8rhncp4jt1\/2026\/03\/1536x864_cmsv2_844878ee-f70e-518b-a877-4b59421acda8-9677748.jpg\",\"datePublished\":\"2026-03-09T16:02:22+00:00\",\"author\":{\"@id\":\"https:\/\/portaltela.pt\/#\/schema\/person\/c4278d4a6028830caff9ee44b42d32ed\"},\"breadcrumb\":{\"@id\":\"https:\/\/portaltela.pt\/noticias\/2026\/03\/09\/fantasporto-encerra-46a-edicao-com-premio-ao-terror-argentino\/#breadcrumb\"},\"inLanguage\":\"pt-PT\",\"potentialAction\":[{\"@type\":\"ReadAction\",\"target\":[\"https:\/\/portaltela.pt\/noticias\/2026\/03\/09\/fantasporto-encerra-46a-edicao-com-premio-ao-terror-argentino\/\"]}]},{\"@type\":\"ImageObject\",\"inLanguage\":\"pt-PT\",\"@id\":\"https:\/\/portaltela.pt\/noticias\/2026\/03\/09\/fantasporto-encerra-46a-edicao-com-premio-ao-terror-argentino\/#primaryimage\",\"url\":\"https:\/\/portaltela.pt\/s.01k8rhncp4jt1\/2026\/03\/1536x864_cmsv2_844878ee-f70e-518b-a877-4b59421acda8-9677748.jpg\",\"contentUrl\":\"https:\/\/portaltela.pt\/s.01k8rhncp4jt1\/2026\/03\/1536x864_cmsv2_844878ee-f70e-518b-a877-4b59421acda8-9677748.jpg\",\"width\":1536,\"height\":864,\"caption\":\"Imagem do filme \\\"Encantador\\\"\"},{\"@type\":\"BreadcrumbList\",\"@id\":\"https:\/\/portaltela.pt\/noticias\/2026\/03\/09\/fantasporto-encerra-46a-edicao-com-premio-ao-terror-argentino\/#breadcrumb\",\"itemListElement\":[{\"@type\":\"ListItem\",\"position\":1,\"name\":\"In\u00edcio\",\"item\":\"https:\/\/portaltela.pt\/\"},{\"@type\":\"ListItem\",\"position\":2,\"name\":\"Fantasporto encerra 46\u00aa edi\u00e7\u00e3o com pr\u00e9mio ao terror argentino\"}]},{\"@type\":\"WebSite\",\"@id\":\"https:\/\/portaltela.pt\/#website\",\"url\":\"https:\/\/portaltela.pt\/\",\"name\":\"Portal Tela Portugal\",\"description\":\"\",\"potentialAction\":[{\"@type\":\"SearchAction\",\"target\":{\"@type\":\"EntryPoint\",\"urlTemplate\":\"https:\/\/portaltela.pt\/?s={search_term_string}\"},\"query-input\":{\"@type\":\"PropertyValueSpecification\",\"valueRequired\":true,\"valueName\":\"search_term_string\"}}],\"inLanguage\":\"pt-PT\"},{\"@type\":\"Person\",\"@id\":\"https:\/\/portaltela.pt\/#\/schema\/person\/c4278d4a6028830caff9ee44b42d32ed\",\"name\":\"Telinha\",\"image\":{\"@type\":\"ImageObject\",\"inLanguage\":\"pt-PT\",\"@id\":\"https:\/\/portaltela.pt\/s.01k8rhncp4jt1\/2025\/11\/talking-bot-125x125.png\",\"url\":\"https:\/\/portaltela.pt\/s.01k8rhncp4jt1\/2025\/11\/talking-bot-125x125.png\",\"contentUrl\":\"https:\/\/portaltela.pt\/s.01k8rhncp4jt1\/2025\/11\/talking-bot-125x125.png\",\"caption\":\"Telinha\"},\"sameAs\":[\"https:\/\/portaltela.pt\/\"],\"url\":\"https:\/\/portaltela.pt\/por\/367410592786\/\"}]}<\/script>\n<!-- \/ Yoast SEO plugin. -->","yoast_head_json":{"title":"Fantasporto encerra 46\u00aa edi\u00e7\u00e3o com pr\u00e9mio ao terror argentino - Portal Tela Portugal","robots":{"index":"index","follow":"follow","max-snippet":"max-snippet:-1","max-image-preview":"max-image-preview:large","max-video-preview":"max-video-preview:-1"},"og_locale":"pt_PT","og_type":"article","og_title":"Fantasporto encerra 46\u00aa edi\u00e7\u00e3o com pr\u00e9mio ao terror argentino - Portal Tela Portugal","og_description":"O Fantasporto encerrou a 46\u00aa edi\u00e7\u00e3o, no cinema Batalha, no Porto, com o pr\u00e9mio principal a ser atribu\u00eddo ao filme argentino Encantador, de Jos\u00e9 Mar\u00eda Cicala. O j\u00fari destacou o terror cl\u00e1ssico do longa, que narra um assassino que rapta mulheres, elogiando a sua narrativa, atua\u00e7\u00e3o e design de produ\u00e7\u00e3o. O Pr\u00e9mio da Cr\u00edtica foi para Endless Land, de Vassilis Mazomenos, apresentado na Semana dos Realizadores, uma obra que aborda a ruralidade e tradi\u00e7\u00f5es da Gr\u00e9cia. O festival realizou uma retrospetiva do cinema noruegu\u00eas, com Elisabeth O. Sjaastad a programar t\u00edtulos como Telma e Armand para real\u00e7ar a diversidade da produ\u00e7\u00e3o do pa\u00eds. O Fantasporto destacou a liga\u00e7\u00e3o com o p\u00fablico e o papel de figuras hist\u00f3ricas do festival, incluindo a realizadora Isabel Pina e o cineasta Lu\u00eds Rosales, que mant\u00e9m presen\u00e7a constante no evento h\u00e1 anos.","og_url":"https:\/\/portaltela.pt\/noticias\/2026\/03\/09\/fantasporto-encerra-46a-edicao-com-premio-ao-terror-argentino\/","og_site_name":"Portal Tela Portugal","article_published_time":"2026-03-09T16:02:22+00:00","author":"Telinha","twitter_card":"summary_large_image","twitter_misc":{"Escrito por":"Telinha","Tempo estimado de leitura":"2 minutos"},"schema":{"@context":"https:\/\/schema.org","@graph":[{"@type":"Article","@id":"https:\/\/portaltela.pt\/noticias\/2026\/03\/09\/fantasporto-encerra-46a-edicao-com-premio-ao-terror-argentino\/#article","isPartOf":{"@id":"https:\/\/portaltela.pt\/noticias\/2026\/03\/09\/fantasporto-encerra-46a-edicao-com-premio-ao-terror-argentino\/"},"author":{"name":"Telinha","@id":"https:\/\/portaltela.pt\/#\/schema\/person\/c4278d4a6028830caff9ee44b42d32ed"},"headline":"Fantasporto encerra 46\u00aa edi\u00e7\u00e3o com pr\u00e9mio ao terror argentino","datePublished":"2026-03-09T16:02:22+00:00","mainEntityOfPage":{"@id":"https:\/\/portaltela.pt\/noticias\/2026\/03\/09\/fantasporto-encerra-46a-edicao-com-premio-ao-terror-argentino\/"},"wordCount":436,"image":{"@id":"https:\/\/portaltela.pt\/noticias\/2026\/03\/09\/fantasporto-encerra-46a-edicao-com-premio-ao-terror-argentino\/#primaryimage"},"thumbnailUrl":"https:\/\/portaltela.pt\/s.01k8rhncp4jt1\/2026\/03\/1536x864_cmsv2_844878ee-f70e-518b-a877-4b59421acda8-9677748.jpg","keywords":["Argentina","arte","cinema","cinema\/teatro\/concertos","festival","Porto"],"articleSection":["Entretenimento","Not\u00edcias"],"inLanguage":"pt-PT"},{"@type":"WebPage","@id":"https:\/\/portaltela.pt\/noticias\/2026\/03\/09\/fantasporto-encerra-46a-edicao-com-premio-ao-terror-argentino\/","url":"https:\/\/portaltela.pt\/noticias\/2026\/03\/09\/fantasporto-encerra-46a-edicao-com-premio-ao-terror-argentino\/","name":"Fantasporto encerra 46\u00aa edi\u00e7\u00e3o com pr\u00e9mio ao terror argentino - Portal Tela Portugal","isPartOf":{"@id":"https:\/\/portaltela.pt\/#website"},"primaryImageOfPage":{"@id":"https:\/\/portaltela.pt\/noticias\/2026\/03\/09\/fantasporto-encerra-46a-edicao-com-premio-ao-terror-argentino\/#primaryimage"},"image":{"@id":"https:\/\/portaltela.pt\/noticias\/2026\/03\/09\/fantasporto-encerra-46a-edicao-com-premio-ao-terror-argentino\/#primaryimage"},"thumbnailUrl":"https:\/\/portaltela.pt\/s.01k8rhncp4jt1\/2026\/03\/1536x864_cmsv2_844878ee-f70e-518b-a877-4b59421acda8-9677748.jpg","datePublished":"2026-03-09T16:02:22+00:00","author":{"@id":"https:\/\/portaltela.pt\/#\/schema\/person\/c4278d4a6028830caff9ee44b42d32ed"},"breadcrumb":{"@id":"https:\/\/portaltela.pt\/noticias\/2026\/03\/09\/fantasporto-encerra-46a-edicao-com-premio-ao-terror-argentino\/#breadcrumb"},"inLanguage":"pt-PT","potentialAction":[{"@type":"ReadAction","target":["https:\/\/portaltela.pt\/noticias\/2026\/03\/09\/fantasporto-encerra-46a-edicao-com-premio-ao-terror-argentino\/"]}]},{"@type":"ImageObject","inLanguage":"pt-PT","@id":"https:\/\/portaltela.pt\/noticias\/2026\/03\/09\/fantasporto-encerra-46a-edicao-com-premio-ao-terror-argentino\/#primaryimage","url":"https:\/\/portaltela.pt\/s.01k8rhncp4jt1\/2026\/03\/1536x864_cmsv2_844878ee-f70e-518b-a877-4b59421acda8-9677748.jpg","contentUrl":"https:\/\/portaltela.pt\/s.01k8rhncp4jt1\/2026\/03\/1536x864_cmsv2_844878ee-f70e-518b-a877-4b59421acda8-9677748.jpg","width":1536,"height":864,"caption":"Imagem do filme \"Encantador\""},{"@type":"BreadcrumbList","@id":"https:\/\/portaltela.pt\/noticias\/2026\/03\/09\/fantasporto-encerra-46a-edicao-com-premio-ao-terror-argentino\/#breadcrumb","itemListElement":[{"@type":"ListItem","position":1,"name":"In\u00edcio","item":"https:\/\/portaltela.pt\/"},{"@type":"ListItem","position":2,"name":"Fantasporto encerra 46\u00aa edi\u00e7\u00e3o com pr\u00e9mio ao terror argentino"}]},{"@type":"WebSite","@id":"https:\/\/portaltela.pt\/#website","url":"https:\/\/portaltela.pt\/","name":"Portal Tela Portugal","description":"","potentialAction":[{"@type":"SearchAction","target":{"@type":"EntryPoint","urlTemplate":"https:\/\/portaltela.pt\/?s={search_term_string}"},"query-input":{"@type":"PropertyValueSpecification","valueRequired":true,"valueName":"search_term_string"}}],"inLanguage":"pt-PT"},{"@type":"Person","@id":"https:\/\/portaltela.pt\/#\/schema\/person\/c4278d4a6028830caff9ee44b42d32ed","name":"Telinha","image":{"@type":"ImageObject","inLanguage":"pt-PT","@id":"https:\/\/portaltela.pt\/s.01k8rhncp4jt1\/2025\/11\/talking-bot-125x125.png","url":"https:\/\/portaltela.pt\/s.01k8rhncp4jt1\/2025\/11\/talking-bot-125x125.png","contentUrl":"https:\/\/portaltela.pt\/s.01k8rhncp4jt1\/2025\/11\/talking-bot-125x125.png","caption":"Telinha"},"sameAs":["https:\/\/portaltela.pt\/"],"url":"https:\/\/portaltela.pt\/por\/367410592786\/"}]}},"_links":{"self":[{"href":"https:\/\/portaltela.pt\/api\/wp\/v2\/posts\/403576","targetHints":{"allow":["GET"]}}],"collection":[{"href":"https:\/\/portaltela.pt\/api\/wp\/v2\/posts"}],"about":[{"href":"https:\/\/portaltela.pt\/api\/wp\/v2\/types\/post"}],"author":[{"embeddable":true,"href":"https:\/\/portaltela.pt\/api\/wp\/v2\/users\/2"}],"replies":[{"embeddable":true,"href":"https:\/\/portaltela.pt\/api\/wp\/v2\/comments?post=403576"}],"version-history":[{"count":0,"href":"https:\/\/portaltela.pt\/api\/wp\/v2\/posts\/403576\/revisions"}],"wp:featuredmedia":[{"embeddable":true,"href":"https:\/\/portaltela.pt\/api\/wp\/v2\/media\/403579"}],"wp:attachment":[{"href":"https:\/\/portaltela.pt\/api\/wp\/v2\/media?parent=403576"}],"wp:term":[{"taxonomy":"category","embeddable":true,"href":"https:\/\/portaltela.pt\/api\/wp\/v2\/categories?post=403576"},{"taxonomy":"post_tag","embeddable":true,"href":"https:\/\/portaltela.pt\/api\/wp\/v2\/tags?post=403576"}],"curies":[{"name":"wp","href":"https:\/\/api.w.org\/{rel}","templated":true}]}}