{"id":403572,"date":"2026-03-09T12:42:00","date_gmt":"2026-03-09T15:42:00","guid":{"rendered":"https:\/\/portaltela.pt\/noticias\/2026\/03\/09\/margarida-maldonado-freitas-diz-nao-ha-primeiras-damas-no-pais\/"},"modified":"2026-03-09T12:42:00","modified_gmt":"2026-03-09T15:42:00","slug":"margarida-maldonado-freitas-diz-nao-ha-primeiras-damas-no-pais","status":"publish","type":"post","link":"https:\/\/portaltela.pt\/noticias\/politica\/2026\/03\/09\/margarida-maldonado-freitas-diz-nao-ha-primeiras-damas-no-pais\/","title":{"rendered":"Margarida Maldonado Freitas diz n\u00e3o h\u00e1 primeiras-damas no pa\u00eds"},"content":{"rendered":"<p>Passava pouco da uma da tarde desta segunda-feira, 9 de mar\u00e7o, quando Ant\u00f3nio Jos\u00e9 Seguro entrou no Pal\u00e1cio de Bel\u00e9m, em Lisboa, acompanhado pela fam\u00edlia, ap\u00f3s receber o t\u00edtulo de Presidente da Rep\u00fablica. Margarida Maldonado Freitas, farmac\u00eautica e gestora, dever\u00e1 manter a sua carreira, segundo as declara\u00e7\u00f5es anteriores do casal.<\/p>\n<p>H\u00e1 exatamente um m\u00eas, Margarida Maldonado Freitas afirmou que n\u00e3o h\u00e1 primeiras-damas no pa\u00eds, mesmo que acompanhasse o marido em momentos p\u00fablicos. A afirma\u00e7\u00e3o foi feita na v\u00e9spera da vit\u00f3ria de Seguro na segunda volta das elei\u00e7\u00f5es, em resposta \u00e0 comunica\u00e7\u00e3o aos jornalistas.<\/p>\n<p>Na tarde de posse, o novo chefe de Estado e a mulher entraram no pal\u00e1cio a p\u00e9, com os dois filhos do casal, Ant\u00f3nio e Maria, apenas com a m\u00e3o dada. Nessa noite, Seguro j\u00e1 havia destacado o respeito pela vida profissional da esposa, empres\u00e1ria independente, como parte do seu mandato.<\/p>\n<p>Recorda-se que, na noite da vit\u00f3ria, Seguro assegurou que iria contar com Margarida ao lado sempre que as exig\u00eancias do cargo o exigissem, refor\u00e7ando que respeita as decis\u00f5es da companheira, que gere farm\u00e1cias e atua na \u00e1rea da propriedade.<\/p>\n","protected":false},"excerpt":{"rendered":"<ul>\n<li>No dia 9 de mar\u00e7o, Ant\u00f3nio Jos\u00e9 Seguro tomou posse como Presidente da Rep\u00fablica em Bel\u00e9m, Lisboa, acompanhado da mulher Margarida Maldonado Freitas e dos filhos.<\/li>\n<li>Margarida Maldonado Freitas afirmou, h\u00e1 um m\u00eas, que \u201cn\u00e3o h\u00e1 primeiras-damas no pa\u00eds\u201d e que vai seguir a sua carreira de gestora e farmac\u00eautica.<\/li>\n<li>Na cerim\u00f3nia de tomada de posse, o casal entrou a p\u00e9 no Pal\u00e1cio de Bel\u00e9m, de m\u00e3o dada, acompanhado pelos filhos.<\/li>\n<li>Seguro garantiu que respeita a vida profissional da mulher e que a ter\u00e1 ao lado sempre que as exig\u00eancias do Estado o exigirem; o casal est\u00e1 casado desde 2001.<\/li>\n<li>A farmac\u00eautica e empres\u00e1ria mant\u00e9m a atividade ligada \u00e0 propriedade e gest\u00e3o de farm\u00e1cias, numa perspetiva de independ\u00eancia profissional para os pr\u00f3ximos cinco anos de mandato.<\/li>\n<\/ul>\n","protected":false},"author":2,"featured_media":403574,"comment_status":"closed","ping_status":"closed","sticky":false,"template":"","format":"standard","meta":{"footnotes":""},"categories":[1,5],"tags":[2655,64,3664,5661,2832,30],"class_list":["post-403572","post","type-post","status-publish","format-standard","has-post-thumbnail","hentry","category-noticias","category-politica","tag-antonio-jose-seguro","tag-familia","tag-farmacias","tag-pessoas-publicas","tag-politica","tag-presidente"],"yoast_head":"<!-- This site is optimized with the Yoast SEO plugin v27.2 - https:\/\/yoast.com\/product\/yoast-seo-wordpress\/ -->\n<title>Margarida Maldonado Freitas diz n\u00e3o h\u00e1 primeiras-damas no pa\u00eds - Portal Tela Portugal<\/title>\n<meta name=\"robots\" content=\"index, follow, max-snippet:-1, max-image-preview:large, max-video-preview:-1\" \/>\n<meta property=\"og:locale\" content=\"pt_PT\" \/>\n<meta property=\"og:type\" content=\"article\" \/>\n<meta property=\"og:title\" content=\"Margarida Maldonado Freitas diz n\u00e3o h\u00e1 primeiras-damas no pa\u00eds - Portal Tela Portugal\" \/>\n<meta property=\"og:description\" content=\"No dia 9 de mar\u00e7o, Ant\u00f3nio Jos\u00e9 Seguro tomou posse como Presidente da Rep\u00fablica em Bel\u00e9m, Lisboa, acompanhado da mulher Margarida Maldonado Freitas e dos filhos. Margarida Maldonado Freitas afirmou, h\u00e1 um m\u00eas, que \u201cn\u00e3o h\u00e1 primeiras-damas no pa\u00eds\u201d e que vai seguir a sua carreira de gestora e farmac\u00eautica. Na cerim\u00f3nia de tomada de posse, o casal entrou a p\u00e9 no Pal\u00e1cio de Bel\u00e9m, de m\u00e3o dada, acompanhado pelos filhos. Seguro garantiu que respeita a vida profissional da mulher e que a ter\u00e1 ao lado sempre que as exig\u00eancias do Estado o exigirem; o casal est\u00e1 casado desde 2001. A farmac\u00eautica e empres\u00e1ria mant\u00e9m a atividade ligada \u00e0 propriedade e gest\u00e3o de farm\u00e1cias, numa perspetiva de independ\u00eancia profissional para os pr\u00f3ximos cinco anos de mandato.\" \/>\n<meta property=\"og:url\" content=\"https:\/\/portaltela.pt\/noticias\/2026\/03\/09\/margarida-maldonado-freitas-diz-nao-ha-primeiras-damas-no-pais\/\" \/>\n<meta property=\"og:site_name\" content=\"Portal Tela Portugal\" \/>\n<meta property=\"article:published_time\" content=\"2026-03-09T15:42:00+00:00\" \/>\n<meta name=\"author\" content=\"Telinha\" \/>\n<meta name=\"twitter:card\" content=\"summary_large_image\" \/>\n<meta name=\"twitter:label1\" content=\"Escrito por\" \/>\n\t<meta name=\"twitter:data1\" content=\"Telinha\" \/>\n\t<meta name=\"twitter:label2\" content=\"Tempo estimado de leitura\" \/>\n\t<meta name=\"twitter:data2\" content=\"1 minuto\" \/>\n<script type=\"application\/ld+json\" class=\"yoast-schema-graph\">{\"@context\":\"https:\/\/schema.org\",\"@graph\":[{\"@type\":\"Article\",\"@id\":\"https:\/\/portaltela.pt\/noticias\/2026\/03\/09\/margarida-maldonado-freitas-diz-nao-ha-primeiras-damas-no-pais\/#article\",\"isPartOf\":{\"@id\":\"https:\/\/portaltela.pt\/noticias\/2026\/03\/09\/margarida-maldonado-freitas-diz-nao-ha-primeiras-damas-no-pais\/\"},\"author\":{\"name\":\"Telinha\",\"@id\":\"https:\/\/portaltela.pt\/#\/schema\/person\/c4278d4a6028830caff9ee44b42d32ed\"},\"headline\":\"Margarida Maldonado Freitas diz n\u00e3o h\u00e1 primeiras-damas no pa\u00eds\",\"datePublished\":\"2026-03-09T15:42:00+00:00\",\"mainEntityOfPage\":{\"@id\":\"https:\/\/portaltela.pt\/noticias\/2026\/03\/09\/margarida-maldonado-freitas-diz-nao-ha-primeiras-damas-no-pais\/\"},\"wordCount\":220,\"image\":{\"@id\":\"https:\/\/portaltela.pt\/noticias\/2026\/03\/09\/margarida-maldonado-freitas-diz-nao-ha-primeiras-damas-no-pais\/#primaryimage\"},\"thumbnailUrl\":\"https:\/\/portaltela.pt\/s.01k8rhncp4jt1\/2026\/03\/image-583.jpg\",\"keywords\":[\"Ant\u00f3nio Jos\u00e9 Seguro\",\"fam\u00edlia\",\"farm\u00e1cias\",\"pessoas p\u00fablicas\",\"pol\u00edtica\",\"presidente\"],\"articleSection\":[\"Not\u00edcias\",\"Pol\u00edtica\"],\"inLanguage\":\"pt-PT\"},{\"@type\":\"WebPage\",\"@id\":\"https:\/\/portaltela.pt\/noticias\/2026\/03\/09\/margarida-maldonado-freitas-diz-nao-ha-primeiras-damas-no-pais\/\",\"url\":\"https:\/\/portaltela.pt\/noticias\/2026\/03\/09\/margarida-maldonado-freitas-diz-nao-ha-primeiras-damas-no-pais\/\",\"name\":\"Margarida Maldonado Freitas diz n\u00e3o h\u00e1 primeiras-damas no pa\u00eds - Portal Tela Portugal\",\"isPartOf\":{\"@id\":\"https:\/\/portaltela.pt\/#website\"},\"primaryImageOfPage\":{\"@id\":\"https:\/\/portaltela.pt\/noticias\/2026\/03\/09\/margarida-maldonado-freitas-diz-nao-ha-primeiras-damas-no-pais\/#primaryimage\"},\"image\":{\"@id\":\"https:\/\/portaltela.pt\/noticias\/2026\/03\/09\/margarida-maldonado-freitas-diz-nao-ha-primeiras-damas-no-pais\/#primaryimage\"},\"thumbnailUrl\":\"https:\/\/portaltela.pt\/s.01k8rhncp4jt1\/2026\/03\/image-583.jpg\",\"datePublished\":\"2026-03-09T15:42:00+00:00\",\"author\":{\"@id\":\"https:\/\/portaltela.pt\/#\/schema\/person\/c4278d4a6028830caff9ee44b42d32ed\"},\"breadcrumb\":{\"@id\":\"https:\/\/portaltela.pt\/noticias\/2026\/03\/09\/margarida-maldonado-freitas-diz-nao-ha-primeiras-damas-no-pais\/#breadcrumb\"},\"inLanguage\":\"pt-PT\",\"potentialAction\":[{\"@type\":\"ReadAction\",\"target\":[\"https:\/\/portaltela.pt\/noticias\/2026\/03\/09\/margarida-maldonado-freitas-diz-nao-ha-primeiras-damas-no-pais\/\"]}]},{\"@type\":\"ImageObject\",\"inLanguage\":\"pt-PT\",\"@id\":\"https:\/\/portaltela.pt\/noticias\/2026\/03\/09\/margarida-maldonado-freitas-diz-nao-ha-primeiras-damas-no-pais\/#primaryimage\",\"url\":\"https:\/\/portaltela.pt\/s.01k8rhncp4jt1\/2026\/03\/image-583.jpg\",\"contentUrl\":\"https:\/\/portaltela.pt\/s.01k8rhncp4jt1\/2026\/03\/image-583.jpg\",\"width\":796,\"height\":448,\"caption\":\"Ant\u00f3nio Jos\u00e9 Seguro de m\u00e3o dada com a mulher, Margarida Maldonado Freitas, e os filhos Ant\u00f3nio e Maria\"},{\"@type\":\"BreadcrumbList\",\"@id\":\"https:\/\/portaltela.pt\/noticias\/2026\/03\/09\/margarida-maldonado-freitas-diz-nao-ha-primeiras-damas-no-pais\/#breadcrumb\",\"itemListElement\":[{\"@type\":\"ListItem\",\"position\":1,\"name\":\"In\u00edcio\",\"item\":\"https:\/\/portaltela.pt\/\"},{\"@type\":\"ListItem\",\"position\":2,\"name\":\"Margarida Maldonado Freitas diz n\u00e3o h\u00e1 primeiras-damas no pa\u00eds\"}]},{\"@type\":\"WebSite\",\"@id\":\"https:\/\/portaltela.pt\/#website\",\"url\":\"https:\/\/portaltela.pt\/\",\"name\":\"Portal Tela Portugal\",\"description\":\"\",\"potentialAction\":[{\"@type\":\"SearchAction\",\"target\":{\"@type\":\"EntryPoint\",\"urlTemplate\":\"https:\/\/portaltela.pt\/?s={search_term_string}\"},\"query-input\":{\"@type\":\"PropertyValueSpecification\",\"valueRequired\":true,\"valueName\":\"search_term_string\"}}],\"inLanguage\":\"pt-PT\"},{\"@type\":\"Person\",\"@id\":\"https:\/\/portaltela.pt\/#\/schema\/person\/c4278d4a6028830caff9ee44b42d32ed\",\"name\":\"Telinha\",\"image\":{\"@type\":\"ImageObject\",\"inLanguage\":\"pt-PT\",\"@id\":\"https:\/\/portaltela.pt\/s.01k8rhncp4jt1\/2025\/11\/talking-bot-125x125.png\",\"url\":\"https:\/\/portaltela.pt\/s.01k8rhncp4jt1\/2025\/11\/talking-bot-125x125.png\",\"contentUrl\":\"https:\/\/portaltela.pt\/s.01k8rhncp4jt1\/2025\/11\/talking-bot-125x125.png\",\"caption\":\"Telinha\"},\"sameAs\":[\"https:\/\/portaltela.pt\/\"],\"url\":\"https:\/\/portaltela.pt\/por\/367410592786\/\"}]}<\/script>\n<!-- \/ Yoast SEO plugin. -->","yoast_head_json":{"title":"Margarida Maldonado Freitas diz n\u00e3o h\u00e1 primeiras-damas no pa\u00eds - Portal Tela Portugal","robots":{"index":"index","follow":"follow","max-snippet":"max-snippet:-1","max-image-preview":"max-image-preview:large","max-video-preview":"max-video-preview:-1"},"og_locale":"pt_PT","og_type":"article","og_title":"Margarida Maldonado Freitas diz n\u00e3o h\u00e1 primeiras-damas no pa\u00eds - Portal Tela Portugal","og_description":"No dia 9 de mar\u00e7o, Ant\u00f3nio Jos\u00e9 Seguro tomou posse como Presidente da Rep\u00fablica em Bel\u00e9m, Lisboa, acompanhado da mulher Margarida Maldonado Freitas e dos filhos. Margarida Maldonado Freitas afirmou, h\u00e1 um m\u00eas, que \u201cn\u00e3o h\u00e1 primeiras-damas no pa\u00eds\u201d e que vai seguir a sua carreira de gestora e farmac\u00eautica. Na cerim\u00f3nia de tomada de posse, o casal entrou a p\u00e9 no Pal\u00e1cio de Bel\u00e9m, de m\u00e3o dada, acompanhado pelos filhos. Seguro garantiu que respeita a vida profissional da mulher e que a ter\u00e1 ao lado sempre que as exig\u00eancias do Estado o exigirem; o casal est\u00e1 casado desde 2001. A farmac\u00eautica e empres\u00e1ria mant\u00e9m a atividade ligada \u00e0 propriedade e gest\u00e3o de farm\u00e1cias, numa perspetiva de independ\u00eancia profissional para os pr\u00f3ximos cinco anos de mandato.","og_url":"https:\/\/portaltela.pt\/noticias\/2026\/03\/09\/margarida-maldonado-freitas-diz-nao-ha-primeiras-damas-no-pais\/","og_site_name":"Portal Tela Portugal","article_published_time":"2026-03-09T15:42:00+00:00","author":"Telinha","twitter_card":"summary_large_image","twitter_misc":{"Escrito por":"Telinha","Tempo estimado de leitura":"1 minuto"},"schema":{"@context":"https:\/\/schema.org","@graph":[{"@type":"Article","@id":"https:\/\/portaltela.pt\/noticias\/2026\/03\/09\/margarida-maldonado-freitas-diz-nao-ha-primeiras-damas-no-pais\/#article","isPartOf":{"@id":"https:\/\/portaltela.pt\/noticias\/2026\/03\/09\/margarida-maldonado-freitas-diz-nao-ha-primeiras-damas-no-pais\/"},"author":{"name":"Telinha","@id":"https:\/\/portaltela.pt\/#\/schema\/person\/c4278d4a6028830caff9ee44b42d32ed"},"headline":"Margarida Maldonado Freitas diz n\u00e3o h\u00e1 primeiras-damas no pa\u00eds","datePublished":"2026-03-09T15:42:00+00:00","mainEntityOfPage":{"@id":"https:\/\/portaltela.pt\/noticias\/2026\/03\/09\/margarida-maldonado-freitas-diz-nao-ha-primeiras-damas-no-pais\/"},"wordCount":220,"image":{"@id":"https:\/\/portaltela.pt\/noticias\/2026\/03\/09\/margarida-maldonado-freitas-diz-nao-ha-primeiras-damas-no-pais\/#primaryimage"},"thumbnailUrl":"https:\/\/portaltela.pt\/s.01k8rhncp4jt1\/2026\/03\/image-583.jpg","keywords":["Ant\u00f3nio Jos\u00e9 Seguro","fam\u00edlia","farm\u00e1cias","pessoas p\u00fablicas","pol\u00edtica","presidente"],"articleSection":["Not\u00edcias","Pol\u00edtica"],"inLanguage":"pt-PT"},{"@type":"WebPage","@id":"https:\/\/portaltela.pt\/noticias\/2026\/03\/09\/margarida-maldonado-freitas-diz-nao-ha-primeiras-damas-no-pais\/","url":"https:\/\/portaltela.pt\/noticias\/2026\/03\/09\/margarida-maldonado-freitas-diz-nao-ha-primeiras-damas-no-pais\/","name":"Margarida Maldonado Freitas diz n\u00e3o h\u00e1 primeiras-damas no pa\u00eds - Portal Tela Portugal","isPartOf":{"@id":"https:\/\/portaltela.pt\/#website"},"primaryImageOfPage":{"@id":"https:\/\/portaltela.pt\/noticias\/2026\/03\/09\/margarida-maldonado-freitas-diz-nao-ha-primeiras-damas-no-pais\/#primaryimage"},"image":{"@id":"https:\/\/portaltela.pt\/noticias\/2026\/03\/09\/margarida-maldonado-freitas-diz-nao-ha-primeiras-damas-no-pais\/#primaryimage"},"thumbnailUrl":"https:\/\/portaltela.pt\/s.01k8rhncp4jt1\/2026\/03\/image-583.jpg","datePublished":"2026-03-09T15:42:00+00:00","author":{"@id":"https:\/\/portaltela.pt\/#\/schema\/person\/c4278d4a6028830caff9ee44b42d32ed"},"breadcrumb":{"@id":"https:\/\/portaltela.pt\/noticias\/2026\/03\/09\/margarida-maldonado-freitas-diz-nao-ha-primeiras-damas-no-pais\/#breadcrumb"},"inLanguage":"pt-PT","potentialAction":[{"@type":"ReadAction","target":["https:\/\/portaltela.pt\/noticias\/2026\/03\/09\/margarida-maldonado-freitas-diz-nao-ha-primeiras-damas-no-pais\/"]}]},{"@type":"ImageObject","inLanguage":"pt-PT","@id":"https:\/\/portaltela.pt\/noticias\/2026\/03\/09\/margarida-maldonado-freitas-diz-nao-ha-primeiras-damas-no-pais\/#primaryimage","url":"https:\/\/portaltela.pt\/s.01k8rhncp4jt1\/2026\/03\/image-583.jpg","contentUrl":"https:\/\/portaltela.pt\/s.01k8rhncp4jt1\/2026\/03\/image-583.jpg","width":796,"height":448,"caption":"Ant\u00f3nio Jos\u00e9 Seguro de m\u00e3o dada com a mulher, Margarida Maldonado Freitas, e os filhos Ant\u00f3nio e Maria"},{"@type":"BreadcrumbList","@id":"https:\/\/portaltela.pt\/noticias\/2026\/03\/09\/margarida-maldonado-freitas-diz-nao-ha-primeiras-damas-no-pais\/#breadcrumb","itemListElement":[{"@type":"ListItem","position":1,"name":"In\u00edcio","item":"https:\/\/portaltela.pt\/"},{"@type":"ListItem","position":2,"name":"Margarida Maldonado Freitas diz n\u00e3o h\u00e1 primeiras-damas no pa\u00eds"}]},{"@type":"WebSite","@id":"https:\/\/portaltela.pt\/#website","url":"https:\/\/portaltela.pt\/","name":"Portal Tela Portugal","description":"","potentialAction":[{"@type":"SearchAction","target":{"@type":"EntryPoint","urlTemplate":"https:\/\/portaltela.pt\/?s={search_term_string}"},"query-input":{"@type":"PropertyValueSpecification","valueRequired":true,"valueName":"search_term_string"}}],"inLanguage":"pt-PT"},{"@type":"Person","@id":"https:\/\/portaltela.pt\/#\/schema\/person\/c4278d4a6028830caff9ee44b42d32ed","name":"Telinha","image":{"@type":"ImageObject","inLanguage":"pt-PT","@id":"https:\/\/portaltela.pt\/s.01k8rhncp4jt1\/2025\/11\/talking-bot-125x125.png","url":"https:\/\/portaltela.pt\/s.01k8rhncp4jt1\/2025\/11\/talking-bot-125x125.png","contentUrl":"https:\/\/portaltela.pt\/s.01k8rhncp4jt1\/2025\/11\/talking-bot-125x125.png","caption":"Telinha"},"sameAs":["https:\/\/portaltela.pt\/"],"url":"https:\/\/portaltela.pt\/por\/367410592786\/"}]}},"_links":{"self":[{"href":"https:\/\/portaltela.pt\/api\/wp\/v2\/posts\/403572","targetHints":{"allow":["GET"]}}],"collection":[{"href":"https:\/\/portaltela.pt\/api\/wp\/v2\/posts"}],"about":[{"href":"https:\/\/portaltela.pt\/api\/wp\/v2\/types\/post"}],"author":[{"embeddable":true,"href":"https:\/\/portaltela.pt\/api\/wp\/v2\/users\/2"}],"replies":[{"embeddable":true,"href":"https:\/\/portaltela.pt\/api\/wp\/v2\/comments?post=403572"}],"version-history":[{"count":0,"href":"https:\/\/portaltela.pt\/api\/wp\/v2\/posts\/403572\/revisions"}],"wp:featuredmedia":[{"embeddable":true,"href":"https:\/\/portaltela.pt\/api\/wp\/v2\/media\/403574"}],"wp:attachment":[{"href":"https:\/\/portaltela.pt\/api\/wp\/v2\/media?parent=403572"}],"wp:term":[{"taxonomy":"category","embeddable":true,"href":"https:\/\/portaltela.pt\/api\/wp\/v2\/categories?post=403572"},{"taxonomy":"post_tag","embeddable":true,"href":"https:\/\/portaltela.pt\/api\/wp\/v2\/tags?post=403572"}],"curies":[{"name":"wp","href":"https:\/\/api.w.org\/{rel}","templated":true}]}}