{"id":403570,"date":"2026-03-09T12:59:00","date_gmt":"2026-03-09T15:59:00","guid":{"rendered":"https:\/\/portaltela.pt\/noticias\/2026\/03\/09\/musical-com-cancoes-de-sergio-godinho-retorna-a-lisboa-em-abril\/"},"modified":"2026-03-09T12:59:00","modified_gmt":"2026-03-09T15:59:00","slug":"musical-com-cancoes-de-sergio-godinho-retorna-a-lisboa-em-abril","status":"publish","type":"post","link":"https:\/\/portaltela.pt\/musica\/2026\/03\/09\/musical-com-cancoes-de-sergio-godinho-retorna-a-lisboa-em-abril\/","title":{"rendered":"Musical com can\u00e7\u00f5es de S\u00e9rgio Godinho retorna a Lisboa em abril"},"content":{"rendered":"<p>Um musical baseado em can\u00e7\u00f5es de S\u00e9rgio Godinho volta a encenar-se em Lisboa em abril. O espet\u00e1culo, que resulta da adapta\u00e7\u00e3o da obra do m\u00fasico, abre novamente as portas na cidade na pr\u00f3xima temporada.<\/p>\n<p>Segundo dados dispon\u00edveis, a produ\u00e7\u00e3o recorre a repert\u00f3rio de Godinho e pretende apresentar uma leitura c\u00e9nica das suas letras, com interpreta\u00e7\u00e3o musical ao vivo. A equipa criativa ainda n\u00e3o revelou o elenco nem a data exata de estreia.<\/p>\n<p>O objetivo \u00e9 oferecer aos f\u00e3s uma revisita \u00e0s can\u00e7\u00f5es emblem\u00e1ticas, numa envolvente performance teatral. Detalhes sobre hor\u00e1rios, locais e bilheteira dever\u00e3o ser comunicados pela produ\u00e7\u00e3o em breve.<\/p>\n<p>Fontes associadas \u00e0 produ\u00e7\u00e3o confirmam que o projeto mant\u00e9m o foco na autenticidade das composi\u00e7\u00f5es e na experi\u00eancia do p\u00fablico. A divulga\u00e7\u00e3o completa est\u00e1 a ser preparada pelos organizadores.<\/p>\n","protected":false},"excerpt":{"rendered":"<ul>\n<li>Musical baseado em can\u00e7\u00f5es de S\u00e9rgio Godinho volta a apresentar-se em Lisboa em abril.<\/li>\n<li>A produ\u00e7\u00e3o junta o repert\u00f3rio do cantor para contar a hist\u00f3ria no palco lisboeta.<\/li>\n<li>A data anunciada \u00e9 abril, sem indica\u00e7\u00e3o de local espec\u00edfico no conte\u00fado.<\/li>\n<li>O retorno acontece na capital portuguesa, com foco no conjunto de can\u00e7\u00f5es do artista.<\/li>\n<\/ul>\n","protected":false},"author":2,"featured_media":403571,"comment_status":"closed","ping_status":"closed","sticky":false,"template":"","format":"standard","meta":{"footnotes":""},"categories":[12,6676],"tags":[593,145,981,122,3039,119],"class_list":["post-403570","post","type-post","status-publish","format-standard","has-post-thumbnail","hentry","category-entretenimento","category-musica","tag-concertos","tag-cultura","tag-lisboa","tag-musica","tag-musica-teatro-concertos","tag-teatro"],"yoast_head":"<!-- This site is optimized with the Yoast SEO plugin v27.2 - https:\/\/yoast.com\/product\/yoast-seo-wordpress\/ -->\n<title>Musical com can\u00e7\u00f5es de S\u00e9rgio Godinho retorna a Lisboa em abril - Portal Tela Portugal<\/title>\n<meta name=\"robots\" content=\"index, follow, max-snippet:-1, max-image-preview:large, max-video-preview:-1\" \/>\n<meta property=\"og:locale\" content=\"pt_PT\" \/>\n<meta property=\"og:type\" content=\"article\" \/>\n<meta property=\"og:title\" content=\"Musical com can\u00e7\u00f5es de S\u00e9rgio Godinho retorna a Lisboa em abril - Portal Tela Portugal\" \/>\n<meta property=\"og:description\" content=\"Musical baseado em can\u00e7\u00f5es de S\u00e9rgio Godinho volta a apresentar-se em Lisboa em abril. A produ\u00e7\u00e3o junta o repert\u00f3rio do cantor para contar a hist\u00f3ria no palco lisboeta. A data anunciada \u00e9 abril, sem indica\u00e7\u00e3o de local espec\u00edfico no conte\u00fado. O retorno acontece na capital portuguesa, com foco no conjunto de can\u00e7\u00f5es do artista.\" \/>\n<meta property=\"og:url\" content=\"https:\/\/portaltela.pt\/noticias\/2026\/03\/09\/musical-com-cancoes-de-sergio-godinho-retorna-a-lisboa-em-abril\/\" \/>\n<meta property=\"og:site_name\" content=\"Portal Tela Portugal\" \/>\n<meta property=\"article:published_time\" content=\"2026-03-09T15:59:00+00:00\" \/>\n<meta name=\"author\" content=\"Telinha\" \/>\n<meta name=\"twitter:card\" content=\"summary_large_image\" \/>\n<meta name=\"twitter:label1\" content=\"Escrito por\" \/>\n\t<meta name=\"twitter:data1\" content=\"Telinha\" \/>\n\t<meta name=\"twitter:label2\" content=\"Tempo estimado de leitura\" \/>\n\t<meta name=\"twitter:data2\" content=\"1 minuto\" \/>\n<script type=\"application\/ld+json\" class=\"yoast-schema-graph\">{\"@context\":\"https:\/\/schema.org\",\"@graph\":[{\"@type\":\"Article\",\"@id\":\"https:\/\/portaltela.pt\/noticias\/2026\/03\/09\/musical-com-cancoes-de-sergio-godinho-retorna-a-lisboa-em-abril\/#article\",\"isPartOf\":{\"@id\":\"https:\/\/portaltela.pt\/noticias\/2026\/03\/09\/musical-com-cancoes-de-sergio-godinho-retorna-a-lisboa-em-abril\/\"},\"author\":{\"name\":\"Telinha\",\"@id\":\"https:\/\/portaltela.pt\/#\/schema\/person\/c4278d4a6028830caff9ee44b42d32ed\"},\"headline\":\"Musical com can\u00e7\u00f5es de S\u00e9rgio Godinho retorna a Lisboa em abril\",\"datePublished\":\"2026-03-09T15:59:00+00:00\",\"mainEntityOfPage\":{\"@id\":\"https:\/\/portaltela.pt\/noticias\/2026\/03\/09\/musical-com-cancoes-de-sergio-godinho-retorna-a-lisboa-em-abril\/\"},\"wordCount\":164,\"image\":{\"@id\":\"https:\/\/portaltela.pt\/noticias\/2026\/03\/09\/musical-com-cancoes-de-sergio-godinho-retorna-a-lisboa-em-abril\/#primaryimage\"},\"thumbnailUrl\":\"https:\/\/portaltela.pt\/s.01k8rhncp4jt1\/2026\/03\/CACHE_780X1200_ANALOG_WATERMARKED_40585354_308624_06042023105621.jpg\",\"keywords\":[\"concertos\",\"cultura\",\"Lisboa\",\"m\u00fasica\",\"m\u00fasica\/teatro\/concertos\",\"teatro\"],\"articleSection\":[\"Entretenimento\",\"M\u00fasica\"],\"inLanguage\":\"pt-PT\"},{\"@type\":\"WebPage\",\"@id\":\"https:\/\/portaltela.pt\/noticias\/2026\/03\/09\/musical-com-cancoes-de-sergio-godinho-retorna-a-lisboa-em-abril\/\",\"url\":\"https:\/\/portaltela.pt\/noticias\/2026\/03\/09\/musical-com-cancoes-de-sergio-godinho-retorna-a-lisboa-em-abril\/\",\"name\":\"Musical com can\u00e7\u00f5es de S\u00e9rgio Godinho retorna a Lisboa em abril - Portal Tela Portugal\",\"isPartOf\":{\"@id\":\"https:\/\/portaltela.pt\/#website\"},\"primaryImageOfPage\":{\"@id\":\"https:\/\/portaltela.pt\/noticias\/2026\/03\/09\/musical-com-cancoes-de-sergio-godinho-retorna-a-lisboa-em-abril\/#primaryimage\"},\"image\":{\"@id\":\"https:\/\/portaltela.pt\/noticias\/2026\/03\/09\/musical-com-cancoes-de-sergio-godinho-retorna-a-lisboa-em-abril\/#primaryimage\"},\"thumbnailUrl\":\"https:\/\/portaltela.pt\/s.01k8rhncp4jt1\/2026\/03\/CACHE_780X1200_ANALOG_WATERMARKED_40585354_308624_06042023105621.jpg\",\"datePublished\":\"2026-03-09T15:59:00+00:00\",\"author\":{\"@id\":\"https:\/\/portaltela.pt\/#\/schema\/person\/c4278d4a6028830caff9ee44b42d32ed\"},\"breadcrumb\":{\"@id\":\"https:\/\/portaltela.pt\/noticias\/2026\/03\/09\/musical-com-cancoes-de-sergio-godinho-retorna-a-lisboa-em-abril\/#breadcrumb\"},\"inLanguage\":\"pt-PT\",\"potentialAction\":[{\"@type\":\"ReadAction\",\"target\":[\"https:\/\/portaltela.pt\/noticias\/2026\/03\/09\/musical-com-cancoes-de-sergio-godinho-retorna-a-lisboa-em-abril\/\"]}]},{\"@type\":\"ImageObject\",\"inLanguage\":\"pt-PT\",\"@id\":\"https:\/\/portaltela.pt\/noticias\/2026\/03\/09\/musical-com-cancoes-de-sergio-godinho-retorna-a-lisboa-em-abril\/#primaryimage\",\"url\":\"https:\/\/portaltela.pt\/s.01k8rhncp4jt1\/2026\/03\/CACHE_780X1200_ANALOG_WATERMARKED_40585354_308624_06042023105621.jpg\",\"contentUrl\":\"https:\/\/portaltela.pt\/s.01k8rhncp4jt1\/2026\/03\/CACHE_780X1200_ANALOG_WATERMARKED_40585354_308624_06042023105621.jpg\",\"width\":796,\"height\":448,\"caption\":\"Musical a partir de can\u00e7\u00f5es de S\u00e9rgio Godinho volta a cena em Lisboa em abril\"},{\"@type\":\"BreadcrumbList\",\"@id\":\"https:\/\/portaltela.pt\/noticias\/2026\/03\/09\/musical-com-cancoes-de-sergio-godinho-retorna-a-lisboa-em-abril\/#breadcrumb\",\"itemListElement\":[{\"@type\":\"ListItem\",\"position\":1,\"name\":\"In\u00edcio\",\"item\":\"https:\/\/portaltela.pt\/\"},{\"@type\":\"ListItem\",\"position\":2,\"name\":\"Musical com can\u00e7\u00f5es de S\u00e9rgio Godinho retorna a Lisboa em abril\"}]},{\"@type\":\"WebSite\",\"@id\":\"https:\/\/portaltela.pt\/#website\",\"url\":\"https:\/\/portaltela.pt\/\",\"name\":\"Portal Tela Portugal\",\"description\":\"\",\"potentialAction\":[{\"@type\":\"SearchAction\",\"target\":{\"@type\":\"EntryPoint\",\"urlTemplate\":\"https:\/\/portaltela.pt\/?s={search_term_string}\"},\"query-input\":{\"@type\":\"PropertyValueSpecification\",\"valueRequired\":true,\"valueName\":\"search_term_string\"}}],\"inLanguage\":\"pt-PT\"},{\"@type\":\"Person\",\"@id\":\"https:\/\/portaltela.pt\/#\/schema\/person\/c4278d4a6028830caff9ee44b42d32ed\",\"name\":\"Telinha\",\"image\":{\"@type\":\"ImageObject\",\"inLanguage\":\"pt-PT\",\"@id\":\"https:\/\/portaltela.pt\/s.01k8rhncp4jt1\/2025\/11\/talking-bot-125x125.png\",\"url\":\"https:\/\/portaltela.pt\/s.01k8rhncp4jt1\/2025\/11\/talking-bot-125x125.png\",\"contentUrl\":\"https:\/\/portaltela.pt\/s.01k8rhncp4jt1\/2025\/11\/talking-bot-125x125.png\",\"caption\":\"Telinha\"},\"sameAs\":[\"https:\/\/portaltela.pt\/\"],\"url\":\"https:\/\/portaltela.pt\/por\/367410592786\/\"}]}<\/script>\n<!-- \/ Yoast SEO plugin. -->","yoast_head_json":{"title":"Musical com can\u00e7\u00f5es de S\u00e9rgio Godinho retorna a Lisboa em abril - Portal Tela Portugal","robots":{"index":"index","follow":"follow","max-snippet":"max-snippet:-1","max-image-preview":"max-image-preview:large","max-video-preview":"max-video-preview:-1"},"og_locale":"pt_PT","og_type":"article","og_title":"Musical com can\u00e7\u00f5es de S\u00e9rgio Godinho retorna a Lisboa em abril - Portal Tela Portugal","og_description":"Musical baseado em can\u00e7\u00f5es de S\u00e9rgio Godinho volta a apresentar-se em Lisboa em abril. A produ\u00e7\u00e3o junta o repert\u00f3rio do cantor para contar a hist\u00f3ria no palco lisboeta. A data anunciada \u00e9 abril, sem indica\u00e7\u00e3o de local espec\u00edfico no conte\u00fado. O retorno acontece na capital portuguesa, com foco no conjunto de can\u00e7\u00f5es do artista.","og_url":"https:\/\/portaltela.pt\/noticias\/2026\/03\/09\/musical-com-cancoes-de-sergio-godinho-retorna-a-lisboa-em-abril\/","og_site_name":"Portal Tela Portugal","article_published_time":"2026-03-09T15:59:00+00:00","author":"Telinha","twitter_card":"summary_large_image","twitter_misc":{"Escrito por":"Telinha","Tempo estimado de leitura":"1 minuto"},"schema":{"@context":"https:\/\/schema.org","@graph":[{"@type":"Article","@id":"https:\/\/portaltela.pt\/noticias\/2026\/03\/09\/musical-com-cancoes-de-sergio-godinho-retorna-a-lisboa-em-abril\/#article","isPartOf":{"@id":"https:\/\/portaltela.pt\/noticias\/2026\/03\/09\/musical-com-cancoes-de-sergio-godinho-retorna-a-lisboa-em-abril\/"},"author":{"name":"Telinha","@id":"https:\/\/portaltela.pt\/#\/schema\/person\/c4278d4a6028830caff9ee44b42d32ed"},"headline":"Musical com can\u00e7\u00f5es de S\u00e9rgio Godinho retorna a Lisboa em abril","datePublished":"2026-03-09T15:59:00+00:00","mainEntityOfPage":{"@id":"https:\/\/portaltela.pt\/noticias\/2026\/03\/09\/musical-com-cancoes-de-sergio-godinho-retorna-a-lisboa-em-abril\/"},"wordCount":164,"image":{"@id":"https:\/\/portaltela.pt\/noticias\/2026\/03\/09\/musical-com-cancoes-de-sergio-godinho-retorna-a-lisboa-em-abril\/#primaryimage"},"thumbnailUrl":"https:\/\/portaltela.pt\/s.01k8rhncp4jt1\/2026\/03\/CACHE_780X1200_ANALOG_WATERMARKED_40585354_308624_06042023105621.jpg","keywords":["concertos","cultura","Lisboa","m\u00fasica","m\u00fasica\/teatro\/concertos","teatro"],"articleSection":["Entretenimento","M\u00fasica"],"inLanguage":"pt-PT"},{"@type":"WebPage","@id":"https:\/\/portaltela.pt\/noticias\/2026\/03\/09\/musical-com-cancoes-de-sergio-godinho-retorna-a-lisboa-em-abril\/","url":"https:\/\/portaltela.pt\/noticias\/2026\/03\/09\/musical-com-cancoes-de-sergio-godinho-retorna-a-lisboa-em-abril\/","name":"Musical com can\u00e7\u00f5es de S\u00e9rgio Godinho retorna a Lisboa em abril - Portal Tela Portugal","isPartOf":{"@id":"https:\/\/portaltela.pt\/#website"},"primaryImageOfPage":{"@id":"https:\/\/portaltela.pt\/noticias\/2026\/03\/09\/musical-com-cancoes-de-sergio-godinho-retorna-a-lisboa-em-abril\/#primaryimage"},"image":{"@id":"https:\/\/portaltela.pt\/noticias\/2026\/03\/09\/musical-com-cancoes-de-sergio-godinho-retorna-a-lisboa-em-abril\/#primaryimage"},"thumbnailUrl":"https:\/\/portaltela.pt\/s.01k8rhncp4jt1\/2026\/03\/CACHE_780X1200_ANALOG_WATERMARKED_40585354_308624_06042023105621.jpg","datePublished":"2026-03-09T15:59:00+00:00","author":{"@id":"https:\/\/portaltela.pt\/#\/schema\/person\/c4278d4a6028830caff9ee44b42d32ed"},"breadcrumb":{"@id":"https:\/\/portaltela.pt\/noticias\/2026\/03\/09\/musical-com-cancoes-de-sergio-godinho-retorna-a-lisboa-em-abril\/#breadcrumb"},"inLanguage":"pt-PT","potentialAction":[{"@type":"ReadAction","target":["https:\/\/portaltela.pt\/noticias\/2026\/03\/09\/musical-com-cancoes-de-sergio-godinho-retorna-a-lisboa-em-abril\/"]}]},{"@type":"ImageObject","inLanguage":"pt-PT","@id":"https:\/\/portaltela.pt\/noticias\/2026\/03\/09\/musical-com-cancoes-de-sergio-godinho-retorna-a-lisboa-em-abril\/#primaryimage","url":"https:\/\/portaltela.pt\/s.01k8rhncp4jt1\/2026\/03\/CACHE_780X1200_ANALOG_WATERMARKED_40585354_308624_06042023105621.jpg","contentUrl":"https:\/\/portaltela.pt\/s.01k8rhncp4jt1\/2026\/03\/CACHE_780X1200_ANALOG_WATERMARKED_40585354_308624_06042023105621.jpg","width":796,"height":448,"caption":"Musical a partir de can\u00e7\u00f5es de S\u00e9rgio Godinho volta a cena em Lisboa em abril"},{"@type":"BreadcrumbList","@id":"https:\/\/portaltela.pt\/noticias\/2026\/03\/09\/musical-com-cancoes-de-sergio-godinho-retorna-a-lisboa-em-abril\/#breadcrumb","itemListElement":[{"@type":"ListItem","position":1,"name":"In\u00edcio","item":"https:\/\/portaltela.pt\/"},{"@type":"ListItem","position":2,"name":"Musical com can\u00e7\u00f5es de S\u00e9rgio Godinho retorna a Lisboa em abril"}]},{"@type":"WebSite","@id":"https:\/\/portaltela.pt\/#website","url":"https:\/\/portaltela.pt\/","name":"Portal Tela Portugal","description":"","potentialAction":[{"@type":"SearchAction","target":{"@type":"EntryPoint","urlTemplate":"https:\/\/portaltela.pt\/?s={search_term_string}"},"query-input":{"@type":"PropertyValueSpecification","valueRequired":true,"valueName":"search_term_string"}}],"inLanguage":"pt-PT"},{"@type":"Person","@id":"https:\/\/portaltela.pt\/#\/schema\/person\/c4278d4a6028830caff9ee44b42d32ed","name":"Telinha","image":{"@type":"ImageObject","inLanguage":"pt-PT","@id":"https:\/\/portaltela.pt\/s.01k8rhncp4jt1\/2025\/11\/talking-bot-125x125.png","url":"https:\/\/portaltela.pt\/s.01k8rhncp4jt1\/2025\/11\/talking-bot-125x125.png","contentUrl":"https:\/\/portaltela.pt\/s.01k8rhncp4jt1\/2025\/11\/talking-bot-125x125.png","caption":"Telinha"},"sameAs":["https:\/\/portaltela.pt\/"],"url":"https:\/\/portaltela.pt\/por\/367410592786\/"}]}},"_links":{"self":[{"href":"https:\/\/portaltela.pt\/api\/wp\/v2\/posts\/403570","targetHints":{"allow":["GET"]}}],"collection":[{"href":"https:\/\/portaltela.pt\/api\/wp\/v2\/posts"}],"about":[{"href":"https:\/\/portaltela.pt\/api\/wp\/v2\/types\/post"}],"author":[{"embeddable":true,"href":"https:\/\/portaltela.pt\/api\/wp\/v2\/users\/2"}],"replies":[{"embeddable":true,"href":"https:\/\/portaltela.pt\/api\/wp\/v2\/comments?post=403570"}],"version-history":[{"count":0,"href":"https:\/\/portaltela.pt\/api\/wp\/v2\/posts\/403570\/revisions"}],"wp:featuredmedia":[{"embeddable":true,"href":"https:\/\/portaltela.pt\/api\/wp\/v2\/media\/403571"}],"wp:attachment":[{"href":"https:\/\/portaltela.pt\/api\/wp\/v2\/media?parent=403570"}],"wp:term":[{"taxonomy":"category","embeddable":true,"href":"https:\/\/portaltela.pt\/api\/wp\/v2\/categories?post=403570"},{"taxonomy":"post_tag","embeddable":true,"href":"https:\/\/portaltela.pt\/api\/wp\/v2\/tags?post=403570"}],"curies":[{"name":"wp","href":"https:\/\/api.w.org\/{rel}","templated":true}]}}