{"id":403558,"date":"2026-03-09T12:41:00","date_gmt":"2026-03-09T15:41:00","guid":{"rendered":"https:\/\/portaltela.pt\/noticias\/2026\/03\/09\/bandidos-do-cante-sucedem-a-tonicha-nas-vitorias-alentejanas\/"},"modified":"2026-03-09T12:41:00","modified_gmt":"2026-03-09T15:41:00","slug":"bandidos-do-cante-sucedem-a-tonicha-nas-vitorias-alentejanas","status":"publish","type":"post","link":"https:\/\/portaltela.pt\/musica\/2026\/03\/09\/bandidos-do-cante-sucedem-a-tonicha-nas-vitorias-alentejanas\/","title":{"rendered":"Bandidos do Cante sucedem a Tonicha nas vit\u00f3rias alentejanas"},"content":{"rendered":"<p>Beja recebeu, na manh\u00e3 de domingo, a vit\u00f3ria dos Bandidos do Cante no Festival da Silarca e do Cogumelo, ap\u00f3s uma noite de celebra\u00e7\u00e3o. O quinteto chegou \u00e0s 7h \u00e0 vila alentejana e, cerca de cinco horas depois, j\u00e1 atuava em Cabe\u00e7a Gorda, na aldeia de Silarca.<\/p>\n<p>No festival de Cabe\u00e7a Gorda, as cinco jovens pessoas do grupo reuniram-se junto de familiares e amigos, que aplaudiram o triunfo conquistado com o tema Rosa, inspirado no cante alentejano. O pr\u00eamio foi exibido, apesar de o tema n\u00e3o ter sido interpretado por quest\u00f5es regulamentares.<\/p>\n<p>Francisco Raposo, que integra o grupo, mostrou-se emocionado com o reconhecimento, salientando que o estilo alentejano com uma abordagem moderna contribuiu para o sucesso. O grupo destacou que pretende representar Portugal por completo, n\u00e3o apenas o Alentejo, em futuros palcos nacionais.<\/p>\n<h3>Motiva\u00e7\u00e3o e percurso<\/h3>\n<p>Kiko, outro elemento, refor\u00e7ou que o projeto ganhou impulso com a participa\u00e7\u00e3o em Ovibeja e com o apoio de produtores como D.A.M.A. e Buba Espinho, que apelidaram o grupo de Bandidos do Cante. O grupo come\u00e7ou com o projeto Casa e ganhou visibilidade com o tema Amigos coloridos.<\/p>\n<p>Francisco Pestana, de 25 anos, explicou que as ra\u00edzes alentejanas continuam presentes na m\u00fasica, visando atingir p\u00fablicos de v\u00e1rias idades. O triunfo no festival \u00e9 visto como um marco que refor\u00e7a a presen\u00e7a de artistas do Alentejo na m\u00fasica portuguesa, com ambi\u00e7\u00e3o europeia.<\/p>\n","protected":false},"excerpt":{"rendered":"<ul>\n<li>Os Bandidos do Cante chegaram a Beja \u00e0s 7 horas de domingo e foram ao Silarca-Festival do Cogumelo, em Cabe\u00e7a Gorda, para celebrar a vit\u00f3ria no Festival da Can\u00e7\u00e3o.<\/li>\n<li>O tema Rosa, baseado no cante alentejano, foi destacado como vencedor, embora n\u00e3o tenha sido interpretado por quest\u00f5es regulamentares; o pr\u00e9mio foi exibido.<\/li>\n<li>Francisco Raposo, 26 anos, disse ao JN estar feliz com o triunfo e revelou que o grupo acredita que o cante alentejano com um toque pr\u00f3prio pode funcionar.<\/li>\n<li>Francisco Pereira, nascido no Portel, n\u00e3o \u00e9 bejense; o grupo refor\u00e7ou as ra\u00edzes alentejanas e afirmou querer representar Portugal al\u00e9m do Alentejo.<\/li>\n<li>O quinteto surgiu no projeto Casa, com D.A.M.A. e Buba Espinho, recebeu o apelido de Bandidos do Cante de Kasha e j\u00e1 atuou na Ovibeja, com perspetivas de Eurovis\u00e3o.<\/li>\n<\/ul>\n","protected":false},"author":2,"featured_media":403561,"comment_status":"closed","ping_status":"closed","sticky":false,"template":"","format":"standard","meta":{"footnotes":""},"categories":[6676],"tags":[883,943,2491,3674,122,5569],"class_list":["post-403558","post","type-post","status-publish","format-standard","has-post-thumbnail","hentry","category-musica","tag-alentejo","tag-beja","tag-cante-alentejano","tag-festival","tag-musica","tag-ovibeja"],"yoast_head":"<!-- This site is optimized with the Yoast SEO plugin v27.2 - https:\/\/yoast.com\/product\/yoast-seo-wordpress\/ -->\n<title>Bandidos do Cante sucedem a Tonicha nas vit\u00f3rias alentejanas - Portal Tela Portugal<\/title>\n<meta name=\"robots\" content=\"index, follow, max-snippet:-1, max-image-preview:large, max-video-preview:-1\" \/>\n<meta property=\"og:locale\" content=\"pt_PT\" \/>\n<meta property=\"og:type\" content=\"article\" \/>\n<meta property=\"og:title\" content=\"Bandidos do Cante sucedem a Tonicha nas vit\u00f3rias alentejanas - Portal Tela Portugal\" \/>\n<meta property=\"og:description\" content=\"Os Bandidos do Cante chegaram a Beja \u00e0s 7 horas de domingo e foram ao Silarca-Festival do Cogumelo, em Cabe\u00e7a Gorda, para celebrar a vit\u00f3ria no Festival da Can\u00e7\u00e3o. O tema Rosa, baseado no cante alentejano, foi destacado como vencedor, embora n\u00e3o tenha sido interpretado por quest\u00f5es regulamentares; o pr\u00e9mio foi exibido. Francisco Raposo, 26 anos, disse ao JN estar feliz com o triunfo e revelou que o grupo acredita que o cante alentejano com um toque pr\u00f3prio pode funcionar. Francisco Pereira, nascido no Portel, n\u00e3o \u00e9 bejense; o grupo refor\u00e7ou as ra\u00edzes alentejanas e afirmou querer representar Portugal al\u00e9m do Alentejo. O quinteto surgiu no projeto Casa, com D.A.M.A. e Buba Espinho, recebeu o apelido de Bandidos do Cante de Kasha e j\u00e1 atuou na Ovibeja, com perspetivas de Eurovis\u00e3o.\" \/>\n<meta property=\"og:url\" content=\"https:\/\/portaltela.pt\/noticias\/2026\/03\/09\/bandidos-do-cante-sucedem-a-tonicha-nas-vitorias-alentejanas\/\" \/>\n<meta property=\"og:site_name\" content=\"Portal Tela Portugal\" \/>\n<meta property=\"article:published_time\" content=\"2026-03-09T15:41:00+00:00\" \/>\n<meta name=\"author\" content=\"Telinha\" \/>\n<meta name=\"twitter:card\" content=\"summary_large_image\" \/>\n<meta name=\"twitter:label1\" content=\"Escrito por\" \/>\n\t<meta name=\"twitter:data1\" content=\"Telinha\" \/>\n\t<meta name=\"twitter:label2\" content=\"Tempo estimado de leitura\" \/>\n\t<meta name=\"twitter:data2\" content=\"1 minuto\" \/>\n<script type=\"application\/ld+json\" class=\"yoast-schema-graph\">{\"@context\":\"https:\/\/schema.org\",\"@graph\":[{\"@type\":\"Article\",\"@id\":\"https:\/\/portaltela.pt\/noticias\/2026\/03\/09\/bandidos-do-cante-sucedem-a-tonicha-nas-vitorias-alentejanas\/#article\",\"isPartOf\":{\"@id\":\"https:\/\/portaltela.pt\/noticias\/2026\/03\/09\/bandidos-do-cante-sucedem-a-tonicha-nas-vitorias-alentejanas\/\"},\"author\":{\"name\":\"Telinha\",\"@id\":\"https:\/\/portaltela.pt\/#\/schema\/person\/c4278d4a6028830caff9ee44b42d32ed\"},\"headline\":\"Bandidos do Cante sucedem a Tonicha nas vit\u00f3rias alentejanas\",\"datePublished\":\"2026-03-09T15:41:00+00:00\",\"mainEntityOfPage\":{\"@id\":\"https:\/\/portaltela.pt\/noticias\/2026\/03\/09\/bandidos-do-cante-sucedem-a-tonicha-nas-vitorias-alentejanas\/\"},\"wordCount\":258,\"image\":{\"@id\":\"https:\/\/portaltela.pt\/noticias\/2026\/03\/09\/bandidos-do-cante-sucedem-a-tonicha-nas-vitorias-alentejanas\/#primaryimage\"},\"thumbnailUrl\":\"https:\/\/portaltela.pt\/s.01k8rhncp4jt1\/2026\/03\/image-37.webp\",\"keywords\":[\"Alentejo\",\"Beja\",\"Cante Alentejano\",\"festival\",\"m\u00fasica\",\"Ovibeja\"],\"articleSection\":[\"M\u00fasica\"],\"inLanguage\":\"pt-PT\"},{\"@type\":\"WebPage\",\"@id\":\"https:\/\/portaltela.pt\/noticias\/2026\/03\/09\/bandidos-do-cante-sucedem-a-tonicha-nas-vitorias-alentejanas\/\",\"url\":\"https:\/\/portaltela.pt\/noticias\/2026\/03\/09\/bandidos-do-cante-sucedem-a-tonicha-nas-vitorias-alentejanas\/\",\"name\":\"Bandidos do Cante sucedem a Tonicha nas vit\u00f3rias alentejanas - Portal Tela Portugal\",\"isPartOf\":{\"@id\":\"https:\/\/portaltela.pt\/#website\"},\"primaryImageOfPage\":{\"@id\":\"https:\/\/portaltela.pt\/noticias\/2026\/03\/09\/bandidos-do-cante-sucedem-a-tonicha-nas-vitorias-alentejanas\/#primaryimage\"},\"image\":{\"@id\":\"https:\/\/portaltela.pt\/noticias\/2026\/03\/09\/bandidos-do-cante-sucedem-a-tonicha-nas-vitorias-alentejanas\/#primaryimage\"},\"thumbnailUrl\":\"https:\/\/portaltela.pt\/s.01k8rhncp4jt1\/2026\/03\/image-37.webp\",\"datePublished\":\"2026-03-09T15:41:00+00:00\",\"author\":{\"@id\":\"https:\/\/portaltela.pt\/#\/schema\/person\/c4278d4a6028830caff9ee44b42d32ed\"},\"breadcrumb\":{\"@id\":\"https:\/\/portaltela.pt\/noticias\/2026\/03\/09\/bandidos-do-cante-sucedem-a-tonicha-nas-vitorias-alentejanas\/#breadcrumb\"},\"inLanguage\":\"pt-PT\",\"potentialAction\":[{\"@type\":\"ReadAction\",\"target\":[\"https:\/\/portaltela.pt\/noticias\/2026\/03\/09\/bandidos-do-cante-sucedem-a-tonicha-nas-vitorias-alentejanas\/\"]}]},{\"@type\":\"ImageObject\",\"inLanguage\":\"pt-PT\",\"@id\":\"https:\/\/portaltela.pt\/noticias\/2026\/03\/09\/bandidos-do-cante-sucedem-a-tonicha-nas-vitorias-alentejanas\/#primaryimage\",\"url\":\"https:\/\/portaltela.pt\/s.01k8rhncp4jt1\/2026\/03\/image-37.webp\",\"contentUrl\":\"https:\/\/portaltela.pt\/s.01k8rhncp4jt1\/2026\/03\/image-37.webp\",\"width\":1200,\"height\":897,\"caption\":\"Grupo vencedor do Festival da Can\u00e7\u00e3o atuou no domingo em Cabe\u00e7a Gorda\"},{\"@type\":\"BreadcrumbList\",\"@id\":\"https:\/\/portaltela.pt\/noticias\/2026\/03\/09\/bandidos-do-cante-sucedem-a-tonicha-nas-vitorias-alentejanas\/#breadcrumb\",\"itemListElement\":[{\"@type\":\"ListItem\",\"position\":1,\"name\":\"In\u00edcio\",\"item\":\"https:\/\/portaltela.pt\/\"},{\"@type\":\"ListItem\",\"position\":2,\"name\":\"Bandidos do Cante sucedem a Tonicha nas vit\u00f3rias alentejanas\"}]},{\"@type\":\"WebSite\",\"@id\":\"https:\/\/portaltela.pt\/#website\",\"url\":\"https:\/\/portaltela.pt\/\",\"name\":\"Portal Tela Portugal\",\"description\":\"\",\"potentialAction\":[{\"@type\":\"SearchAction\",\"target\":{\"@type\":\"EntryPoint\",\"urlTemplate\":\"https:\/\/portaltela.pt\/?s={search_term_string}\"},\"query-input\":{\"@type\":\"PropertyValueSpecification\",\"valueRequired\":true,\"valueName\":\"search_term_string\"}}],\"inLanguage\":\"pt-PT\"},{\"@type\":\"Person\",\"@id\":\"https:\/\/portaltela.pt\/#\/schema\/person\/c4278d4a6028830caff9ee44b42d32ed\",\"name\":\"Telinha\",\"image\":{\"@type\":\"ImageObject\",\"inLanguage\":\"pt-PT\",\"@id\":\"https:\/\/portaltela.pt\/s.01k8rhncp4jt1\/2025\/11\/talking-bot-125x125.png\",\"url\":\"https:\/\/portaltela.pt\/s.01k8rhncp4jt1\/2025\/11\/talking-bot-125x125.png\",\"contentUrl\":\"https:\/\/portaltela.pt\/s.01k8rhncp4jt1\/2025\/11\/talking-bot-125x125.png\",\"caption\":\"Telinha\"},\"sameAs\":[\"https:\/\/portaltela.pt\/\"],\"url\":\"https:\/\/portaltela.pt\/por\/367410592786\/\"}]}<\/script>\n<!-- \/ Yoast SEO plugin. -->","yoast_head_json":{"title":"Bandidos do Cante sucedem a Tonicha nas vit\u00f3rias alentejanas - Portal Tela Portugal","robots":{"index":"index","follow":"follow","max-snippet":"max-snippet:-1","max-image-preview":"max-image-preview:large","max-video-preview":"max-video-preview:-1"},"og_locale":"pt_PT","og_type":"article","og_title":"Bandidos do Cante sucedem a Tonicha nas vit\u00f3rias alentejanas - Portal Tela Portugal","og_description":"Os Bandidos do Cante chegaram a Beja \u00e0s 7 horas de domingo e foram ao Silarca-Festival do Cogumelo, em Cabe\u00e7a Gorda, para celebrar a vit\u00f3ria no Festival da Can\u00e7\u00e3o. O tema Rosa, baseado no cante alentejano, foi destacado como vencedor, embora n\u00e3o tenha sido interpretado por quest\u00f5es regulamentares; o pr\u00e9mio foi exibido. Francisco Raposo, 26 anos, disse ao JN estar feliz com o triunfo e revelou que o grupo acredita que o cante alentejano com um toque pr\u00f3prio pode funcionar. Francisco Pereira, nascido no Portel, n\u00e3o \u00e9 bejense; o grupo refor\u00e7ou as ra\u00edzes alentejanas e afirmou querer representar Portugal al\u00e9m do Alentejo. O quinteto surgiu no projeto Casa, com D.A.M.A. e Buba Espinho, recebeu o apelido de Bandidos do Cante de Kasha e j\u00e1 atuou na Ovibeja, com perspetivas de Eurovis\u00e3o.","og_url":"https:\/\/portaltela.pt\/noticias\/2026\/03\/09\/bandidos-do-cante-sucedem-a-tonicha-nas-vitorias-alentejanas\/","og_site_name":"Portal Tela Portugal","article_published_time":"2026-03-09T15:41:00+00:00","author":"Telinha","twitter_card":"summary_large_image","twitter_misc":{"Escrito por":"Telinha","Tempo estimado de leitura":"1 minuto"},"schema":{"@context":"https:\/\/schema.org","@graph":[{"@type":"Article","@id":"https:\/\/portaltela.pt\/noticias\/2026\/03\/09\/bandidos-do-cante-sucedem-a-tonicha-nas-vitorias-alentejanas\/#article","isPartOf":{"@id":"https:\/\/portaltela.pt\/noticias\/2026\/03\/09\/bandidos-do-cante-sucedem-a-tonicha-nas-vitorias-alentejanas\/"},"author":{"name":"Telinha","@id":"https:\/\/portaltela.pt\/#\/schema\/person\/c4278d4a6028830caff9ee44b42d32ed"},"headline":"Bandidos do Cante sucedem a Tonicha nas vit\u00f3rias alentejanas","datePublished":"2026-03-09T15:41:00+00:00","mainEntityOfPage":{"@id":"https:\/\/portaltela.pt\/noticias\/2026\/03\/09\/bandidos-do-cante-sucedem-a-tonicha-nas-vitorias-alentejanas\/"},"wordCount":258,"image":{"@id":"https:\/\/portaltela.pt\/noticias\/2026\/03\/09\/bandidos-do-cante-sucedem-a-tonicha-nas-vitorias-alentejanas\/#primaryimage"},"thumbnailUrl":"https:\/\/portaltela.pt\/s.01k8rhncp4jt1\/2026\/03\/image-37.webp","keywords":["Alentejo","Beja","Cante Alentejano","festival","m\u00fasica","Ovibeja"],"articleSection":["M\u00fasica"],"inLanguage":"pt-PT"},{"@type":"WebPage","@id":"https:\/\/portaltela.pt\/noticias\/2026\/03\/09\/bandidos-do-cante-sucedem-a-tonicha-nas-vitorias-alentejanas\/","url":"https:\/\/portaltela.pt\/noticias\/2026\/03\/09\/bandidos-do-cante-sucedem-a-tonicha-nas-vitorias-alentejanas\/","name":"Bandidos do Cante sucedem a Tonicha nas vit\u00f3rias alentejanas - Portal Tela Portugal","isPartOf":{"@id":"https:\/\/portaltela.pt\/#website"},"primaryImageOfPage":{"@id":"https:\/\/portaltela.pt\/noticias\/2026\/03\/09\/bandidos-do-cante-sucedem-a-tonicha-nas-vitorias-alentejanas\/#primaryimage"},"image":{"@id":"https:\/\/portaltela.pt\/noticias\/2026\/03\/09\/bandidos-do-cante-sucedem-a-tonicha-nas-vitorias-alentejanas\/#primaryimage"},"thumbnailUrl":"https:\/\/portaltela.pt\/s.01k8rhncp4jt1\/2026\/03\/image-37.webp","datePublished":"2026-03-09T15:41:00+00:00","author":{"@id":"https:\/\/portaltela.pt\/#\/schema\/person\/c4278d4a6028830caff9ee44b42d32ed"},"breadcrumb":{"@id":"https:\/\/portaltela.pt\/noticias\/2026\/03\/09\/bandidos-do-cante-sucedem-a-tonicha-nas-vitorias-alentejanas\/#breadcrumb"},"inLanguage":"pt-PT","potentialAction":[{"@type":"ReadAction","target":["https:\/\/portaltela.pt\/noticias\/2026\/03\/09\/bandidos-do-cante-sucedem-a-tonicha-nas-vitorias-alentejanas\/"]}]},{"@type":"ImageObject","inLanguage":"pt-PT","@id":"https:\/\/portaltela.pt\/noticias\/2026\/03\/09\/bandidos-do-cante-sucedem-a-tonicha-nas-vitorias-alentejanas\/#primaryimage","url":"https:\/\/portaltela.pt\/s.01k8rhncp4jt1\/2026\/03\/image-37.webp","contentUrl":"https:\/\/portaltela.pt\/s.01k8rhncp4jt1\/2026\/03\/image-37.webp","width":1200,"height":897,"caption":"Grupo vencedor do Festival da Can\u00e7\u00e3o atuou no domingo em Cabe\u00e7a Gorda"},{"@type":"BreadcrumbList","@id":"https:\/\/portaltela.pt\/noticias\/2026\/03\/09\/bandidos-do-cante-sucedem-a-tonicha-nas-vitorias-alentejanas\/#breadcrumb","itemListElement":[{"@type":"ListItem","position":1,"name":"In\u00edcio","item":"https:\/\/portaltela.pt\/"},{"@type":"ListItem","position":2,"name":"Bandidos do Cante sucedem a Tonicha nas vit\u00f3rias alentejanas"}]},{"@type":"WebSite","@id":"https:\/\/portaltela.pt\/#website","url":"https:\/\/portaltela.pt\/","name":"Portal Tela Portugal","description":"","potentialAction":[{"@type":"SearchAction","target":{"@type":"EntryPoint","urlTemplate":"https:\/\/portaltela.pt\/?s={search_term_string}"},"query-input":{"@type":"PropertyValueSpecification","valueRequired":true,"valueName":"search_term_string"}}],"inLanguage":"pt-PT"},{"@type":"Person","@id":"https:\/\/portaltela.pt\/#\/schema\/person\/c4278d4a6028830caff9ee44b42d32ed","name":"Telinha","image":{"@type":"ImageObject","inLanguage":"pt-PT","@id":"https:\/\/portaltela.pt\/s.01k8rhncp4jt1\/2025\/11\/talking-bot-125x125.png","url":"https:\/\/portaltela.pt\/s.01k8rhncp4jt1\/2025\/11\/talking-bot-125x125.png","contentUrl":"https:\/\/portaltela.pt\/s.01k8rhncp4jt1\/2025\/11\/talking-bot-125x125.png","caption":"Telinha"},"sameAs":["https:\/\/portaltela.pt\/"],"url":"https:\/\/portaltela.pt\/por\/367410592786\/"}]}},"_links":{"self":[{"href":"https:\/\/portaltela.pt\/api\/wp\/v2\/posts\/403558","targetHints":{"allow":["GET"]}}],"collection":[{"href":"https:\/\/portaltela.pt\/api\/wp\/v2\/posts"}],"about":[{"href":"https:\/\/portaltela.pt\/api\/wp\/v2\/types\/post"}],"author":[{"embeddable":true,"href":"https:\/\/portaltela.pt\/api\/wp\/v2\/users\/2"}],"replies":[{"embeddable":true,"href":"https:\/\/portaltela.pt\/api\/wp\/v2\/comments?post=403558"}],"version-history":[{"count":0,"href":"https:\/\/portaltela.pt\/api\/wp\/v2\/posts\/403558\/revisions"}],"wp:featuredmedia":[{"embeddable":true,"href":"https:\/\/portaltela.pt\/api\/wp\/v2\/media\/403561"}],"wp:attachment":[{"href":"https:\/\/portaltela.pt\/api\/wp\/v2\/media?parent=403558"}],"wp:term":[{"taxonomy":"category","embeddable":true,"href":"https:\/\/portaltela.pt\/api\/wp\/v2\/categories?post=403558"},{"taxonomy":"post_tag","embeddable":true,"href":"https:\/\/portaltela.pt\/api\/wp\/v2\/tags?post=403558"}],"curies":[{"name":"wp","href":"https:\/\/api.w.org\/{rel}","templated":true}]}}