{"id":403530,"date":"2026-03-09T12:14:39","date_gmt":"2026-03-09T15:14:39","guid":{"rendered":"https:\/\/portaltela.pt\/noticias\/2026\/03\/09\/filippo-ganna-quebra-recorde-de-velocidade-para-liderar-tirreno-adriatico\/"},"modified":"2026-03-09T12:14:39","modified_gmt":"2026-03-09T15:14:39","slug":"filippo-ganna-quebra-recorde-de-velocidade-para-liderar-tirreno-adriatico","status":"publish","type":"post","link":"https:\/\/portaltela.pt\/desporto\/futebol\/2026\/03\/09\/filippo-ganna-quebra-recorde-de-velocidade-para-liderar-tirreno-adriatico\/","title":{"rendered":"Filippo Ganna quebra recorde de velocidade para liderar Tirreno-Adri\u00e1tico"},"content":{"rendered":"<p>Filippo Ganna alcan\u00e7ou o primeiro lugar na Tirreno-Adri\u00e1tico ao bater o recorde de velocidade no contrarrel\u00f3gio inaugural. O italiano da INEOS concluiu os 11,5 quil\u00f3metros em Lido di Camaiore em 12,08 minutos, com uma m\u00e9dia de 56,868 km\/h. A prova marcou o in\u00edcio da corrida italiana conhecida como a \u201cCorrida dos dois Mares\u201d.<\/p>\n<p>Ganna estabeleceu o tempo de refer\u00eancia, superando o holand\u00eas Thymen Arensman, que ficou a 22 segundos. O alem\u00e3o Max Walscheid (Lidl-Trek) completou o top-3, a 26 segundos do tempo do l\u00edder. Entre os favoritos, Primoz Roglic (Red Bull-BORA-hansgrohe) foi o melhor classificado fora do p\u00f3dio, em s\u00e9timo lugar, a 31 segundos.<\/p>\n<p>Entre os nomes de relev\u00e2ncia, Antonio Tiberi (Bahrain Victorious) terminou nono, a 33 segundos, e Isaac del Toro (UAE Emirates) ficou em d\u00e9cimo, a 36. Ganna assume a camisola azul de l\u00edder, numa estreia que mant\u00e9m as diferen\u00e7as da geral inalteradas em rela\u00e7\u00e3o ao tempo da tirada de hoje.<\/p>\n<h3>Lideran\u00e7a e pr\u00f3xima etapa<\/h3>\n<p>O ciclista de 29 anos defende amanh\u00e3 a lideran\u00e7a na liga\u00e7\u00e3o de 206 quil\u00f3metros entre Camaiore e San Gimignano, com um tro\u00e7o de terra e uma contagem de primeira categoria antes da meta. A prova prossegue com um perfil que pode favorecer os velocistas ou escapadas, dependendo das condi\u00e7\u00f5es da prova.<\/p>\n","protected":false},"excerpt":{"rendered":"<ul>\n<li>Filippo Ganna estabeleceu o novo recorde de velocidade e tornou-se o primeiro l\u00edder do Tirreno-Adri\u00e1tico, ao vencer o contrarrel\u00f3gio inaugural.<\/li>\n<li>A prova de 11,5 quil\u00f3metros, em Lido di Camaiore, foi conclu\u00edda em 12,08 minutos, com uma m\u00e9dia de 56,868 km\/hora.<\/li>\n<li>Ganna ficou 22 segundos \u00e0 frente de Thymen Arensman, enquanto Max Walscheid ficou em terceiro a 26 segundos.<\/li>\n<li>Entre os favoritos, Primoz Roglic foi o melhor classificado, em s\u00e9timo, a 31 segundos.<\/li>\n<li>A etapa seguinte, com 206 quil\u00f3metros entre Camaiore e San Gimignano, inclui um tro\u00e7o de sterrato e termina com a contagem de primeira categoria; Ganna mant\u00e9m a camisola l\u00edder.<\/li>\n<\/ul>\n","protected":false},"author":2,"featured_media":403531,"comment_status":"closed","ping_status":"closed","sticky":false,"template":"","format":"standard","meta":{"footnotes":""},"categories":[21,24],"tags":[923,6149,3504,5417,152,1857],"class_list":["post-403530","post","type-post","status-publish","format-standard","has-post-thumbnail","hentry","category-desporto","category-futebol","tag-ciclismo","tag-contrarrelogio","tag-corridas","tag-corridas-internacionais","tag-desporto","tag-italia"],"yoast_head":"<!-- This site is optimized with the Yoast SEO plugin v27.2 - https:\/\/yoast.com\/product\/yoast-seo-wordpress\/ -->\n<title>Filippo Ganna quebra recorde de velocidade para liderar Tirreno-Adri\u00e1tico - Portal Tela Portugal<\/title>\n<meta name=\"robots\" content=\"index, follow, max-snippet:-1, max-image-preview:large, max-video-preview:-1\" \/>\n<meta property=\"og:locale\" content=\"pt_PT\" \/>\n<meta property=\"og:type\" content=\"article\" \/>\n<meta property=\"og:title\" content=\"Filippo Ganna quebra recorde de velocidade para liderar Tirreno-Adri\u00e1tico - Portal Tela Portugal\" \/>\n<meta property=\"og:description\" content=\"Filippo Ganna estabeleceu o novo recorde de velocidade e tornou-se o primeiro l\u00edder do Tirreno-Adri\u00e1tico, ao vencer o contrarrel\u00f3gio inaugural. A prova de 11,5 quil\u00f3metros, em Lido di Camaiore, foi conclu\u00edda em 12,08 minutos, com uma m\u00e9dia de 56,868 km\/hora. Ganna ficou 22 segundos \u00e0 frente de Thymen Arensman, enquanto Max Walscheid ficou em terceiro a 26 segundos. Entre os favoritos, Primoz Roglic foi o melhor classificado, em s\u00e9timo, a 31 segundos. A etapa seguinte, com 206 quil\u00f3metros entre Camaiore e San Gimignano, inclui um tro\u00e7o de sterrato e termina com a contagem de primeira categoria; Ganna mant\u00e9m a camisola l\u00edder.\" \/>\n<meta property=\"og:url\" content=\"https:\/\/portaltela.pt\/noticias\/2026\/03\/09\/filippo-ganna-quebra-recorde-de-velocidade-para-liderar-tirreno-adriatico\/\" \/>\n<meta property=\"og:site_name\" content=\"Portal Tela Portugal\" \/>\n<meta property=\"article:published_time\" content=\"2026-03-09T15:14:39+00:00\" \/>\n<meta name=\"author\" content=\"Telinha\" \/>\n<meta name=\"twitter:card\" content=\"summary_large_image\" \/>\n<meta name=\"twitter:label1\" content=\"Escrito por\" \/>\n\t<meta name=\"twitter:data1\" content=\"Telinha\" \/>\n\t<meta name=\"twitter:label2\" content=\"Tempo estimado de leitura\" \/>\n\t<meta name=\"twitter:data2\" content=\"1 minuto\" \/>\n<script type=\"application\/ld+json\" class=\"yoast-schema-graph\">{\"@context\":\"https:\/\/schema.org\",\"@graph\":[{\"@type\":\"Article\",\"@id\":\"https:\/\/portaltela.pt\/noticias\/2026\/03\/09\/filippo-ganna-quebra-recorde-de-velocidade-para-liderar-tirreno-adriatico\/#article\",\"isPartOf\":{\"@id\":\"https:\/\/portaltela.pt\/noticias\/2026\/03\/09\/filippo-ganna-quebra-recorde-de-velocidade-para-liderar-tirreno-adriatico\/\"},\"author\":{\"name\":\"Telinha\",\"@id\":\"https:\/\/portaltela.pt\/#\/schema\/person\/c4278d4a6028830caff9ee44b42d32ed\"},\"headline\":\"Filippo Ganna quebra recorde de velocidade para liderar Tirreno-Adri\u00e1tico\",\"datePublished\":\"2026-03-09T15:14:39+00:00\",\"mainEntityOfPage\":{\"@id\":\"https:\/\/portaltela.pt\/noticias\/2026\/03\/09\/filippo-ganna-quebra-recorde-de-velocidade-para-liderar-tirreno-adriatico\/\"},\"wordCount\":234,\"image\":{\"@id\":\"https:\/\/portaltela.pt\/noticias\/2026\/03\/09\/filippo-ganna-quebra-recorde-de-velocidade-para-liderar-tirreno-adriatico\/#primaryimage\"},\"thumbnailUrl\":\"https:\/\/portaltela.pt\/s.01k8rhncp4jt1\/2026\/03\/img_920x518uu2025-03-10-16-56-52-2347849.jpg\",\"keywords\":[\"ciclismo\",\"contrarrel\u00f3gio\",\"corridas\",\"corridas internacionais\",\"desporto\",\"It\u00e1lia\"],\"articleSection\":[\"Desporto\",\"Futebol\"],\"inLanguage\":\"pt-PT\"},{\"@type\":\"WebPage\",\"@id\":\"https:\/\/portaltela.pt\/noticias\/2026\/03\/09\/filippo-ganna-quebra-recorde-de-velocidade-para-liderar-tirreno-adriatico\/\",\"url\":\"https:\/\/portaltela.pt\/noticias\/2026\/03\/09\/filippo-ganna-quebra-recorde-de-velocidade-para-liderar-tirreno-adriatico\/\",\"name\":\"Filippo Ganna quebra recorde de velocidade para liderar Tirreno-Adri\u00e1tico - Portal Tela Portugal\",\"isPartOf\":{\"@id\":\"https:\/\/portaltela.pt\/#website\"},\"primaryImageOfPage\":{\"@id\":\"https:\/\/portaltela.pt\/noticias\/2026\/03\/09\/filippo-ganna-quebra-recorde-de-velocidade-para-liderar-tirreno-adriatico\/#primaryimage\"},\"image\":{\"@id\":\"https:\/\/portaltela.pt\/noticias\/2026\/03\/09\/filippo-ganna-quebra-recorde-de-velocidade-para-liderar-tirreno-adriatico\/#primaryimage\"},\"thumbnailUrl\":\"https:\/\/portaltela.pt\/s.01k8rhncp4jt1\/2026\/03\/img_920x518uu2025-03-10-16-56-52-2347849.jpg\",\"datePublished\":\"2026-03-09T15:14:39+00:00\",\"author\":{\"@id\":\"https:\/\/portaltela.pt\/#\/schema\/person\/c4278d4a6028830caff9ee44b42d32ed\"},\"breadcrumb\":{\"@id\":\"https:\/\/portaltela.pt\/noticias\/2026\/03\/09\/filippo-ganna-quebra-recorde-de-velocidade-para-liderar-tirreno-adriatico\/#breadcrumb\"},\"inLanguage\":\"pt-PT\",\"potentialAction\":[{\"@type\":\"ReadAction\",\"target\":[\"https:\/\/portaltela.pt\/noticias\/2026\/03\/09\/filippo-ganna-quebra-recorde-de-velocidade-para-liderar-tirreno-adriatico\/\"]}]},{\"@type\":\"ImageObject\",\"inLanguage\":\"pt-PT\",\"@id\":\"https:\/\/portaltela.pt\/noticias\/2026\/03\/09\/filippo-ganna-quebra-recorde-de-velocidade-para-liderar-tirreno-adriatico\/#primaryimage\",\"url\":\"https:\/\/portaltela.pt\/s.01k8rhncp4jt1\/2026\/03\/img_920x518uu2025-03-10-16-56-52-2347849.jpg\",\"contentUrl\":\"https:\/\/portaltela.pt\/s.01k8rhncp4jt1\/2026\/03\/img_920x518uu2025-03-10-16-56-52-2347849.jpg\",\"width\":920,\"height\":518,\"caption\":\"Filippo Ganna vence \u00e9 o primeiro l\u00edder do Tirreno-Adri\u00e1tico\"},{\"@type\":\"BreadcrumbList\",\"@id\":\"https:\/\/portaltela.pt\/noticias\/2026\/03\/09\/filippo-ganna-quebra-recorde-de-velocidade-para-liderar-tirreno-adriatico\/#breadcrumb\",\"itemListElement\":[{\"@type\":\"ListItem\",\"position\":1,\"name\":\"In\u00edcio\",\"item\":\"https:\/\/portaltela.pt\/\"},{\"@type\":\"ListItem\",\"position\":2,\"name\":\"Filippo Ganna quebra recorde de velocidade para liderar Tirreno-Adri\u00e1tico\"}]},{\"@type\":\"WebSite\",\"@id\":\"https:\/\/portaltela.pt\/#website\",\"url\":\"https:\/\/portaltela.pt\/\",\"name\":\"Portal Tela Portugal\",\"description\":\"\",\"potentialAction\":[{\"@type\":\"SearchAction\",\"target\":{\"@type\":\"EntryPoint\",\"urlTemplate\":\"https:\/\/portaltela.pt\/?s={search_term_string}\"},\"query-input\":{\"@type\":\"PropertyValueSpecification\",\"valueRequired\":true,\"valueName\":\"search_term_string\"}}],\"inLanguage\":\"pt-PT\"},{\"@type\":\"Person\",\"@id\":\"https:\/\/portaltela.pt\/#\/schema\/person\/c4278d4a6028830caff9ee44b42d32ed\",\"name\":\"Telinha\",\"image\":{\"@type\":\"ImageObject\",\"inLanguage\":\"pt-PT\",\"@id\":\"https:\/\/portaltela.pt\/s.01k8rhncp4jt1\/2025\/11\/talking-bot-125x125.png\",\"url\":\"https:\/\/portaltela.pt\/s.01k8rhncp4jt1\/2025\/11\/talking-bot-125x125.png\",\"contentUrl\":\"https:\/\/portaltela.pt\/s.01k8rhncp4jt1\/2025\/11\/talking-bot-125x125.png\",\"caption\":\"Telinha\"},\"sameAs\":[\"https:\/\/portaltela.pt\/\"],\"url\":\"https:\/\/portaltela.pt\/por\/367410592786\/\"}]}<\/script>\n<!-- \/ Yoast SEO plugin. -->","yoast_head_json":{"title":"Filippo Ganna quebra recorde de velocidade para liderar Tirreno-Adri\u00e1tico - Portal Tela Portugal","robots":{"index":"index","follow":"follow","max-snippet":"max-snippet:-1","max-image-preview":"max-image-preview:large","max-video-preview":"max-video-preview:-1"},"og_locale":"pt_PT","og_type":"article","og_title":"Filippo Ganna quebra recorde de velocidade para liderar Tirreno-Adri\u00e1tico - Portal Tela Portugal","og_description":"Filippo Ganna estabeleceu o novo recorde de velocidade e tornou-se o primeiro l\u00edder do Tirreno-Adri\u00e1tico, ao vencer o contrarrel\u00f3gio inaugural. A prova de 11,5 quil\u00f3metros, em Lido di Camaiore, foi conclu\u00edda em 12,08 minutos, com uma m\u00e9dia de 56,868 km\/hora. Ganna ficou 22 segundos \u00e0 frente de Thymen Arensman, enquanto Max Walscheid ficou em terceiro a 26 segundos. Entre os favoritos, Primoz Roglic foi o melhor classificado, em s\u00e9timo, a 31 segundos. A etapa seguinte, com 206 quil\u00f3metros entre Camaiore e San Gimignano, inclui um tro\u00e7o de sterrato e termina com a contagem de primeira categoria; Ganna mant\u00e9m a camisola l\u00edder.","og_url":"https:\/\/portaltela.pt\/noticias\/2026\/03\/09\/filippo-ganna-quebra-recorde-de-velocidade-para-liderar-tirreno-adriatico\/","og_site_name":"Portal Tela Portugal","article_published_time":"2026-03-09T15:14:39+00:00","author":"Telinha","twitter_card":"summary_large_image","twitter_misc":{"Escrito por":"Telinha","Tempo estimado de leitura":"1 minuto"},"schema":{"@context":"https:\/\/schema.org","@graph":[{"@type":"Article","@id":"https:\/\/portaltela.pt\/noticias\/2026\/03\/09\/filippo-ganna-quebra-recorde-de-velocidade-para-liderar-tirreno-adriatico\/#article","isPartOf":{"@id":"https:\/\/portaltela.pt\/noticias\/2026\/03\/09\/filippo-ganna-quebra-recorde-de-velocidade-para-liderar-tirreno-adriatico\/"},"author":{"name":"Telinha","@id":"https:\/\/portaltela.pt\/#\/schema\/person\/c4278d4a6028830caff9ee44b42d32ed"},"headline":"Filippo Ganna quebra recorde de velocidade para liderar Tirreno-Adri\u00e1tico","datePublished":"2026-03-09T15:14:39+00:00","mainEntityOfPage":{"@id":"https:\/\/portaltela.pt\/noticias\/2026\/03\/09\/filippo-ganna-quebra-recorde-de-velocidade-para-liderar-tirreno-adriatico\/"},"wordCount":234,"image":{"@id":"https:\/\/portaltela.pt\/noticias\/2026\/03\/09\/filippo-ganna-quebra-recorde-de-velocidade-para-liderar-tirreno-adriatico\/#primaryimage"},"thumbnailUrl":"https:\/\/portaltela.pt\/s.01k8rhncp4jt1\/2026\/03\/img_920x518uu2025-03-10-16-56-52-2347849.jpg","keywords":["ciclismo","contrarrel\u00f3gio","corridas","corridas internacionais","desporto","It\u00e1lia"],"articleSection":["Desporto","Futebol"],"inLanguage":"pt-PT"},{"@type":"WebPage","@id":"https:\/\/portaltela.pt\/noticias\/2026\/03\/09\/filippo-ganna-quebra-recorde-de-velocidade-para-liderar-tirreno-adriatico\/","url":"https:\/\/portaltela.pt\/noticias\/2026\/03\/09\/filippo-ganna-quebra-recorde-de-velocidade-para-liderar-tirreno-adriatico\/","name":"Filippo Ganna quebra recorde de velocidade para liderar Tirreno-Adri\u00e1tico - Portal Tela Portugal","isPartOf":{"@id":"https:\/\/portaltela.pt\/#website"},"primaryImageOfPage":{"@id":"https:\/\/portaltela.pt\/noticias\/2026\/03\/09\/filippo-ganna-quebra-recorde-de-velocidade-para-liderar-tirreno-adriatico\/#primaryimage"},"image":{"@id":"https:\/\/portaltela.pt\/noticias\/2026\/03\/09\/filippo-ganna-quebra-recorde-de-velocidade-para-liderar-tirreno-adriatico\/#primaryimage"},"thumbnailUrl":"https:\/\/portaltela.pt\/s.01k8rhncp4jt1\/2026\/03\/img_920x518uu2025-03-10-16-56-52-2347849.jpg","datePublished":"2026-03-09T15:14:39+00:00","author":{"@id":"https:\/\/portaltela.pt\/#\/schema\/person\/c4278d4a6028830caff9ee44b42d32ed"},"breadcrumb":{"@id":"https:\/\/portaltela.pt\/noticias\/2026\/03\/09\/filippo-ganna-quebra-recorde-de-velocidade-para-liderar-tirreno-adriatico\/#breadcrumb"},"inLanguage":"pt-PT","potentialAction":[{"@type":"ReadAction","target":["https:\/\/portaltela.pt\/noticias\/2026\/03\/09\/filippo-ganna-quebra-recorde-de-velocidade-para-liderar-tirreno-adriatico\/"]}]},{"@type":"ImageObject","inLanguage":"pt-PT","@id":"https:\/\/portaltela.pt\/noticias\/2026\/03\/09\/filippo-ganna-quebra-recorde-de-velocidade-para-liderar-tirreno-adriatico\/#primaryimage","url":"https:\/\/portaltela.pt\/s.01k8rhncp4jt1\/2026\/03\/img_920x518uu2025-03-10-16-56-52-2347849.jpg","contentUrl":"https:\/\/portaltela.pt\/s.01k8rhncp4jt1\/2026\/03\/img_920x518uu2025-03-10-16-56-52-2347849.jpg","width":920,"height":518,"caption":"Filippo Ganna vence \u00e9 o primeiro l\u00edder do Tirreno-Adri\u00e1tico"},{"@type":"BreadcrumbList","@id":"https:\/\/portaltela.pt\/noticias\/2026\/03\/09\/filippo-ganna-quebra-recorde-de-velocidade-para-liderar-tirreno-adriatico\/#breadcrumb","itemListElement":[{"@type":"ListItem","position":1,"name":"In\u00edcio","item":"https:\/\/portaltela.pt\/"},{"@type":"ListItem","position":2,"name":"Filippo Ganna quebra recorde de velocidade para liderar Tirreno-Adri\u00e1tico"}]},{"@type":"WebSite","@id":"https:\/\/portaltela.pt\/#website","url":"https:\/\/portaltela.pt\/","name":"Portal Tela Portugal","description":"","potentialAction":[{"@type":"SearchAction","target":{"@type":"EntryPoint","urlTemplate":"https:\/\/portaltela.pt\/?s={search_term_string}"},"query-input":{"@type":"PropertyValueSpecification","valueRequired":true,"valueName":"search_term_string"}}],"inLanguage":"pt-PT"},{"@type":"Person","@id":"https:\/\/portaltela.pt\/#\/schema\/person\/c4278d4a6028830caff9ee44b42d32ed","name":"Telinha","image":{"@type":"ImageObject","inLanguage":"pt-PT","@id":"https:\/\/portaltela.pt\/s.01k8rhncp4jt1\/2025\/11\/talking-bot-125x125.png","url":"https:\/\/portaltela.pt\/s.01k8rhncp4jt1\/2025\/11\/talking-bot-125x125.png","contentUrl":"https:\/\/portaltela.pt\/s.01k8rhncp4jt1\/2025\/11\/talking-bot-125x125.png","caption":"Telinha"},"sameAs":["https:\/\/portaltela.pt\/"],"url":"https:\/\/portaltela.pt\/por\/367410592786\/"}]}},"_links":{"self":[{"href":"https:\/\/portaltela.pt\/api\/wp\/v2\/posts\/403530","targetHints":{"allow":["GET"]}}],"collection":[{"href":"https:\/\/portaltela.pt\/api\/wp\/v2\/posts"}],"about":[{"href":"https:\/\/portaltela.pt\/api\/wp\/v2\/types\/post"}],"author":[{"embeddable":true,"href":"https:\/\/portaltela.pt\/api\/wp\/v2\/users\/2"}],"replies":[{"embeddable":true,"href":"https:\/\/portaltela.pt\/api\/wp\/v2\/comments?post=403530"}],"version-history":[{"count":0,"href":"https:\/\/portaltela.pt\/api\/wp\/v2\/posts\/403530\/revisions"}],"wp:featuredmedia":[{"embeddable":true,"href":"https:\/\/portaltela.pt\/api\/wp\/v2\/media\/403531"}],"wp:attachment":[{"href":"https:\/\/portaltela.pt\/api\/wp\/v2\/media?parent=403530"}],"wp:term":[{"taxonomy":"category","embeddable":true,"href":"https:\/\/portaltela.pt\/api\/wp\/v2\/categories?post=403530"},{"taxonomy":"post_tag","embeddable":true,"href":"https:\/\/portaltela.pt\/api\/wp\/v2\/tags?post=403530"}],"curies":[{"name":"wp","href":"https:\/\/api.w.org\/{rel}","templated":true}]}}