{"id":403505,"date":"2026-03-09T12:00:00","date_gmt":"2026-03-09T15:00:00","guid":{"rendered":"https:\/\/portaltela.pt\/noticias\/2026\/03\/09\/madalena-abecasis-diz-nao-ter-cabeca-para-interpretar-personagem\/"},"modified":"2026-03-09T12:00:00","modified_gmt":"2026-03-09T15:00:00","slug":"madalena-abecasis-diz-nao-ter-cabeca-para-interpretar-personagem","status":"publish","type":"post","link":"https:\/\/portaltela.pt\/celebridades\/2026\/03\/09\/madalena-abecasis-diz-nao-ter-cabeca-para-interpretar-personagem\/","title":{"rendered":"Madalena Abecasis diz n\u00e3o ter cabe\u00e7a para interpretar personagem"},"content":{"rendered":"<p>Madalena Abecasis, conhecida como tia Lena, \u00e9 agora uma das figuras do digital mais seguras entre o p\u00fablico em Portugal. Aos 44 anos, descreve uma vida em que a maternidade a tempo inteiro \u00e9 o foco, acompanhada por um humor direto e partilhas despudoradas que atra\u00edram milhares de seguidores.<\/p>\n<p>Desde pequena, a autora do perfil ganhou interesse pelas artes, sonhando ser decoradora ou estilista e passando tempo a pintar paredes de casa. O trajeto atual contrasta com esse in\u00edcio, pois transformou-se numa influenciadora que inspira sobretudo pela sua rotina.<\/p>\n<p>A pessoa p\u00fablica explica que n\u00e3o faz planos a longo prazo, mant\u00e9m rotinas r\u00edgidas e lida com ansiedade. N\u00e3o gosta de sair de casa, teme morrer cedo e aborda temas como maternidade, trauma da perda e a exposi\u00e7\u00e3o dos filhos nas redes, mantendo uma veia solid\u00e1ria herdada da inf\u00e2ncia.<\/p>\n<p>O objetivo \u00e9 manter-se onde est\u00e1, com foco no presente, e expressar a sua vis\u00e3o sobre o papel da mulher. Diz estar motivada pela perspetiva de chegar aos 50, uma meta que afirma desejar alcan\u00e7ar.<\/p>\n","protected":false},"excerpt":{"rendered":"<ul>\n<li>Madalena Abecasis, conhecida como \u201ctia Lena\u201d, \u00e9 uma influencer portuguesa de 44 anos com grande base de seguidores.<\/li>\n<li>Na inf\u00e2ncia sonhava ser decoradora ou estilista, mas acabou por seguir a carreira digital ao tornar-se m\u00e3e a tempo inteiro.<\/li>\n<li>O humor direto e as partilhas abertas que partilha com o p\u00fablico fizeram dela uma das figuras do digital mais admiradas no pa\u00eds.<\/li>\n<li>Fala sobre maternidade, trauma da perda, exposi\u00e7\u00e3o dos filhos nas redes, o papel da mulher e a veia solid\u00e1ria que j\u00e1 vem desde a inf\u00e2ncia.<\/li>\n<li>Diz n\u00e3o ter grandes planos, vive com rotinas, \u00e9 ansiosa, n\u00e3o gosta de sair de casa e tem medo de morrer cedo; est\u00e1 satisfeita com o que \u00e9 neste momento e quer chegar aos 50.<\/li>\n<\/ul>\n","protected":false},"author":2,"featured_media":403513,"comment_status":"closed","ping_status":"closed","sticky":false,"template":"","format":"standard","meta":{"footnotes":""},"categories":[6675],"tags":[3350,3259,115,2701,5661,1196],"class_list":["post-403505","post","type-post","status-publish","format-standard","has-post-thumbnail","hentry","category-celebridades","tag-ansiedade","tag-celebidades","tag-maternidade","tag-mulheres","tag-pessoas-publicas","tag-vida-privada"],"yoast_head":"<!-- This site is optimized with the Yoast SEO plugin v27.2 - https:\/\/yoast.com\/product\/yoast-seo-wordpress\/ -->\n<title>Madalena Abecasis diz n\u00e3o ter cabe\u00e7a para interpretar personagem - Portal Tela Portugal<\/title>\n<meta name=\"robots\" content=\"index, follow, max-snippet:-1, max-image-preview:large, max-video-preview:-1\" \/>\n<meta property=\"og:locale\" content=\"pt_PT\" \/>\n<meta property=\"og:type\" content=\"article\" \/>\n<meta property=\"og:title\" content=\"Madalena Abecasis diz n\u00e3o ter cabe\u00e7a para interpretar personagem - Portal Tela Portugal\" \/>\n<meta property=\"og:description\" content=\"Madalena Abecasis, conhecida como \u201ctia Lena\u201d, \u00e9 uma influencer portuguesa de 44 anos com grande base de seguidores. Na inf\u00e2ncia sonhava ser decoradora ou estilista, mas acabou por seguir a carreira digital ao tornar-se m\u00e3e a tempo inteiro. O humor direto e as partilhas abertas que partilha com o p\u00fablico fizeram dela uma das figuras do digital mais admiradas no pa\u00eds. Fala sobre maternidade, trauma da perda, exposi\u00e7\u00e3o dos filhos nas redes, o papel da mulher e a veia solid\u00e1ria que j\u00e1 vem desde a inf\u00e2ncia. Diz n\u00e3o ter grandes planos, vive com rotinas, \u00e9 ansiosa, n\u00e3o gosta de sair de casa e tem medo de morrer cedo; est\u00e1 satisfeita com o que \u00e9 neste momento e quer chegar aos 50.\" \/>\n<meta property=\"og:url\" content=\"https:\/\/portaltela.pt\/noticias\/2026\/03\/09\/madalena-abecasis-diz-nao-ter-cabeca-para-interpretar-personagem\/\" \/>\n<meta property=\"og:site_name\" content=\"Portal Tela Portugal\" \/>\n<meta property=\"article:published_time\" content=\"2026-03-09T15:00:00+00:00\" \/>\n<meta name=\"author\" content=\"Telinha\" \/>\n<meta name=\"twitter:card\" content=\"summary_large_image\" \/>\n<meta name=\"twitter:label1\" content=\"Escrito por\" \/>\n\t<meta name=\"twitter:data1\" content=\"Telinha\" \/>\n\t<meta name=\"twitter:label2\" content=\"Tempo estimado de leitura\" \/>\n\t<meta name=\"twitter:data2\" content=\"1 minuto\" \/>\n<script type=\"application\/ld+json\" class=\"yoast-schema-graph\">{\"@context\":\"https:\/\/schema.org\",\"@graph\":[{\"@type\":\"Article\",\"@id\":\"https:\/\/portaltela.pt\/noticias\/2026\/03\/09\/madalena-abecasis-diz-nao-ter-cabeca-para-interpretar-personagem\/#article\",\"isPartOf\":{\"@id\":\"https:\/\/portaltela.pt\/noticias\/2026\/03\/09\/madalena-abecasis-diz-nao-ter-cabeca-para-interpretar-personagem\/\"},\"author\":{\"name\":\"Telinha\",\"@id\":\"https:\/\/portaltela.pt\/#\/schema\/person\/c4278d4a6028830caff9ee44b42d32ed\"},\"headline\":\"Madalena Abecasis diz n\u00e3o ter cabe\u00e7a para interpretar personagem\",\"datePublished\":\"2026-03-09T15:00:00+00:00\",\"mainEntityOfPage\":{\"@id\":\"https:\/\/portaltela.pt\/noticias\/2026\/03\/09\/madalena-abecasis-diz-nao-ter-cabeca-para-interpretar-personagem\/\"},\"wordCount\":192,\"image\":{\"@id\":\"https:\/\/portaltela.pt\/noticias\/2026\/03\/09\/madalena-abecasis-diz-nao-ter-cabeca-para-interpretar-personagem\/#primaryimage\"},\"thumbnailUrl\":\"https:\/\/portaltela.pt\/s.01k8rhncp4jt1\/2026\/03\/image-579.jpg\",\"keywords\":[\"ansiedade\",\"celebidades\",\"maternidade\",\"Mulheres\",\"pessoas p\u00fablicas\",\"Vida Privada\"],\"articleSection\":[\"Celebridades\"],\"inLanguage\":\"pt-PT\"},{\"@type\":\"WebPage\",\"@id\":\"https:\/\/portaltela.pt\/noticias\/2026\/03\/09\/madalena-abecasis-diz-nao-ter-cabeca-para-interpretar-personagem\/\",\"url\":\"https:\/\/portaltela.pt\/noticias\/2026\/03\/09\/madalena-abecasis-diz-nao-ter-cabeca-para-interpretar-personagem\/\",\"name\":\"Madalena Abecasis diz n\u00e3o ter cabe\u00e7a para interpretar personagem - Portal Tela Portugal\",\"isPartOf\":{\"@id\":\"https:\/\/portaltela.pt\/#website\"},\"primaryImageOfPage\":{\"@id\":\"https:\/\/portaltela.pt\/noticias\/2026\/03\/09\/madalena-abecasis-diz-nao-ter-cabeca-para-interpretar-personagem\/#primaryimage\"},\"image\":{\"@id\":\"https:\/\/portaltela.pt\/noticias\/2026\/03\/09\/madalena-abecasis-diz-nao-ter-cabeca-para-interpretar-personagem\/#primaryimage\"},\"thumbnailUrl\":\"https:\/\/portaltela.pt\/s.01k8rhncp4jt1\/2026\/03\/image-579.jpg\",\"datePublished\":\"2026-03-09T15:00:00+00:00\",\"author\":{\"@id\":\"https:\/\/portaltela.pt\/#\/schema\/person\/c4278d4a6028830caff9ee44b42d32ed\"},\"breadcrumb\":{\"@id\":\"https:\/\/portaltela.pt\/noticias\/2026\/03\/09\/madalena-abecasis-diz-nao-ter-cabeca-para-interpretar-personagem\/#breadcrumb\"},\"inLanguage\":\"pt-PT\",\"potentialAction\":[{\"@type\":\"ReadAction\",\"target\":[\"https:\/\/portaltela.pt\/noticias\/2026\/03\/09\/madalena-abecasis-diz-nao-ter-cabeca-para-interpretar-personagem\/\"]}]},{\"@type\":\"ImageObject\",\"inLanguage\":\"pt-PT\",\"@id\":\"https:\/\/portaltela.pt\/noticias\/2026\/03\/09\/madalena-abecasis-diz-nao-ter-cabeca-para-interpretar-personagem\/#primaryimage\",\"url\":\"https:\/\/portaltela.pt\/s.01k8rhncp4jt1\/2026\/03\/image-579.jpg\",\"contentUrl\":\"https:\/\/portaltela.pt\/s.01k8rhncp4jt1\/2026\/03\/image-579.jpg\",\"width\":796,\"height\":448,\"caption\":\"Adelino Meireles\"},{\"@type\":\"BreadcrumbList\",\"@id\":\"https:\/\/portaltela.pt\/noticias\/2026\/03\/09\/madalena-abecasis-diz-nao-ter-cabeca-para-interpretar-personagem\/#breadcrumb\",\"itemListElement\":[{\"@type\":\"ListItem\",\"position\":1,\"name\":\"In\u00edcio\",\"item\":\"https:\/\/portaltela.pt\/\"},{\"@type\":\"ListItem\",\"position\":2,\"name\":\"Madalena Abecasis diz n\u00e3o ter cabe\u00e7a para interpretar personagem\"}]},{\"@type\":\"WebSite\",\"@id\":\"https:\/\/portaltela.pt\/#website\",\"url\":\"https:\/\/portaltela.pt\/\",\"name\":\"Portal Tela Portugal\",\"description\":\"\",\"potentialAction\":[{\"@type\":\"SearchAction\",\"target\":{\"@type\":\"EntryPoint\",\"urlTemplate\":\"https:\/\/portaltela.pt\/?s={search_term_string}\"},\"query-input\":{\"@type\":\"PropertyValueSpecification\",\"valueRequired\":true,\"valueName\":\"search_term_string\"}}],\"inLanguage\":\"pt-PT\"},{\"@type\":\"Person\",\"@id\":\"https:\/\/portaltela.pt\/#\/schema\/person\/c4278d4a6028830caff9ee44b42d32ed\",\"name\":\"Telinha\",\"image\":{\"@type\":\"ImageObject\",\"inLanguage\":\"pt-PT\",\"@id\":\"https:\/\/portaltela.pt\/s.01k8rhncp4jt1\/2025\/11\/talking-bot-125x125.png\",\"url\":\"https:\/\/portaltela.pt\/s.01k8rhncp4jt1\/2025\/11\/talking-bot-125x125.png\",\"contentUrl\":\"https:\/\/portaltela.pt\/s.01k8rhncp4jt1\/2025\/11\/talking-bot-125x125.png\",\"caption\":\"Telinha\"},\"sameAs\":[\"https:\/\/portaltela.pt\/\"],\"url\":\"https:\/\/portaltela.pt\/por\/367410592786\/\"}]}<\/script>\n<!-- \/ Yoast SEO plugin. -->","yoast_head_json":{"title":"Madalena Abecasis diz n\u00e3o ter cabe\u00e7a para interpretar personagem - Portal Tela Portugal","robots":{"index":"index","follow":"follow","max-snippet":"max-snippet:-1","max-image-preview":"max-image-preview:large","max-video-preview":"max-video-preview:-1"},"og_locale":"pt_PT","og_type":"article","og_title":"Madalena Abecasis diz n\u00e3o ter cabe\u00e7a para interpretar personagem - Portal Tela Portugal","og_description":"Madalena Abecasis, conhecida como \u201ctia Lena\u201d, \u00e9 uma influencer portuguesa de 44 anos com grande base de seguidores. Na inf\u00e2ncia sonhava ser decoradora ou estilista, mas acabou por seguir a carreira digital ao tornar-se m\u00e3e a tempo inteiro. O humor direto e as partilhas abertas que partilha com o p\u00fablico fizeram dela uma das figuras do digital mais admiradas no pa\u00eds. Fala sobre maternidade, trauma da perda, exposi\u00e7\u00e3o dos filhos nas redes, o papel da mulher e a veia solid\u00e1ria que j\u00e1 vem desde a inf\u00e2ncia. Diz n\u00e3o ter grandes planos, vive com rotinas, \u00e9 ansiosa, n\u00e3o gosta de sair de casa e tem medo de morrer cedo; est\u00e1 satisfeita com o que \u00e9 neste momento e quer chegar aos 50.","og_url":"https:\/\/portaltela.pt\/noticias\/2026\/03\/09\/madalena-abecasis-diz-nao-ter-cabeca-para-interpretar-personagem\/","og_site_name":"Portal Tela Portugal","article_published_time":"2026-03-09T15:00:00+00:00","author":"Telinha","twitter_card":"summary_large_image","twitter_misc":{"Escrito por":"Telinha","Tempo estimado de leitura":"1 minuto"},"schema":{"@context":"https:\/\/schema.org","@graph":[{"@type":"Article","@id":"https:\/\/portaltela.pt\/noticias\/2026\/03\/09\/madalena-abecasis-diz-nao-ter-cabeca-para-interpretar-personagem\/#article","isPartOf":{"@id":"https:\/\/portaltela.pt\/noticias\/2026\/03\/09\/madalena-abecasis-diz-nao-ter-cabeca-para-interpretar-personagem\/"},"author":{"name":"Telinha","@id":"https:\/\/portaltela.pt\/#\/schema\/person\/c4278d4a6028830caff9ee44b42d32ed"},"headline":"Madalena Abecasis diz n\u00e3o ter cabe\u00e7a para interpretar personagem","datePublished":"2026-03-09T15:00:00+00:00","mainEntityOfPage":{"@id":"https:\/\/portaltela.pt\/noticias\/2026\/03\/09\/madalena-abecasis-diz-nao-ter-cabeca-para-interpretar-personagem\/"},"wordCount":192,"image":{"@id":"https:\/\/portaltela.pt\/noticias\/2026\/03\/09\/madalena-abecasis-diz-nao-ter-cabeca-para-interpretar-personagem\/#primaryimage"},"thumbnailUrl":"https:\/\/portaltela.pt\/s.01k8rhncp4jt1\/2026\/03\/image-579.jpg","keywords":["ansiedade","celebidades","maternidade","Mulheres","pessoas p\u00fablicas","Vida Privada"],"articleSection":["Celebridades"],"inLanguage":"pt-PT"},{"@type":"WebPage","@id":"https:\/\/portaltela.pt\/noticias\/2026\/03\/09\/madalena-abecasis-diz-nao-ter-cabeca-para-interpretar-personagem\/","url":"https:\/\/portaltela.pt\/noticias\/2026\/03\/09\/madalena-abecasis-diz-nao-ter-cabeca-para-interpretar-personagem\/","name":"Madalena Abecasis diz n\u00e3o ter cabe\u00e7a para interpretar personagem - Portal Tela Portugal","isPartOf":{"@id":"https:\/\/portaltela.pt\/#website"},"primaryImageOfPage":{"@id":"https:\/\/portaltela.pt\/noticias\/2026\/03\/09\/madalena-abecasis-diz-nao-ter-cabeca-para-interpretar-personagem\/#primaryimage"},"image":{"@id":"https:\/\/portaltela.pt\/noticias\/2026\/03\/09\/madalena-abecasis-diz-nao-ter-cabeca-para-interpretar-personagem\/#primaryimage"},"thumbnailUrl":"https:\/\/portaltela.pt\/s.01k8rhncp4jt1\/2026\/03\/image-579.jpg","datePublished":"2026-03-09T15:00:00+00:00","author":{"@id":"https:\/\/portaltela.pt\/#\/schema\/person\/c4278d4a6028830caff9ee44b42d32ed"},"breadcrumb":{"@id":"https:\/\/portaltela.pt\/noticias\/2026\/03\/09\/madalena-abecasis-diz-nao-ter-cabeca-para-interpretar-personagem\/#breadcrumb"},"inLanguage":"pt-PT","potentialAction":[{"@type":"ReadAction","target":["https:\/\/portaltela.pt\/noticias\/2026\/03\/09\/madalena-abecasis-diz-nao-ter-cabeca-para-interpretar-personagem\/"]}]},{"@type":"ImageObject","inLanguage":"pt-PT","@id":"https:\/\/portaltela.pt\/noticias\/2026\/03\/09\/madalena-abecasis-diz-nao-ter-cabeca-para-interpretar-personagem\/#primaryimage","url":"https:\/\/portaltela.pt\/s.01k8rhncp4jt1\/2026\/03\/image-579.jpg","contentUrl":"https:\/\/portaltela.pt\/s.01k8rhncp4jt1\/2026\/03\/image-579.jpg","width":796,"height":448,"caption":"Adelino Meireles"},{"@type":"BreadcrumbList","@id":"https:\/\/portaltela.pt\/noticias\/2026\/03\/09\/madalena-abecasis-diz-nao-ter-cabeca-para-interpretar-personagem\/#breadcrumb","itemListElement":[{"@type":"ListItem","position":1,"name":"In\u00edcio","item":"https:\/\/portaltela.pt\/"},{"@type":"ListItem","position":2,"name":"Madalena Abecasis diz n\u00e3o ter cabe\u00e7a para interpretar personagem"}]},{"@type":"WebSite","@id":"https:\/\/portaltela.pt\/#website","url":"https:\/\/portaltela.pt\/","name":"Portal Tela Portugal","description":"","potentialAction":[{"@type":"SearchAction","target":{"@type":"EntryPoint","urlTemplate":"https:\/\/portaltela.pt\/?s={search_term_string}"},"query-input":{"@type":"PropertyValueSpecification","valueRequired":true,"valueName":"search_term_string"}}],"inLanguage":"pt-PT"},{"@type":"Person","@id":"https:\/\/portaltela.pt\/#\/schema\/person\/c4278d4a6028830caff9ee44b42d32ed","name":"Telinha","image":{"@type":"ImageObject","inLanguage":"pt-PT","@id":"https:\/\/portaltela.pt\/s.01k8rhncp4jt1\/2025\/11\/talking-bot-125x125.png","url":"https:\/\/portaltela.pt\/s.01k8rhncp4jt1\/2025\/11\/talking-bot-125x125.png","contentUrl":"https:\/\/portaltela.pt\/s.01k8rhncp4jt1\/2025\/11\/talking-bot-125x125.png","caption":"Telinha"},"sameAs":["https:\/\/portaltela.pt\/"],"url":"https:\/\/portaltela.pt\/por\/367410592786\/"}]}},"_links":{"self":[{"href":"https:\/\/portaltela.pt\/api\/wp\/v2\/posts\/403505","targetHints":{"allow":["GET"]}}],"collection":[{"href":"https:\/\/portaltela.pt\/api\/wp\/v2\/posts"}],"about":[{"href":"https:\/\/portaltela.pt\/api\/wp\/v2\/types\/post"}],"author":[{"embeddable":true,"href":"https:\/\/portaltela.pt\/api\/wp\/v2\/users\/2"}],"replies":[{"embeddable":true,"href":"https:\/\/portaltela.pt\/api\/wp\/v2\/comments?post=403505"}],"version-history":[{"count":0,"href":"https:\/\/portaltela.pt\/api\/wp\/v2\/posts\/403505\/revisions"}],"wp:featuredmedia":[{"embeddable":true,"href":"https:\/\/portaltela.pt\/api\/wp\/v2\/media\/403513"}],"wp:attachment":[{"href":"https:\/\/portaltela.pt\/api\/wp\/v2\/media?parent=403505"}],"wp:term":[{"taxonomy":"category","embeddable":true,"href":"https:\/\/portaltela.pt\/api\/wp\/v2\/categories?post=403505"},{"taxonomy":"post_tag","embeddable":true,"href":"https:\/\/portaltela.pt\/api\/wp\/v2\/tags?post=403505"}],"curies":[{"name":"wp","href":"https:\/\/api.w.org\/{rel}","templated":true}]}}