{"id":403493,"date":"2026-03-09T11:46:03","date_gmt":"2026-03-09T14:46:03","guid":{"rendered":"https:\/\/portaltela.pt\/noticias\/2026\/03\/09\/governo-britanico-alerta-para-riscos-economicos-de-guerra-no-medio-oriente\/"},"modified":"2026-03-09T11:46:03","modified_gmt":"2026-03-09T14:46:03","slug":"governo-britanico-alerta-para-riscos-economicos-de-guerra-no-medio-oriente","status":"publish","type":"post","link":"https:\/\/portaltela.pt\/noticias\/economia\/2026\/03\/09\/governo-britanico-alerta-para-riscos-economicos-de-guerra-no-medio-oriente\/","title":{"rendered":"Governo brit\u00e2nico alerta para riscos econ\u00f3micos de guerra no M\u00e9dio Oriente"},"content":{"rendered":"<p>O governo brit\u00e2nico est\u00e1 atento aos riscos econ\u00f3micos do conflito no M\u00e9dio Oriente, em consequ\u00eancia da subida acentuada dos pre\u00e7os dos hidrocarbonetos. Keir Starmer, em visita a um centro comunit\u00e1rio em Londres, afirmou essa preocupa\u00e7\u00e3o, j\u00e1 que a guerra entra no d\u00e9cimo dia.<\/p>\n<p>Sublinham-se impactos na economia e no dia a dia das empresas. O primeiro-ministro indicou que a dura\u00e7\u00e3o do conflito pode agravar o custo de energia, afetando consumidores e neg\u00f3cios a curto prazo.<\/p>\n<p>A ministra das Finan\u00e7as, Rachel Reeves, est\u00e1 em contacto di\u00e1rio com o Banco de Inglaterra para manter a equipa um passo \u00e0 frente. O objetivo \u00e9 mitigar cuidados com o pre\u00e7o m\u00e1ximo da energia vigente at\u00e9 junho.<\/p>\n<h3>Riscos econ\u00f3micos<\/h3>\n<p>Reeves participa hoje numa reuni\u00e3o de ministros das Finan\u00e7as do G7, com perspetivas de considerar o uso de reservas estrat\u00e9gicas de petr\u00f3leo para estabilizar o pre\u00e7o do barril.<\/p>\n<p>Starmer destacou que a economia e as finan\u00e7as do Reino Unido apresentam mais resili\u00eancia do que no in\u00edcio da guerra na Ucr\u00e2nia, que tamb\u00e9m provocou aumentos de energia em 2022.<\/p>\n<p>As conversas com os hom\u00f3logos americanos decorrem a todos os n\u00edveis, segundo o chefe do executivo. O porta-voz afirmou que as decis\u00f5es sobre o interesse nacional cabem ao governo brit\u00e2nico.<\/p>\n<h3>Contexto internacional<\/h3>\n<p>No \u00e2mbito do conflito, EUA e Israel lan\u00e7aram opera\u00e7\u00f5es recentes contra o Ir\u00e3o, com consequ\u00eancias regionais diversas. O Ir\u00e3o tem respondido com retalia\u00e7\u00f5es a alvos na regi\u00e3o e com incidentes em v\u00e1rios pa\u00edses.<\/p>\n<p>Desde o in\u00edcio do conflito registaram-se mais de mil mortos, maioritariamente entre os iranianos, segundo relatos de monitoriza\u00e7\u00e3o internacionais. O cen\u00e1rio geopol\u00edtico mant\u00e9m-se vol\u00e1til e em evolu\u00e7\u00e3o.<\/p>\n","protected":false},"excerpt":{"rendered":"<ul>\n<li>O primeiro-ministro brit\u00e2nico, Keir Starmer, afirmou estar atento aos riscos econ\u00f3micos da guerra no M\u00e9dio Oriente, devido \u00e0 subida dos pre\u00e7os dos hidrocarbonetos.<\/li>\n<li>Starmer disse que quanto mais durar o conflito, maior o risco para a economia, para a vida das pessoas e para as empresas, numa visita a um centro comunit\u00e1rio em Londres.<\/li>\n<li>A ministra das Finan\u00e7as, Rachel Reeves, est\u00e1 em contacto di\u00e1rio com o Banco de Inglaterra para manter a economia \u00e0 frente, com o teto para os pre\u00e7os da energia em vigor at\u00e9 junho a proteger os consumidores a curto prazo.<\/li>\n<li>Reeves participa numa reuni\u00e3o dos ministros das Finan\u00e7as do G7, que pode decidir recorrer \u00e0s reservas estrat\u00e9gicas de petr\u00f3leo para atenuar a subida do pre\u00e7o do barril.<\/li>\n<li>Starmer afirmou que a economia brit\u00e2nica est\u00e1 mais resiliente do que no in\u00edcio da guerra na Ucr\u00e2nia e referiu que as decis\u00f5es sobre o interesse do Reino Unido s\u00e3o da compet\u00eancia do primeiro-ministro; destacou ainda a rela\u00e7\u00e3o com a Casa Branca.<\/li>\n<\/ul>\n","protected":false},"author":2,"featured_media":403496,"comment_status":"closed","ping_status":"closed","sticky":false,"template":"","format":"standard","meta":{"footnotes":""},"categories":[2,6735],"tags":[2792,28,174,2551,3327,2111],"class_list":["post-403493","post","type-post","status-publish","format-standard","has-post-thumbnail","hentry","category-economia","category-negocios","tag-conflito-internacional","tag-economia","tag-energia","tag-hidrocarbonetos","tag-iran","tag-reino-unido"],"yoast_head":"<!-- This site is optimized with the Yoast SEO plugin v27.2 - https:\/\/yoast.com\/product\/yoast-seo-wordpress\/ -->\n<title>Governo brit\u00e2nico alerta para riscos econ\u00f3micos de guerra no M\u00e9dio Oriente - Portal Tela Portugal<\/title>\n<meta name=\"robots\" content=\"index, follow, max-snippet:-1, max-image-preview:large, max-video-preview:-1\" \/>\n<meta property=\"og:locale\" content=\"pt_PT\" \/>\n<meta property=\"og:type\" content=\"article\" \/>\n<meta property=\"og:title\" content=\"Governo brit\u00e2nico alerta para riscos econ\u00f3micos de guerra no M\u00e9dio Oriente - Portal Tela Portugal\" \/>\n<meta property=\"og:description\" content=\"O primeiro-ministro brit\u00e2nico, Keir Starmer, afirmou estar atento aos riscos econ\u00f3micos da guerra no M\u00e9dio Oriente, devido \u00e0 subida dos pre\u00e7os dos hidrocarbonetos. Starmer disse que quanto mais durar o conflito, maior o risco para a economia, para a vida das pessoas e para as empresas, numa visita a um centro comunit\u00e1rio em Londres. A ministra das Finan\u00e7as, Rachel Reeves, est\u00e1 em contacto di\u00e1rio com o Banco de Inglaterra para manter a economia \u00e0 frente, com o teto para os pre\u00e7os da energia em vigor at\u00e9 junho a proteger os consumidores a curto prazo. Reeves participa numa reuni\u00e3o dos ministros das Finan\u00e7as do G7, que pode decidir recorrer \u00e0s reservas estrat\u00e9gicas de petr\u00f3leo para atenuar a subida do pre\u00e7o do barril. Starmer afirmou que a economia brit\u00e2nica est\u00e1 mais resiliente do que no in\u00edcio da guerra na Ucr\u00e2nia e referiu que as decis\u00f5es sobre o interesse do Reino Unido s\u00e3o da compet\u00eancia do primeiro-ministro; destacou ainda a rela\u00e7\u00e3o com a Casa Branca.\" \/>\n<meta property=\"og:url\" content=\"https:\/\/portaltela.pt\/noticias\/2026\/03\/09\/governo-britanico-alerta-para-riscos-economicos-de-guerra-no-medio-oriente\/\" \/>\n<meta property=\"og:site_name\" content=\"Portal Tela Portugal\" \/>\n<meta property=\"article:published_time\" content=\"2026-03-09T14:46:03+00:00\" \/>\n<meta name=\"author\" content=\"Telinha\" \/>\n<meta name=\"twitter:card\" content=\"summary_large_image\" \/>\n<meta name=\"twitter:label1\" content=\"Escrito por\" \/>\n\t<meta name=\"twitter:data1\" content=\"Telinha\" \/>\n\t<meta name=\"twitter:label2\" content=\"Tempo estimado de leitura\" \/>\n\t<meta name=\"twitter:data2\" content=\"2 minutos\" \/>\n<script type=\"application\/ld+json\" class=\"yoast-schema-graph\">{\"@context\":\"https:\/\/schema.org\",\"@graph\":[{\"@type\":\"Article\",\"@id\":\"https:\/\/portaltela.pt\/noticias\/2026\/03\/09\/governo-britanico-alerta-para-riscos-economicos-de-guerra-no-medio-oriente\/#article\",\"isPartOf\":{\"@id\":\"https:\/\/portaltela.pt\/noticias\/2026\/03\/09\/governo-britanico-alerta-para-riscos-economicos-de-guerra-no-medio-oriente\/\"},\"author\":{\"name\":\"Telinha\",\"@id\":\"https:\/\/portaltela.pt\/#\/schema\/person\/c4278d4a6028830caff9ee44b42d32ed\"},\"headline\":\"Governo brit\u00e2nico alerta para riscos econ\u00f3micos de guerra no M\u00e9dio Oriente\",\"datePublished\":\"2026-03-09T14:46:03+00:00\",\"mainEntityOfPage\":{\"@id\":\"https:\/\/portaltela.pt\/noticias\/2026\/03\/09\/governo-britanico-alerta-para-riscos-economicos-de-guerra-no-medio-oriente\/\"},\"wordCount\":320,\"image\":{\"@id\":\"https:\/\/portaltela.pt\/noticias\/2026\/03\/09\/governo-britanico-alerta-para-riscos-economicos-de-guerra-no-medio-oriente\/#primaryimage\"},\"thumbnailUrl\":\"https:\/\/portaltela.pt\/s.01k8rhncp4jt1\/2026\/03\/img_1280x721uu2026-02-14-00-01-16-2250094.jpg\",\"keywords\":[\"conflito internacional\",\"economia\",\"energia\",\"hidrocarbonetos\",\"\u00cdr\u00e1n\",\"Reino Unido\"],\"articleSection\":[\"Economia\",\"Neg\u00f3cios\"],\"inLanguage\":\"pt-PT\"},{\"@type\":\"WebPage\",\"@id\":\"https:\/\/portaltela.pt\/noticias\/2026\/03\/09\/governo-britanico-alerta-para-riscos-economicos-de-guerra-no-medio-oriente\/\",\"url\":\"https:\/\/portaltela.pt\/noticias\/2026\/03\/09\/governo-britanico-alerta-para-riscos-economicos-de-guerra-no-medio-oriente\/\",\"name\":\"Governo brit\u00e2nico alerta para riscos econ\u00f3micos de guerra no M\u00e9dio Oriente - Portal Tela Portugal\",\"isPartOf\":{\"@id\":\"https:\/\/portaltela.pt\/#website\"},\"primaryImageOfPage\":{\"@id\":\"https:\/\/portaltela.pt\/noticias\/2026\/03\/09\/governo-britanico-alerta-para-riscos-economicos-de-guerra-no-medio-oriente\/#primaryimage\"},\"image\":{\"@id\":\"https:\/\/portaltela.pt\/noticias\/2026\/03\/09\/governo-britanico-alerta-para-riscos-economicos-de-guerra-no-medio-oriente\/#primaryimage\"},\"thumbnailUrl\":\"https:\/\/portaltela.pt\/s.01k8rhncp4jt1\/2026\/03\/img_1280x721uu2026-02-14-00-01-16-2250094.jpg\",\"datePublished\":\"2026-03-09T14:46:03+00:00\",\"author\":{\"@id\":\"https:\/\/portaltela.pt\/#\/schema\/person\/c4278d4a6028830caff9ee44b42d32ed\"},\"breadcrumb\":{\"@id\":\"https:\/\/portaltela.pt\/noticias\/2026\/03\/09\/governo-britanico-alerta-para-riscos-economicos-de-guerra-no-medio-oriente\/#breadcrumb\"},\"inLanguage\":\"pt-PT\",\"potentialAction\":[{\"@type\":\"ReadAction\",\"target\":[\"https:\/\/portaltela.pt\/noticias\/2026\/03\/09\/governo-britanico-alerta-para-riscos-economicos-de-guerra-no-medio-oriente\/\"]}]},{\"@type\":\"ImageObject\",\"inLanguage\":\"pt-PT\",\"@id\":\"https:\/\/portaltela.pt\/noticias\/2026\/03\/09\/governo-britanico-alerta-para-riscos-economicos-de-guerra-no-medio-oriente\/#primaryimage\",\"url\":\"https:\/\/portaltela.pt\/s.01k8rhncp4jt1\/2026\/03\/img_1280x721uu2026-02-14-00-01-16-2250094.jpg\",\"contentUrl\":\"https:\/\/portaltela.pt\/s.01k8rhncp4jt1\/2026\/03\/img_1280x721uu2026-02-14-00-01-16-2250094.jpg\",\"width\":796,\"height\":448,\"caption\":\"Keir Starmer\"},{\"@type\":\"BreadcrumbList\",\"@id\":\"https:\/\/portaltela.pt\/noticias\/2026\/03\/09\/governo-britanico-alerta-para-riscos-economicos-de-guerra-no-medio-oriente\/#breadcrumb\",\"itemListElement\":[{\"@type\":\"ListItem\",\"position\":1,\"name\":\"In\u00edcio\",\"item\":\"https:\/\/portaltela.pt\/\"},{\"@type\":\"ListItem\",\"position\":2,\"name\":\"Governo brit\u00e2nico alerta para riscos econ\u00f3micos de guerra no M\u00e9dio Oriente\"}]},{\"@type\":\"WebSite\",\"@id\":\"https:\/\/portaltela.pt\/#website\",\"url\":\"https:\/\/portaltela.pt\/\",\"name\":\"Portal Tela Portugal\",\"description\":\"\",\"potentialAction\":[{\"@type\":\"SearchAction\",\"target\":{\"@type\":\"EntryPoint\",\"urlTemplate\":\"https:\/\/portaltela.pt\/?s={search_term_string}\"},\"query-input\":{\"@type\":\"PropertyValueSpecification\",\"valueRequired\":true,\"valueName\":\"search_term_string\"}}],\"inLanguage\":\"pt-PT\"},{\"@type\":\"Person\",\"@id\":\"https:\/\/portaltela.pt\/#\/schema\/person\/c4278d4a6028830caff9ee44b42d32ed\",\"name\":\"Telinha\",\"image\":{\"@type\":\"ImageObject\",\"inLanguage\":\"pt-PT\",\"@id\":\"https:\/\/portaltela.pt\/s.01k8rhncp4jt1\/2025\/11\/talking-bot-125x125.png\",\"url\":\"https:\/\/portaltela.pt\/s.01k8rhncp4jt1\/2025\/11\/talking-bot-125x125.png\",\"contentUrl\":\"https:\/\/portaltela.pt\/s.01k8rhncp4jt1\/2025\/11\/talking-bot-125x125.png\",\"caption\":\"Telinha\"},\"sameAs\":[\"https:\/\/portaltela.pt\/\"],\"url\":\"https:\/\/portaltela.pt\/por\/367410592786\/\"}]}<\/script>\n<!-- \/ Yoast SEO plugin. -->","yoast_head_json":{"title":"Governo brit\u00e2nico alerta para riscos econ\u00f3micos de guerra no M\u00e9dio Oriente - Portal Tela Portugal","robots":{"index":"index","follow":"follow","max-snippet":"max-snippet:-1","max-image-preview":"max-image-preview:large","max-video-preview":"max-video-preview:-1"},"og_locale":"pt_PT","og_type":"article","og_title":"Governo brit\u00e2nico alerta para riscos econ\u00f3micos de guerra no M\u00e9dio Oriente - Portal Tela Portugal","og_description":"O primeiro-ministro brit\u00e2nico, Keir Starmer, afirmou estar atento aos riscos econ\u00f3micos da guerra no M\u00e9dio Oriente, devido \u00e0 subida dos pre\u00e7os dos hidrocarbonetos. Starmer disse que quanto mais durar o conflito, maior o risco para a economia, para a vida das pessoas e para as empresas, numa visita a um centro comunit\u00e1rio em Londres. A ministra das Finan\u00e7as, Rachel Reeves, est\u00e1 em contacto di\u00e1rio com o Banco de Inglaterra para manter a economia \u00e0 frente, com o teto para os pre\u00e7os da energia em vigor at\u00e9 junho a proteger os consumidores a curto prazo. Reeves participa numa reuni\u00e3o dos ministros das Finan\u00e7as do G7, que pode decidir recorrer \u00e0s reservas estrat\u00e9gicas de petr\u00f3leo para atenuar a subida do pre\u00e7o do barril. Starmer afirmou que a economia brit\u00e2nica est\u00e1 mais resiliente do que no in\u00edcio da guerra na Ucr\u00e2nia e referiu que as decis\u00f5es sobre o interesse do Reino Unido s\u00e3o da compet\u00eancia do primeiro-ministro; destacou ainda a rela\u00e7\u00e3o com a Casa Branca.","og_url":"https:\/\/portaltela.pt\/noticias\/2026\/03\/09\/governo-britanico-alerta-para-riscos-economicos-de-guerra-no-medio-oriente\/","og_site_name":"Portal Tela Portugal","article_published_time":"2026-03-09T14:46:03+00:00","author":"Telinha","twitter_card":"summary_large_image","twitter_misc":{"Escrito por":"Telinha","Tempo estimado de leitura":"2 minutos"},"schema":{"@context":"https:\/\/schema.org","@graph":[{"@type":"Article","@id":"https:\/\/portaltela.pt\/noticias\/2026\/03\/09\/governo-britanico-alerta-para-riscos-economicos-de-guerra-no-medio-oriente\/#article","isPartOf":{"@id":"https:\/\/portaltela.pt\/noticias\/2026\/03\/09\/governo-britanico-alerta-para-riscos-economicos-de-guerra-no-medio-oriente\/"},"author":{"name":"Telinha","@id":"https:\/\/portaltela.pt\/#\/schema\/person\/c4278d4a6028830caff9ee44b42d32ed"},"headline":"Governo brit\u00e2nico alerta para riscos econ\u00f3micos de guerra no M\u00e9dio Oriente","datePublished":"2026-03-09T14:46:03+00:00","mainEntityOfPage":{"@id":"https:\/\/portaltela.pt\/noticias\/2026\/03\/09\/governo-britanico-alerta-para-riscos-economicos-de-guerra-no-medio-oriente\/"},"wordCount":320,"image":{"@id":"https:\/\/portaltela.pt\/noticias\/2026\/03\/09\/governo-britanico-alerta-para-riscos-economicos-de-guerra-no-medio-oriente\/#primaryimage"},"thumbnailUrl":"https:\/\/portaltela.pt\/s.01k8rhncp4jt1\/2026\/03\/img_1280x721uu2026-02-14-00-01-16-2250094.jpg","keywords":["conflito internacional","economia","energia","hidrocarbonetos","\u00cdr\u00e1n","Reino Unido"],"articleSection":["Economia","Neg\u00f3cios"],"inLanguage":"pt-PT"},{"@type":"WebPage","@id":"https:\/\/portaltela.pt\/noticias\/2026\/03\/09\/governo-britanico-alerta-para-riscos-economicos-de-guerra-no-medio-oriente\/","url":"https:\/\/portaltela.pt\/noticias\/2026\/03\/09\/governo-britanico-alerta-para-riscos-economicos-de-guerra-no-medio-oriente\/","name":"Governo brit\u00e2nico alerta para riscos econ\u00f3micos de guerra no M\u00e9dio Oriente - Portal Tela Portugal","isPartOf":{"@id":"https:\/\/portaltela.pt\/#website"},"primaryImageOfPage":{"@id":"https:\/\/portaltela.pt\/noticias\/2026\/03\/09\/governo-britanico-alerta-para-riscos-economicos-de-guerra-no-medio-oriente\/#primaryimage"},"image":{"@id":"https:\/\/portaltela.pt\/noticias\/2026\/03\/09\/governo-britanico-alerta-para-riscos-economicos-de-guerra-no-medio-oriente\/#primaryimage"},"thumbnailUrl":"https:\/\/portaltela.pt\/s.01k8rhncp4jt1\/2026\/03\/img_1280x721uu2026-02-14-00-01-16-2250094.jpg","datePublished":"2026-03-09T14:46:03+00:00","author":{"@id":"https:\/\/portaltela.pt\/#\/schema\/person\/c4278d4a6028830caff9ee44b42d32ed"},"breadcrumb":{"@id":"https:\/\/portaltela.pt\/noticias\/2026\/03\/09\/governo-britanico-alerta-para-riscos-economicos-de-guerra-no-medio-oriente\/#breadcrumb"},"inLanguage":"pt-PT","potentialAction":[{"@type":"ReadAction","target":["https:\/\/portaltela.pt\/noticias\/2026\/03\/09\/governo-britanico-alerta-para-riscos-economicos-de-guerra-no-medio-oriente\/"]}]},{"@type":"ImageObject","inLanguage":"pt-PT","@id":"https:\/\/portaltela.pt\/noticias\/2026\/03\/09\/governo-britanico-alerta-para-riscos-economicos-de-guerra-no-medio-oriente\/#primaryimage","url":"https:\/\/portaltela.pt\/s.01k8rhncp4jt1\/2026\/03\/img_1280x721uu2026-02-14-00-01-16-2250094.jpg","contentUrl":"https:\/\/portaltela.pt\/s.01k8rhncp4jt1\/2026\/03\/img_1280x721uu2026-02-14-00-01-16-2250094.jpg","width":796,"height":448,"caption":"Keir Starmer"},{"@type":"BreadcrumbList","@id":"https:\/\/portaltela.pt\/noticias\/2026\/03\/09\/governo-britanico-alerta-para-riscos-economicos-de-guerra-no-medio-oriente\/#breadcrumb","itemListElement":[{"@type":"ListItem","position":1,"name":"In\u00edcio","item":"https:\/\/portaltela.pt\/"},{"@type":"ListItem","position":2,"name":"Governo brit\u00e2nico alerta para riscos econ\u00f3micos de guerra no M\u00e9dio Oriente"}]},{"@type":"WebSite","@id":"https:\/\/portaltela.pt\/#website","url":"https:\/\/portaltela.pt\/","name":"Portal Tela Portugal","description":"","potentialAction":[{"@type":"SearchAction","target":{"@type":"EntryPoint","urlTemplate":"https:\/\/portaltela.pt\/?s={search_term_string}"},"query-input":{"@type":"PropertyValueSpecification","valueRequired":true,"valueName":"search_term_string"}}],"inLanguage":"pt-PT"},{"@type":"Person","@id":"https:\/\/portaltela.pt\/#\/schema\/person\/c4278d4a6028830caff9ee44b42d32ed","name":"Telinha","image":{"@type":"ImageObject","inLanguage":"pt-PT","@id":"https:\/\/portaltela.pt\/s.01k8rhncp4jt1\/2025\/11\/talking-bot-125x125.png","url":"https:\/\/portaltela.pt\/s.01k8rhncp4jt1\/2025\/11\/talking-bot-125x125.png","contentUrl":"https:\/\/portaltela.pt\/s.01k8rhncp4jt1\/2025\/11\/talking-bot-125x125.png","caption":"Telinha"},"sameAs":["https:\/\/portaltela.pt\/"],"url":"https:\/\/portaltela.pt\/por\/367410592786\/"}]}},"_links":{"self":[{"href":"https:\/\/portaltela.pt\/api\/wp\/v2\/posts\/403493","targetHints":{"allow":["GET"]}}],"collection":[{"href":"https:\/\/portaltela.pt\/api\/wp\/v2\/posts"}],"about":[{"href":"https:\/\/portaltela.pt\/api\/wp\/v2\/types\/post"}],"author":[{"embeddable":true,"href":"https:\/\/portaltela.pt\/api\/wp\/v2\/users\/2"}],"replies":[{"embeddable":true,"href":"https:\/\/portaltela.pt\/api\/wp\/v2\/comments?post=403493"}],"version-history":[{"count":0,"href":"https:\/\/portaltela.pt\/api\/wp\/v2\/posts\/403493\/revisions"}],"wp:featuredmedia":[{"embeddable":true,"href":"https:\/\/portaltela.pt\/api\/wp\/v2\/media\/403496"}],"wp:attachment":[{"href":"https:\/\/portaltela.pt\/api\/wp\/v2\/media?parent=403493"}],"wp:term":[{"taxonomy":"category","embeddable":true,"href":"https:\/\/portaltela.pt\/api\/wp\/v2\/categories?post=403493"},{"taxonomy":"post_tag","embeddable":true,"href":"https:\/\/portaltela.pt\/api\/wp\/v2\/tags?post=403493"}],"curies":[{"name":"wp","href":"https:\/\/api.w.org\/{rel}","templated":true}]}}