{"id":403470,"date":"2026-03-09T11:46:38","date_gmt":"2026-03-09T14:46:38","guid":{"rendered":"https:\/\/portaltela.pt\/noticias\/2026\/03\/09\/ia-da-dassault-systemes-transforma-design-e-fabrico-industriais\/"},"modified":"2026-03-09T11:46:38","modified_gmt":"2026-03-09T14:46:38","slug":"ia-da-dassault-systemes-transforma-design-e-fabrico-industriais","status":"publish","type":"post","link":"https:\/\/portaltela.pt\/tecnologia\/2026\/03\/09\/ia-da-dassault-systemes-transforma-design-e-fabrico-industriais\/","title":{"rendered":"IA da Dassault Syst\u00e8mes transforma design e fabrico industriais"},"content":{"rendered":"<p>A Dassault Syst\u00e8mes apresentou, no Mobile World Congress, assistentes virtuais movidos a IA para redefinir design e fabrico industriais. Os sistemas, destinados a clientes da ind\u00fastria, integram processos generativos para apoiar engenharia e produ\u00e7\u00e3o.<\/p>\n<p>Entre os nomes dos assistentes est\u00e3o Marie, que responde a quest\u00f5es cient\u00edficas, Leo, dedicado a esclarecimentos de engenharia, e Dominic, que surge nas telas do stand para responder a perguntas sobre o evento. A executiva Florence Verzelen sublinha o potencial de agilizar tarefas nos locais de trabalho dos clientes.<\/p>\n<h3>Ligar mundos virtual e real<\/h3>\n<p>A empresa, com base em Paris, trabalha com g\u00e9meos virtuais para criar, testar e otimizar produtos e processos no ambiente digital. A ideia \u00e9 permitir que fabricantes simulem design, engenharia e produ\u00e7\u00e3o num \u00fanico ecossistema.<\/p>\n<p>Para uma ind\u00fastria, por exemplo autom\u00f3vel, o objetivo \u00e9 testar o ve\u00edculo virtualmente e alcan\u00e7ar o desenho mais eficiente. Assim, \u00e9 poss\u00edvel reduzir peso, emiss\u00f5es e acelerar o ciclo de desenvolvimento.<\/p>\n<h3>Funcionamento e impactos<\/h3>\n<p>Os g\u00e9meos virtuais alimentados por IA generativa visam acompanhar mudan\u00e7as regulat\u00f3rias, acelerar investiga\u00e7\u00e3o e desenvolver novos materiais. A ferramenta pode adaptar-se rapidamente a novas exig\u00eancias e apoiar equipas na tomada de decis\u00f5es.<\/p>\n<p>Verzelen admite preocupa\u00e7\u00f5es sobre a acelera\u00e7\u00e3o da ado\u00e7\u00e3o entre as empresas. O atraso na entrada pode levar a um atraso competitivo, segundo a executiva. A integra\u00e7\u00e3o entre mundos virtual e real facilita a troca de dados e conhecimento.<\/p>\n","protected":false},"excerpt":{"rendered":"<ul>\n<li>A Dassault Syst\u00e8mes lan\u00e7ou assistentes virtuais alimentados por IA \u2014 Dominic, Leo e Marie \u2014 para transformar design e engenharia de produ\u00e7\u00e3o, apresentados no Mobile World Congress.<\/li>\n<li>Marie responde a perguntas cient\u00edficas; Leo esclarece quest\u00f5es de engenharia; Dominic responde a quest\u00f5es sobre o evento.<\/li>\n<li>A empresa pretende ligar o mundo virtual ao real atrav\u00e9s de g\u00e9meos virtuais, permitindo testar ve\u00edculos e desenhos em ambiente virtual para otimizar peso e emiss\u00f5es.<\/li>\n<li>O objetivo \u00e9 que empresas possam conceber e fabricar num \u00fanico ambiente virtual, acelerando a produ\u00e7\u00e3o e aumentando a sustentabilidade.<\/li>\n<li>A executiva Florence Verzelen destaca o entusiasmo com a IA generativa, ao mesmo tempo que reconhece a preocupa\u00e7\u00e3o com a rapidez de ado\u00e7\u00e3o pelos clientes.<\/li>\n<\/ul>\n","protected":false},"author":2,"featured_media":403471,"comment_status":"closed","ping_status":"closed","sticky":false,"template":"","format":"standard","meta":{"footnotes":""},"categories":[1,6716],"tags":[1867,28,2415,33,51,153],"class_list":["post-403470","post","type-post","status-publish","format-standard","has-post-thumbnail","hentry","category-noticias","category-tecnologia","tag-digitalizacao","tag-economia","tag-gestao","tag-inovacao","tag-inteligencia-artificial","tag-tecnologia"],"yoast_head":"<!-- This site is optimized with the Yoast SEO plugin v27.2 - https:\/\/yoast.com\/product\/yoast-seo-wordpress\/ -->\n<title>IA da Dassault Syst\u00e8mes transforma design e fabrico industriais - Portal Tela Portugal<\/title>\n<meta name=\"robots\" content=\"index, follow, max-snippet:-1, max-image-preview:large, max-video-preview:-1\" \/>\n<meta property=\"og:locale\" content=\"pt_PT\" \/>\n<meta property=\"og:type\" content=\"article\" \/>\n<meta property=\"og:title\" content=\"IA da Dassault Syst\u00e8mes transforma design e fabrico industriais - Portal Tela Portugal\" \/>\n<meta property=\"og:description\" content=\"A Dassault Syst\u00e8mes lan\u00e7ou assistentes virtuais alimentados por IA \u2014 Dominic, Leo e Marie \u2014 para transformar design e engenharia de produ\u00e7\u00e3o, apresentados no Mobile World Congress. Marie responde a perguntas cient\u00edficas; Leo esclarece quest\u00f5es de engenharia; Dominic responde a quest\u00f5es sobre o evento. A empresa pretende ligar o mundo virtual ao real atrav\u00e9s de g\u00e9meos virtuais, permitindo testar ve\u00edculos e desenhos em ambiente virtual para otimizar peso e emiss\u00f5es. O objetivo \u00e9 que empresas possam conceber e fabricar num \u00fanico ambiente virtual, acelerando a produ\u00e7\u00e3o e aumentando a sustentabilidade. A executiva Florence Verzelen destaca o entusiasmo com a IA generativa, ao mesmo tempo que reconhece a preocupa\u00e7\u00e3o com a rapidez de ado\u00e7\u00e3o pelos clientes.\" \/>\n<meta property=\"og:url\" content=\"https:\/\/portaltela.pt\/noticias\/2026\/03\/09\/ia-da-dassault-systemes-transforma-design-e-fabrico-industriais\/\" \/>\n<meta property=\"og:site_name\" content=\"Portal Tela Portugal\" \/>\n<meta property=\"article:published_time\" content=\"2026-03-09T14:46:38+00:00\" \/>\n<meta name=\"author\" content=\"Telinha\" \/>\n<meta name=\"twitter:card\" content=\"summary_large_image\" \/>\n<meta name=\"twitter:label1\" content=\"Escrito por\" \/>\n\t<meta name=\"twitter:data1\" content=\"Telinha\" \/>\n\t<meta name=\"twitter:label2\" content=\"Tempo estimado de leitura\" \/>\n\t<meta name=\"twitter:data2\" content=\"1 minuto\" \/>\n<script type=\"application\/ld+json\" class=\"yoast-schema-graph\">{\"@context\":\"https:\/\/schema.org\",\"@graph\":[{\"@type\":\"Article\",\"@id\":\"https:\/\/portaltela.pt\/noticias\/2026\/03\/09\/ia-da-dassault-systemes-transforma-design-e-fabrico-industriais\/#article\",\"isPartOf\":{\"@id\":\"https:\/\/portaltela.pt\/noticias\/2026\/03\/09\/ia-da-dassault-systemes-transforma-design-e-fabrico-industriais\/\"},\"author\":{\"name\":\"Telinha\",\"@id\":\"https:\/\/portaltela.pt\/#\/schema\/person\/c4278d4a6028830caff9ee44b42d32ed\"},\"headline\":\"IA da Dassault Syst\u00e8mes transforma design e fabrico industriais\",\"datePublished\":\"2026-03-09T14:46:38+00:00\",\"mainEntityOfPage\":{\"@id\":\"https:\/\/portaltela.pt\/noticias\/2026\/03\/09\/ia-da-dassault-systemes-transforma-design-e-fabrico-industriais\/\"},\"wordCount\":258,\"image\":{\"@id\":\"https:\/\/portaltela.pt\/noticias\/2026\/03\/09\/ia-da-dassault-systemes-transforma-design-e-fabrico-industriais\/#primaryimage\"},\"thumbnailUrl\":\"https:\/\/portaltela.pt\/s.01k8rhncp4jt1\/2026\/03\/1536x864_cmsv2_c189407f-2cd5-5b4c-93e7-cb8f3bc48d7b-9679133.jpg\",\"keywords\":[\"digitaliza\u00e7\u00e3o\",\"economia\",\"gest\u00e3o\",\"inova\u00e7\u00e3o\",\"intelig\u00eancia artificial\",\"tecnologia\"],\"articleSection\":[\"Not\u00edcias\",\"Tecnologia\"],\"inLanguage\":\"pt-PT\"},{\"@type\":\"WebPage\",\"@id\":\"https:\/\/portaltela.pt\/noticias\/2026\/03\/09\/ia-da-dassault-systemes-transforma-design-e-fabrico-industriais\/\",\"url\":\"https:\/\/portaltela.pt\/noticias\/2026\/03\/09\/ia-da-dassault-systemes-transforma-design-e-fabrico-industriais\/\",\"name\":\"IA da Dassault Syst\u00e8mes transforma design e fabrico industriais - Portal Tela Portugal\",\"isPartOf\":{\"@id\":\"https:\/\/portaltela.pt\/#website\"},\"primaryImageOfPage\":{\"@id\":\"https:\/\/portaltela.pt\/noticias\/2026\/03\/09\/ia-da-dassault-systemes-transforma-design-e-fabrico-industriais\/#primaryimage\"},\"image\":{\"@id\":\"https:\/\/portaltela.pt\/noticias\/2026\/03\/09\/ia-da-dassault-systemes-transforma-design-e-fabrico-industriais\/#primaryimage\"},\"thumbnailUrl\":\"https:\/\/portaltela.pt\/s.01k8rhncp4jt1\/2026\/03\/1536x864_cmsv2_c189407f-2cd5-5b4c-93e7-cb8f3bc48d7b-9679133.jpg\",\"datePublished\":\"2026-03-09T14:46:38+00:00\",\"author\":{\"@id\":\"https:\/\/portaltela.pt\/#\/schema\/person\/c4278d4a6028830caff9ee44b42d32ed\"},\"breadcrumb\":{\"@id\":\"https:\/\/portaltela.pt\/noticias\/2026\/03\/09\/ia-da-dassault-systemes-transforma-design-e-fabrico-industriais\/#breadcrumb\"},\"inLanguage\":\"pt-PT\",\"potentialAction\":[{\"@type\":\"ReadAction\",\"target\":[\"https:\/\/portaltela.pt\/noticias\/2026\/03\/09\/ia-da-dassault-systemes-transforma-design-e-fabrico-industriais\/\"]}]},{\"@type\":\"ImageObject\",\"inLanguage\":\"pt-PT\",\"@id\":\"https:\/\/portaltela.pt\/noticias\/2026\/03\/09\/ia-da-dassault-systemes-transforma-design-e-fabrico-industriais\/#primaryimage\",\"url\":\"https:\/\/portaltela.pt\/s.01k8rhncp4jt1\/2026\/03\/1536x864_cmsv2_c189407f-2cd5-5b4c-93e7-cb8f3bc48d7b-9679133.jpg\",\"contentUrl\":\"https:\/\/portaltela.pt\/s.01k8rhncp4jt1\/2026\/03\/1536x864_cmsv2_c189407f-2cd5-5b4c-93e7-cb8f3bc48d7b-9679133.jpg\",\"width\":1536,\"height\":864,\"caption\":\"Dassault Syst\u00e8mes no MWC\"},{\"@type\":\"BreadcrumbList\",\"@id\":\"https:\/\/portaltela.pt\/noticias\/2026\/03\/09\/ia-da-dassault-systemes-transforma-design-e-fabrico-industriais\/#breadcrumb\",\"itemListElement\":[{\"@type\":\"ListItem\",\"position\":1,\"name\":\"In\u00edcio\",\"item\":\"https:\/\/portaltela.pt\/\"},{\"@type\":\"ListItem\",\"position\":2,\"name\":\"IA da Dassault Syst\u00e8mes transforma design e fabrico industriais\"}]},{\"@type\":\"WebSite\",\"@id\":\"https:\/\/portaltela.pt\/#website\",\"url\":\"https:\/\/portaltela.pt\/\",\"name\":\"Portal Tela Portugal\",\"description\":\"\",\"potentialAction\":[{\"@type\":\"SearchAction\",\"target\":{\"@type\":\"EntryPoint\",\"urlTemplate\":\"https:\/\/portaltela.pt\/?s={search_term_string}\"},\"query-input\":{\"@type\":\"PropertyValueSpecification\",\"valueRequired\":true,\"valueName\":\"search_term_string\"}}],\"inLanguage\":\"pt-PT\"},{\"@type\":\"Person\",\"@id\":\"https:\/\/portaltela.pt\/#\/schema\/person\/c4278d4a6028830caff9ee44b42d32ed\",\"name\":\"Telinha\",\"image\":{\"@type\":\"ImageObject\",\"inLanguage\":\"pt-PT\",\"@id\":\"https:\/\/portaltela.pt\/s.01k8rhncp4jt1\/2025\/11\/talking-bot-125x125.png\",\"url\":\"https:\/\/portaltela.pt\/s.01k8rhncp4jt1\/2025\/11\/talking-bot-125x125.png\",\"contentUrl\":\"https:\/\/portaltela.pt\/s.01k8rhncp4jt1\/2025\/11\/talking-bot-125x125.png\",\"caption\":\"Telinha\"},\"sameAs\":[\"https:\/\/portaltela.pt\/\"],\"url\":\"https:\/\/portaltela.pt\/por\/367410592786\/\"}]}<\/script>\n<!-- \/ Yoast SEO plugin. -->","yoast_head_json":{"title":"IA da Dassault Syst\u00e8mes transforma design e fabrico industriais - Portal Tela Portugal","robots":{"index":"index","follow":"follow","max-snippet":"max-snippet:-1","max-image-preview":"max-image-preview:large","max-video-preview":"max-video-preview:-1"},"og_locale":"pt_PT","og_type":"article","og_title":"IA da Dassault Syst\u00e8mes transforma design e fabrico industriais - Portal Tela Portugal","og_description":"A Dassault Syst\u00e8mes lan\u00e7ou assistentes virtuais alimentados por IA \u2014 Dominic, Leo e Marie \u2014 para transformar design e engenharia de produ\u00e7\u00e3o, apresentados no Mobile World Congress. Marie responde a perguntas cient\u00edficas; Leo esclarece quest\u00f5es de engenharia; Dominic responde a quest\u00f5es sobre o evento. A empresa pretende ligar o mundo virtual ao real atrav\u00e9s de g\u00e9meos virtuais, permitindo testar ve\u00edculos e desenhos em ambiente virtual para otimizar peso e emiss\u00f5es. O objetivo \u00e9 que empresas possam conceber e fabricar num \u00fanico ambiente virtual, acelerando a produ\u00e7\u00e3o e aumentando a sustentabilidade. A executiva Florence Verzelen destaca o entusiasmo com a IA generativa, ao mesmo tempo que reconhece a preocupa\u00e7\u00e3o com a rapidez de ado\u00e7\u00e3o pelos clientes.","og_url":"https:\/\/portaltela.pt\/noticias\/2026\/03\/09\/ia-da-dassault-systemes-transforma-design-e-fabrico-industriais\/","og_site_name":"Portal Tela Portugal","article_published_time":"2026-03-09T14:46:38+00:00","author":"Telinha","twitter_card":"summary_large_image","twitter_misc":{"Escrito por":"Telinha","Tempo estimado de leitura":"1 minuto"},"schema":{"@context":"https:\/\/schema.org","@graph":[{"@type":"Article","@id":"https:\/\/portaltela.pt\/noticias\/2026\/03\/09\/ia-da-dassault-systemes-transforma-design-e-fabrico-industriais\/#article","isPartOf":{"@id":"https:\/\/portaltela.pt\/noticias\/2026\/03\/09\/ia-da-dassault-systemes-transforma-design-e-fabrico-industriais\/"},"author":{"name":"Telinha","@id":"https:\/\/portaltela.pt\/#\/schema\/person\/c4278d4a6028830caff9ee44b42d32ed"},"headline":"IA da Dassault Syst\u00e8mes transforma design e fabrico industriais","datePublished":"2026-03-09T14:46:38+00:00","mainEntityOfPage":{"@id":"https:\/\/portaltela.pt\/noticias\/2026\/03\/09\/ia-da-dassault-systemes-transforma-design-e-fabrico-industriais\/"},"wordCount":258,"image":{"@id":"https:\/\/portaltela.pt\/noticias\/2026\/03\/09\/ia-da-dassault-systemes-transforma-design-e-fabrico-industriais\/#primaryimage"},"thumbnailUrl":"https:\/\/portaltela.pt\/s.01k8rhncp4jt1\/2026\/03\/1536x864_cmsv2_c189407f-2cd5-5b4c-93e7-cb8f3bc48d7b-9679133.jpg","keywords":["digitaliza\u00e7\u00e3o","economia","gest\u00e3o","inova\u00e7\u00e3o","intelig\u00eancia artificial","tecnologia"],"articleSection":["Not\u00edcias","Tecnologia"],"inLanguage":"pt-PT"},{"@type":"WebPage","@id":"https:\/\/portaltela.pt\/noticias\/2026\/03\/09\/ia-da-dassault-systemes-transforma-design-e-fabrico-industriais\/","url":"https:\/\/portaltela.pt\/noticias\/2026\/03\/09\/ia-da-dassault-systemes-transforma-design-e-fabrico-industriais\/","name":"IA da Dassault Syst\u00e8mes transforma design e fabrico industriais - Portal Tela Portugal","isPartOf":{"@id":"https:\/\/portaltela.pt\/#website"},"primaryImageOfPage":{"@id":"https:\/\/portaltela.pt\/noticias\/2026\/03\/09\/ia-da-dassault-systemes-transforma-design-e-fabrico-industriais\/#primaryimage"},"image":{"@id":"https:\/\/portaltela.pt\/noticias\/2026\/03\/09\/ia-da-dassault-systemes-transforma-design-e-fabrico-industriais\/#primaryimage"},"thumbnailUrl":"https:\/\/portaltela.pt\/s.01k8rhncp4jt1\/2026\/03\/1536x864_cmsv2_c189407f-2cd5-5b4c-93e7-cb8f3bc48d7b-9679133.jpg","datePublished":"2026-03-09T14:46:38+00:00","author":{"@id":"https:\/\/portaltela.pt\/#\/schema\/person\/c4278d4a6028830caff9ee44b42d32ed"},"breadcrumb":{"@id":"https:\/\/portaltela.pt\/noticias\/2026\/03\/09\/ia-da-dassault-systemes-transforma-design-e-fabrico-industriais\/#breadcrumb"},"inLanguage":"pt-PT","potentialAction":[{"@type":"ReadAction","target":["https:\/\/portaltela.pt\/noticias\/2026\/03\/09\/ia-da-dassault-systemes-transforma-design-e-fabrico-industriais\/"]}]},{"@type":"ImageObject","inLanguage":"pt-PT","@id":"https:\/\/portaltela.pt\/noticias\/2026\/03\/09\/ia-da-dassault-systemes-transforma-design-e-fabrico-industriais\/#primaryimage","url":"https:\/\/portaltela.pt\/s.01k8rhncp4jt1\/2026\/03\/1536x864_cmsv2_c189407f-2cd5-5b4c-93e7-cb8f3bc48d7b-9679133.jpg","contentUrl":"https:\/\/portaltela.pt\/s.01k8rhncp4jt1\/2026\/03\/1536x864_cmsv2_c189407f-2cd5-5b4c-93e7-cb8f3bc48d7b-9679133.jpg","width":1536,"height":864,"caption":"Dassault Syst\u00e8mes no MWC"},{"@type":"BreadcrumbList","@id":"https:\/\/portaltela.pt\/noticias\/2026\/03\/09\/ia-da-dassault-systemes-transforma-design-e-fabrico-industriais\/#breadcrumb","itemListElement":[{"@type":"ListItem","position":1,"name":"In\u00edcio","item":"https:\/\/portaltela.pt\/"},{"@type":"ListItem","position":2,"name":"IA da Dassault Syst\u00e8mes transforma design e fabrico industriais"}]},{"@type":"WebSite","@id":"https:\/\/portaltela.pt\/#website","url":"https:\/\/portaltela.pt\/","name":"Portal Tela Portugal","description":"","potentialAction":[{"@type":"SearchAction","target":{"@type":"EntryPoint","urlTemplate":"https:\/\/portaltela.pt\/?s={search_term_string}"},"query-input":{"@type":"PropertyValueSpecification","valueRequired":true,"valueName":"search_term_string"}}],"inLanguage":"pt-PT"},{"@type":"Person","@id":"https:\/\/portaltela.pt\/#\/schema\/person\/c4278d4a6028830caff9ee44b42d32ed","name":"Telinha","image":{"@type":"ImageObject","inLanguage":"pt-PT","@id":"https:\/\/portaltela.pt\/s.01k8rhncp4jt1\/2025\/11\/talking-bot-125x125.png","url":"https:\/\/portaltela.pt\/s.01k8rhncp4jt1\/2025\/11\/talking-bot-125x125.png","contentUrl":"https:\/\/portaltela.pt\/s.01k8rhncp4jt1\/2025\/11\/talking-bot-125x125.png","caption":"Telinha"},"sameAs":["https:\/\/portaltela.pt\/"],"url":"https:\/\/portaltela.pt\/por\/367410592786\/"}]}},"_links":{"self":[{"href":"https:\/\/portaltela.pt\/api\/wp\/v2\/posts\/403470","targetHints":{"allow":["GET"]}}],"collection":[{"href":"https:\/\/portaltela.pt\/api\/wp\/v2\/posts"}],"about":[{"href":"https:\/\/portaltela.pt\/api\/wp\/v2\/types\/post"}],"author":[{"embeddable":true,"href":"https:\/\/portaltela.pt\/api\/wp\/v2\/users\/2"}],"replies":[{"embeddable":true,"href":"https:\/\/portaltela.pt\/api\/wp\/v2\/comments?post=403470"}],"version-history":[{"count":0,"href":"https:\/\/portaltela.pt\/api\/wp\/v2\/posts\/403470\/revisions"}],"wp:featuredmedia":[{"embeddable":true,"href":"https:\/\/portaltela.pt\/api\/wp\/v2\/media\/403471"}],"wp:attachment":[{"href":"https:\/\/portaltela.pt\/api\/wp\/v2\/media?parent=403470"}],"wp:term":[{"taxonomy":"category","embeddable":true,"href":"https:\/\/portaltela.pt\/api\/wp\/v2\/categories?post=403470"},{"taxonomy":"post_tag","embeddable":true,"href":"https:\/\/portaltela.pt\/api\/wp\/v2\/tags?post=403470"}],"curies":[{"name":"wp","href":"https:\/\/api.w.org\/{rel}","templated":true}]}}