{"id":403466,"date":"2026-03-09T11:21:22","date_gmt":"2026-03-09T14:21:22","guid":{"rendered":"https:\/\/portaltela.pt\/noticias\/2026\/03\/09\/barrenechea-e-rios-sob-mourinho-altos-e-baixos-entre-dragao-e-luz\/"},"modified":"2026-03-09T11:21:22","modified_gmt":"2026-03-09T14:21:22","slug":"barrenechea-e-rios-sob-mourinho-altos-e-baixos-entre-dragao-e-luz","status":"publish","type":"post","link":"https:\/\/portaltela.pt\/desporto\/futebol\/2026\/03\/09\/barrenechea-e-rios-sob-mourinho-altos-e-baixos-entre-dragao-e-luz\/","title":{"rendered":"Barrenechea e R\u00edos sob Mourinho: altos e baixos entre Drag\u00e3o e Luz"},"content":{"rendered":"<p>Na an\u00e1lise ao cl\u00e1ssico entre Benfica e FC Porto, Jos\u00e9 Mourinho afirmou sentir-se limitado pela necessidade de alinhar Richard R\u00edos e Enzo Barrenechea no meio-campo. O t\u00e9cnico apontou que a solu\u00e7\u00e3o de Barreiro e Aursnes deu a melhor exibi\u00e7\u00e3o \u00e0 equipa na Ta\u00e7a de Portugal, frente ao mesmo advers\u00e1rio, com derrota por 1-0.<\/p>\n<p>Segundo Mourinho, a equipa teve muita posse de bola, mas perdeu pouca para o duelo. A fala refletiu sobre as diferen\u00e7as entre os dois jovens m\u00e9dios, destacando a gest\u00e3o da bola e a recupera\u00e7\u00e3o defensiva como fatores decisivos para o ritmo do jogo.<\/p>\n<p>A an\u00e1lise do treinador surge num contexto em que Barrenechea e R\u00edos estiveram em campo em quase metade dos jogos da equipa com o Special One, entrando na equipa titular em v\u00e1rias partidas e ganhando espa\u00e7o at\u00e9 sofrerem les\u00f5es que atrasaram a sua afirma\u00e7\u00e3o.<\/p>\n<p>A avalia\u00e7\u00e3o adicional de Mourinho sugere que, sem les\u00f5es, a dupla poderia ter maior continuidade no plantel, influenciando o equil\u00edbrio entre constru\u00e7\u00e3o de jogo e conten\u00e7\u00e3o na fase de meio-campo, especialmente em confrontos com o FC Porto.<\/p>\n","protected":false},"excerpt":{"rendered":"<ul>\n<li>Jos\u00e9 Mourinho disse que foi limitado por ter sido obrigado a usar Richard R\u00edos e Enzo Barrenechea no meio-campo no cl\u00e1ssico.<\/li>\n<li>O t\u00e9cnico recordou que a melhor exibi\u00e7\u00e3o do Benfica frente ao FC Porto ocorreu com Barreiro e Aursnes, na derrota para a Ta\u00e7a de Portugal (1-0).<\/li>\n<li>Mourinho afirmou que houve muita posse de bola e pouca perda de bola, destacando diferen\u00e7as entre os dois meio-campistas.<\/li>\n<li>A an\u00e1lise concentra-se no confronto entre Benfica e FC Porto e nas escolhas de meio-campo feitas pelo treinador.<\/li>\n<\/ul>\n","protected":false},"author":2,"featured_media":403467,"comment_status":"closed","ping_status":"closed","sticky":false,"template":"","format":"standard","meta":{"footnotes":""},"categories":[21,24],"tags":[1946,5847,2028,32,982,1266],"class_list":["post-403466","post","type-post","status-publish","format-standard","has-post-thumbnail","hentry","category-desporto","category-futebol","tag-benfica","tag-enzo-barrenechea","tag-fc-porto","tag-futebol","tag-porto","tag-taca-de-portugal"],"yoast_head":"<!-- This site is optimized with the Yoast SEO plugin v27.2 - https:\/\/yoast.com\/product\/yoast-seo-wordpress\/ -->\n<title>Barrenechea e R\u00edos sob Mourinho: altos e baixos entre Drag\u00e3o e Luz - Portal Tela Portugal<\/title>\n<meta name=\"robots\" content=\"index, follow, max-snippet:-1, max-image-preview:large, max-video-preview:-1\" \/>\n<meta property=\"og:locale\" content=\"pt_PT\" \/>\n<meta property=\"og:type\" content=\"article\" \/>\n<meta property=\"og:title\" content=\"Barrenechea e R\u00edos sob Mourinho: altos e baixos entre Drag\u00e3o e Luz - Portal Tela Portugal\" \/>\n<meta property=\"og:description\" content=\"Jos\u00e9 Mourinho disse que foi limitado por ter sido obrigado a usar Richard R\u00edos e Enzo Barrenechea no meio-campo no cl\u00e1ssico. O t\u00e9cnico recordou que a melhor exibi\u00e7\u00e3o do Benfica frente ao FC Porto ocorreu com Barreiro e Aursnes, na derrota para a Ta\u00e7a de Portugal (1-0). Mourinho afirmou que houve muita posse de bola e pouca perda de bola, destacando diferen\u00e7as entre os dois meio-campistas. A an\u00e1lise concentra-se no confronto entre Benfica e FC Porto e nas escolhas de meio-campo feitas pelo treinador.\" \/>\n<meta property=\"og:url\" content=\"https:\/\/portaltela.pt\/noticias\/2026\/03\/09\/barrenechea-e-rios-sob-mourinho-altos-e-baixos-entre-dragao-e-luz\/\" \/>\n<meta property=\"og:site_name\" content=\"Portal Tela Portugal\" \/>\n<meta property=\"article:published_time\" content=\"2026-03-09T14:21:22+00:00\" \/>\n<meta name=\"author\" content=\"Telinha\" \/>\n<meta name=\"twitter:card\" content=\"summary_large_image\" \/>\n<meta name=\"twitter:label1\" content=\"Escrito por\" \/>\n\t<meta name=\"twitter:data1\" content=\"Telinha\" \/>\n\t<meta name=\"twitter:label2\" content=\"Tempo estimado de leitura\" \/>\n\t<meta name=\"twitter:data2\" content=\"1 minuto\" \/>\n<script type=\"application\/ld+json\" class=\"yoast-schema-graph\">{\"@context\":\"https:\/\/schema.org\",\"@graph\":[{\"@type\":\"Article\",\"@id\":\"https:\/\/portaltela.pt\/noticias\/2026\/03\/09\/barrenechea-e-rios-sob-mourinho-altos-e-baixos-entre-dragao-e-luz\/#article\",\"isPartOf\":{\"@id\":\"https:\/\/portaltela.pt\/noticias\/2026\/03\/09\/barrenechea-e-rios-sob-mourinho-altos-e-baixos-entre-dragao-e-luz\/\"},\"author\":{\"name\":\"Telinha\",\"@id\":\"https:\/\/portaltela.pt\/#\/schema\/person\/c4278d4a6028830caff9ee44b42d32ed\"},\"headline\":\"Barrenechea e R\u00edos sob Mourinho: altos e baixos entre Drag\u00e3o e Luz\",\"datePublished\":\"2026-03-09T14:21:22+00:00\",\"mainEntityOfPage\":{\"@id\":\"https:\/\/portaltela.pt\/noticias\/2026\/03\/09\/barrenechea-e-rios-sob-mourinho-altos-e-baixos-entre-dragao-e-luz\/\"},\"wordCount\":213,\"image\":{\"@id\":\"https:\/\/portaltela.pt\/noticias\/2026\/03\/09\/barrenechea-e-rios-sob-mourinho-altos-e-baixos-entre-dragao-e-luz\/#primaryimage\"},\"thumbnailUrl\":\"https:\/\/portaltela.pt\/s.01k8rhncp4jt1\/2026\/03\/img_1200x721uu2026-03-09-14-16-11-2425841-im-639086625891342045.jpg\",\"keywords\":[\"Benfica\",\"Enzo Barrenechea\",\"FC Porto\",\"futebol\",\"Porto\",\"Ta\u00e7a de Portugal\"],\"articleSection\":[\"Desporto\",\"Futebol\"],\"inLanguage\":\"pt-PT\"},{\"@type\":\"WebPage\",\"@id\":\"https:\/\/portaltela.pt\/noticias\/2026\/03\/09\/barrenechea-e-rios-sob-mourinho-altos-e-baixos-entre-dragao-e-luz\/\",\"url\":\"https:\/\/portaltela.pt\/noticias\/2026\/03\/09\/barrenechea-e-rios-sob-mourinho-altos-e-baixos-entre-dragao-e-luz\/\",\"name\":\"Barrenechea e R\u00edos sob Mourinho: altos e baixos entre Drag\u00e3o e Luz - Portal Tela Portugal\",\"isPartOf\":{\"@id\":\"https:\/\/portaltela.pt\/#website\"},\"primaryImageOfPage\":{\"@id\":\"https:\/\/portaltela.pt\/noticias\/2026\/03\/09\/barrenechea-e-rios-sob-mourinho-altos-e-baixos-entre-dragao-e-luz\/#primaryimage\"},\"image\":{\"@id\":\"https:\/\/portaltela.pt\/noticias\/2026\/03\/09\/barrenechea-e-rios-sob-mourinho-altos-e-baixos-entre-dragao-e-luz\/#primaryimage\"},\"thumbnailUrl\":\"https:\/\/portaltela.pt\/s.01k8rhncp4jt1\/2026\/03\/img_1200x721uu2026-03-09-14-16-11-2425841-im-639086625891342045.jpg\",\"datePublished\":\"2026-03-09T14:21:22+00:00\",\"author\":{\"@id\":\"https:\/\/portaltela.pt\/#\/schema\/person\/c4278d4a6028830caff9ee44b42d32ed\"},\"breadcrumb\":{\"@id\":\"https:\/\/portaltela.pt\/noticias\/2026\/03\/09\/barrenechea-e-rios-sob-mourinho-altos-e-baixos-entre-dragao-e-luz\/#breadcrumb\"},\"inLanguage\":\"pt-PT\",\"potentialAction\":[{\"@type\":\"ReadAction\",\"target\":[\"https:\/\/portaltela.pt\/noticias\/2026\/03\/09\/barrenechea-e-rios-sob-mourinho-altos-e-baixos-entre-dragao-e-luz\/\"]}]},{\"@type\":\"ImageObject\",\"inLanguage\":\"pt-PT\",\"@id\":\"https:\/\/portaltela.pt\/noticias\/2026\/03\/09\/barrenechea-e-rios-sob-mourinho-altos-e-baixos-entre-dragao-e-luz\/#primaryimage\",\"url\":\"https:\/\/portaltela.pt\/s.01k8rhncp4jt1\/2026\/03\/img_1200x721uu2026-03-09-14-16-11-2425841-im-639086625891342045.jpg\",\"contentUrl\":\"https:\/\/portaltela.pt\/s.01k8rhncp4jt1\/2026\/03\/img_1200x721uu2026-03-09-14-16-11-2425841-im-639086625891342045.jpg\",\"width\":796,\"height\":448,\"caption\":\"Enzo Barrenechea e R\u00edos no cl\u00e1ssico do Drag\u00e3o\"},{\"@type\":\"BreadcrumbList\",\"@id\":\"https:\/\/portaltela.pt\/noticias\/2026\/03\/09\/barrenechea-e-rios-sob-mourinho-altos-e-baixos-entre-dragao-e-luz\/#breadcrumb\",\"itemListElement\":[{\"@type\":\"ListItem\",\"position\":1,\"name\":\"In\u00edcio\",\"item\":\"https:\/\/portaltela.pt\/\"},{\"@type\":\"ListItem\",\"position\":2,\"name\":\"Barrenechea e R\u00edos sob Mourinho: altos e baixos entre Drag\u00e3o e Luz\"}]},{\"@type\":\"WebSite\",\"@id\":\"https:\/\/portaltela.pt\/#website\",\"url\":\"https:\/\/portaltela.pt\/\",\"name\":\"Portal Tela Portugal\",\"description\":\"\",\"potentialAction\":[{\"@type\":\"SearchAction\",\"target\":{\"@type\":\"EntryPoint\",\"urlTemplate\":\"https:\/\/portaltela.pt\/?s={search_term_string}\"},\"query-input\":{\"@type\":\"PropertyValueSpecification\",\"valueRequired\":true,\"valueName\":\"search_term_string\"}}],\"inLanguage\":\"pt-PT\"},{\"@type\":\"Person\",\"@id\":\"https:\/\/portaltela.pt\/#\/schema\/person\/c4278d4a6028830caff9ee44b42d32ed\",\"name\":\"Telinha\",\"image\":{\"@type\":\"ImageObject\",\"inLanguage\":\"pt-PT\",\"@id\":\"https:\/\/portaltela.pt\/s.01k8rhncp4jt1\/2025\/11\/talking-bot-125x125.png\",\"url\":\"https:\/\/portaltela.pt\/s.01k8rhncp4jt1\/2025\/11\/talking-bot-125x125.png\",\"contentUrl\":\"https:\/\/portaltela.pt\/s.01k8rhncp4jt1\/2025\/11\/talking-bot-125x125.png\",\"caption\":\"Telinha\"},\"sameAs\":[\"https:\/\/portaltela.pt\/\"],\"url\":\"https:\/\/portaltela.pt\/por\/367410592786\/\"}]}<\/script>\n<!-- \/ Yoast SEO plugin. -->","yoast_head_json":{"title":"Barrenechea e R\u00edos sob Mourinho: altos e baixos entre Drag\u00e3o e Luz - Portal Tela Portugal","robots":{"index":"index","follow":"follow","max-snippet":"max-snippet:-1","max-image-preview":"max-image-preview:large","max-video-preview":"max-video-preview:-1"},"og_locale":"pt_PT","og_type":"article","og_title":"Barrenechea e R\u00edos sob Mourinho: altos e baixos entre Drag\u00e3o e Luz - Portal Tela Portugal","og_description":"Jos\u00e9 Mourinho disse que foi limitado por ter sido obrigado a usar Richard R\u00edos e Enzo Barrenechea no meio-campo no cl\u00e1ssico. O t\u00e9cnico recordou que a melhor exibi\u00e7\u00e3o do Benfica frente ao FC Porto ocorreu com Barreiro e Aursnes, na derrota para a Ta\u00e7a de Portugal (1-0). Mourinho afirmou que houve muita posse de bola e pouca perda de bola, destacando diferen\u00e7as entre os dois meio-campistas. A an\u00e1lise concentra-se no confronto entre Benfica e FC Porto e nas escolhas de meio-campo feitas pelo treinador.","og_url":"https:\/\/portaltela.pt\/noticias\/2026\/03\/09\/barrenechea-e-rios-sob-mourinho-altos-e-baixos-entre-dragao-e-luz\/","og_site_name":"Portal Tela Portugal","article_published_time":"2026-03-09T14:21:22+00:00","author":"Telinha","twitter_card":"summary_large_image","twitter_misc":{"Escrito por":"Telinha","Tempo estimado de leitura":"1 minuto"},"schema":{"@context":"https:\/\/schema.org","@graph":[{"@type":"Article","@id":"https:\/\/portaltela.pt\/noticias\/2026\/03\/09\/barrenechea-e-rios-sob-mourinho-altos-e-baixos-entre-dragao-e-luz\/#article","isPartOf":{"@id":"https:\/\/portaltela.pt\/noticias\/2026\/03\/09\/barrenechea-e-rios-sob-mourinho-altos-e-baixos-entre-dragao-e-luz\/"},"author":{"name":"Telinha","@id":"https:\/\/portaltela.pt\/#\/schema\/person\/c4278d4a6028830caff9ee44b42d32ed"},"headline":"Barrenechea e R\u00edos sob Mourinho: altos e baixos entre Drag\u00e3o e Luz","datePublished":"2026-03-09T14:21:22+00:00","mainEntityOfPage":{"@id":"https:\/\/portaltela.pt\/noticias\/2026\/03\/09\/barrenechea-e-rios-sob-mourinho-altos-e-baixos-entre-dragao-e-luz\/"},"wordCount":213,"image":{"@id":"https:\/\/portaltela.pt\/noticias\/2026\/03\/09\/barrenechea-e-rios-sob-mourinho-altos-e-baixos-entre-dragao-e-luz\/#primaryimage"},"thumbnailUrl":"https:\/\/portaltela.pt\/s.01k8rhncp4jt1\/2026\/03\/img_1200x721uu2026-03-09-14-16-11-2425841-im-639086625891342045.jpg","keywords":["Benfica","Enzo Barrenechea","FC Porto","futebol","Porto","Ta\u00e7a de Portugal"],"articleSection":["Desporto","Futebol"],"inLanguage":"pt-PT"},{"@type":"WebPage","@id":"https:\/\/portaltela.pt\/noticias\/2026\/03\/09\/barrenechea-e-rios-sob-mourinho-altos-e-baixos-entre-dragao-e-luz\/","url":"https:\/\/portaltela.pt\/noticias\/2026\/03\/09\/barrenechea-e-rios-sob-mourinho-altos-e-baixos-entre-dragao-e-luz\/","name":"Barrenechea e R\u00edos sob Mourinho: altos e baixos entre Drag\u00e3o e Luz - Portal Tela Portugal","isPartOf":{"@id":"https:\/\/portaltela.pt\/#website"},"primaryImageOfPage":{"@id":"https:\/\/portaltela.pt\/noticias\/2026\/03\/09\/barrenechea-e-rios-sob-mourinho-altos-e-baixos-entre-dragao-e-luz\/#primaryimage"},"image":{"@id":"https:\/\/portaltela.pt\/noticias\/2026\/03\/09\/barrenechea-e-rios-sob-mourinho-altos-e-baixos-entre-dragao-e-luz\/#primaryimage"},"thumbnailUrl":"https:\/\/portaltela.pt\/s.01k8rhncp4jt1\/2026\/03\/img_1200x721uu2026-03-09-14-16-11-2425841-im-639086625891342045.jpg","datePublished":"2026-03-09T14:21:22+00:00","author":{"@id":"https:\/\/portaltela.pt\/#\/schema\/person\/c4278d4a6028830caff9ee44b42d32ed"},"breadcrumb":{"@id":"https:\/\/portaltela.pt\/noticias\/2026\/03\/09\/barrenechea-e-rios-sob-mourinho-altos-e-baixos-entre-dragao-e-luz\/#breadcrumb"},"inLanguage":"pt-PT","potentialAction":[{"@type":"ReadAction","target":["https:\/\/portaltela.pt\/noticias\/2026\/03\/09\/barrenechea-e-rios-sob-mourinho-altos-e-baixos-entre-dragao-e-luz\/"]}]},{"@type":"ImageObject","inLanguage":"pt-PT","@id":"https:\/\/portaltela.pt\/noticias\/2026\/03\/09\/barrenechea-e-rios-sob-mourinho-altos-e-baixos-entre-dragao-e-luz\/#primaryimage","url":"https:\/\/portaltela.pt\/s.01k8rhncp4jt1\/2026\/03\/img_1200x721uu2026-03-09-14-16-11-2425841-im-639086625891342045.jpg","contentUrl":"https:\/\/portaltela.pt\/s.01k8rhncp4jt1\/2026\/03\/img_1200x721uu2026-03-09-14-16-11-2425841-im-639086625891342045.jpg","width":796,"height":448,"caption":"Enzo Barrenechea e R\u00edos no cl\u00e1ssico do Drag\u00e3o"},{"@type":"BreadcrumbList","@id":"https:\/\/portaltela.pt\/noticias\/2026\/03\/09\/barrenechea-e-rios-sob-mourinho-altos-e-baixos-entre-dragao-e-luz\/#breadcrumb","itemListElement":[{"@type":"ListItem","position":1,"name":"In\u00edcio","item":"https:\/\/portaltela.pt\/"},{"@type":"ListItem","position":2,"name":"Barrenechea e R\u00edos sob Mourinho: altos e baixos entre Drag\u00e3o e Luz"}]},{"@type":"WebSite","@id":"https:\/\/portaltela.pt\/#website","url":"https:\/\/portaltela.pt\/","name":"Portal Tela Portugal","description":"","potentialAction":[{"@type":"SearchAction","target":{"@type":"EntryPoint","urlTemplate":"https:\/\/portaltela.pt\/?s={search_term_string}"},"query-input":{"@type":"PropertyValueSpecification","valueRequired":true,"valueName":"search_term_string"}}],"inLanguage":"pt-PT"},{"@type":"Person","@id":"https:\/\/portaltela.pt\/#\/schema\/person\/c4278d4a6028830caff9ee44b42d32ed","name":"Telinha","image":{"@type":"ImageObject","inLanguage":"pt-PT","@id":"https:\/\/portaltela.pt\/s.01k8rhncp4jt1\/2025\/11\/talking-bot-125x125.png","url":"https:\/\/portaltela.pt\/s.01k8rhncp4jt1\/2025\/11\/talking-bot-125x125.png","contentUrl":"https:\/\/portaltela.pt\/s.01k8rhncp4jt1\/2025\/11\/talking-bot-125x125.png","caption":"Telinha"},"sameAs":["https:\/\/portaltela.pt\/"],"url":"https:\/\/portaltela.pt\/por\/367410592786\/"}]}},"_links":{"self":[{"href":"https:\/\/portaltela.pt\/api\/wp\/v2\/posts\/403466","targetHints":{"allow":["GET"]}}],"collection":[{"href":"https:\/\/portaltela.pt\/api\/wp\/v2\/posts"}],"about":[{"href":"https:\/\/portaltela.pt\/api\/wp\/v2\/types\/post"}],"author":[{"embeddable":true,"href":"https:\/\/portaltela.pt\/api\/wp\/v2\/users\/2"}],"replies":[{"embeddable":true,"href":"https:\/\/portaltela.pt\/api\/wp\/v2\/comments?post=403466"}],"version-history":[{"count":0,"href":"https:\/\/portaltela.pt\/api\/wp\/v2\/posts\/403466\/revisions"}],"wp:featuredmedia":[{"embeddable":true,"href":"https:\/\/portaltela.pt\/api\/wp\/v2\/media\/403467"}],"wp:attachment":[{"href":"https:\/\/portaltela.pt\/api\/wp\/v2\/media?parent=403466"}],"wp:term":[{"taxonomy":"category","embeddable":true,"href":"https:\/\/portaltela.pt\/api\/wp\/v2\/categories?post=403466"},{"taxonomy":"post_tag","embeddable":true,"href":"https:\/\/portaltela.pt\/api\/wp\/v2\/tags?post=403466"}],"curies":[{"name":"wp","href":"https:\/\/api.w.org\/{rel}","templated":true}]}}