{"id":403464,"date":"2026-03-09T08:49:00","date_gmt":"2026-03-09T11:49:00","guid":{"rendered":"https:\/\/portaltela.pt\/noticias\/2026\/03\/09\/beira-baixa-regista-86-milhoes-de-euros-em-prejuizos-com-mau-tempo\/"},"modified":"2026-03-09T08:49:00","modified_gmt":"2026-03-09T11:49:00","slug":"beira-baixa-regista-86-milhoes-de-euros-em-prejuizos-com-mau-tempo","status":"publish","type":"post","link":"https:\/\/portaltela.pt\/noticias\/2026\/03\/09\/beira-baixa-regista-86-milhoes-de-euros-em-prejuizos-com-mau-tempo\/","title":{"rendered":"Beira Baixa regista 86 milh\u00f5es de euros em preju\u00edzos com mau tempo"},"content":{"rendered":"<p>O mau tempo causou preju\u00edzos de 86 milh\u00f5es de euros nos oito concelhos da CIM Beira Baixa. A cifra foi anunciada pelo presidente da Comunidade Intermunicipal da Beira Baixa (CIMBB).<\/p>\n<p>Segundo o respons\u00e1vel, os fogos, ventos fortes e precipita\u00e7\u00e3o intensa contribu\u00edram para les\u00f5es em infraestruturas, estradas e atividades econ\u00f3micas locais. O montante abrange v\u00e1rias \u00e1reas de atua\u00e7\u00e3o dos munic\u00edpios.<\/p>\n<p>Os oito concelhos que integram a CIMBB foram afetados de forma significativa, com impactos verificados em habita\u00e7\u00e3o, com\u00e9rcio e servi\u00e7os essenciais. O levantamento visa orientar respostas r\u00e1pidas e apoio municipal.<\/p>\n<p>A CIMBB pretende mobilizar recursos p\u00fablicos e privados para mitigar os preju\u00edzos e apoiar reconstru\u00e7\u00e3o. O presidente sublinhou a import\u00e2ncia de uma avalia\u00e7\u00e3o detalhada para futuras medidas preventivas.<\/p>\n","protected":false},"excerpt":{"rendered":"<ul>\n<li>A Comunidade Intermunicipal da Beira Baixa informou que os preju\u00edzos causados pelo mau tempo nos oito concelhos ascendem a 86 milh\u00f5es de euros.<\/li>\n<li>O valor foi divulgado pelo presidente da CIM Beira Baixa durante an\u00fancio oficial.<\/li>\n<li>Os danos dizem respeito \u00e0s oito imagens de concelhos que integram a CIMBB.<\/li>\n<li>N\u00e3o foram fornecidos detalhes adicionais sobre o tipo de estragos ou a reparti\u00e7\u00e3o regional dos preju\u00edzos.<\/li>\n<\/ul>\n","protected":false},"author":2,"featured_media":403465,"comment_status":"closed","ping_status":"closed","sticky":false,"template":"","format":"standard","meta":{"footnotes":""},"categories":[1],"tags":[6115,1846,5215,373,150,1615],"class_list":["post-403464","post","type-post","status-publish","format-standard","has-post-thumbnail","hentry","category-noticias","tag-_economia","tag-beira-interior","tag-catastrofes-naturais","tag-concelhos","tag-habitacao","tag-infraestrutura"],"yoast_head":"<!-- This site is optimized with the Yoast SEO plugin v27.2 - https:\/\/yoast.com\/product\/yoast-seo-wordpress\/ -->\n<title>Beira Baixa regista 86 milh\u00f5es de euros em preju\u00edzos com mau tempo - Portal Tela Portugal<\/title>\n<meta name=\"robots\" content=\"index, follow, max-snippet:-1, max-image-preview:large, max-video-preview:-1\" \/>\n<meta property=\"og:locale\" content=\"pt_PT\" \/>\n<meta property=\"og:type\" content=\"article\" \/>\n<meta property=\"og:title\" content=\"Beira Baixa regista 86 milh\u00f5es de euros em preju\u00edzos com mau tempo - Portal Tela Portugal\" \/>\n<meta property=\"og:description\" content=\"A Comunidade Intermunicipal da Beira Baixa informou que os preju\u00edzos causados pelo mau tempo nos oito concelhos ascendem a 86 milh\u00f5es de euros. O valor foi divulgado pelo presidente da CIM Beira Baixa durante an\u00fancio oficial. Os danos dizem respeito \u00e0s oito imagens de concelhos que integram a CIMBB. N\u00e3o foram fornecidos detalhes adicionais sobre o tipo de estragos ou a reparti\u00e7\u00e3o regional dos preju\u00edzos.\" \/>\n<meta property=\"og:url\" content=\"https:\/\/portaltela.pt\/noticias\/2026\/03\/09\/beira-baixa-regista-86-milhoes-de-euros-em-prejuizos-com-mau-tempo\/\" \/>\n<meta property=\"og:site_name\" content=\"Portal Tela Portugal\" \/>\n<meta property=\"article:published_time\" content=\"2026-03-09T11:49:00+00:00\" \/>\n<meta name=\"author\" content=\"Telinha\" \/>\n<meta name=\"twitter:card\" content=\"summary_large_image\" \/>\n<meta name=\"twitter:label1\" content=\"Escrito por\" \/>\n\t<meta name=\"twitter:data1\" content=\"Telinha\" \/>\n\t<meta name=\"twitter:label2\" content=\"Tempo estimado de leitura\" \/>\n\t<meta name=\"twitter:data2\" content=\"1 minuto\" \/>\n<script type=\"application\/ld+json\" class=\"yoast-schema-graph\">{\"@context\":\"https:\/\/schema.org\",\"@graph\":[{\"@type\":\"Article\",\"@id\":\"https:\/\/portaltela.pt\/noticias\/2026\/03\/09\/beira-baixa-regista-86-milhoes-de-euros-em-prejuizos-com-mau-tempo\/#article\",\"isPartOf\":{\"@id\":\"https:\/\/portaltela.pt\/noticias\/2026\/03\/09\/beira-baixa-regista-86-milhoes-de-euros-em-prejuizos-com-mau-tempo\/\"},\"author\":{\"name\":\"Telinha\",\"@id\":\"https:\/\/portaltela.pt\/#\/schema\/person\/c4278d4a6028830caff9ee44b42d32ed\"},\"headline\":\"Beira Baixa regista 86 milh\u00f5es de euros em preju\u00edzos com mau tempo\",\"datePublished\":\"2026-03-09T11:49:00+00:00\",\"mainEntityOfPage\":{\"@id\":\"https:\/\/portaltela.pt\/noticias\/2026\/03\/09\/beira-baixa-regista-86-milhoes-de-euros-em-prejuizos-com-mau-tempo\/\"},\"wordCount\":148,\"image\":{\"@id\":\"https:\/\/portaltela.pt\/noticias\/2026\/03\/09\/beira-baixa-regista-86-milhoes-de-euros-em-prejuizos-com-mau-tempo\/#primaryimage\"},\"thumbnailUrl\":\"https:\/\/portaltela.pt\/s.01k8rhncp4jt1\/2026\/03\/CACHE_780X1200_ANALOG_WATERMARKED_46459849_5637190_30012026065123.jpg\",\"keywords\":[\"_economia\",\"Beira Interior\",\"cat\u00e1strofes naturais\",\"concelhos\",\"habita\u00e7\u00e3o\",\"infraestrutura\"],\"articleSection\":[\"Not\u00edcias\"],\"inLanguage\":\"pt-PT\"},{\"@type\":\"WebPage\",\"@id\":\"https:\/\/portaltela.pt\/noticias\/2026\/03\/09\/beira-baixa-regista-86-milhoes-de-euros-em-prejuizos-com-mau-tempo\/\",\"url\":\"https:\/\/portaltela.pt\/noticias\/2026\/03\/09\/beira-baixa-regista-86-milhoes-de-euros-em-prejuizos-com-mau-tempo\/\",\"name\":\"Beira Baixa regista 86 milh\u00f5es de euros em preju\u00edzos com mau tempo - Portal Tela Portugal\",\"isPartOf\":{\"@id\":\"https:\/\/portaltela.pt\/#website\"},\"primaryImageOfPage\":{\"@id\":\"https:\/\/portaltela.pt\/noticias\/2026\/03\/09\/beira-baixa-regista-86-milhoes-de-euros-em-prejuizos-com-mau-tempo\/#primaryimage\"},\"image\":{\"@id\":\"https:\/\/portaltela.pt\/noticias\/2026\/03\/09\/beira-baixa-regista-86-milhoes-de-euros-em-prejuizos-com-mau-tempo\/#primaryimage\"},\"thumbnailUrl\":\"https:\/\/portaltela.pt\/s.01k8rhncp4jt1\/2026\/03\/CACHE_780X1200_ANALOG_WATERMARKED_46459849_5637190_30012026065123.jpg\",\"datePublished\":\"2026-03-09T11:49:00+00:00\",\"author\":{\"@id\":\"https:\/\/portaltela.pt\/#\/schema\/person\/c4278d4a6028830caff9ee44b42d32ed\"},\"breadcrumb\":{\"@id\":\"https:\/\/portaltela.pt\/noticias\/2026\/03\/09\/beira-baixa-regista-86-milhoes-de-euros-em-prejuizos-com-mau-tempo\/#breadcrumb\"},\"inLanguage\":\"pt-PT\",\"potentialAction\":[{\"@type\":\"ReadAction\",\"target\":[\"https:\/\/portaltela.pt\/noticias\/2026\/03\/09\/beira-baixa-regista-86-milhoes-de-euros-em-prejuizos-com-mau-tempo\/\"]}]},{\"@type\":\"ImageObject\",\"inLanguage\":\"pt-PT\",\"@id\":\"https:\/\/portaltela.pt\/noticias\/2026\/03\/09\/beira-baixa-regista-86-milhoes-de-euros-em-prejuizos-com-mau-tempo\/#primaryimage\",\"url\":\"https:\/\/portaltela.pt\/s.01k8rhncp4jt1\/2026\/03\/CACHE_780X1200_ANALOG_WATERMARKED_46459849_5637190_30012026065123.jpg\",\"contentUrl\":\"https:\/\/portaltela.pt\/s.01k8rhncp4jt1\/2026\/03\/CACHE_780X1200_ANALOG_WATERMARKED_46459849_5637190_30012026065123.jpg\",\"width\":796,\"height\":448,\"caption\":\"Comunidade da Beira Baixa contabilizou 86 milh\u00f5es de euros em preju\u00edzos causados pelo mau tempo\"},{\"@type\":\"BreadcrumbList\",\"@id\":\"https:\/\/portaltela.pt\/noticias\/2026\/03\/09\/beira-baixa-regista-86-milhoes-de-euros-em-prejuizos-com-mau-tempo\/#breadcrumb\",\"itemListElement\":[{\"@type\":\"ListItem\",\"position\":1,\"name\":\"In\u00edcio\",\"item\":\"https:\/\/portaltela.pt\/\"},{\"@type\":\"ListItem\",\"position\":2,\"name\":\"Beira Baixa regista 86 milh\u00f5es de euros em preju\u00edzos com mau tempo\"}]},{\"@type\":\"WebSite\",\"@id\":\"https:\/\/portaltela.pt\/#website\",\"url\":\"https:\/\/portaltela.pt\/\",\"name\":\"Portal Tela Portugal\",\"description\":\"\",\"potentialAction\":[{\"@type\":\"SearchAction\",\"target\":{\"@type\":\"EntryPoint\",\"urlTemplate\":\"https:\/\/portaltela.pt\/?s={search_term_string}\"},\"query-input\":{\"@type\":\"PropertyValueSpecification\",\"valueRequired\":true,\"valueName\":\"search_term_string\"}}],\"inLanguage\":\"pt-PT\"},{\"@type\":\"Person\",\"@id\":\"https:\/\/portaltela.pt\/#\/schema\/person\/c4278d4a6028830caff9ee44b42d32ed\",\"name\":\"Telinha\",\"image\":{\"@type\":\"ImageObject\",\"inLanguage\":\"pt-PT\",\"@id\":\"https:\/\/portaltela.pt\/s.01k8rhncp4jt1\/2025\/11\/talking-bot-125x125.png\",\"url\":\"https:\/\/portaltela.pt\/s.01k8rhncp4jt1\/2025\/11\/talking-bot-125x125.png\",\"contentUrl\":\"https:\/\/portaltela.pt\/s.01k8rhncp4jt1\/2025\/11\/talking-bot-125x125.png\",\"caption\":\"Telinha\"},\"sameAs\":[\"https:\/\/portaltela.pt\/\"],\"url\":\"https:\/\/portaltela.pt\/por\/367410592786\/\"}]}<\/script>\n<!-- \/ Yoast SEO plugin. -->","yoast_head_json":{"title":"Beira Baixa regista 86 milh\u00f5es de euros em preju\u00edzos com mau tempo - Portal Tela Portugal","robots":{"index":"index","follow":"follow","max-snippet":"max-snippet:-1","max-image-preview":"max-image-preview:large","max-video-preview":"max-video-preview:-1"},"og_locale":"pt_PT","og_type":"article","og_title":"Beira Baixa regista 86 milh\u00f5es de euros em preju\u00edzos com mau tempo - Portal Tela Portugal","og_description":"A Comunidade Intermunicipal da Beira Baixa informou que os preju\u00edzos causados pelo mau tempo nos oito concelhos ascendem a 86 milh\u00f5es de euros. O valor foi divulgado pelo presidente da CIM Beira Baixa durante an\u00fancio oficial. Os danos dizem respeito \u00e0s oito imagens de concelhos que integram a CIMBB. N\u00e3o foram fornecidos detalhes adicionais sobre o tipo de estragos ou a reparti\u00e7\u00e3o regional dos preju\u00edzos.","og_url":"https:\/\/portaltela.pt\/noticias\/2026\/03\/09\/beira-baixa-regista-86-milhoes-de-euros-em-prejuizos-com-mau-tempo\/","og_site_name":"Portal Tela Portugal","article_published_time":"2026-03-09T11:49:00+00:00","author":"Telinha","twitter_card":"summary_large_image","twitter_misc":{"Escrito por":"Telinha","Tempo estimado de leitura":"1 minuto"},"schema":{"@context":"https:\/\/schema.org","@graph":[{"@type":"Article","@id":"https:\/\/portaltela.pt\/noticias\/2026\/03\/09\/beira-baixa-regista-86-milhoes-de-euros-em-prejuizos-com-mau-tempo\/#article","isPartOf":{"@id":"https:\/\/portaltela.pt\/noticias\/2026\/03\/09\/beira-baixa-regista-86-milhoes-de-euros-em-prejuizos-com-mau-tempo\/"},"author":{"name":"Telinha","@id":"https:\/\/portaltela.pt\/#\/schema\/person\/c4278d4a6028830caff9ee44b42d32ed"},"headline":"Beira Baixa regista 86 milh\u00f5es de euros em preju\u00edzos com mau tempo","datePublished":"2026-03-09T11:49:00+00:00","mainEntityOfPage":{"@id":"https:\/\/portaltela.pt\/noticias\/2026\/03\/09\/beira-baixa-regista-86-milhoes-de-euros-em-prejuizos-com-mau-tempo\/"},"wordCount":148,"image":{"@id":"https:\/\/portaltela.pt\/noticias\/2026\/03\/09\/beira-baixa-regista-86-milhoes-de-euros-em-prejuizos-com-mau-tempo\/#primaryimage"},"thumbnailUrl":"https:\/\/portaltela.pt\/s.01k8rhncp4jt1\/2026\/03\/CACHE_780X1200_ANALOG_WATERMARKED_46459849_5637190_30012026065123.jpg","keywords":["_economia","Beira Interior","cat\u00e1strofes naturais","concelhos","habita\u00e7\u00e3o","infraestrutura"],"articleSection":["Not\u00edcias"],"inLanguage":"pt-PT"},{"@type":"WebPage","@id":"https:\/\/portaltela.pt\/noticias\/2026\/03\/09\/beira-baixa-regista-86-milhoes-de-euros-em-prejuizos-com-mau-tempo\/","url":"https:\/\/portaltela.pt\/noticias\/2026\/03\/09\/beira-baixa-regista-86-milhoes-de-euros-em-prejuizos-com-mau-tempo\/","name":"Beira Baixa regista 86 milh\u00f5es de euros em preju\u00edzos com mau tempo - Portal Tela Portugal","isPartOf":{"@id":"https:\/\/portaltela.pt\/#website"},"primaryImageOfPage":{"@id":"https:\/\/portaltela.pt\/noticias\/2026\/03\/09\/beira-baixa-regista-86-milhoes-de-euros-em-prejuizos-com-mau-tempo\/#primaryimage"},"image":{"@id":"https:\/\/portaltela.pt\/noticias\/2026\/03\/09\/beira-baixa-regista-86-milhoes-de-euros-em-prejuizos-com-mau-tempo\/#primaryimage"},"thumbnailUrl":"https:\/\/portaltela.pt\/s.01k8rhncp4jt1\/2026\/03\/CACHE_780X1200_ANALOG_WATERMARKED_46459849_5637190_30012026065123.jpg","datePublished":"2026-03-09T11:49:00+00:00","author":{"@id":"https:\/\/portaltela.pt\/#\/schema\/person\/c4278d4a6028830caff9ee44b42d32ed"},"breadcrumb":{"@id":"https:\/\/portaltela.pt\/noticias\/2026\/03\/09\/beira-baixa-regista-86-milhoes-de-euros-em-prejuizos-com-mau-tempo\/#breadcrumb"},"inLanguage":"pt-PT","potentialAction":[{"@type":"ReadAction","target":["https:\/\/portaltela.pt\/noticias\/2026\/03\/09\/beira-baixa-regista-86-milhoes-de-euros-em-prejuizos-com-mau-tempo\/"]}]},{"@type":"ImageObject","inLanguage":"pt-PT","@id":"https:\/\/portaltela.pt\/noticias\/2026\/03\/09\/beira-baixa-regista-86-milhoes-de-euros-em-prejuizos-com-mau-tempo\/#primaryimage","url":"https:\/\/portaltela.pt\/s.01k8rhncp4jt1\/2026\/03\/CACHE_780X1200_ANALOG_WATERMARKED_46459849_5637190_30012026065123.jpg","contentUrl":"https:\/\/portaltela.pt\/s.01k8rhncp4jt1\/2026\/03\/CACHE_780X1200_ANALOG_WATERMARKED_46459849_5637190_30012026065123.jpg","width":796,"height":448,"caption":"Comunidade da Beira Baixa contabilizou 86 milh\u00f5es de euros em preju\u00edzos causados pelo mau tempo"},{"@type":"BreadcrumbList","@id":"https:\/\/portaltela.pt\/noticias\/2026\/03\/09\/beira-baixa-regista-86-milhoes-de-euros-em-prejuizos-com-mau-tempo\/#breadcrumb","itemListElement":[{"@type":"ListItem","position":1,"name":"In\u00edcio","item":"https:\/\/portaltela.pt\/"},{"@type":"ListItem","position":2,"name":"Beira Baixa regista 86 milh\u00f5es de euros em preju\u00edzos com mau tempo"}]},{"@type":"WebSite","@id":"https:\/\/portaltela.pt\/#website","url":"https:\/\/portaltela.pt\/","name":"Portal Tela Portugal","description":"","potentialAction":[{"@type":"SearchAction","target":{"@type":"EntryPoint","urlTemplate":"https:\/\/portaltela.pt\/?s={search_term_string}"},"query-input":{"@type":"PropertyValueSpecification","valueRequired":true,"valueName":"search_term_string"}}],"inLanguage":"pt-PT"},{"@type":"Person","@id":"https:\/\/portaltela.pt\/#\/schema\/person\/c4278d4a6028830caff9ee44b42d32ed","name":"Telinha","image":{"@type":"ImageObject","inLanguage":"pt-PT","@id":"https:\/\/portaltela.pt\/s.01k8rhncp4jt1\/2025\/11\/talking-bot-125x125.png","url":"https:\/\/portaltela.pt\/s.01k8rhncp4jt1\/2025\/11\/talking-bot-125x125.png","contentUrl":"https:\/\/portaltela.pt\/s.01k8rhncp4jt1\/2025\/11\/talking-bot-125x125.png","caption":"Telinha"},"sameAs":["https:\/\/portaltela.pt\/"],"url":"https:\/\/portaltela.pt\/por\/367410592786\/"}]}},"_links":{"self":[{"href":"https:\/\/portaltela.pt\/api\/wp\/v2\/posts\/403464","targetHints":{"allow":["GET"]}}],"collection":[{"href":"https:\/\/portaltela.pt\/api\/wp\/v2\/posts"}],"about":[{"href":"https:\/\/portaltela.pt\/api\/wp\/v2\/types\/post"}],"author":[{"embeddable":true,"href":"https:\/\/portaltela.pt\/api\/wp\/v2\/users\/2"}],"replies":[{"embeddable":true,"href":"https:\/\/portaltela.pt\/api\/wp\/v2\/comments?post=403464"}],"version-history":[{"count":0,"href":"https:\/\/portaltela.pt\/api\/wp\/v2\/posts\/403464\/revisions"}],"wp:featuredmedia":[{"embeddable":true,"href":"https:\/\/portaltela.pt\/api\/wp\/v2\/media\/403465"}],"wp:attachment":[{"href":"https:\/\/portaltela.pt\/api\/wp\/v2\/media?parent=403464"}],"wp:term":[{"taxonomy":"category","embeddable":true,"href":"https:\/\/portaltela.pt\/api\/wp\/v2\/categories?post=403464"},{"taxonomy":"post_tag","embeddable":true,"href":"https:\/\/portaltela.pt\/api\/wp\/v2\/tags?post=403464"}],"curies":[{"name":"wp","href":"https:\/\/api.w.org\/{rel}","templated":true}]}}