{"id":403436,"date":"2026-03-09T10:59:00","date_gmt":"2026-03-09T13:59:00","guid":{"rendered":"https:\/\/portaltela.pt\/noticias\/2026\/03\/09\/centro-logistico-de-aveiras-ocupara-terrenos-classificados-como-florestais\/"},"modified":"2026-03-09T10:59:00","modified_gmt":"2026-03-09T13:59:00","slug":"centro-logistico-de-aveiras-ocupara-terrenos-classificados-como-florestais","status":"publish","type":"post","link":"https:\/\/portaltela.pt\/noticias\/2026\/03\/09\/centro-logistico-de-aveiras-ocupara-terrenos-classificados-como-florestais\/","title":{"rendered":"Centro Log\u00edstico de Aveiras ocupar\u00e1 terrenos classificados como florestais"},"content":{"rendered":"<p>O Centro Log\u00edstico de Aveiras (CLA) vai ocupar terrenos classificados como florestais junto \u00e0 Estrada Nacional 366, entre Alcoentre e Aveiras de Cima, no concelho da Azambuja. A infraestrutura, vocacionada para distribui\u00e7\u00e3o intermodal, \u00e9 composta por tr\u00eas pavilh\u00f5es de grandes dimens\u00f5es e insere-se numa \u00e1rea superior a 28 hectares. O promotor \u00e9 o grupo Glacier Crown, com um investimento estimado em 75 milh\u00f5es de euros, e a previs\u00e3o de entrada em funcionamento aponta para o final de 2027.<\/p>\n<p>O projeto foi apresentado num contexto de discuss\u00e3o sobre o impacto ambiental e o planeamento urbano. Promotores do CLA afirmam que o Plano de Ordenamento do Territ\u00f3rio (POT) n\u00e3o tem efic\u00e1cia directa sobre decis\u00f5es de particulares, e apontam para direitos adquiridos em face de evolu\u00e7\u00f5es de planeamento. O novo Plano Diretor Municipal (PDM), com regras mais restritivas, \u00e9 citado como fator relevante para o enquadramento do empreendimento.<\/p>\n<p>Quando estiver plenamente operante, o CLA dever\u00e1 criar cerca de 250 postos de trabalho, num conjunto de atividades ligadas \u00e0 distribui\u00e7\u00e3o intermodal. O espa\u00e7o situa-se numa zona de liga\u00e7\u00e3o estrat\u00e9gica entre duas comunidades, com potenciais impactos nos acessos e na circula\u00e7\u00e3o rodovi\u00e1ria local. As informa\u00e7\u00f5es oficiais indicam uma fase de constru\u00e7\u00e3o que se estender\u00e1 ao longo de 2027, com in\u00edcio de funcionamento previsto no \u00faltimo trimestre daquele ano.<\/p>\n","protected":false},"excerpt":{"rendered":"<ul>\n<li>O Centro Log\u00edstico de Aveiras (CLA) vai ocupar um terreno com mais de 28 hectares junto \u00e0 Estrada Nacional 366, entre Alcoentre e Aveiras de Cima, no concelho da Azambuja.<\/li>\n<li>Promotores, o grupo Glacier Crown, anunciam um investimento de 75 milh\u00f5es de euros numa infraestrutura de distribui\u00e7\u00e3o intermodal com tr\u00eas pavilh\u00f5es.<\/li>\n<li>O CLA dever\u00e1 funcionar no final de 2027 e criar cerca de 250 empregos quando estiver em pleno funcionamento.<\/li>\n<li>O terreno \u00e9 classificado como florestal, e os promotores afirmam que o Plano de Ordenamento do Territ\u00f3rio n\u00e3o tem efic\u00e1cia direta sobre particulares.<\/li>\n<li>Com o novo Plano Diretor Municipal mais restritivo, os promotores podem recorrer a direitos adquiridos.<\/li>\n<\/ul>\n","protected":false},"author":2,"featured_media":403440,"comment_status":"closed","ping_status":"closed","sticky":false,"template":"","format":"standard","meta":{"footnotes":""},"categories":[1],"tags":[1133,1309,4576,1615,961,3148],"class_list":["post-403436","post","type-post","status-publish","format-standard","has-post-thumbnail","hentry","category-noticias","tag-azambuja","tag-centro","tag-florestal","tag-infraestrutura","tag-logistica","tag-planeamento-urbano"],"yoast_head":"<!-- This site is optimized with the Yoast SEO plugin v27.2 - https:\/\/yoast.com\/product\/yoast-seo-wordpress\/ -->\n<title>Centro Log\u00edstico de Aveiras ocupar\u00e1 terrenos classificados como florestais - Portal Tela Portugal<\/title>\n<meta name=\"robots\" content=\"index, follow, max-snippet:-1, max-image-preview:large, max-video-preview:-1\" \/>\n<meta property=\"og:locale\" content=\"pt_PT\" \/>\n<meta property=\"og:type\" content=\"article\" \/>\n<meta property=\"og:title\" content=\"Centro Log\u00edstico de Aveiras ocupar\u00e1 terrenos classificados como florestais - Portal Tela Portugal\" \/>\n<meta property=\"og:description\" content=\"O Centro Log\u00edstico de Aveiras (CLA) vai ocupar um terreno com mais de 28 hectares junto \u00e0 Estrada Nacional 366, entre Alcoentre e Aveiras de Cima, no concelho da Azambuja. Promotores, o grupo Glacier Crown, anunciam um investimento de 75 milh\u00f5es de euros numa infraestrutura de distribui\u00e7\u00e3o intermodal com tr\u00eas pavilh\u00f5es. O CLA dever\u00e1 funcionar no final de 2027 e criar cerca de 250 empregos quando estiver em pleno funcionamento. O terreno \u00e9 classificado como florestal, e os promotores afirmam que o Plano de Ordenamento do Territ\u00f3rio n\u00e3o tem efic\u00e1cia direta sobre particulares. Com o novo Plano Diretor Municipal mais restritivo, os promotores podem recorrer a direitos adquiridos.\" \/>\n<meta property=\"og:url\" content=\"https:\/\/portaltela.pt\/noticias\/2026\/03\/09\/centro-logistico-de-aveiras-ocupara-terrenos-classificados-como-florestais\/\" \/>\n<meta property=\"og:site_name\" content=\"Portal Tela Portugal\" \/>\n<meta property=\"article:published_time\" content=\"2026-03-09T13:59:00+00:00\" \/>\n<meta name=\"author\" content=\"Telinha\" \/>\n<meta name=\"twitter:card\" content=\"summary_large_image\" \/>\n<meta name=\"twitter:label1\" content=\"Escrito por\" \/>\n\t<meta name=\"twitter:data1\" content=\"Telinha\" \/>\n\t<meta name=\"twitter:label2\" content=\"Tempo estimado de leitura\" \/>\n\t<meta name=\"twitter:data2\" content=\"1 minuto\" \/>\n<script type=\"application\/ld+json\" class=\"yoast-schema-graph\">{\"@context\":\"https:\/\/schema.org\",\"@graph\":[{\"@type\":\"Article\",\"@id\":\"https:\/\/portaltela.pt\/noticias\/2026\/03\/09\/centro-logistico-de-aveiras-ocupara-terrenos-classificados-como-florestais\/#article\",\"isPartOf\":{\"@id\":\"https:\/\/portaltela.pt\/noticias\/2026\/03\/09\/centro-logistico-de-aveiras-ocupara-terrenos-classificados-como-florestais\/\"},\"author\":{\"name\":\"Telinha\",\"@id\":\"https:\/\/portaltela.pt\/#\/schema\/person\/c4278d4a6028830caff9ee44b42d32ed\"},\"headline\":\"Centro Log\u00edstico de Aveiras ocupar\u00e1 terrenos classificados como florestais\",\"datePublished\":\"2026-03-09T13:59:00+00:00\",\"mainEntityOfPage\":{\"@id\":\"https:\/\/portaltela.pt\/noticias\/2026\/03\/09\/centro-logistico-de-aveiras-ocupara-terrenos-classificados-como-florestais\/\"},\"wordCount\":234,\"image\":{\"@id\":\"https:\/\/portaltela.pt\/noticias\/2026\/03\/09\/centro-logistico-de-aveiras-ocupara-terrenos-classificados-como-florestais\/#primaryimage\"},\"thumbnailUrl\":\"https:\/\/portaltela.pt\/s.01k8rhncp4jt1\/2026\/03\/2067740.jpg\",\"keywords\":[\"Azambuja\",\"Centro\",\"florestal\",\"infraestrutura\",\"Log\u00edstica\",\"planeamento urbano\"],\"articleSection\":[\"Not\u00edcias\"],\"inLanguage\":\"pt-PT\"},{\"@type\":\"WebPage\",\"@id\":\"https:\/\/portaltela.pt\/noticias\/2026\/03\/09\/centro-logistico-de-aveiras-ocupara-terrenos-classificados-como-florestais\/\",\"url\":\"https:\/\/portaltela.pt\/noticias\/2026\/03\/09\/centro-logistico-de-aveiras-ocupara-terrenos-classificados-como-florestais\/\",\"name\":\"Centro Log\u00edstico de Aveiras ocupar\u00e1 terrenos classificados como florestais - Portal Tela Portugal\",\"isPartOf\":{\"@id\":\"https:\/\/portaltela.pt\/#website\"},\"primaryImageOfPage\":{\"@id\":\"https:\/\/portaltela.pt\/noticias\/2026\/03\/09\/centro-logistico-de-aveiras-ocupara-terrenos-classificados-como-florestais\/#primaryimage\"},\"image\":{\"@id\":\"https:\/\/portaltela.pt\/noticias\/2026\/03\/09\/centro-logistico-de-aveiras-ocupara-terrenos-classificados-como-florestais\/#primaryimage\"},\"thumbnailUrl\":\"https:\/\/portaltela.pt\/s.01k8rhncp4jt1\/2026\/03\/2067740.jpg\",\"datePublished\":\"2026-03-09T13:59:00+00:00\",\"author\":{\"@id\":\"https:\/\/portaltela.pt\/#\/schema\/person\/c4278d4a6028830caff9ee44b42d32ed\"},\"breadcrumb\":{\"@id\":\"https:\/\/portaltela.pt\/noticias\/2026\/03\/09\/centro-logistico-de-aveiras-ocupara-terrenos-classificados-como-florestais\/#breadcrumb\"},\"inLanguage\":\"pt-PT\",\"potentialAction\":[{\"@type\":\"ReadAction\",\"target\":[\"https:\/\/portaltela.pt\/noticias\/2026\/03\/09\/centro-logistico-de-aveiras-ocupara-terrenos-classificados-como-florestais\/\"]}]},{\"@type\":\"ImageObject\",\"inLanguage\":\"pt-PT\",\"@id\":\"https:\/\/portaltela.pt\/noticias\/2026\/03\/09\/centro-logistico-de-aveiras-ocupara-terrenos-classificados-como-florestais\/#primaryimage\",\"url\":\"https:\/\/portaltela.pt\/s.01k8rhncp4jt1\/2026\/03\/2067740.jpg\",\"contentUrl\":\"https:\/\/portaltela.pt\/s.01k8rhncp4jt1\/2026\/03\/2067740.jpg\",\"width\":796,\"height\":448,\"caption\":\"O Centro Log\u00edstico de Aveiras come\u00e7ar\u00e1 a funcionar no final de 2027 e representa um investimento de 75 milh\u00f5es\"},{\"@type\":\"BreadcrumbList\",\"@id\":\"https:\/\/portaltela.pt\/noticias\/2026\/03\/09\/centro-logistico-de-aveiras-ocupara-terrenos-classificados-como-florestais\/#breadcrumb\",\"itemListElement\":[{\"@type\":\"ListItem\",\"position\":1,\"name\":\"In\u00edcio\",\"item\":\"https:\/\/portaltela.pt\/\"},{\"@type\":\"ListItem\",\"position\":2,\"name\":\"Centro Log\u00edstico de Aveiras ocupar\u00e1 terrenos classificados como florestais\"}]},{\"@type\":\"WebSite\",\"@id\":\"https:\/\/portaltela.pt\/#website\",\"url\":\"https:\/\/portaltela.pt\/\",\"name\":\"Portal Tela Portugal\",\"description\":\"\",\"potentialAction\":[{\"@type\":\"SearchAction\",\"target\":{\"@type\":\"EntryPoint\",\"urlTemplate\":\"https:\/\/portaltela.pt\/?s={search_term_string}\"},\"query-input\":{\"@type\":\"PropertyValueSpecification\",\"valueRequired\":true,\"valueName\":\"search_term_string\"}}],\"inLanguage\":\"pt-PT\"},{\"@type\":\"Person\",\"@id\":\"https:\/\/portaltela.pt\/#\/schema\/person\/c4278d4a6028830caff9ee44b42d32ed\",\"name\":\"Telinha\",\"image\":{\"@type\":\"ImageObject\",\"inLanguage\":\"pt-PT\",\"@id\":\"https:\/\/portaltela.pt\/s.01k8rhncp4jt1\/2025\/11\/talking-bot-125x125.png\",\"url\":\"https:\/\/portaltela.pt\/s.01k8rhncp4jt1\/2025\/11\/talking-bot-125x125.png\",\"contentUrl\":\"https:\/\/portaltela.pt\/s.01k8rhncp4jt1\/2025\/11\/talking-bot-125x125.png\",\"caption\":\"Telinha\"},\"sameAs\":[\"https:\/\/portaltela.pt\/\"],\"url\":\"https:\/\/portaltela.pt\/por\/367410592786\/\"}]}<\/script>\n<!-- \/ Yoast SEO plugin. -->","yoast_head_json":{"title":"Centro Log\u00edstico de Aveiras ocupar\u00e1 terrenos classificados como florestais - Portal Tela Portugal","robots":{"index":"index","follow":"follow","max-snippet":"max-snippet:-1","max-image-preview":"max-image-preview:large","max-video-preview":"max-video-preview:-1"},"og_locale":"pt_PT","og_type":"article","og_title":"Centro Log\u00edstico de Aveiras ocupar\u00e1 terrenos classificados como florestais - Portal Tela Portugal","og_description":"O Centro Log\u00edstico de Aveiras (CLA) vai ocupar um terreno com mais de 28 hectares junto \u00e0 Estrada Nacional 366, entre Alcoentre e Aveiras de Cima, no concelho da Azambuja. Promotores, o grupo Glacier Crown, anunciam um investimento de 75 milh\u00f5es de euros numa infraestrutura de distribui\u00e7\u00e3o intermodal com tr\u00eas pavilh\u00f5es. O CLA dever\u00e1 funcionar no final de 2027 e criar cerca de 250 empregos quando estiver em pleno funcionamento. O terreno \u00e9 classificado como florestal, e os promotores afirmam que o Plano de Ordenamento do Territ\u00f3rio n\u00e3o tem efic\u00e1cia direta sobre particulares. Com o novo Plano Diretor Municipal mais restritivo, os promotores podem recorrer a direitos adquiridos.","og_url":"https:\/\/portaltela.pt\/noticias\/2026\/03\/09\/centro-logistico-de-aveiras-ocupara-terrenos-classificados-como-florestais\/","og_site_name":"Portal Tela Portugal","article_published_time":"2026-03-09T13:59:00+00:00","author":"Telinha","twitter_card":"summary_large_image","twitter_misc":{"Escrito por":"Telinha","Tempo estimado de leitura":"1 minuto"},"schema":{"@context":"https:\/\/schema.org","@graph":[{"@type":"Article","@id":"https:\/\/portaltela.pt\/noticias\/2026\/03\/09\/centro-logistico-de-aveiras-ocupara-terrenos-classificados-como-florestais\/#article","isPartOf":{"@id":"https:\/\/portaltela.pt\/noticias\/2026\/03\/09\/centro-logistico-de-aveiras-ocupara-terrenos-classificados-como-florestais\/"},"author":{"name":"Telinha","@id":"https:\/\/portaltela.pt\/#\/schema\/person\/c4278d4a6028830caff9ee44b42d32ed"},"headline":"Centro Log\u00edstico de Aveiras ocupar\u00e1 terrenos classificados como florestais","datePublished":"2026-03-09T13:59:00+00:00","mainEntityOfPage":{"@id":"https:\/\/portaltela.pt\/noticias\/2026\/03\/09\/centro-logistico-de-aveiras-ocupara-terrenos-classificados-como-florestais\/"},"wordCount":234,"image":{"@id":"https:\/\/portaltela.pt\/noticias\/2026\/03\/09\/centro-logistico-de-aveiras-ocupara-terrenos-classificados-como-florestais\/#primaryimage"},"thumbnailUrl":"https:\/\/portaltela.pt\/s.01k8rhncp4jt1\/2026\/03\/2067740.jpg","keywords":["Azambuja","Centro","florestal","infraestrutura","Log\u00edstica","planeamento urbano"],"articleSection":["Not\u00edcias"],"inLanguage":"pt-PT"},{"@type":"WebPage","@id":"https:\/\/portaltela.pt\/noticias\/2026\/03\/09\/centro-logistico-de-aveiras-ocupara-terrenos-classificados-como-florestais\/","url":"https:\/\/portaltela.pt\/noticias\/2026\/03\/09\/centro-logistico-de-aveiras-ocupara-terrenos-classificados-como-florestais\/","name":"Centro Log\u00edstico de Aveiras ocupar\u00e1 terrenos classificados como florestais - Portal Tela Portugal","isPartOf":{"@id":"https:\/\/portaltela.pt\/#website"},"primaryImageOfPage":{"@id":"https:\/\/portaltela.pt\/noticias\/2026\/03\/09\/centro-logistico-de-aveiras-ocupara-terrenos-classificados-como-florestais\/#primaryimage"},"image":{"@id":"https:\/\/portaltela.pt\/noticias\/2026\/03\/09\/centro-logistico-de-aveiras-ocupara-terrenos-classificados-como-florestais\/#primaryimage"},"thumbnailUrl":"https:\/\/portaltela.pt\/s.01k8rhncp4jt1\/2026\/03\/2067740.jpg","datePublished":"2026-03-09T13:59:00+00:00","author":{"@id":"https:\/\/portaltela.pt\/#\/schema\/person\/c4278d4a6028830caff9ee44b42d32ed"},"breadcrumb":{"@id":"https:\/\/portaltela.pt\/noticias\/2026\/03\/09\/centro-logistico-de-aveiras-ocupara-terrenos-classificados-como-florestais\/#breadcrumb"},"inLanguage":"pt-PT","potentialAction":[{"@type":"ReadAction","target":["https:\/\/portaltela.pt\/noticias\/2026\/03\/09\/centro-logistico-de-aveiras-ocupara-terrenos-classificados-como-florestais\/"]}]},{"@type":"ImageObject","inLanguage":"pt-PT","@id":"https:\/\/portaltela.pt\/noticias\/2026\/03\/09\/centro-logistico-de-aveiras-ocupara-terrenos-classificados-como-florestais\/#primaryimage","url":"https:\/\/portaltela.pt\/s.01k8rhncp4jt1\/2026\/03\/2067740.jpg","contentUrl":"https:\/\/portaltela.pt\/s.01k8rhncp4jt1\/2026\/03\/2067740.jpg","width":796,"height":448,"caption":"O Centro Log\u00edstico de Aveiras come\u00e7ar\u00e1 a funcionar no final de 2027 e representa um investimento de 75 milh\u00f5es"},{"@type":"BreadcrumbList","@id":"https:\/\/portaltela.pt\/noticias\/2026\/03\/09\/centro-logistico-de-aveiras-ocupara-terrenos-classificados-como-florestais\/#breadcrumb","itemListElement":[{"@type":"ListItem","position":1,"name":"In\u00edcio","item":"https:\/\/portaltela.pt\/"},{"@type":"ListItem","position":2,"name":"Centro Log\u00edstico de Aveiras ocupar\u00e1 terrenos classificados como florestais"}]},{"@type":"WebSite","@id":"https:\/\/portaltela.pt\/#website","url":"https:\/\/portaltela.pt\/","name":"Portal Tela Portugal","description":"","potentialAction":[{"@type":"SearchAction","target":{"@type":"EntryPoint","urlTemplate":"https:\/\/portaltela.pt\/?s={search_term_string}"},"query-input":{"@type":"PropertyValueSpecification","valueRequired":true,"valueName":"search_term_string"}}],"inLanguage":"pt-PT"},{"@type":"Person","@id":"https:\/\/portaltela.pt\/#\/schema\/person\/c4278d4a6028830caff9ee44b42d32ed","name":"Telinha","image":{"@type":"ImageObject","inLanguage":"pt-PT","@id":"https:\/\/portaltela.pt\/s.01k8rhncp4jt1\/2025\/11\/talking-bot-125x125.png","url":"https:\/\/portaltela.pt\/s.01k8rhncp4jt1\/2025\/11\/talking-bot-125x125.png","contentUrl":"https:\/\/portaltela.pt\/s.01k8rhncp4jt1\/2025\/11\/talking-bot-125x125.png","caption":"Telinha"},"sameAs":["https:\/\/portaltela.pt\/"],"url":"https:\/\/portaltela.pt\/por\/367410592786\/"}]}},"_links":{"self":[{"href":"https:\/\/portaltela.pt\/api\/wp\/v2\/posts\/403436","targetHints":{"allow":["GET"]}}],"collection":[{"href":"https:\/\/portaltela.pt\/api\/wp\/v2\/posts"}],"about":[{"href":"https:\/\/portaltela.pt\/api\/wp\/v2\/types\/post"}],"author":[{"embeddable":true,"href":"https:\/\/portaltela.pt\/api\/wp\/v2\/users\/2"}],"replies":[{"embeddable":true,"href":"https:\/\/portaltela.pt\/api\/wp\/v2\/comments?post=403436"}],"version-history":[{"count":0,"href":"https:\/\/portaltela.pt\/api\/wp\/v2\/posts\/403436\/revisions"}],"wp:featuredmedia":[{"embeddable":true,"href":"https:\/\/portaltela.pt\/api\/wp\/v2\/media\/403440"}],"wp:attachment":[{"href":"https:\/\/portaltela.pt\/api\/wp\/v2\/media?parent=403436"}],"wp:term":[{"taxonomy":"category","embeddable":true,"href":"https:\/\/portaltela.pt\/api\/wp\/v2\/categories?post=403436"},{"taxonomy":"post_tag","embeddable":true,"href":"https:\/\/portaltela.pt\/api\/wp\/v2\/tags?post=403436"}],"curies":[{"name":"wp","href":"https:\/\/api.w.org\/{rel}","templated":true}]}}