{"id":403434,"date":"2026-03-09T10:30:00","date_gmt":"2026-03-09T13:30:00","guid":{"rendered":"https:\/\/portaltela.pt\/noticias\/2026\/03\/09\/abraco-a-marcelo-e-juramento-a-constituicao-marcam-posse-de-seguro\/"},"modified":"2026-03-09T10:30:00","modified_gmt":"2026-03-09T13:30:00","slug":"abraco-a-marcelo-e-juramento-a-constituicao-marcam-posse-de-seguro","status":"publish","type":"post","link":"https:\/\/portaltela.pt\/noticias\/politica\/2026\/03\/09\/abraco-a-marcelo-e-juramento-a-constituicao-marcam-posse-de-seguro\/","title":{"rendered":"Abra\u00e7o a Marcelo e juramento \u00e0 Constitui\u00e7\u00e3o marcam posse de Seguro"},"content":{"rendered":"<p>Ant\u00f3nio Jos\u00e9 Seguro tomou posse esta segunda-feira como Presidente da Rep\u00fablica, numa cerim\u00f3nia realizada no Parlamento. A passagem de testemunho aconteceu dez anos ap\u00f3s o fim do mandato de Marcelo Rebelo de Sousa.<\/p>\n<p>A cerim\u00f3nia decorreu na Assembleia da Rep\u00fablica e contou com cerca de 600 convidados, incluindo membros do Governo e chefes de Estado de outros pa\u00edses. O ato formal incluiu o juramento sobre a Constitui\u00e7\u00e3o.<\/p>\n<p>Um abra\u00e7o entre o antigo e o novo Presidente simbolizou a passagem de testemunho, num momento de transmiss\u00e3o de fun\u00e7\u00f5es entre as lideran\u00e7as.<\/p>\n<p>Seguro assumiu o cargo numa tomada de posse que refor\u00e7ou a transi\u00e7\u00e3o institucional prevista, marcando o in\u00edcio de uma nova etapa na Presid\u00eancia da Rep\u00fablica.<\/p>\n<p>Ao longo da cerim\u00f3nia, a organiza\u00e7\u00e3o manteve o protocolo diplom\u00e1tico, com presen\u00e7a de representantes estrangeiros e de membros do Executivo, garantindo o car\u00e1ter formal do exerc\u00edcio.<\/p>\n<p>Fonte de refer\u00eancia: cobertura do P\u00fablico sobre a posse, incluindo a agenda oficial e declara\u00e7\u00f5es associadas ao ato.<\/p>\n","protected":false},"excerpt":{"rendered":"<ul>\n<li>Ant\u00f3nio Jos\u00e9 Seguro tomou posse como Presidente da Rep\u00fablica numa cerim\u00f3nia na Assembleia da Rep\u00fablica.<\/li>\n<li>A cerim\u00f3nia contou com 600 convidados, incluindo membros do Governo e chefes de Estado de outros pa\u00edses.<\/li>\n<li>Marcelo Rebelo de Sousa despediu-se do cargo ap\u00f3s dez anos de mandato.<\/li>\n<li>Um abra\u00e7o entre os dois Presidentes marcou simbolicamente a passagem de testemunho.<\/li>\n<li>A tomada de posse contou com a presen\u00e7a de entidades nacionais e internacionais.<\/li>\n<\/ul>\n","protected":false},"author":2,"featured_media":403437,"comment_status":"closed","ping_status":"closed","sticky":false,"template":"","format":"standard","meta":{"footnotes":""},"categories":[1,5],"tags":[4211,4057,6452,29,34,30],"class_list":["post-403434","post","type-post","status-publish","format-standard","has-post-thumbnail","hentry","category-noticias","category-politica","tag-assembleia-nacional","tag-constituicao","tag-continuidade-institucional","tag-diplomacia","tag-governo","tag-presidente"],"yoast_head":"<!-- This site is optimized with the Yoast SEO plugin v27.2 - https:\/\/yoast.com\/product\/yoast-seo-wordpress\/ -->\n<title>Abra\u00e7o a Marcelo e juramento \u00e0 Constitui\u00e7\u00e3o marcam posse de Seguro - Portal Tela Portugal<\/title>\n<meta name=\"robots\" content=\"index, follow, max-snippet:-1, max-image-preview:large, max-video-preview:-1\" \/>\n<meta property=\"og:locale\" content=\"pt_PT\" \/>\n<meta property=\"og:type\" content=\"article\" \/>\n<meta property=\"og:title\" content=\"Abra\u00e7o a Marcelo e juramento \u00e0 Constitui\u00e7\u00e3o marcam posse de Seguro - Portal Tela Portugal\" \/>\n<meta property=\"og:description\" content=\"Ant\u00f3nio Jos\u00e9 Seguro tomou posse como Presidente da Rep\u00fablica numa cerim\u00f3nia na Assembleia da Rep\u00fablica. A cerim\u00f3nia contou com 600 convidados, incluindo membros do Governo e chefes de Estado de outros pa\u00edses. Marcelo Rebelo de Sousa despediu-se do cargo ap\u00f3s dez anos de mandato. Um abra\u00e7o entre os dois Presidentes marcou simbolicamente a passagem de testemunho. A tomada de posse contou com a presen\u00e7a de entidades nacionais e internacionais.\" \/>\n<meta property=\"og:url\" content=\"https:\/\/portaltela.pt\/noticias\/2026\/03\/09\/abraco-a-marcelo-e-juramento-a-constituicao-marcam-posse-de-seguro\/\" \/>\n<meta property=\"og:site_name\" content=\"Portal Tela Portugal\" \/>\n<meta property=\"article:published_time\" content=\"2026-03-09T13:30:00+00:00\" \/>\n<meta name=\"author\" content=\"Telinha\" \/>\n<meta name=\"twitter:card\" content=\"summary_large_image\" \/>\n<meta name=\"twitter:label1\" content=\"Escrito por\" \/>\n\t<meta name=\"twitter:data1\" content=\"Telinha\" \/>\n\t<meta name=\"twitter:label2\" content=\"Tempo estimado de leitura\" \/>\n\t<meta name=\"twitter:data2\" content=\"1 minuto\" \/>\n<script type=\"application\/ld+json\" class=\"yoast-schema-graph\">{\"@context\":\"https:\/\/schema.org\",\"@graph\":[{\"@type\":\"Article\",\"@id\":\"https:\/\/portaltela.pt\/noticias\/2026\/03\/09\/abraco-a-marcelo-e-juramento-a-constituicao-marcam-posse-de-seguro\/#article\",\"isPartOf\":{\"@id\":\"https:\/\/portaltela.pt\/noticias\/2026\/03\/09\/abraco-a-marcelo-e-juramento-a-constituicao-marcam-posse-de-seguro\/\"},\"author\":{\"name\":\"Telinha\",\"@id\":\"https:\/\/portaltela.pt\/#\/schema\/person\/c4278d4a6028830caff9ee44b42d32ed\"},\"headline\":\"Abra\u00e7o a Marcelo e juramento \u00e0 Constitui\u00e7\u00e3o marcam posse de Seguro\",\"datePublished\":\"2026-03-09T13:30:00+00:00\",\"mainEntityOfPage\":{\"@id\":\"https:\/\/portaltela.pt\/noticias\/2026\/03\/09\/abraco-a-marcelo-e-juramento-a-constituicao-marcam-posse-de-seguro\/\"},\"wordCount\":196,\"image\":{\"@id\":\"https:\/\/portaltela.pt\/noticias\/2026\/03\/09\/abraco-a-marcelo-e-juramento-a-constituicao-marcam-posse-de-seguro\/#primaryimage\"},\"thumbnailUrl\":\"https:\/\/portaltela.pt\/s.01k8rhncp4jt1\/2026\/03\/Thumb_MarceloSeguro_STexto97705.jpg\",\"keywords\":[\"Assembleia Nacional\",\"constitui\u00e7\u00e3o\",\"continuidade institucional\",\"diplomacia\",\"governo\",\"presidente\"],\"articleSection\":[\"Not\u00edcias\",\"Pol\u00edtica\"],\"inLanguage\":\"pt-PT\"},{\"@type\":\"WebPage\",\"@id\":\"https:\/\/portaltela.pt\/noticias\/2026\/03\/09\/abraco-a-marcelo-e-juramento-a-constituicao-marcam-posse-de-seguro\/\",\"url\":\"https:\/\/portaltela.pt\/noticias\/2026\/03\/09\/abraco-a-marcelo-e-juramento-a-constituicao-marcam-posse-de-seguro\/\",\"name\":\"Abra\u00e7o a Marcelo e juramento \u00e0 Constitui\u00e7\u00e3o marcam posse de Seguro - Portal Tela Portugal\",\"isPartOf\":{\"@id\":\"https:\/\/portaltela.pt\/#website\"},\"primaryImageOfPage\":{\"@id\":\"https:\/\/portaltela.pt\/noticias\/2026\/03\/09\/abraco-a-marcelo-e-juramento-a-constituicao-marcam-posse-de-seguro\/#primaryimage\"},\"image\":{\"@id\":\"https:\/\/portaltela.pt\/noticias\/2026\/03\/09\/abraco-a-marcelo-e-juramento-a-constituicao-marcam-posse-de-seguro\/#primaryimage\"},\"thumbnailUrl\":\"https:\/\/portaltela.pt\/s.01k8rhncp4jt1\/2026\/03\/Thumb_MarceloSeguro_STexto97705.jpg\",\"datePublished\":\"2026-03-09T13:30:00+00:00\",\"author\":{\"@id\":\"https:\/\/portaltela.pt\/#\/schema\/person\/c4278d4a6028830caff9ee44b42d32ed\"},\"breadcrumb\":{\"@id\":\"https:\/\/portaltela.pt\/noticias\/2026\/03\/09\/abraco-a-marcelo-e-juramento-a-constituicao-marcam-posse-de-seguro\/#breadcrumb\"},\"inLanguage\":\"pt-PT\",\"potentialAction\":[{\"@type\":\"ReadAction\",\"target\":[\"https:\/\/portaltela.pt\/noticias\/2026\/03\/09\/abraco-a-marcelo-e-juramento-a-constituicao-marcam-posse-de-seguro\/\"]}]},{\"@type\":\"ImageObject\",\"inLanguage\":\"pt-PT\",\"@id\":\"https:\/\/portaltela.pt\/noticias\/2026\/03\/09\/abraco-a-marcelo-e-juramento-a-constituicao-marcam-posse-de-seguro\/#primaryimage\",\"url\":\"https:\/\/portaltela.pt\/s.01k8rhncp4jt1\/2026\/03\/Thumb_MarceloSeguro_STexto97705.jpg\",\"contentUrl\":\"https:\/\/portaltela.pt\/s.01k8rhncp4jt1\/2026\/03\/Thumb_MarceloSeguro_STexto97705.jpg\",\"width\":796,\"height\":448,\"caption\":\"Photo\"},{\"@type\":\"BreadcrumbList\",\"@id\":\"https:\/\/portaltela.pt\/noticias\/2026\/03\/09\/abraco-a-marcelo-e-juramento-a-constituicao-marcam-posse-de-seguro\/#breadcrumb\",\"itemListElement\":[{\"@type\":\"ListItem\",\"position\":1,\"name\":\"In\u00edcio\",\"item\":\"https:\/\/portaltela.pt\/\"},{\"@type\":\"ListItem\",\"position\":2,\"name\":\"Abra\u00e7o a Marcelo e juramento \u00e0 Constitui\u00e7\u00e3o marcam posse de Seguro\"}]},{\"@type\":\"WebSite\",\"@id\":\"https:\/\/portaltela.pt\/#website\",\"url\":\"https:\/\/portaltela.pt\/\",\"name\":\"Portal Tela Portugal\",\"description\":\"\",\"potentialAction\":[{\"@type\":\"SearchAction\",\"target\":{\"@type\":\"EntryPoint\",\"urlTemplate\":\"https:\/\/portaltela.pt\/?s={search_term_string}\"},\"query-input\":{\"@type\":\"PropertyValueSpecification\",\"valueRequired\":true,\"valueName\":\"search_term_string\"}}],\"inLanguage\":\"pt-PT\"},{\"@type\":\"Person\",\"@id\":\"https:\/\/portaltela.pt\/#\/schema\/person\/c4278d4a6028830caff9ee44b42d32ed\",\"name\":\"Telinha\",\"image\":{\"@type\":\"ImageObject\",\"inLanguage\":\"pt-PT\",\"@id\":\"https:\/\/portaltela.pt\/s.01k8rhncp4jt1\/2025\/11\/talking-bot-125x125.png\",\"url\":\"https:\/\/portaltela.pt\/s.01k8rhncp4jt1\/2025\/11\/talking-bot-125x125.png\",\"contentUrl\":\"https:\/\/portaltela.pt\/s.01k8rhncp4jt1\/2025\/11\/talking-bot-125x125.png\",\"caption\":\"Telinha\"},\"sameAs\":[\"https:\/\/portaltela.pt\/\"],\"url\":\"https:\/\/portaltela.pt\/por\/367410592786\/\"}]}<\/script>\n<!-- \/ Yoast SEO plugin. -->","yoast_head_json":{"title":"Abra\u00e7o a Marcelo e juramento \u00e0 Constitui\u00e7\u00e3o marcam posse de Seguro - Portal Tela Portugal","robots":{"index":"index","follow":"follow","max-snippet":"max-snippet:-1","max-image-preview":"max-image-preview:large","max-video-preview":"max-video-preview:-1"},"og_locale":"pt_PT","og_type":"article","og_title":"Abra\u00e7o a Marcelo e juramento \u00e0 Constitui\u00e7\u00e3o marcam posse de Seguro - Portal Tela Portugal","og_description":"Ant\u00f3nio Jos\u00e9 Seguro tomou posse como Presidente da Rep\u00fablica numa cerim\u00f3nia na Assembleia da Rep\u00fablica. A cerim\u00f3nia contou com 600 convidados, incluindo membros do Governo e chefes de Estado de outros pa\u00edses. Marcelo Rebelo de Sousa despediu-se do cargo ap\u00f3s dez anos de mandato. Um abra\u00e7o entre os dois Presidentes marcou simbolicamente a passagem de testemunho. A tomada de posse contou com a presen\u00e7a de entidades nacionais e internacionais.","og_url":"https:\/\/portaltela.pt\/noticias\/2026\/03\/09\/abraco-a-marcelo-e-juramento-a-constituicao-marcam-posse-de-seguro\/","og_site_name":"Portal Tela Portugal","article_published_time":"2026-03-09T13:30:00+00:00","author":"Telinha","twitter_card":"summary_large_image","twitter_misc":{"Escrito por":"Telinha","Tempo estimado de leitura":"1 minuto"},"schema":{"@context":"https:\/\/schema.org","@graph":[{"@type":"Article","@id":"https:\/\/portaltela.pt\/noticias\/2026\/03\/09\/abraco-a-marcelo-e-juramento-a-constituicao-marcam-posse-de-seguro\/#article","isPartOf":{"@id":"https:\/\/portaltela.pt\/noticias\/2026\/03\/09\/abraco-a-marcelo-e-juramento-a-constituicao-marcam-posse-de-seguro\/"},"author":{"name":"Telinha","@id":"https:\/\/portaltela.pt\/#\/schema\/person\/c4278d4a6028830caff9ee44b42d32ed"},"headline":"Abra\u00e7o a Marcelo e juramento \u00e0 Constitui\u00e7\u00e3o marcam posse de Seguro","datePublished":"2026-03-09T13:30:00+00:00","mainEntityOfPage":{"@id":"https:\/\/portaltela.pt\/noticias\/2026\/03\/09\/abraco-a-marcelo-e-juramento-a-constituicao-marcam-posse-de-seguro\/"},"wordCount":196,"image":{"@id":"https:\/\/portaltela.pt\/noticias\/2026\/03\/09\/abraco-a-marcelo-e-juramento-a-constituicao-marcam-posse-de-seguro\/#primaryimage"},"thumbnailUrl":"https:\/\/portaltela.pt\/s.01k8rhncp4jt1\/2026\/03\/Thumb_MarceloSeguro_STexto97705.jpg","keywords":["Assembleia Nacional","constitui\u00e7\u00e3o","continuidade institucional","diplomacia","governo","presidente"],"articleSection":["Not\u00edcias","Pol\u00edtica"],"inLanguage":"pt-PT"},{"@type":"WebPage","@id":"https:\/\/portaltela.pt\/noticias\/2026\/03\/09\/abraco-a-marcelo-e-juramento-a-constituicao-marcam-posse-de-seguro\/","url":"https:\/\/portaltela.pt\/noticias\/2026\/03\/09\/abraco-a-marcelo-e-juramento-a-constituicao-marcam-posse-de-seguro\/","name":"Abra\u00e7o a Marcelo e juramento \u00e0 Constitui\u00e7\u00e3o marcam posse de Seguro - Portal Tela Portugal","isPartOf":{"@id":"https:\/\/portaltela.pt\/#website"},"primaryImageOfPage":{"@id":"https:\/\/portaltela.pt\/noticias\/2026\/03\/09\/abraco-a-marcelo-e-juramento-a-constituicao-marcam-posse-de-seguro\/#primaryimage"},"image":{"@id":"https:\/\/portaltela.pt\/noticias\/2026\/03\/09\/abraco-a-marcelo-e-juramento-a-constituicao-marcam-posse-de-seguro\/#primaryimage"},"thumbnailUrl":"https:\/\/portaltela.pt\/s.01k8rhncp4jt1\/2026\/03\/Thumb_MarceloSeguro_STexto97705.jpg","datePublished":"2026-03-09T13:30:00+00:00","author":{"@id":"https:\/\/portaltela.pt\/#\/schema\/person\/c4278d4a6028830caff9ee44b42d32ed"},"breadcrumb":{"@id":"https:\/\/portaltela.pt\/noticias\/2026\/03\/09\/abraco-a-marcelo-e-juramento-a-constituicao-marcam-posse-de-seguro\/#breadcrumb"},"inLanguage":"pt-PT","potentialAction":[{"@type":"ReadAction","target":["https:\/\/portaltela.pt\/noticias\/2026\/03\/09\/abraco-a-marcelo-e-juramento-a-constituicao-marcam-posse-de-seguro\/"]}]},{"@type":"ImageObject","inLanguage":"pt-PT","@id":"https:\/\/portaltela.pt\/noticias\/2026\/03\/09\/abraco-a-marcelo-e-juramento-a-constituicao-marcam-posse-de-seguro\/#primaryimage","url":"https:\/\/portaltela.pt\/s.01k8rhncp4jt1\/2026\/03\/Thumb_MarceloSeguro_STexto97705.jpg","contentUrl":"https:\/\/portaltela.pt\/s.01k8rhncp4jt1\/2026\/03\/Thumb_MarceloSeguro_STexto97705.jpg","width":796,"height":448,"caption":"Photo"},{"@type":"BreadcrumbList","@id":"https:\/\/portaltela.pt\/noticias\/2026\/03\/09\/abraco-a-marcelo-e-juramento-a-constituicao-marcam-posse-de-seguro\/#breadcrumb","itemListElement":[{"@type":"ListItem","position":1,"name":"In\u00edcio","item":"https:\/\/portaltela.pt\/"},{"@type":"ListItem","position":2,"name":"Abra\u00e7o a Marcelo e juramento \u00e0 Constitui\u00e7\u00e3o marcam posse de Seguro"}]},{"@type":"WebSite","@id":"https:\/\/portaltela.pt\/#website","url":"https:\/\/portaltela.pt\/","name":"Portal Tela Portugal","description":"","potentialAction":[{"@type":"SearchAction","target":{"@type":"EntryPoint","urlTemplate":"https:\/\/portaltela.pt\/?s={search_term_string}"},"query-input":{"@type":"PropertyValueSpecification","valueRequired":true,"valueName":"search_term_string"}}],"inLanguage":"pt-PT"},{"@type":"Person","@id":"https:\/\/portaltela.pt\/#\/schema\/person\/c4278d4a6028830caff9ee44b42d32ed","name":"Telinha","image":{"@type":"ImageObject","inLanguage":"pt-PT","@id":"https:\/\/portaltela.pt\/s.01k8rhncp4jt1\/2025\/11\/talking-bot-125x125.png","url":"https:\/\/portaltela.pt\/s.01k8rhncp4jt1\/2025\/11\/talking-bot-125x125.png","contentUrl":"https:\/\/portaltela.pt\/s.01k8rhncp4jt1\/2025\/11\/talking-bot-125x125.png","caption":"Telinha"},"sameAs":["https:\/\/portaltela.pt\/"],"url":"https:\/\/portaltela.pt\/por\/367410592786\/"}]}},"_links":{"self":[{"href":"https:\/\/portaltela.pt\/api\/wp\/v2\/posts\/403434","targetHints":{"allow":["GET"]}}],"collection":[{"href":"https:\/\/portaltela.pt\/api\/wp\/v2\/posts"}],"about":[{"href":"https:\/\/portaltela.pt\/api\/wp\/v2\/types\/post"}],"author":[{"embeddable":true,"href":"https:\/\/portaltela.pt\/api\/wp\/v2\/users\/2"}],"replies":[{"embeddable":true,"href":"https:\/\/portaltela.pt\/api\/wp\/v2\/comments?post=403434"}],"version-history":[{"count":0,"href":"https:\/\/portaltela.pt\/api\/wp\/v2\/posts\/403434\/revisions"}],"wp:featuredmedia":[{"embeddable":true,"href":"https:\/\/portaltela.pt\/api\/wp\/v2\/media\/403437"}],"wp:attachment":[{"href":"https:\/\/portaltela.pt\/api\/wp\/v2\/media?parent=403434"}],"wp:term":[{"taxonomy":"category","embeddable":true,"href":"https:\/\/portaltela.pt\/api\/wp\/v2\/categories?post=403434"},{"taxonomy":"post_tag","embeddable":true,"href":"https:\/\/portaltela.pt\/api\/wp\/v2\/tags?post=403434"}],"curies":[{"name":"wp","href":"https:\/\/api.w.org\/{rel}","templated":true}]}}