{"id":403397,"date":"2026-03-09T09:25:00","date_gmt":"2026-03-09T12:25:00","guid":{"rendered":"https:\/\/portaltela.pt\/noticias\/2026\/03\/09\/chegada-pontual-e-primeiro-discurso-marcam-posse-de-antonio-jose-seguro\/"},"modified":"2026-03-09T09:25:00","modified_gmt":"2026-03-09T12:25:00","slug":"chegada-pontual-e-primeiro-discurso-marcam-posse-de-antonio-jose-seguro","status":"publish","type":"post","link":"https:\/\/portaltela.pt\/noticias\/politica\/2026\/03\/09\/chegada-pontual-e-primeiro-discurso-marcam-posse-de-antonio-jose-seguro\/","title":{"rendered":"Chegada pontual e primeiro discurso marcam posse de Ant\u00f3nio Jos\u00e9 Seguro"},"content":{"rendered":"<p>Ant\u00f3nio Jos\u00e9 Seguro tomou posse como novo Presidente da Rep\u00fablica de Portugal, numa cerim\u00f3nia realizada hoje em Lisboa. A tomada de posse ocorreu no Parlamento, seguindo o protocolo institucional, com o discurso inaugural a indicar o tom para o seu mandato. A cerim\u00f3nia decorreu sem incidentes relevantes, concentrando-se na transi\u00e7\u00e3o oficial do cargo.<\/p>\n<p>Pelo come\u00e7o do ato, Seguro foi acompanhado por figuras p\u00fablicas de refer\u00eancia, incluindo Aguiar-Branco, presentes na Assembleia da Rep\u00fablica. O momento foi transmitido na \u00edntegra aos portugueses, com a coincid\u00eancia de outras imagens a mostrar a composi\u00e7\u00e3o do plen\u00e1rio e a participa\u00e7\u00e3o de v\u00e1rias entidades.<\/p>\n<p>Logo ap\u00f3s a posse, as imagens mostraram o pol\u00edtico a dirigir-se ao p\u00fablico e a sublinhar a necessidade de um compromisso pol\u00edtico claro para o pa\u00eds, em contexto de recupera\u00e7\u00e3o econ\u00f3mica e estabilidade institucional. O presidente eleito destacou a responsabilidade de estancar o frenesim eleitoral entre for\u00e7as pol\u00edticas.<\/p>\n<h3>Contexto institucional e imagens associadas<\/h3>\n<p>As fotografias do evento mostram ainda o ambiente no Parlamento, com o presidente eleito e o atual Chefe de Estado a acompanhar o desenrolar da cerim\u00f3nia. Tamb\u00e9m surgem imagens da presen\u00e7a de Marcelo Rebelo de Sousa ao lado de Seguro, refor\u00e7ando a continuidade institucional.<\/p>\n<p>Paralelamente, registaram-se cenas de aux\u00edlio a cidad\u00e3os afectados por condi\u00e7\u00f5es meteorol\u00f3gicas extremas em Santar\u00e9m e Alc\u00e1cer do Sal. Nas imagens, pessoas deslocadas recorrem a centros de acolhimento, enquanto outras s\u00e3o assistidas em zonas ribeirinhas afetadas pela subida das \u00e1guas.<\/p>\n","protected":false},"excerpt":{"rendered":"<ul>\n<li>Ant\u00f3nio Jos\u00e9 Seguro tornou-se oficialmente o Presidente da Rep\u00fablica de Portugal.<\/li>\n<li>Chegou pontualmente ao ato de posse, que incluiu o primeiro discurso como chefe de Estado.<\/li>\n<li>O Parlamento acolheu a cerim\u00f3nia, com o plen\u00e1rio composto na tomada de posse.<\/li>\n<li>Nas imagens, destacam-se a presen\u00e7a de Aguiar-Branco e Marcelo Rebelo de Sousa na Assembleia da Rep\u00fablica.<\/li>\n<li>As fotografias tamb\u00e9m mostram impactos do mau tempo em Santar\u00e9m e Alc\u00e1cer do Sal, com centros de acolhimento e zonas inundadas.<\/li>\n<\/ul>\n","protected":false},"author":2,"featured_media":403404,"comment_status":"closed","ping_status":"closed","sticky":false,"template":"","format":"standard","meta":{"footnotes":""},"categories":[1,5],"tags":[1998,2655,4211,981,30,898],"class_list":["post-403397","post","type-post","status-publish","format-standard","has-post-thumbnail","hentry","category-noticias","category-politica","tag-alcacer-do-sal","tag-antonio-jose-seguro","tag-assembleia-nacional","tag-lisboa","tag-presidente","tag-santarem"],"yoast_head":"<!-- This site is optimized with the Yoast SEO plugin v27.2 - https:\/\/yoast.com\/product\/yoast-seo-wordpress\/ -->\n<title>Chegada pontual e primeiro discurso marcam posse de Ant\u00f3nio Jos\u00e9 Seguro - Portal Tela Portugal<\/title>\n<meta name=\"robots\" content=\"index, follow, max-snippet:-1, max-image-preview:large, max-video-preview:-1\" \/>\n<meta property=\"og:locale\" content=\"pt_PT\" \/>\n<meta property=\"og:type\" content=\"article\" \/>\n<meta property=\"og:title\" content=\"Chegada pontual e primeiro discurso marcam posse de Ant\u00f3nio Jos\u00e9 Seguro - Portal Tela Portugal\" \/>\n<meta property=\"og:description\" content=\"Ant\u00f3nio Jos\u00e9 Seguro tornou-se oficialmente o Presidente da Rep\u00fablica de Portugal. Chegou pontualmente ao ato de posse, que incluiu o primeiro discurso como chefe de Estado. O Parlamento acolheu a cerim\u00f3nia, com o plen\u00e1rio composto na tomada de posse. Nas imagens, destacam-se a presen\u00e7a de Aguiar-Branco e Marcelo Rebelo de Sousa na Assembleia da Rep\u00fablica. As fotografias tamb\u00e9m mostram impactos do mau tempo em Santar\u00e9m e Alc\u00e1cer do Sal, com centros de acolhimento e zonas inundadas.\" \/>\n<meta property=\"og:url\" content=\"https:\/\/portaltela.pt\/noticias\/2026\/03\/09\/chegada-pontual-e-primeiro-discurso-marcam-posse-de-antonio-jose-seguro\/\" \/>\n<meta property=\"og:site_name\" content=\"Portal Tela Portugal\" \/>\n<meta property=\"article:published_time\" content=\"2026-03-09T12:25:00+00:00\" \/>\n<meta name=\"author\" content=\"Telinha\" \/>\n<meta name=\"twitter:card\" content=\"summary_large_image\" \/>\n<meta name=\"twitter:label1\" content=\"Escrito por\" \/>\n\t<meta name=\"twitter:data1\" content=\"Telinha\" \/>\n\t<meta name=\"twitter:label2\" content=\"Tempo estimado de leitura\" \/>\n\t<meta name=\"twitter:data2\" content=\"1 minuto\" \/>\n<script type=\"application\/ld+json\" class=\"yoast-schema-graph\">{\"@context\":\"https:\/\/schema.org\",\"@graph\":[{\"@type\":\"Article\",\"@id\":\"https:\/\/portaltela.pt\/noticias\/2026\/03\/09\/chegada-pontual-e-primeiro-discurso-marcam-posse-de-antonio-jose-seguro\/#article\",\"isPartOf\":{\"@id\":\"https:\/\/portaltela.pt\/noticias\/2026\/03\/09\/chegada-pontual-e-primeiro-discurso-marcam-posse-de-antonio-jose-seguro\/\"},\"author\":{\"name\":\"Telinha\",\"@id\":\"https:\/\/portaltela.pt\/#\/schema\/person\/c4278d4a6028830caff9ee44b42d32ed\"},\"headline\":\"Chegada pontual e primeiro discurso marcam posse de Ant\u00f3nio Jos\u00e9 Seguro\",\"datePublished\":\"2026-03-09T12:25:00+00:00\",\"mainEntityOfPage\":{\"@id\":\"https:\/\/portaltela.pt\/noticias\/2026\/03\/09\/chegada-pontual-e-primeiro-discurso-marcam-posse-de-antonio-jose-seguro\/\"},\"wordCount\":280,\"image\":{\"@id\":\"https:\/\/portaltela.pt\/noticias\/2026\/03\/09\/chegada-pontual-e-primeiro-discurso-marcam-posse-de-antonio-jose-seguro\/#primaryimage\"},\"thumbnailUrl\":\"https:\/\/portaltela.pt\/s.01k8rhncp4jt1\/2026\/03\/img_1280x721uu2026-03-09-09-45-00-2271225.jpg\",\"keywords\":[\"Alc\u00e1cer do Sal\",\"Ant\u00f3nio Jos\u00e9 Seguro\",\"Assembleia Nacional\",\"Lisboa\",\"presidente\",\"Santar\u00e9m\"],\"articleSection\":[\"Not\u00edcias\",\"Pol\u00edtica\"],\"inLanguage\":\"pt-PT\"},{\"@type\":\"WebPage\",\"@id\":\"https:\/\/portaltela.pt\/noticias\/2026\/03\/09\/chegada-pontual-e-primeiro-discurso-marcam-posse-de-antonio-jose-seguro\/\",\"url\":\"https:\/\/portaltela.pt\/noticias\/2026\/03\/09\/chegada-pontual-e-primeiro-discurso-marcam-posse-de-antonio-jose-seguro\/\",\"name\":\"Chegada pontual e primeiro discurso marcam posse de Ant\u00f3nio Jos\u00e9 Seguro - Portal Tela Portugal\",\"isPartOf\":{\"@id\":\"https:\/\/portaltela.pt\/#website\"},\"primaryImageOfPage\":{\"@id\":\"https:\/\/portaltela.pt\/noticias\/2026\/03\/09\/chegada-pontual-e-primeiro-discurso-marcam-posse-de-antonio-jose-seguro\/#primaryimage\"},\"image\":{\"@id\":\"https:\/\/portaltela.pt\/noticias\/2026\/03\/09\/chegada-pontual-e-primeiro-discurso-marcam-posse-de-antonio-jose-seguro\/#primaryimage\"},\"thumbnailUrl\":\"https:\/\/portaltela.pt\/s.01k8rhncp4jt1\/2026\/03\/img_1280x721uu2026-03-09-09-45-00-2271225.jpg\",\"datePublished\":\"2026-03-09T12:25:00+00:00\",\"author\":{\"@id\":\"https:\/\/portaltela.pt\/#\/schema\/person\/c4278d4a6028830caff9ee44b42d32ed\"},\"breadcrumb\":{\"@id\":\"https:\/\/portaltela.pt\/noticias\/2026\/03\/09\/chegada-pontual-e-primeiro-discurso-marcam-posse-de-antonio-jose-seguro\/#breadcrumb\"},\"inLanguage\":\"pt-PT\",\"potentialAction\":[{\"@type\":\"ReadAction\",\"target\":[\"https:\/\/portaltela.pt\/noticias\/2026\/03\/09\/chegada-pontual-e-primeiro-discurso-marcam-posse-de-antonio-jose-seguro\/\"]}]},{\"@type\":\"ImageObject\",\"inLanguage\":\"pt-PT\",\"@id\":\"https:\/\/portaltela.pt\/noticias\/2026\/03\/09\/chegada-pontual-e-primeiro-discurso-marcam-posse-de-antonio-jose-seguro\/#primaryimage\",\"url\":\"https:\/\/portaltela.pt\/s.01k8rhncp4jt1\/2026\/03\/img_1280x721uu2026-03-09-09-45-00-2271225.jpg\",\"contentUrl\":\"https:\/\/portaltela.pt\/s.01k8rhncp4jt1\/2026\/03\/img_1280x721uu2026-03-09-09-45-00-2271225.jpg\",\"width\":796,\"height\":448,\"caption\":\"Ant\u00f3nio Jos\u00e9 Seguro e Aguiar Branco\"},{\"@type\":\"BreadcrumbList\",\"@id\":\"https:\/\/portaltela.pt\/noticias\/2026\/03\/09\/chegada-pontual-e-primeiro-discurso-marcam-posse-de-antonio-jose-seguro\/#breadcrumb\",\"itemListElement\":[{\"@type\":\"ListItem\",\"position\":1,\"name\":\"In\u00edcio\",\"item\":\"https:\/\/portaltela.pt\/\"},{\"@type\":\"ListItem\",\"position\":2,\"name\":\"Chegada pontual e primeiro discurso marcam posse de Ant\u00f3nio Jos\u00e9 Seguro\"}]},{\"@type\":\"WebSite\",\"@id\":\"https:\/\/portaltela.pt\/#website\",\"url\":\"https:\/\/portaltela.pt\/\",\"name\":\"Portal Tela Portugal\",\"description\":\"\",\"potentialAction\":[{\"@type\":\"SearchAction\",\"target\":{\"@type\":\"EntryPoint\",\"urlTemplate\":\"https:\/\/portaltela.pt\/?s={search_term_string}\"},\"query-input\":{\"@type\":\"PropertyValueSpecification\",\"valueRequired\":true,\"valueName\":\"search_term_string\"}}],\"inLanguage\":\"pt-PT\"},{\"@type\":\"Person\",\"@id\":\"https:\/\/portaltela.pt\/#\/schema\/person\/c4278d4a6028830caff9ee44b42d32ed\",\"name\":\"Telinha\",\"image\":{\"@type\":\"ImageObject\",\"inLanguage\":\"pt-PT\",\"@id\":\"https:\/\/portaltela.pt\/s.01k8rhncp4jt1\/2025\/11\/talking-bot-125x125.png\",\"url\":\"https:\/\/portaltela.pt\/s.01k8rhncp4jt1\/2025\/11\/talking-bot-125x125.png\",\"contentUrl\":\"https:\/\/portaltela.pt\/s.01k8rhncp4jt1\/2025\/11\/talking-bot-125x125.png\",\"caption\":\"Telinha\"},\"sameAs\":[\"https:\/\/portaltela.pt\/\"],\"url\":\"https:\/\/portaltela.pt\/por\/367410592786\/\"}]}<\/script>\n<!-- \/ Yoast SEO plugin. -->","yoast_head_json":{"title":"Chegada pontual e primeiro discurso marcam posse de Ant\u00f3nio Jos\u00e9 Seguro - Portal Tela Portugal","robots":{"index":"index","follow":"follow","max-snippet":"max-snippet:-1","max-image-preview":"max-image-preview:large","max-video-preview":"max-video-preview:-1"},"og_locale":"pt_PT","og_type":"article","og_title":"Chegada pontual e primeiro discurso marcam posse de Ant\u00f3nio Jos\u00e9 Seguro - Portal Tela Portugal","og_description":"Ant\u00f3nio Jos\u00e9 Seguro tornou-se oficialmente o Presidente da Rep\u00fablica de Portugal. Chegou pontualmente ao ato de posse, que incluiu o primeiro discurso como chefe de Estado. O Parlamento acolheu a cerim\u00f3nia, com o plen\u00e1rio composto na tomada de posse. Nas imagens, destacam-se a presen\u00e7a de Aguiar-Branco e Marcelo Rebelo de Sousa na Assembleia da Rep\u00fablica. As fotografias tamb\u00e9m mostram impactos do mau tempo em Santar\u00e9m e Alc\u00e1cer do Sal, com centros de acolhimento e zonas inundadas.","og_url":"https:\/\/portaltela.pt\/noticias\/2026\/03\/09\/chegada-pontual-e-primeiro-discurso-marcam-posse-de-antonio-jose-seguro\/","og_site_name":"Portal Tela Portugal","article_published_time":"2026-03-09T12:25:00+00:00","author":"Telinha","twitter_card":"summary_large_image","twitter_misc":{"Escrito por":"Telinha","Tempo estimado de leitura":"1 minuto"},"schema":{"@context":"https:\/\/schema.org","@graph":[{"@type":"Article","@id":"https:\/\/portaltela.pt\/noticias\/2026\/03\/09\/chegada-pontual-e-primeiro-discurso-marcam-posse-de-antonio-jose-seguro\/#article","isPartOf":{"@id":"https:\/\/portaltela.pt\/noticias\/2026\/03\/09\/chegada-pontual-e-primeiro-discurso-marcam-posse-de-antonio-jose-seguro\/"},"author":{"name":"Telinha","@id":"https:\/\/portaltela.pt\/#\/schema\/person\/c4278d4a6028830caff9ee44b42d32ed"},"headline":"Chegada pontual e primeiro discurso marcam posse de Ant\u00f3nio Jos\u00e9 Seguro","datePublished":"2026-03-09T12:25:00+00:00","mainEntityOfPage":{"@id":"https:\/\/portaltela.pt\/noticias\/2026\/03\/09\/chegada-pontual-e-primeiro-discurso-marcam-posse-de-antonio-jose-seguro\/"},"wordCount":280,"image":{"@id":"https:\/\/portaltela.pt\/noticias\/2026\/03\/09\/chegada-pontual-e-primeiro-discurso-marcam-posse-de-antonio-jose-seguro\/#primaryimage"},"thumbnailUrl":"https:\/\/portaltela.pt\/s.01k8rhncp4jt1\/2026\/03\/img_1280x721uu2026-03-09-09-45-00-2271225.jpg","keywords":["Alc\u00e1cer do Sal","Ant\u00f3nio Jos\u00e9 Seguro","Assembleia Nacional","Lisboa","presidente","Santar\u00e9m"],"articleSection":["Not\u00edcias","Pol\u00edtica"],"inLanguage":"pt-PT"},{"@type":"WebPage","@id":"https:\/\/portaltela.pt\/noticias\/2026\/03\/09\/chegada-pontual-e-primeiro-discurso-marcam-posse-de-antonio-jose-seguro\/","url":"https:\/\/portaltela.pt\/noticias\/2026\/03\/09\/chegada-pontual-e-primeiro-discurso-marcam-posse-de-antonio-jose-seguro\/","name":"Chegada pontual e primeiro discurso marcam posse de Ant\u00f3nio Jos\u00e9 Seguro - Portal Tela Portugal","isPartOf":{"@id":"https:\/\/portaltela.pt\/#website"},"primaryImageOfPage":{"@id":"https:\/\/portaltela.pt\/noticias\/2026\/03\/09\/chegada-pontual-e-primeiro-discurso-marcam-posse-de-antonio-jose-seguro\/#primaryimage"},"image":{"@id":"https:\/\/portaltela.pt\/noticias\/2026\/03\/09\/chegada-pontual-e-primeiro-discurso-marcam-posse-de-antonio-jose-seguro\/#primaryimage"},"thumbnailUrl":"https:\/\/portaltela.pt\/s.01k8rhncp4jt1\/2026\/03\/img_1280x721uu2026-03-09-09-45-00-2271225.jpg","datePublished":"2026-03-09T12:25:00+00:00","author":{"@id":"https:\/\/portaltela.pt\/#\/schema\/person\/c4278d4a6028830caff9ee44b42d32ed"},"breadcrumb":{"@id":"https:\/\/portaltela.pt\/noticias\/2026\/03\/09\/chegada-pontual-e-primeiro-discurso-marcam-posse-de-antonio-jose-seguro\/#breadcrumb"},"inLanguage":"pt-PT","potentialAction":[{"@type":"ReadAction","target":["https:\/\/portaltela.pt\/noticias\/2026\/03\/09\/chegada-pontual-e-primeiro-discurso-marcam-posse-de-antonio-jose-seguro\/"]}]},{"@type":"ImageObject","inLanguage":"pt-PT","@id":"https:\/\/portaltela.pt\/noticias\/2026\/03\/09\/chegada-pontual-e-primeiro-discurso-marcam-posse-de-antonio-jose-seguro\/#primaryimage","url":"https:\/\/portaltela.pt\/s.01k8rhncp4jt1\/2026\/03\/img_1280x721uu2026-03-09-09-45-00-2271225.jpg","contentUrl":"https:\/\/portaltela.pt\/s.01k8rhncp4jt1\/2026\/03\/img_1280x721uu2026-03-09-09-45-00-2271225.jpg","width":796,"height":448,"caption":"Ant\u00f3nio Jos\u00e9 Seguro e Aguiar Branco"},{"@type":"BreadcrumbList","@id":"https:\/\/portaltela.pt\/noticias\/2026\/03\/09\/chegada-pontual-e-primeiro-discurso-marcam-posse-de-antonio-jose-seguro\/#breadcrumb","itemListElement":[{"@type":"ListItem","position":1,"name":"In\u00edcio","item":"https:\/\/portaltela.pt\/"},{"@type":"ListItem","position":2,"name":"Chegada pontual e primeiro discurso marcam posse de Ant\u00f3nio Jos\u00e9 Seguro"}]},{"@type":"WebSite","@id":"https:\/\/portaltela.pt\/#website","url":"https:\/\/portaltela.pt\/","name":"Portal Tela Portugal","description":"","potentialAction":[{"@type":"SearchAction","target":{"@type":"EntryPoint","urlTemplate":"https:\/\/portaltela.pt\/?s={search_term_string}"},"query-input":{"@type":"PropertyValueSpecification","valueRequired":true,"valueName":"search_term_string"}}],"inLanguage":"pt-PT"},{"@type":"Person","@id":"https:\/\/portaltela.pt\/#\/schema\/person\/c4278d4a6028830caff9ee44b42d32ed","name":"Telinha","image":{"@type":"ImageObject","inLanguage":"pt-PT","@id":"https:\/\/portaltela.pt\/s.01k8rhncp4jt1\/2025\/11\/talking-bot-125x125.png","url":"https:\/\/portaltela.pt\/s.01k8rhncp4jt1\/2025\/11\/talking-bot-125x125.png","contentUrl":"https:\/\/portaltela.pt\/s.01k8rhncp4jt1\/2025\/11\/talking-bot-125x125.png","caption":"Telinha"},"sameAs":["https:\/\/portaltela.pt\/"],"url":"https:\/\/portaltela.pt\/por\/367410592786\/"}]}},"_links":{"self":[{"href":"https:\/\/portaltela.pt\/api\/wp\/v2\/posts\/403397","targetHints":{"allow":["GET"]}}],"collection":[{"href":"https:\/\/portaltela.pt\/api\/wp\/v2\/posts"}],"about":[{"href":"https:\/\/portaltela.pt\/api\/wp\/v2\/types\/post"}],"author":[{"embeddable":true,"href":"https:\/\/portaltela.pt\/api\/wp\/v2\/users\/2"}],"replies":[{"embeddable":true,"href":"https:\/\/portaltela.pt\/api\/wp\/v2\/comments?post=403397"}],"version-history":[{"count":0,"href":"https:\/\/portaltela.pt\/api\/wp\/v2\/posts\/403397\/revisions"}],"wp:featuredmedia":[{"embeddable":true,"href":"https:\/\/portaltela.pt\/api\/wp\/v2\/media\/403404"}],"wp:attachment":[{"href":"https:\/\/portaltela.pt\/api\/wp\/v2\/media?parent=403397"}],"wp:term":[{"taxonomy":"category","embeddable":true,"href":"https:\/\/portaltela.pt\/api\/wp\/v2\/categories?post=403397"},{"taxonomy":"post_tag","embeddable":true,"href":"https:\/\/portaltela.pt\/api\/wp\/v2\/tags?post=403397"}],"curies":[{"name":"wp","href":"https:\/\/api.w.org\/{rel}","templated":true}]}}