{"id":403375,"date":"2026-03-09T10:25:11","date_gmt":"2026-03-09T13:25:11","guid":{"rendered":"https:\/\/portaltela.pt\/noticias\/2026\/03\/09\/mulher-suspeita-de-trafico-de-droga-na-ilha-do-pico-recebe-prisao-preventiva\/"},"modified":"2026-03-09T10:25:11","modified_gmt":"2026-03-09T13:25:11","slug":"mulher-suspeita-de-trafico-de-droga-na-ilha-do-pico-recebe-prisao-preventiva","status":"publish","type":"post","link":"https:\/\/portaltela.pt\/policia\/2026\/03\/09\/mulher-suspeita-de-trafico-de-droga-na-ilha-do-pico-recebe-prisao-preventiva\/","title":{"rendered":"Mulher suspeita de tr\u00e1fico de droga na ilha do Pico recebe pris\u00e3o preventiva"},"content":{"rendered":"<p>A PSP anunciou que uma mulher de 62 anos ficou em pris\u00e3o preventiva por suspeita de tr\u00e1fico de droga na ilha do Pico, nos A\u00e7ores. A deten\u00e7\u00e3o ocorreu na sequ\u00eancia de uma opera\u00e7\u00e3o da Brigada de Investiga\u00e7\u00e3o Criminal, dirigida ao combate ao tr\u00e1fico de estupefacientes.<\/p>\n<p>Durante as dilig\u00eancias, a PSP apreendeu diversos itens relacionados com a pr\u00e1tica il\u00edcita, incluindo 35,3 doses de coca\u00edna e de haxixe, 180 euros em dinheiro e tr\u00eas telem\u00f3veis, entre outros objetos.<\/p>\n<p>A detida foi apresentada \u00e0 autoridade judici\u00e1ria para interrogat\u00f3rio judicial, tendo-lhe sido aplicada a medida de coa\u00e7\u00e3o de pris\u00e3o preventiva, a mais gravosa, conforme comunicado do Comando Regional dos A\u00e7ores. A investiga\u00e7\u00e3o permanece em curso.<\/p>\n","protected":false},"excerpt":{"rendered":"<ul>\n<li>Mulher de 62 anos ficou em pris\u00e3o preventiva por tr\u00e1fico de droga na ilha do Pico, nos A\u00e7ores, segundo a PSP.<\/li>\n<li>Deten\u00e7\u00e3o ocorreu no \u00e2mbito de uma opera\u00e7\u00e3o da Brigada de Investiga\u00e7\u00e3o Criminal da ilha, direcionada para o combate ao tr\u00e1fico de estupefacientes.<\/li>\n<li>A PSP apreendeu 35,3 doses de coca\u00edna e de haxixe, 180 euros em dinheiro e tr\u00eas telem\u00f3veis, entre outros objetos.<\/li>\n<li>A detida foi apresentada \u00e0 autoridade judici\u00e1ria para interrogat\u00f3rio judicial, tendo-lhe sido aplicada a pris\u00e3o preventiva.<\/li>\n<li>A investiga\u00e7\u00e3o prossegue nos tr\u00e2mites legais.<\/li>\n<\/ul>\n","protected":false},"author":2,"featured_media":403379,"comment_status":"closed","ping_status":"closed","sticky":false,"template":"","format":"standard","meta":{"footnotes":""},"categories":[6907,6781],"tags":[822,3309,1018,1381,3202,96],"class_list":["post-403375","post","type-post","status-publish","format-standard","has-post-thumbnail","hentry","category-crime","category-policia","tag-acores","tag-estupefacientes","tag-pico","tag-psp","tag-telemoveis","tag-trafico-de-droga"],"yoast_head":"<!-- This site is optimized with the Yoast SEO plugin v27.2 - https:\/\/yoast.com\/product\/yoast-seo-wordpress\/ -->\n<title>Mulher suspeita de tr\u00e1fico de droga na ilha do Pico recebe pris\u00e3o preventiva - Portal Tela Portugal<\/title>\n<meta name=\"robots\" content=\"index, follow, max-snippet:-1, max-image-preview:large, max-video-preview:-1\" \/>\n<meta property=\"og:locale\" content=\"pt_PT\" \/>\n<meta property=\"og:type\" content=\"article\" \/>\n<meta property=\"og:title\" content=\"Mulher suspeita de tr\u00e1fico de droga na ilha do Pico recebe pris\u00e3o preventiva - Portal Tela Portugal\" \/>\n<meta property=\"og:description\" content=\"Mulher de 62 anos ficou em pris\u00e3o preventiva por tr\u00e1fico de droga na ilha do Pico, nos A\u00e7ores, segundo a PSP. Deten\u00e7\u00e3o ocorreu no \u00e2mbito de uma opera\u00e7\u00e3o da Brigada de Investiga\u00e7\u00e3o Criminal da ilha, direcionada para o combate ao tr\u00e1fico de estupefacientes. A PSP apreendeu 35,3 doses de coca\u00edna e de haxixe, 180 euros em dinheiro e tr\u00eas telem\u00f3veis, entre outros objetos. A detida foi apresentada \u00e0 autoridade judici\u00e1ria para interrogat\u00f3rio judicial, tendo-lhe sido aplicada a pris\u00e3o preventiva. A investiga\u00e7\u00e3o prossegue nos tr\u00e2mites legais.\" \/>\n<meta property=\"og:url\" content=\"https:\/\/portaltela.pt\/noticias\/2026\/03\/09\/mulher-suspeita-de-trafico-de-droga-na-ilha-do-pico-recebe-prisao-preventiva\/\" \/>\n<meta property=\"og:site_name\" content=\"Portal Tela Portugal\" \/>\n<meta property=\"article:published_time\" content=\"2026-03-09T13:25:11+00:00\" \/>\n<meta name=\"author\" content=\"Telinha\" \/>\n<meta name=\"twitter:card\" content=\"summary_large_image\" \/>\n<meta name=\"twitter:label1\" content=\"Escrito por\" \/>\n\t<meta name=\"twitter:data1\" content=\"Telinha\" \/>\n\t<meta name=\"twitter:label2\" content=\"Tempo estimado de leitura\" \/>\n\t<meta name=\"twitter:data2\" content=\"1 minuto\" \/>\n<script type=\"application\/ld+json\" class=\"yoast-schema-graph\">{\"@context\":\"https:\/\/schema.org\",\"@graph\":[{\"@type\":\"Article\",\"@id\":\"https:\/\/portaltela.pt\/noticias\/2026\/03\/09\/mulher-suspeita-de-trafico-de-droga-na-ilha-do-pico-recebe-prisao-preventiva\/#article\",\"isPartOf\":{\"@id\":\"https:\/\/portaltela.pt\/noticias\/2026\/03\/09\/mulher-suspeita-de-trafico-de-droga-na-ilha-do-pico-recebe-prisao-preventiva\/\"},\"author\":{\"name\":\"Telinha\",\"@id\":\"https:\/\/portaltela.pt\/#\/schema\/person\/c4278d4a6028830caff9ee44b42d32ed\"},\"headline\":\"Mulher suspeita de tr\u00e1fico de droga na ilha do Pico recebe pris\u00e3o preventiva\",\"datePublished\":\"2026-03-09T13:25:11+00:00\",\"mainEntityOfPage\":{\"@id\":\"https:\/\/portaltela.pt\/noticias\/2026\/03\/09\/mulher-suspeita-de-trafico-de-droga-na-ilha-do-pico-recebe-prisao-preventiva\/\"},\"wordCount\":142,\"image\":{\"@id\":\"https:\/\/portaltela.pt\/noticias\/2026\/03\/09\/mulher-suspeita-de-trafico-de-droga-na-ilha-do-pico-recebe-prisao-preventiva\/#primaryimage\"},\"thumbnailUrl\":\"https:\/\/portaltela.pt\/s.01k8rhncp4jt1\/2026\/03\/img_1500x1000uu2024-06-10-14-20-00-1677056-1.jpg\",\"keywords\":[\"A\u00e7ores\",\"estupefacientes\",\"Pico\",\"PSP\",\"telem\u00f3veis\",\"tr\u00e1fico de droga\"],\"articleSection\":[\"Crime\",\"Pol\u00edcia\"],\"inLanguage\":\"pt-PT\"},{\"@type\":\"WebPage\",\"@id\":\"https:\/\/portaltela.pt\/noticias\/2026\/03\/09\/mulher-suspeita-de-trafico-de-droga-na-ilha-do-pico-recebe-prisao-preventiva\/\",\"url\":\"https:\/\/portaltela.pt\/noticias\/2026\/03\/09\/mulher-suspeita-de-trafico-de-droga-na-ilha-do-pico-recebe-prisao-preventiva\/\",\"name\":\"Mulher suspeita de tr\u00e1fico de droga na ilha do Pico recebe pris\u00e3o preventiva - Portal Tela Portugal\",\"isPartOf\":{\"@id\":\"https:\/\/portaltela.pt\/#website\"},\"primaryImageOfPage\":{\"@id\":\"https:\/\/portaltela.pt\/noticias\/2026\/03\/09\/mulher-suspeita-de-trafico-de-droga-na-ilha-do-pico-recebe-prisao-preventiva\/#primaryimage\"},\"image\":{\"@id\":\"https:\/\/portaltela.pt\/noticias\/2026\/03\/09\/mulher-suspeita-de-trafico-de-droga-na-ilha-do-pico-recebe-prisao-preventiva\/#primaryimage\"},\"thumbnailUrl\":\"https:\/\/portaltela.pt\/s.01k8rhncp4jt1\/2026\/03\/img_1500x1000uu2024-06-10-14-20-00-1677056-1.jpg\",\"datePublished\":\"2026-03-09T13:25:11+00:00\",\"author\":{\"@id\":\"https:\/\/portaltela.pt\/#\/schema\/person\/c4278d4a6028830caff9ee44b42d32ed\"},\"breadcrumb\":{\"@id\":\"https:\/\/portaltela.pt\/noticias\/2026\/03\/09\/mulher-suspeita-de-trafico-de-droga-na-ilha-do-pico-recebe-prisao-preventiva\/#breadcrumb\"},\"inLanguage\":\"pt-PT\",\"potentialAction\":[{\"@type\":\"ReadAction\",\"target\":[\"https:\/\/portaltela.pt\/noticias\/2026\/03\/09\/mulher-suspeita-de-trafico-de-droga-na-ilha-do-pico-recebe-prisao-preventiva\/\"]}]},{\"@type\":\"ImageObject\",\"inLanguage\":\"pt-PT\",\"@id\":\"https:\/\/portaltela.pt\/noticias\/2026\/03\/09\/mulher-suspeita-de-trafico-de-droga-na-ilha-do-pico-recebe-prisao-preventiva\/#primaryimage\",\"url\":\"https:\/\/portaltela.pt\/s.01k8rhncp4jt1\/2026\/03\/img_1500x1000uu2024-06-10-14-20-00-1677056-1.jpg\",\"contentUrl\":\"https:\/\/portaltela.pt\/s.01k8rhncp4jt1\/2026\/03\/img_1500x1000uu2024-06-10-14-20-00-1677056-1.jpg\",\"width\":796,\"height\":448,\"caption\":\"PSP\"},{\"@type\":\"BreadcrumbList\",\"@id\":\"https:\/\/portaltela.pt\/noticias\/2026\/03\/09\/mulher-suspeita-de-trafico-de-droga-na-ilha-do-pico-recebe-prisao-preventiva\/#breadcrumb\",\"itemListElement\":[{\"@type\":\"ListItem\",\"position\":1,\"name\":\"In\u00edcio\",\"item\":\"https:\/\/portaltela.pt\/\"},{\"@type\":\"ListItem\",\"position\":2,\"name\":\"Mulher suspeita de tr\u00e1fico de droga na ilha do Pico recebe pris\u00e3o preventiva\"}]},{\"@type\":\"WebSite\",\"@id\":\"https:\/\/portaltela.pt\/#website\",\"url\":\"https:\/\/portaltela.pt\/\",\"name\":\"Portal Tela Portugal\",\"description\":\"\",\"potentialAction\":[{\"@type\":\"SearchAction\",\"target\":{\"@type\":\"EntryPoint\",\"urlTemplate\":\"https:\/\/portaltela.pt\/?s={search_term_string}\"},\"query-input\":{\"@type\":\"PropertyValueSpecification\",\"valueRequired\":true,\"valueName\":\"search_term_string\"}}],\"inLanguage\":\"pt-PT\"},{\"@type\":\"Person\",\"@id\":\"https:\/\/portaltela.pt\/#\/schema\/person\/c4278d4a6028830caff9ee44b42d32ed\",\"name\":\"Telinha\",\"image\":{\"@type\":\"ImageObject\",\"inLanguage\":\"pt-PT\",\"@id\":\"https:\/\/portaltela.pt\/s.01k8rhncp4jt1\/2025\/11\/talking-bot-125x125.png\",\"url\":\"https:\/\/portaltela.pt\/s.01k8rhncp4jt1\/2025\/11\/talking-bot-125x125.png\",\"contentUrl\":\"https:\/\/portaltela.pt\/s.01k8rhncp4jt1\/2025\/11\/talking-bot-125x125.png\",\"caption\":\"Telinha\"},\"sameAs\":[\"https:\/\/portaltela.pt\/\"],\"url\":\"https:\/\/portaltela.pt\/por\/367410592786\/\"}]}<\/script>\n<!-- \/ Yoast SEO plugin. -->","yoast_head_json":{"title":"Mulher suspeita de tr\u00e1fico de droga na ilha do Pico recebe pris\u00e3o preventiva - Portal Tela Portugal","robots":{"index":"index","follow":"follow","max-snippet":"max-snippet:-1","max-image-preview":"max-image-preview:large","max-video-preview":"max-video-preview:-1"},"og_locale":"pt_PT","og_type":"article","og_title":"Mulher suspeita de tr\u00e1fico de droga na ilha do Pico recebe pris\u00e3o preventiva - Portal Tela Portugal","og_description":"Mulher de 62 anos ficou em pris\u00e3o preventiva por tr\u00e1fico de droga na ilha do Pico, nos A\u00e7ores, segundo a PSP. Deten\u00e7\u00e3o ocorreu no \u00e2mbito de uma opera\u00e7\u00e3o da Brigada de Investiga\u00e7\u00e3o Criminal da ilha, direcionada para o combate ao tr\u00e1fico de estupefacientes. A PSP apreendeu 35,3 doses de coca\u00edna e de haxixe, 180 euros em dinheiro e tr\u00eas telem\u00f3veis, entre outros objetos. A detida foi apresentada \u00e0 autoridade judici\u00e1ria para interrogat\u00f3rio judicial, tendo-lhe sido aplicada a pris\u00e3o preventiva. A investiga\u00e7\u00e3o prossegue nos tr\u00e2mites legais.","og_url":"https:\/\/portaltela.pt\/noticias\/2026\/03\/09\/mulher-suspeita-de-trafico-de-droga-na-ilha-do-pico-recebe-prisao-preventiva\/","og_site_name":"Portal Tela Portugal","article_published_time":"2026-03-09T13:25:11+00:00","author":"Telinha","twitter_card":"summary_large_image","twitter_misc":{"Escrito por":"Telinha","Tempo estimado de leitura":"1 minuto"},"schema":{"@context":"https:\/\/schema.org","@graph":[{"@type":"Article","@id":"https:\/\/portaltela.pt\/noticias\/2026\/03\/09\/mulher-suspeita-de-trafico-de-droga-na-ilha-do-pico-recebe-prisao-preventiva\/#article","isPartOf":{"@id":"https:\/\/portaltela.pt\/noticias\/2026\/03\/09\/mulher-suspeita-de-trafico-de-droga-na-ilha-do-pico-recebe-prisao-preventiva\/"},"author":{"name":"Telinha","@id":"https:\/\/portaltela.pt\/#\/schema\/person\/c4278d4a6028830caff9ee44b42d32ed"},"headline":"Mulher suspeita de tr\u00e1fico de droga na ilha do Pico recebe pris\u00e3o preventiva","datePublished":"2026-03-09T13:25:11+00:00","mainEntityOfPage":{"@id":"https:\/\/portaltela.pt\/noticias\/2026\/03\/09\/mulher-suspeita-de-trafico-de-droga-na-ilha-do-pico-recebe-prisao-preventiva\/"},"wordCount":142,"image":{"@id":"https:\/\/portaltela.pt\/noticias\/2026\/03\/09\/mulher-suspeita-de-trafico-de-droga-na-ilha-do-pico-recebe-prisao-preventiva\/#primaryimage"},"thumbnailUrl":"https:\/\/portaltela.pt\/s.01k8rhncp4jt1\/2026\/03\/img_1500x1000uu2024-06-10-14-20-00-1677056-1.jpg","keywords":["A\u00e7ores","estupefacientes","Pico","PSP","telem\u00f3veis","tr\u00e1fico de droga"],"articleSection":["Crime","Pol\u00edcia"],"inLanguage":"pt-PT"},{"@type":"WebPage","@id":"https:\/\/portaltela.pt\/noticias\/2026\/03\/09\/mulher-suspeita-de-trafico-de-droga-na-ilha-do-pico-recebe-prisao-preventiva\/","url":"https:\/\/portaltela.pt\/noticias\/2026\/03\/09\/mulher-suspeita-de-trafico-de-droga-na-ilha-do-pico-recebe-prisao-preventiva\/","name":"Mulher suspeita de tr\u00e1fico de droga na ilha do Pico recebe pris\u00e3o preventiva - Portal Tela Portugal","isPartOf":{"@id":"https:\/\/portaltela.pt\/#website"},"primaryImageOfPage":{"@id":"https:\/\/portaltela.pt\/noticias\/2026\/03\/09\/mulher-suspeita-de-trafico-de-droga-na-ilha-do-pico-recebe-prisao-preventiva\/#primaryimage"},"image":{"@id":"https:\/\/portaltela.pt\/noticias\/2026\/03\/09\/mulher-suspeita-de-trafico-de-droga-na-ilha-do-pico-recebe-prisao-preventiva\/#primaryimage"},"thumbnailUrl":"https:\/\/portaltela.pt\/s.01k8rhncp4jt1\/2026\/03\/img_1500x1000uu2024-06-10-14-20-00-1677056-1.jpg","datePublished":"2026-03-09T13:25:11+00:00","author":{"@id":"https:\/\/portaltela.pt\/#\/schema\/person\/c4278d4a6028830caff9ee44b42d32ed"},"breadcrumb":{"@id":"https:\/\/portaltela.pt\/noticias\/2026\/03\/09\/mulher-suspeita-de-trafico-de-droga-na-ilha-do-pico-recebe-prisao-preventiva\/#breadcrumb"},"inLanguage":"pt-PT","potentialAction":[{"@type":"ReadAction","target":["https:\/\/portaltela.pt\/noticias\/2026\/03\/09\/mulher-suspeita-de-trafico-de-droga-na-ilha-do-pico-recebe-prisao-preventiva\/"]}]},{"@type":"ImageObject","inLanguage":"pt-PT","@id":"https:\/\/portaltela.pt\/noticias\/2026\/03\/09\/mulher-suspeita-de-trafico-de-droga-na-ilha-do-pico-recebe-prisao-preventiva\/#primaryimage","url":"https:\/\/portaltela.pt\/s.01k8rhncp4jt1\/2026\/03\/img_1500x1000uu2024-06-10-14-20-00-1677056-1.jpg","contentUrl":"https:\/\/portaltela.pt\/s.01k8rhncp4jt1\/2026\/03\/img_1500x1000uu2024-06-10-14-20-00-1677056-1.jpg","width":796,"height":448,"caption":"PSP"},{"@type":"BreadcrumbList","@id":"https:\/\/portaltela.pt\/noticias\/2026\/03\/09\/mulher-suspeita-de-trafico-de-droga-na-ilha-do-pico-recebe-prisao-preventiva\/#breadcrumb","itemListElement":[{"@type":"ListItem","position":1,"name":"In\u00edcio","item":"https:\/\/portaltela.pt\/"},{"@type":"ListItem","position":2,"name":"Mulher suspeita de tr\u00e1fico de droga na ilha do Pico recebe pris\u00e3o preventiva"}]},{"@type":"WebSite","@id":"https:\/\/portaltela.pt\/#website","url":"https:\/\/portaltela.pt\/","name":"Portal Tela Portugal","description":"","potentialAction":[{"@type":"SearchAction","target":{"@type":"EntryPoint","urlTemplate":"https:\/\/portaltela.pt\/?s={search_term_string}"},"query-input":{"@type":"PropertyValueSpecification","valueRequired":true,"valueName":"search_term_string"}}],"inLanguage":"pt-PT"},{"@type":"Person","@id":"https:\/\/portaltela.pt\/#\/schema\/person\/c4278d4a6028830caff9ee44b42d32ed","name":"Telinha","image":{"@type":"ImageObject","inLanguage":"pt-PT","@id":"https:\/\/portaltela.pt\/s.01k8rhncp4jt1\/2025\/11\/talking-bot-125x125.png","url":"https:\/\/portaltela.pt\/s.01k8rhncp4jt1\/2025\/11\/talking-bot-125x125.png","contentUrl":"https:\/\/portaltela.pt\/s.01k8rhncp4jt1\/2025\/11\/talking-bot-125x125.png","caption":"Telinha"},"sameAs":["https:\/\/portaltela.pt\/"],"url":"https:\/\/portaltela.pt\/por\/367410592786\/"}]}},"_links":{"self":[{"href":"https:\/\/portaltela.pt\/api\/wp\/v2\/posts\/403375","targetHints":{"allow":["GET"]}}],"collection":[{"href":"https:\/\/portaltela.pt\/api\/wp\/v2\/posts"}],"about":[{"href":"https:\/\/portaltela.pt\/api\/wp\/v2\/types\/post"}],"author":[{"embeddable":true,"href":"https:\/\/portaltela.pt\/api\/wp\/v2\/users\/2"}],"replies":[{"embeddable":true,"href":"https:\/\/portaltela.pt\/api\/wp\/v2\/comments?post=403375"}],"version-history":[{"count":0,"href":"https:\/\/portaltela.pt\/api\/wp\/v2\/posts\/403375\/revisions"}],"wp:featuredmedia":[{"embeddable":true,"href":"https:\/\/portaltela.pt\/api\/wp\/v2\/media\/403379"}],"wp:attachment":[{"href":"https:\/\/portaltela.pt\/api\/wp\/v2\/media?parent=403375"}],"wp:term":[{"taxonomy":"category","embeddable":true,"href":"https:\/\/portaltela.pt\/api\/wp\/v2\/categories?post=403375"},{"taxonomy":"post_tag","embeddable":true,"href":"https:\/\/portaltela.pt\/api\/wp\/v2\/tags?post=403375"}],"curies":[{"name":"wp","href":"https:\/\/api.w.org\/{rel}","templated":true}]}}