{"id":403374,"date":"2026-03-09T10:27:38","date_gmt":"2026-03-09T13:27:38","guid":{"rendered":"https:\/\/portaltela.pt\/noticias\/2026\/03\/09\/alenquer-repudia-encerramento-da-urgencia-obstetrica-em-vila-franca-de-xira\/"},"modified":"2026-03-09T10:27:38","modified_gmt":"2026-03-09T13:27:38","slug":"alenquer-repudia-encerramento-da-urgencia-obstetrica-em-vila-franca-de-xira","status":"publish","type":"post","link":"https:\/\/portaltela.pt\/saude\/2026\/03\/09\/alenquer-repudia-encerramento-da-urgencia-obstetrica-em-vila-franca-de-xira\/","title":{"rendered":"Alenquer repudia encerramento da urg\u00eancia obst\u00e9trica em Vila Franca de Xira"},"content":{"rendered":"<p>A C\u00e2mara Municipal de Alenquer aprovou, esta segunda-feira, um voto de rep\u00fadio contra o encerramento da urg\u00eancia obst\u00e9trica do Hospital de Vila Franca de Xira, que passar\u00e1 a n\u00e3o estar dispon\u00edvel a partir da pr\u00f3xima segunda-feira. A decis\u00e3o \u00e9 pedida a ser revertida junto de autoridades nacionais e de sa\u00fade.<\/p>\n<p>O voto, aprovado pelos vereadores do PS, Chega e movimento independente, afirma que a \u00e1rea de influ\u00eancia do hospital beneficia mais de 250 mil habitantes de cinco concelhos, que podem ficar sem um servi\u00e7o de proximidade em situa\u00e7\u00f5es materno-infantis urgentes. O documento alerta para condi\u00e7\u00f5es de acessibilidade agravadas pela intemp\u00e9rie de fevereiro e pela falta de transportes diretos entre alguns munic\u00edpios.<\/p>\n<p>A C\u00e2mara de Alenquer sublinha que v\u00e1rias localidades distam j\u00e1 de Vila Franca de Xira mais de 30 quil\u00f3metros, e com a transfer\u00eancia para Loures a dist\u00e2ncia pode exceder 50 quil\u00f3metros e mais de uma hora de viagem, aumentando o risco em situa\u00e7\u00f5es cr\u00edticas. Tamb\u00e9m acusa falta de ausculta\u00e7\u00e3o pr\u00e9via dos munic\u00edpios afetados.<\/p>\n<h3>Contexto regional<\/h3>\n<p>Os autarcas referem ainda que a medida poder\u00e1 comprometer a seguran\u00e7a de gr\u00e1vidas e rec\u00e9m-nascidos e agravar desigualdades territoriais, ilustrando um suposto desinvestimento na infraestrutura de Vila Franca de Xira. O voto ser\u00e1 enviado ao primeiro-ministro, \u00e0(ao) ministra(o) da Sa\u00fade, ao SNS e \u00e0 ULS do Estu\u00e1rio do Tejo.<\/p>\n<p>Foi tamb\u00e9m anunciado que, a 16 de mar\u00e7o, as urg\u00eancias de obstetr\u00edcia e ginecologia do hospital de Loures se ir\u00e3o concentrar para receber os casos urgentes do Hospital de Vila Franca de Xira. A inten\u00e7\u00e3o foi comunicada pelo diretor executivo do SNS.<\/p>\n<p>No dia 24 de fevereiro, a ministra da Sa\u00fade afirmou a cria\u00e7\u00e3o de uma urg\u00eancia regional de obstetr\u00edcia e ginecologia que envolve o Hospital Beatriz \u00c2ngelo, em Loures\/Odivelas, e o Hospital de Vila Franca de Xira, da ULS Estu\u00e1rio do Tejo, como medida intercalar.<\/p>\n","protected":false},"excerpt":{"rendered":"<ul>\n<li>A C\u00e2mara de Alenquer aprovou um voto de rep\u00fadio ao encerramento da urg\u00eancia obst\u00e9trica do Hospital de Vila Franca de Xira, com pedido de revers\u00e3o da decis\u00e3o.<\/li>\n<li>O voto foi aprovado pelos membros do PS, Chega e movimento independente; os vereadores do PSD abstiveram-se.<\/li>\n<li>A \u00e1rea de influ\u00eancia do hospital abrange mais de 250.000 habitantes de Alenquer, Arruda dos Vinhos, Azambuja, Benavente e Vila Franca de Xira, que ficam sem um servi\u00e7o pr\u00f3ximo em situa\u00e7\u00f5es materno-infantis urgentes.<\/li>\n<li>O voto ressalta condicionamentos de acessibilidade devido a tempestades e inexist\u00eancia de transportes p\u00fablicos diretos entre alguns concelhos afetados e o Hospital Beatriz \u00c2ngelo, aumentando o risco em situa\u00e7\u00f5es cr\u00edticas; algumas localidades ficam j\u00e1 a mais de 30 quil\u00f4metros do hospital, passando a mais de 50 quil\u00f4metros se transferirem para Loures.<\/li>\n<li>O munic\u00edpio considera a medida um retrocesso no acesso a cuidados de sa\u00fade materna e infantil, deixando cinco concelhos desprotegidos, e aponta para desinvestimento no Hospital de Vila Franca de Xira; o voto ser\u00e1 enviado ao primeiro-ministro, \u00e0 ministra da Sa\u00fade e a entidades do SNS.<\/li>\n<\/ul>\n","protected":false},"author":2,"featured_media":403380,"comment_status":"closed","ping_status":"closed","sticky":false,"template":"","format":"standard","meta":{"footnotes":""},"categories":[6745],"tags":[4180,2869,633,1402,172,1899],"class_list":["post-403374","post","type-post","status-publish","format-standard","has-post-thumbnail","hentry","category-saude","tag-alenquer","tag-beatriz-angelo","tag-hospital","tag-obstetricia","tag-saude","tag-urgencias"],"yoast_head":"<!-- This site is optimized with the Yoast SEO plugin v27.2 - https:\/\/yoast.com\/product\/yoast-seo-wordpress\/ -->\n<title>Alenquer repudia encerramento da urg\u00eancia obst\u00e9trica em Vila Franca de Xira - Portal Tela Portugal<\/title>\n<meta name=\"robots\" content=\"index, follow, max-snippet:-1, max-image-preview:large, max-video-preview:-1\" \/>\n<meta property=\"og:locale\" content=\"pt_PT\" \/>\n<meta property=\"og:type\" content=\"article\" \/>\n<meta property=\"og:title\" content=\"Alenquer repudia encerramento da urg\u00eancia obst\u00e9trica em Vila Franca de Xira - Portal Tela Portugal\" \/>\n<meta property=\"og:description\" content=\"A C\u00e2mara de Alenquer aprovou um voto de rep\u00fadio ao encerramento da urg\u00eancia obst\u00e9trica do Hospital de Vila Franca de Xira, com pedido de revers\u00e3o da decis\u00e3o. O voto foi aprovado pelos membros do PS, Chega e movimento independente; os vereadores do PSD abstiveram-se. A \u00e1rea de influ\u00eancia do hospital abrange mais de 250.000 habitantes de Alenquer, Arruda dos Vinhos, Azambuja, Benavente e Vila Franca de Xira, que ficam sem um servi\u00e7o pr\u00f3ximo em situa\u00e7\u00f5es materno-infantis urgentes. O voto ressalta condicionamentos de acessibilidade devido a tempestades e inexist\u00eancia de transportes p\u00fablicos diretos entre alguns concelhos afetados e o Hospital Beatriz \u00c2ngelo, aumentando o risco em situa\u00e7\u00f5es cr\u00edticas; algumas localidades ficam j\u00e1 a mais de 30 quil\u00f4metros do hospital, passando a mais de 50 quil\u00f4metros se transferirem para Loures. O munic\u00edpio considera a medida um retrocesso no acesso a cuidados de sa\u00fade materna e infantil, deixando cinco concelhos desprotegidos, e aponta para desinvestimento no Hospital de Vila Franca de Xira; o voto ser\u00e1 enviado ao primeiro-ministro, \u00e0 ministra da Sa\u00fade e a entidades do SNS.\" \/>\n<meta property=\"og:url\" content=\"https:\/\/portaltela.pt\/noticias\/2026\/03\/09\/alenquer-repudia-encerramento-da-urgencia-obstetrica-em-vila-franca-de-xira\/\" \/>\n<meta property=\"og:site_name\" content=\"Portal Tela Portugal\" \/>\n<meta property=\"article:published_time\" content=\"2026-03-09T13:27:38+00:00\" \/>\n<meta name=\"author\" content=\"Telinha\" \/>\n<meta name=\"twitter:card\" content=\"summary_large_image\" \/>\n<meta name=\"twitter:label1\" content=\"Escrito por\" \/>\n\t<meta name=\"twitter:data1\" content=\"Telinha\" \/>\n\t<meta name=\"twitter:label2\" content=\"Tempo estimado de leitura\" \/>\n\t<meta name=\"twitter:data2\" content=\"2 minutos\" \/>\n<script type=\"application\/ld+json\" class=\"yoast-schema-graph\">{\"@context\":\"https:\/\/schema.org\",\"@graph\":[{\"@type\":\"Article\",\"@id\":\"https:\/\/portaltela.pt\/noticias\/2026\/03\/09\/alenquer-repudia-encerramento-da-urgencia-obstetrica-em-vila-franca-de-xira\/#article\",\"isPartOf\":{\"@id\":\"https:\/\/portaltela.pt\/noticias\/2026\/03\/09\/alenquer-repudia-encerramento-da-urgencia-obstetrica-em-vila-franca-de-xira\/\"},\"author\":{\"name\":\"Telinha\",\"@id\":\"https:\/\/portaltela.pt\/#\/schema\/person\/c4278d4a6028830caff9ee44b42d32ed\"},\"headline\":\"Alenquer repudia encerramento da urg\u00eancia obst\u00e9trica em Vila Franca de Xira\",\"datePublished\":\"2026-03-09T13:27:38+00:00\",\"mainEntityOfPage\":{\"@id\":\"https:\/\/portaltela.pt\/noticias\/2026\/03\/09\/alenquer-repudia-encerramento-da-urgencia-obstetrica-em-vila-franca-de-xira\/\"},\"wordCount\":352,\"image\":{\"@id\":\"https:\/\/portaltela.pt\/noticias\/2026\/03\/09\/alenquer-repudia-encerramento-da-urgencia-obstetrica-em-vila-franca-de-xira\/#primaryimage\"},\"thumbnailUrl\":\"https:\/\/portaltela.pt\/s.01k8rhncp4jt1\/2026\/03\/img_1500x1000uu2020-08-27-10-42-40-970806.jpg\",\"keywords\":[\"Alenquer\",\"Beatriz \u00c2ngelo\",\"hospital\",\"Obstetr\u00edcia\",\"sa\u00fade\",\"urg\u00eancias\"],\"articleSection\":[\"Sa\u00fade\"],\"inLanguage\":\"pt-PT\"},{\"@type\":\"WebPage\",\"@id\":\"https:\/\/portaltela.pt\/noticias\/2026\/03\/09\/alenquer-repudia-encerramento-da-urgencia-obstetrica-em-vila-franca-de-xira\/\",\"url\":\"https:\/\/portaltela.pt\/noticias\/2026\/03\/09\/alenquer-repudia-encerramento-da-urgencia-obstetrica-em-vila-franca-de-xira\/\",\"name\":\"Alenquer repudia encerramento da urg\u00eancia obst\u00e9trica em Vila Franca de Xira - Portal Tela Portugal\",\"isPartOf\":{\"@id\":\"https:\/\/portaltela.pt\/#website\"},\"primaryImageOfPage\":{\"@id\":\"https:\/\/portaltela.pt\/noticias\/2026\/03\/09\/alenquer-repudia-encerramento-da-urgencia-obstetrica-em-vila-franca-de-xira\/#primaryimage\"},\"image\":{\"@id\":\"https:\/\/portaltela.pt\/noticias\/2026\/03\/09\/alenquer-repudia-encerramento-da-urgencia-obstetrica-em-vila-franca-de-xira\/#primaryimage\"},\"thumbnailUrl\":\"https:\/\/portaltela.pt\/s.01k8rhncp4jt1\/2026\/03\/img_1500x1000uu2020-08-27-10-42-40-970806.jpg\",\"datePublished\":\"2026-03-09T13:27:38+00:00\",\"author\":{\"@id\":\"https:\/\/portaltela.pt\/#\/schema\/person\/c4278d4a6028830caff9ee44b42d32ed\"},\"breadcrumb\":{\"@id\":\"https:\/\/portaltela.pt\/noticias\/2026\/03\/09\/alenquer-repudia-encerramento-da-urgencia-obstetrica-em-vila-franca-de-xira\/#breadcrumb\"},\"inLanguage\":\"pt-PT\",\"potentialAction\":[{\"@type\":\"ReadAction\",\"target\":[\"https:\/\/portaltela.pt\/noticias\/2026\/03\/09\/alenquer-repudia-encerramento-da-urgencia-obstetrica-em-vila-franca-de-xira\/\"]}]},{\"@type\":\"ImageObject\",\"inLanguage\":\"pt-PT\",\"@id\":\"https:\/\/portaltela.pt\/noticias\/2026\/03\/09\/alenquer-repudia-encerramento-da-urgencia-obstetrica-em-vila-franca-de-xira\/#primaryimage\",\"url\":\"https:\/\/portaltela.pt\/s.01k8rhncp4jt1\/2026\/03\/img_1500x1000uu2020-08-27-10-42-40-970806.jpg\",\"contentUrl\":\"https:\/\/portaltela.pt\/s.01k8rhncp4jt1\/2026\/03\/img_1500x1000uu2020-08-27-10-42-40-970806.jpg\",\"width\":796,\"height\":448,\"caption\":\"Hospital de Vila Franca de Xira\"},{\"@type\":\"BreadcrumbList\",\"@id\":\"https:\/\/portaltela.pt\/noticias\/2026\/03\/09\/alenquer-repudia-encerramento-da-urgencia-obstetrica-em-vila-franca-de-xira\/#breadcrumb\",\"itemListElement\":[{\"@type\":\"ListItem\",\"position\":1,\"name\":\"In\u00edcio\",\"item\":\"https:\/\/portaltela.pt\/\"},{\"@type\":\"ListItem\",\"position\":2,\"name\":\"Alenquer repudia encerramento da urg\u00eancia obst\u00e9trica em Vila Franca de Xira\"}]},{\"@type\":\"WebSite\",\"@id\":\"https:\/\/portaltela.pt\/#website\",\"url\":\"https:\/\/portaltela.pt\/\",\"name\":\"Portal Tela Portugal\",\"description\":\"\",\"potentialAction\":[{\"@type\":\"SearchAction\",\"target\":{\"@type\":\"EntryPoint\",\"urlTemplate\":\"https:\/\/portaltela.pt\/?s={search_term_string}\"},\"query-input\":{\"@type\":\"PropertyValueSpecification\",\"valueRequired\":true,\"valueName\":\"search_term_string\"}}],\"inLanguage\":\"pt-PT\"},{\"@type\":\"Person\",\"@id\":\"https:\/\/portaltela.pt\/#\/schema\/person\/c4278d4a6028830caff9ee44b42d32ed\",\"name\":\"Telinha\",\"image\":{\"@type\":\"ImageObject\",\"inLanguage\":\"pt-PT\",\"@id\":\"https:\/\/portaltela.pt\/s.01k8rhncp4jt1\/2025\/11\/talking-bot-125x125.png\",\"url\":\"https:\/\/portaltela.pt\/s.01k8rhncp4jt1\/2025\/11\/talking-bot-125x125.png\",\"contentUrl\":\"https:\/\/portaltela.pt\/s.01k8rhncp4jt1\/2025\/11\/talking-bot-125x125.png\",\"caption\":\"Telinha\"},\"sameAs\":[\"https:\/\/portaltela.pt\/\"],\"url\":\"https:\/\/portaltela.pt\/por\/367410592786\/\"}]}<\/script>\n<!-- \/ Yoast SEO plugin. -->","yoast_head_json":{"title":"Alenquer repudia encerramento da urg\u00eancia obst\u00e9trica em Vila Franca de Xira - Portal Tela Portugal","robots":{"index":"index","follow":"follow","max-snippet":"max-snippet:-1","max-image-preview":"max-image-preview:large","max-video-preview":"max-video-preview:-1"},"og_locale":"pt_PT","og_type":"article","og_title":"Alenquer repudia encerramento da urg\u00eancia obst\u00e9trica em Vila Franca de Xira - Portal Tela Portugal","og_description":"A C\u00e2mara de Alenquer aprovou um voto de rep\u00fadio ao encerramento da urg\u00eancia obst\u00e9trica do Hospital de Vila Franca de Xira, com pedido de revers\u00e3o da decis\u00e3o. O voto foi aprovado pelos membros do PS, Chega e movimento independente; os vereadores do PSD abstiveram-se. A \u00e1rea de influ\u00eancia do hospital abrange mais de 250.000 habitantes de Alenquer, Arruda dos Vinhos, Azambuja, Benavente e Vila Franca de Xira, que ficam sem um servi\u00e7o pr\u00f3ximo em situa\u00e7\u00f5es materno-infantis urgentes. O voto ressalta condicionamentos de acessibilidade devido a tempestades e inexist\u00eancia de transportes p\u00fablicos diretos entre alguns concelhos afetados e o Hospital Beatriz \u00c2ngelo, aumentando o risco em situa\u00e7\u00f5es cr\u00edticas; algumas localidades ficam j\u00e1 a mais de 30 quil\u00f4metros do hospital, passando a mais de 50 quil\u00f4metros se transferirem para Loures. O munic\u00edpio considera a medida um retrocesso no acesso a cuidados de sa\u00fade materna e infantil, deixando cinco concelhos desprotegidos, e aponta para desinvestimento no Hospital de Vila Franca de Xira; o voto ser\u00e1 enviado ao primeiro-ministro, \u00e0 ministra da Sa\u00fade e a entidades do SNS.","og_url":"https:\/\/portaltela.pt\/noticias\/2026\/03\/09\/alenquer-repudia-encerramento-da-urgencia-obstetrica-em-vila-franca-de-xira\/","og_site_name":"Portal Tela Portugal","article_published_time":"2026-03-09T13:27:38+00:00","author":"Telinha","twitter_card":"summary_large_image","twitter_misc":{"Escrito por":"Telinha","Tempo estimado de leitura":"2 minutos"},"schema":{"@context":"https:\/\/schema.org","@graph":[{"@type":"Article","@id":"https:\/\/portaltela.pt\/noticias\/2026\/03\/09\/alenquer-repudia-encerramento-da-urgencia-obstetrica-em-vila-franca-de-xira\/#article","isPartOf":{"@id":"https:\/\/portaltela.pt\/noticias\/2026\/03\/09\/alenquer-repudia-encerramento-da-urgencia-obstetrica-em-vila-franca-de-xira\/"},"author":{"name":"Telinha","@id":"https:\/\/portaltela.pt\/#\/schema\/person\/c4278d4a6028830caff9ee44b42d32ed"},"headline":"Alenquer repudia encerramento da urg\u00eancia obst\u00e9trica em Vila Franca de Xira","datePublished":"2026-03-09T13:27:38+00:00","mainEntityOfPage":{"@id":"https:\/\/portaltela.pt\/noticias\/2026\/03\/09\/alenquer-repudia-encerramento-da-urgencia-obstetrica-em-vila-franca-de-xira\/"},"wordCount":352,"image":{"@id":"https:\/\/portaltela.pt\/noticias\/2026\/03\/09\/alenquer-repudia-encerramento-da-urgencia-obstetrica-em-vila-franca-de-xira\/#primaryimage"},"thumbnailUrl":"https:\/\/portaltela.pt\/s.01k8rhncp4jt1\/2026\/03\/img_1500x1000uu2020-08-27-10-42-40-970806.jpg","keywords":["Alenquer","Beatriz \u00c2ngelo","hospital","Obstetr\u00edcia","sa\u00fade","urg\u00eancias"],"articleSection":["Sa\u00fade"],"inLanguage":"pt-PT"},{"@type":"WebPage","@id":"https:\/\/portaltela.pt\/noticias\/2026\/03\/09\/alenquer-repudia-encerramento-da-urgencia-obstetrica-em-vila-franca-de-xira\/","url":"https:\/\/portaltela.pt\/noticias\/2026\/03\/09\/alenquer-repudia-encerramento-da-urgencia-obstetrica-em-vila-franca-de-xira\/","name":"Alenquer repudia encerramento da urg\u00eancia obst\u00e9trica em Vila Franca de Xira - Portal Tela Portugal","isPartOf":{"@id":"https:\/\/portaltela.pt\/#website"},"primaryImageOfPage":{"@id":"https:\/\/portaltela.pt\/noticias\/2026\/03\/09\/alenquer-repudia-encerramento-da-urgencia-obstetrica-em-vila-franca-de-xira\/#primaryimage"},"image":{"@id":"https:\/\/portaltela.pt\/noticias\/2026\/03\/09\/alenquer-repudia-encerramento-da-urgencia-obstetrica-em-vila-franca-de-xira\/#primaryimage"},"thumbnailUrl":"https:\/\/portaltela.pt\/s.01k8rhncp4jt1\/2026\/03\/img_1500x1000uu2020-08-27-10-42-40-970806.jpg","datePublished":"2026-03-09T13:27:38+00:00","author":{"@id":"https:\/\/portaltela.pt\/#\/schema\/person\/c4278d4a6028830caff9ee44b42d32ed"},"breadcrumb":{"@id":"https:\/\/portaltela.pt\/noticias\/2026\/03\/09\/alenquer-repudia-encerramento-da-urgencia-obstetrica-em-vila-franca-de-xira\/#breadcrumb"},"inLanguage":"pt-PT","potentialAction":[{"@type":"ReadAction","target":["https:\/\/portaltela.pt\/noticias\/2026\/03\/09\/alenquer-repudia-encerramento-da-urgencia-obstetrica-em-vila-franca-de-xira\/"]}]},{"@type":"ImageObject","inLanguage":"pt-PT","@id":"https:\/\/portaltela.pt\/noticias\/2026\/03\/09\/alenquer-repudia-encerramento-da-urgencia-obstetrica-em-vila-franca-de-xira\/#primaryimage","url":"https:\/\/portaltela.pt\/s.01k8rhncp4jt1\/2026\/03\/img_1500x1000uu2020-08-27-10-42-40-970806.jpg","contentUrl":"https:\/\/portaltela.pt\/s.01k8rhncp4jt1\/2026\/03\/img_1500x1000uu2020-08-27-10-42-40-970806.jpg","width":796,"height":448,"caption":"Hospital de Vila Franca de Xira"},{"@type":"BreadcrumbList","@id":"https:\/\/portaltela.pt\/noticias\/2026\/03\/09\/alenquer-repudia-encerramento-da-urgencia-obstetrica-em-vila-franca-de-xira\/#breadcrumb","itemListElement":[{"@type":"ListItem","position":1,"name":"In\u00edcio","item":"https:\/\/portaltela.pt\/"},{"@type":"ListItem","position":2,"name":"Alenquer repudia encerramento da urg\u00eancia obst\u00e9trica em Vila Franca de Xira"}]},{"@type":"WebSite","@id":"https:\/\/portaltela.pt\/#website","url":"https:\/\/portaltela.pt\/","name":"Portal Tela Portugal","description":"","potentialAction":[{"@type":"SearchAction","target":{"@type":"EntryPoint","urlTemplate":"https:\/\/portaltela.pt\/?s={search_term_string}"},"query-input":{"@type":"PropertyValueSpecification","valueRequired":true,"valueName":"search_term_string"}}],"inLanguage":"pt-PT"},{"@type":"Person","@id":"https:\/\/portaltela.pt\/#\/schema\/person\/c4278d4a6028830caff9ee44b42d32ed","name":"Telinha","image":{"@type":"ImageObject","inLanguage":"pt-PT","@id":"https:\/\/portaltela.pt\/s.01k8rhncp4jt1\/2025\/11\/talking-bot-125x125.png","url":"https:\/\/portaltela.pt\/s.01k8rhncp4jt1\/2025\/11\/talking-bot-125x125.png","contentUrl":"https:\/\/portaltela.pt\/s.01k8rhncp4jt1\/2025\/11\/talking-bot-125x125.png","caption":"Telinha"},"sameAs":["https:\/\/portaltela.pt\/"],"url":"https:\/\/portaltela.pt\/por\/367410592786\/"}]}},"_links":{"self":[{"href":"https:\/\/portaltela.pt\/api\/wp\/v2\/posts\/403374","targetHints":{"allow":["GET"]}}],"collection":[{"href":"https:\/\/portaltela.pt\/api\/wp\/v2\/posts"}],"about":[{"href":"https:\/\/portaltela.pt\/api\/wp\/v2\/types\/post"}],"author":[{"embeddable":true,"href":"https:\/\/portaltela.pt\/api\/wp\/v2\/users\/2"}],"replies":[{"embeddable":true,"href":"https:\/\/portaltela.pt\/api\/wp\/v2\/comments?post=403374"}],"version-history":[{"count":0,"href":"https:\/\/portaltela.pt\/api\/wp\/v2\/posts\/403374\/revisions"}],"wp:featuredmedia":[{"embeddable":true,"href":"https:\/\/portaltela.pt\/api\/wp\/v2\/media\/403380"}],"wp:attachment":[{"href":"https:\/\/portaltela.pt\/api\/wp\/v2\/media?parent=403374"}],"wp:term":[{"taxonomy":"category","embeddable":true,"href":"https:\/\/portaltela.pt\/api\/wp\/v2\/categories?post=403374"},{"taxonomy":"post_tag","embeddable":true,"href":"https:\/\/portaltela.pt\/api\/wp\/v2\/tags?post=403374"}],"curies":[{"name":"wp","href":"https:\/\/api.w.org\/{rel}","templated":true}]}}