{"id":403373,"date":"2026-03-09T10:21:00","date_gmt":"2026-03-09T13:21:00","guid":{"rendered":"https:\/\/portaltela.pt\/noticias\/2026\/03\/09\/celorico-de-basto-agradece-a-marcelo-pelos-dez-anos-de-servico-publico\/"},"modified":"2026-03-09T10:21:00","modified_gmt":"2026-03-09T13:21:00","slug":"celorico-de-basto-agradece-a-marcelo-pelos-dez-anos-de-servico-publico","status":"publish","type":"post","link":"https:\/\/portaltela.pt\/noticias\/politica\/2026\/03\/09\/celorico-de-basto-agradece-a-marcelo-pelos-dez-anos-de-servico-publico\/","title":{"rendered":"Celorico de Basto agradece a Marcelo pelos dez anos de servi\u00e7o p\u00fablico"},"content":{"rendered":"<p>Celorico de Basto expressou reconhecimento a Marcelo Rebelo de Sousa pelo t\u00e9rmino do seu mandato como chefe de Estado, ap\u00f3s dez anos de servi\u00e7o p\u00fablico. O comunicado publicado nas redes sociais da C\u00e2mara sublinha o profundo sentido de servi\u00e7o p\u00fablico que marcou o per\u00edodo.<\/p>\n<p>A autarquia destaca a rela\u00e7\u00e3o de proximidade do Presidente com os portugueses, bem como a promo\u00e7\u00e3o da diplomacia entre o poder central, local e a esfera internacional. O munic\u00edpio relembra a fun\u00e7\u00e3o anterior de Rebelo de Sousa como presidente da Assembleia Municipal, entre 1997 e 2005.<\/p>\n<h3>Reconhecimento e legado<\/h3>\n<p>O texto enfatiza a liga\u00e7\u00e3o do Presidente com Celorico de Basto, real\u00e7ando ra\u00edzes familiares, recenseamento no concelho e votos realizados ao longo dos mandatos. A autarquia destaca que o antigo Presidente contribuiu para a notoriedade do concelho ao longo dos anos.<\/p>\n<p>O comunicado menciona ainda o contributo de Rebelo de Sousa para o distrito, incluindo o refor\u00e7o de recursos educativos e a promo\u00e7\u00e3o da aprendizagem. O papel do Presidente na Festa do Livro \u00e9 destacado como uma das iniciativas que impulsionou a cultura local.<\/p>\n<h3>Homenagem a uma figura de refer\u00eancia<\/h3>\n<p>Conclui-se que Celorico de Basto se orgulha de reconhecer Marcelo Rebelo de Sousa como o seu Presidente de destaque, sem acrescentar opini\u00f5es, apenas com dados do per\u00edodo e das a\u00e7\u00f5es associadas ao concelho.<\/p>\n","protected":false},"excerpt":{"rendered":"<ul>\n<li>Celorico de Basto agradece a Marcelo Rebelo de Sousa pelo t\u00e9rmino do seu mandato como chefe de Estado, ap\u00f3s dez anos de servi\u00e7o p\u00fablico.<\/li>\n<li>O munic\u00edpio sublinha a proximidade com os portugueses e a diplomacia entre o poder central, o poder local e a esfera internacional.<\/li>\n<li>O comunicado lembra-o como o &#8220;Presidente dos afetos&#8221; e afirma que ser\u00e1 recordado como o presidente de Celorico de Basto, onde tem ra\u00edzes, est\u00e1 recenseado e votou ao longo dos mandatos.<\/li>\n<li>Refere que ele foi presidente da Assembleia Municipal de Celorico de Basto entre 1997 e 2005, contribuindo para refor\u00e7ar la\u00e7os com a comunidade.<\/li>\n<li>Destaca o papel dele na melhoria de recursos educativos, na Festa do Livro e na proje\u00e7\u00e3o do concelho a n\u00edvel nacional, lembrando ainda que a biblioteca municipal tem o seu nome.<\/li>\n<\/ul>\n","protected":false},"author":2,"featured_media":403382,"comment_status":"closed","ping_status":"closed","sticky":false,"template":"","format":"standard","meta":{"footnotes":""},"categories":[1,5],"tags":[168,145,163,2877,30,5196],"class_list":["post-403373","post","type-post","status-publish","format-standard","has-post-thumbnail","hentry","category-noticias","category-politica","tag-administracao-publica","tag-cultura","tag-educacao","tag-marcelo-rebelo-de-sousa","tag-presidente","tag-servico-publico"],"yoast_head":"<!-- This site is optimized with the Yoast SEO plugin v27.2 - https:\/\/yoast.com\/product\/yoast-seo-wordpress\/ -->\n<title>Celorico de Basto agradece a Marcelo pelos dez anos de servi\u00e7o p\u00fablico - Portal Tela Portugal<\/title>\n<meta name=\"robots\" content=\"index, follow, max-snippet:-1, max-image-preview:large, max-video-preview:-1\" \/>\n<meta property=\"og:locale\" content=\"pt_PT\" \/>\n<meta property=\"og:type\" content=\"article\" \/>\n<meta property=\"og:title\" content=\"Celorico de Basto agradece a Marcelo pelos dez anos de servi\u00e7o p\u00fablico - Portal Tela Portugal\" \/>\n<meta property=\"og:description\" content=\"Celorico de Basto agradece a Marcelo Rebelo de Sousa pelo t\u00e9rmino do seu mandato como chefe de Estado, ap\u00f3s dez anos de servi\u00e7o p\u00fablico. O munic\u00edpio sublinha a proximidade com os portugueses e a diplomacia entre o poder central, o poder local e a esfera internacional. O comunicado lembra-o como o &quot;Presidente dos afetos&quot; e afirma que ser\u00e1 recordado como o presidente de Celorico de Basto, onde tem ra\u00edzes, est\u00e1 recenseado e votou ao longo dos mandatos. Refere que ele foi presidente da Assembleia Municipal de Celorico de Basto entre 1997 e 2005, contribuindo para refor\u00e7ar la\u00e7os com a comunidade. Destaca o papel dele na melhoria de recursos educativos, na Festa do Livro e na proje\u00e7\u00e3o do concelho a n\u00edvel nacional, lembrando ainda que a biblioteca municipal tem o seu nome.\" \/>\n<meta property=\"og:url\" content=\"https:\/\/portaltela.pt\/noticias\/2026\/03\/09\/celorico-de-basto-agradece-a-marcelo-pelos-dez-anos-de-servico-publico\/\" \/>\n<meta property=\"og:site_name\" content=\"Portal Tela Portugal\" \/>\n<meta property=\"article:published_time\" content=\"2026-03-09T13:21:00+00:00\" \/>\n<meta name=\"author\" content=\"Telinha\" \/>\n<meta name=\"twitter:card\" content=\"summary_large_image\" \/>\n<meta name=\"twitter:label1\" content=\"Escrito por\" \/>\n\t<meta name=\"twitter:data1\" content=\"Telinha\" \/>\n\t<meta name=\"twitter:label2\" content=\"Tempo estimado de leitura\" \/>\n\t<meta name=\"twitter:data2\" content=\"1 minuto\" \/>\n<script type=\"application\/ld+json\" class=\"yoast-schema-graph\">{\"@context\":\"https:\/\/schema.org\",\"@graph\":[{\"@type\":\"Article\",\"@id\":\"https:\/\/portaltela.pt\/noticias\/2026\/03\/09\/celorico-de-basto-agradece-a-marcelo-pelos-dez-anos-de-servico-publico\/#article\",\"isPartOf\":{\"@id\":\"https:\/\/portaltela.pt\/noticias\/2026\/03\/09\/celorico-de-basto-agradece-a-marcelo-pelos-dez-anos-de-servico-publico\/\"},\"author\":{\"name\":\"Telinha\",\"@id\":\"https:\/\/portaltela.pt\/#\/schema\/person\/c4278d4a6028830caff9ee44b42d32ed\"},\"headline\":\"Celorico de Basto agradece a Marcelo pelos dez anos de servi\u00e7o p\u00fablico\",\"datePublished\":\"2026-03-09T13:21:00+00:00\",\"mainEntityOfPage\":{\"@id\":\"https:\/\/portaltela.pt\/noticias\/2026\/03\/09\/celorico-de-basto-agradece-a-marcelo-pelos-dez-anos-de-servico-publico\/\"},\"wordCount\":248,\"image\":{\"@id\":\"https:\/\/portaltela.pt\/noticias\/2026\/03\/09\/celorico-de-basto-agradece-a-marcelo-pelos-dez-anos-de-servico-publico\/#primaryimage\"},\"thumbnailUrl\":\"https:\/\/portaltela.pt\/s.01k8rhncp4jt1\/2026\/03\/image-574.jpg\",\"keywords\":[\"administra\u00e7\u00e3o p\u00fablica\",\"cultura\",\"educa\u00e7\u00e3o\",\"Marcelo Rebelo de Sousa\",\"presidente\",\"servi\u00e7o p\u00fablico\"],\"articleSection\":[\"Not\u00edcias\",\"Pol\u00edtica\"],\"inLanguage\":\"pt-PT\"},{\"@type\":\"WebPage\",\"@id\":\"https:\/\/portaltela.pt\/noticias\/2026\/03\/09\/celorico-de-basto-agradece-a-marcelo-pelos-dez-anos-de-servico-publico\/\",\"url\":\"https:\/\/portaltela.pt\/noticias\/2026\/03\/09\/celorico-de-basto-agradece-a-marcelo-pelos-dez-anos-de-servico-publico\/\",\"name\":\"Celorico de Basto agradece a Marcelo pelos dez anos de servi\u00e7o p\u00fablico - Portal Tela Portugal\",\"isPartOf\":{\"@id\":\"https:\/\/portaltela.pt\/#website\"},\"primaryImageOfPage\":{\"@id\":\"https:\/\/portaltela.pt\/noticias\/2026\/03\/09\/celorico-de-basto-agradece-a-marcelo-pelos-dez-anos-de-servico-publico\/#primaryimage\"},\"image\":{\"@id\":\"https:\/\/portaltela.pt\/noticias\/2026\/03\/09\/celorico-de-basto-agradece-a-marcelo-pelos-dez-anos-de-servico-publico\/#primaryimage\"},\"thumbnailUrl\":\"https:\/\/portaltela.pt\/s.01k8rhncp4jt1\/2026\/03\/image-574.jpg\",\"datePublished\":\"2026-03-09T13:21:00+00:00\",\"author\":{\"@id\":\"https:\/\/portaltela.pt\/#\/schema\/person\/c4278d4a6028830caff9ee44b42d32ed\"},\"breadcrumb\":{\"@id\":\"https:\/\/portaltela.pt\/noticias\/2026\/03\/09\/celorico-de-basto-agradece-a-marcelo-pelos-dez-anos-de-servico-publico\/#breadcrumb\"},\"inLanguage\":\"pt-PT\",\"potentialAction\":[{\"@type\":\"ReadAction\",\"target\":[\"https:\/\/portaltela.pt\/noticias\/2026\/03\/09\/celorico-de-basto-agradece-a-marcelo-pelos-dez-anos-de-servico-publico\/\"]}]},{\"@type\":\"ImageObject\",\"inLanguage\":\"pt-PT\",\"@id\":\"https:\/\/portaltela.pt\/noticias\/2026\/03\/09\/celorico-de-basto-agradece-a-marcelo-pelos-dez-anos-de-servico-publico\/#primaryimage\",\"url\":\"https:\/\/portaltela.pt\/s.01k8rhncp4jt1\/2026\/03\/image-574.jpg\",\"contentUrl\":\"https:\/\/portaltela.pt\/s.01k8rhncp4jt1\/2026\/03\/image-574.jpg\",\"width\":796,\"height\":448,\"caption\":\"Marcelo Rebelo de Sousa em Celorico de Basto\"},{\"@type\":\"BreadcrumbList\",\"@id\":\"https:\/\/portaltela.pt\/noticias\/2026\/03\/09\/celorico-de-basto-agradece-a-marcelo-pelos-dez-anos-de-servico-publico\/#breadcrumb\",\"itemListElement\":[{\"@type\":\"ListItem\",\"position\":1,\"name\":\"In\u00edcio\",\"item\":\"https:\/\/portaltela.pt\/\"},{\"@type\":\"ListItem\",\"position\":2,\"name\":\"Celorico de Basto agradece a Marcelo pelos dez anos de servi\u00e7o p\u00fablico\"}]},{\"@type\":\"WebSite\",\"@id\":\"https:\/\/portaltela.pt\/#website\",\"url\":\"https:\/\/portaltela.pt\/\",\"name\":\"Portal Tela Portugal\",\"description\":\"\",\"potentialAction\":[{\"@type\":\"SearchAction\",\"target\":{\"@type\":\"EntryPoint\",\"urlTemplate\":\"https:\/\/portaltela.pt\/?s={search_term_string}\"},\"query-input\":{\"@type\":\"PropertyValueSpecification\",\"valueRequired\":true,\"valueName\":\"search_term_string\"}}],\"inLanguage\":\"pt-PT\"},{\"@type\":\"Person\",\"@id\":\"https:\/\/portaltela.pt\/#\/schema\/person\/c4278d4a6028830caff9ee44b42d32ed\",\"name\":\"Telinha\",\"image\":{\"@type\":\"ImageObject\",\"inLanguage\":\"pt-PT\",\"@id\":\"https:\/\/portaltela.pt\/s.01k8rhncp4jt1\/2025\/11\/talking-bot-125x125.png\",\"url\":\"https:\/\/portaltela.pt\/s.01k8rhncp4jt1\/2025\/11\/talking-bot-125x125.png\",\"contentUrl\":\"https:\/\/portaltela.pt\/s.01k8rhncp4jt1\/2025\/11\/talking-bot-125x125.png\",\"caption\":\"Telinha\"},\"sameAs\":[\"https:\/\/portaltela.pt\/\"],\"url\":\"https:\/\/portaltela.pt\/por\/367410592786\/\"}]}<\/script>\n<!-- \/ Yoast SEO plugin. -->","yoast_head_json":{"title":"Celorico de Basto agradece a Marcelo pelos dez anos de servi\u00e7o p\u00fablico - Portal Tela Portugal","robots":{"index":"index","follow":"follow","max-snippet":"max-snippet:-1","max-image-preview":"max-image-preview:large","max-video-preview":"max-video-preview:-1"},"og_locale":"pt_PT","og_type":"article","og_title":"Celorico de Basto agradece a Marcelo pelos dez anos de servi\u00e7o p\u00fablico - Portal Tela Portugal","og_description":"Celorico de Basto agradece a Marcelo Rebelo de Sousa pelo t\u00e9rmino do seu mandato como chefe de Estado, ap\u00f3s dez anos de servi\u00e7o p\u00fablico. O munic\u00edpio sublinha a proximidade com os portugueses e a diplomacia entre o poder central, o poder local e a esfera internacional. O comunicado lembra-o como o \"Presidente dos afetos\" e afirma que ser\u00e1 recordado como o presidente de Celorico de Basto, onde tem ra\u00edzes, est\u00e1 recenseado e votou ao longo dos mandatos. Refere que ele foi presidente da Assembleia Municipal de Celorico de Basto entre 1997 e 2005, contribuindo para refor\u00e7ar la\u00e7os com a comunidade. Destaca o papel dele na melhoria de recursos educativos, na Festa do Livro e na proje\u00e7\u00e3o do concelho a n\u00edvel nacional, lembrando ainda que a biblioteca municipal tem o seu nome.","og_url":"https:\/\/portaltela.pt\/noticias\/2026\/03\/09\/celorico-de-basto-agradece-a-marcelo-pelos-dez-anos-de-servico-publico\/","og_site_name":"Portal Tela Portugal","article_published_time":"2026-03-09T13:21:00+00:00","author":"Telinha","twitter_card":"summary_large_image","twitter_misc":{"Escrito por":"Telinha","Tempo estimado de leitura":"1 minuto"},"schema":{"@context":"https:\/\/schema.org","@graph":[{"@type":"Article","@id":"https:\/\/portaltela.pt\/noticias\/2026\/03\/09\/celorico-de-basto-agradece-a-marcelo-pelos-dez-anos-de-servico-publico\/#article","isPartOf":{"@id":"https:\/\/portaltela.pt\/noticias\/2026\/03\/09\/celorico-de-basto-agradece-a-marcelo-pelos-dez-anos-de-servico-publico\/"},"author":{"name":"Telinha","@id":"https:\/\/portaltela.pt\/#\/schema\/person\/c4278d4a6028830caff9ee44b42d32ed"},"headline":"Celorico de Basto agradece a Marcelo pelos dez anos de servi\u00e7o p\u00fablico","datePublished":"2026-03-09T13:21:00+00:00","mainEntityOfPage":{"@id":"https:\/\/portaltela.pt\/noticias\/2026\/03\/09\/celorico-de-basto-agradece-a-marcelo-pelos-dez-anos-de-servico-publico\/"},"wordCount":248,"image":{"@id":"https:\/\/portaltela.pt\/noticias\/2026\/03\/09\/celorico-de-basto-agradece-a-marcelo-pelos-dez-anos-de-servico-publico\/#primaryimage"},"thumbnailUrl":"https:\/\/portaltela.pt\/s.01k8rhncp4jt1\/2026\/03\/image-574.jpg","keywords":["administra\u00e7\u00e3o p\u00fablica","cultura","educa\u00e7\u00e3o","Marcelo Rebelo de Sousa","presidente","servi\u00e7o p\u00fablico"],"articleSection":["Not\u00edcias","Pol\u00edtica"],"inLanguage":"pt-PT"},{"@type":"WebPage","@id":"https:\/\/portaltela.pt\/noticias\/2026\/03\/09\/celorico-de-basto-agradece-a-marcelo-pelos-dez-anos-de-servico-publico\/","url":"https:\/\/portaltela.pt\/noticias\/2026\/03\/09\/celorico-de-basto-agradece-a-marcelo-pelos-dez-anos-de-servico-publico\/","name":"Celorico de Basto agradece a Marcelo pelos dez anos de servi\u00e7o p\u00fablico - Portal Tela Portugal","isPartOf":{"@id":"https:\/\/portaltela.pt\/#website"},"primaryImageOfPage":{"@id":"https:\/\/portaltela.pt\/noticias\/2026\/03\/09\/celorico-de-basto-agradece-a-marcelo-pelos-dez-anos-de-servico-publico\/#primaryimage"},"image":{"@id":"https:\/\/portaltela.pt\/noticias\/2026\/03\/09\/celorico-de-basto-agradece-a-marcelo-pelos-dez-anos-de-servico-publico\/#primaryimage"},"thumbnailUrl":"https:\/\/portaltela.pt\/s.01k8rhncp4jt1\/2026\/03\/image-574.jpg","datePublished":"2026-03-09T13:21:00+00:00","author":{"@id":"https:\/\/portaltela.pt\/#\/schema\/person\/c4278d4a6028830caff9ee44b42d32ed"},"breadcrumb":{"@id":"https:\/\/portaltela.pt\/noticias\/2026\/03\/09\/celorico-de-basto-agradece-a-marcelo-pelos-dez-anos-de-servico-publico\/#breadcrumb"},"inLanguage":"pt-PT","potentialAction":[{"@type":"ReadAction","target":["https:\/\/portaltela.pt\/noticias\/2026\/03\/09\/celorico-de-basto-agradece-a-marcelo-pelos-dez-anos-de-servico-publico\/"]}]},{"@type":"ImageObject","inLanguage":"pt-PT","@id":"https:\/\/portaltela.pt\/noticias\/2026\/03\/09\/celorico-de-basto-agradece-a-marcelo-pelos-dez-anos-de-servico-publico\/#primaryimage","url":"https:\/\/portaltela.pt\/s.01k8rhncp4jt1\/2026\/03\/image-574.jpg","contentUrl":"https:\/\/portaltela.pt\/s.01k8rhncp4jt1\/2026\/03\/image-574.jpg","width":796,"height":448,"caption":"Marcelo Rebelo de Sousa em Celorico de Basto"},{"@type":"BreadcrumbList","@id":"https:\/\/portaltela.pt\/noticias\/2026\/03\/09\/celorico-de-basto-agradece-a-marcelo-pelos-dez-anos-de-servico-publico\/#breadcrumb","itemListElement":[{"@type":"ListItem","position":1,"name":"In\u00edcio","item":"https:\/\/portaltela.pt\/"},{"@type":"ListItem","position":2,"name":"Celorico de Basto agradece a Marcelo pelos dez anos de servi\u00e7o p\u00fablico"}]},{"@type":"WebSite","@id":"https:\/\/portaltela.pt\/#website","url":"https:\/\/portaltela.pt\/","name":"Portal Tela Portugal","description":"","potentialAction":[{"@type":"SearchAction","target":{"@type":"EntryPoint","urlTemplate":"https:\/\/portaltela.pt\/?s={search_term_string}"},"query-input":{"@type":"PropertyValueSpecification","valueRequired":true,"valueName":"search_term_string"}}],"inLanguage":"pt-PT"},{"@type":"Person","@id":"https:\/\/portaltela.pt\/#\/schema\/person\/c4278d4a6028830caff9ee44b42d32ed","name":"Telinha","image":{"@type":"ImageObject","inLanguage":"pt-PT","@id":"https:\/\/portaltela.pt\/s.01k8rhncp4jt1\/2025\/11\/talking-bot-125x125.png","url":"https:\/\/portaltela.pt\/s.01k8rhncp4jt1\/2025\/11\/talking-bot-125x125.png","contentUrl":"https:\/\/portaltela.pt\/s.01k8rhncp4jt1\/2025\/11\/talking-bot-125x125.png","caption":"Telinha"},"sameAs":["https:\/\/portaltela.pt\/"],"url":"https:\/\/portaltela.pt\/por\/367410592786\/"}]}},"_links":{"self":[{"href":"https:\/\/portaltela.pt\/api\/wp\/v2\/posts\/403373","targetHints":{"allow":["GET"]}}],"collection":[{"href":"https:\/\/portaltela.pt\/api\/wp\/v2\/posts"}],"about":[{"href":"https:\/\/portaltela.pt\/api\/wp\/v2\/types\/post"}],"author":[{"embeddable":true,"href":"https:\/\/portaltela.pt\/api\/wp\/v2\/users\/2"}],"replies":[{"embeddable":true,"href":"https:\/\/portaltela.pt\/api\/wp\/v2\/comments?post=403373"}],"version-history":[{"count":0,"href":"https:\/\/portaltela.pt\/api\/wp\/v2\/posts\/403373\/revisions"}],"wp:featuredmedia":[{"embeddable":true,"href":"https:\/\/portaltela.pt\/api\/wp\/v2\/media\/403382"}],"wp:attachment":[{"href":"https:\/\/portaltela.pt\/api\/wp\/v2\/media?parent=403373"}],"wp:term":[{"taxonomy":"category","embeddable":true,"href":"https:\/\/portaltela.pt\/api\/wp\/v2\/categories?post=403373"},{"taxonomy":"post_tag","embeddable":true,"href":"https:\/\/portaltela.pt\/api\/wp\/v2\/tags?post=403373"}],"curies":[{"name":"wp","href":"https:\/\/api.w.org\/{rel}","templated":true}]}}