{"id":403342,"date":"2026-03-09T09:43:00","date_gmt":"2026-03-09T12:43:00","guid":{"rendered":"https:\/\/portaltela.pt\/noticias\/2026\/03\/09\/estudantes-exigem-do-presidente-seguro-fim-dos-combustiveis-fosseis-ate-2030\/"},"modified":"2026-03-09T09:43:00","modified_gmt":"2026-03-09T12:43:00","slug":"estudantes-exigem-do-presidente-seguro-fim-dos-combustiveis-fosseis-ate-2030","status":"publish","type":"post","link":"https:\/\/portaltela.pt\/noticias\/2026\/03\/09\/estudantes-exigem-do-presidente-seguro-fim-dos-combustiveis-fosseis-ate-2030\/","title":{"rendered":"Estudantes exigem do Presidente Seguro fim dos combust\u00edveis f\u00f3sseis at\u00e9 2030"},"content":{"rendered":"<p>Estudantes de Lisboa organizam uma greve e ocupam ruas para exigir que o novo Presidente da Rep\u00fablica declare o fim dos combust\u00edveis f\u00f3sseis at\u00e9 2030. A marcha come\u00e7ou no Largo do Rato e seguiu at\u00e9 \u00e0 Assembleia da Rep\u00fablica, onde decorrem as cerim\u00f3nias de posse.<\/p>\n<p>O protesto \u00e9 promovido pela Greve Clim\u00e1tica Estudantil e pelo Clim\u00e1ximo e reuniu dezenas de jovens. Entre os participantes estavam alunos de Beauvoir, Cam\u00f5es, Ant\u00f3nio Arroio, Faculdade de Letras e Ci\u00eancias da Universidade de Lisboa, entre outros.<\/p>\n<p>Os jovens justificam o protesto pela urg\u00eancia da crise clim\u00e1tica, destacando as tempestades recentes e os impactos na regi\u00e3o Centro. A porta-voz Matilde Ventura aponta que o Presidente deve usar a influ\u00eancia institucional para pressionar o Governo.<\/p>\n<h3>Mudan\u00e7as clim\u00e1ticas no centro da agenda<\/h3>\n<p>Ventura reconhece que o Presidente n\u00e3o tem poderes executivos para impor um plano clim\u00e1tico, mas sustenta que a pol\u00edtica p\u00fablica n\u00e3o deve ficar apenas no discurso. A organiza\u00e7\u00e3o envia uma carta ao Presidente, ainda sem resposta, com o pedido de um plano concreto at\u00e9 2030.<\/p>\n<p>Salom\u00e9 Duarte, 17 anos, afirma que a crise clim\u00e1tica \u00e9 uma amea\u00e7a existencial que justifica sacrif\u00edcios imediatos. Os estudantes referem o fecho e destrui\u00e7\u00e3o de escolas na regi\u00e3o Centro como consequ\u00eancia de eventos clim\u00e1ticos extremos.<\/p>\n<h3>Participa\u00e7\u00e3o e pr\u00f3ximos passos<\/h3>\n<p>A a\u00e7\u00e3o ganhou ades\u00e3o de mais grupos entre quem se desloca para o Parlamento. Al\u00e9m das escolas, chegam jovens de outras institui\u00e7\u00f5es de ensino. Prev\u00ea-se que a press\u00e3o se estenda at\u00e9 Bel\u00e9m, junto ao pal\u00e1cio de Bel\u00e9m, com uma assembleia popular.<\/p>\n<p>A Amnistia Internacional acompanha a manifesta\u00e7\u00e3o no \u00e2mbito do projeto Proteger a Liberdade, que monitoriza direitos de reuni\u00e3o e manifesta\u00e7\u00e3o. A organiza\u00e7\u00e3o n\u00e3o divulga contatos, mas credita as fontes oficiais ou dos promotores.<\/p>\n","protected":false},"excerpt":{"rendered":"<ul>\n<li>Estudantes em Lisboa exigem do Presidente da Rep\u00fablica, Jos\u00e9 Ant\u00f3nio Seguro, um compromisso expl\u00edcito de p\u00f4r fim aos combust\u00edveis f\u00f3sseis at\u00e9 2030.<\/li>\n<li>O protesto realizou-se com piquetes entre o Largo do Rato e a Assembleia da Rep\u00fablica, promovido pela Greve Clim\u00e1tica Estudantil e pelo Clim\u00e1ximo.<\/li>\n<li>A ideia \u00e9 que o Presidente use a influ\u00eancia institucional para pressionar o Governo, mesmo sem poderes executivos diretos.<\/li>\n<li>os jovens pedem um plano concreto para travar a crise clim\u00e1tica e criticam monoculturas solares, defendendo uma electrifica\u00e7\u00e3o renov\u00e1vel descentralizada.<\/li>\n<li>A contesta\u00e7\u00e3o deve continuar em Bel\u00e9m, com a expectativa de participa\u00e7\u00e3o de outros setores e a observa\u00e7\u00e3o de organiza\u00e7\u00f5es como a Amnistia Internacional.<\/li>\n<\/ul>\n","protected":false},"author":2,"featured_media":403345,"comment_status":"closed","ping_status":"closed","sticky":false,"template":"","format":"standard","meta":{"footnotes":""},"categories":[6725,1],"tags":[2053,2665,1309,1164,981,2857],"class_list":["post-403342","post","type-post","status-publish","format-standard","has-post-thumbnail","hentry","category-meio-ambiente","category-noticias","tag-acao-climatica","tag-alteracoes-climaticas","tag-centro","tag-greve","tag-lisboa","tag-protestos"],"yoast_head":"<!-- This site is optimized with the Yoast SEO plugin v27.2 - https:\/\/yoast.com\/product\/yoast-seo-wordpress\/ -->\n<title>Estudantes exigem do Presidente Seguro fim dos combust\u00edveis f\u00f3sseis at\u00e9 2030 - Portal Tela Portugal<\/title>\n<meta name=\"robots\" content=\"index, follow, max-snippet:-1, max-image-preview:large, max-video-preview:-1\" \/>\n<meta property=\"og:locale\" content=\"pt_PT\" \/>\n<meta property=\"og:type\" content=\"article\" \/>\n<meta property=\"og:title\" content=\"Estudantes exigem do Presidente Seguro fim dos combust\u00edveis f\u00f3sseis at\u00e9 2030 - Portal Tela Portugal\" \/>\n<meta property=\"og:description\" content=\"Estudantes em Lisboa exigem do Presidente da Rep\u00fablica, Jos\u00e9 Ant\u00f3nio Seguro, um compromisso expl\u00edcito de p\u00f4r fim aos combust\u00edveis f\u00f3sseis at\u00e9 2030. O protesto realizou-se com piquetes entre o Largo do Rato e a Assembleia da Rep\u00fablica, promovido pela Greve Clim\u00e1tica Estudantil e pelo Clim\u00e1ximo. A ideia \u00e9 que o Presidente use a influ\u00eancia institucional para pressionar o Governo, mesmo sem poderes executivos diretos. os jovens pedem um plano concreto para travar a crise clim\u00e1tica e criticam monoculturas solares, defendendo uma electrifica\u00e7\u00e3o renov\u00e1vel descentralizada. A contesta\u00e7\u00e3o deve continuar em Bel\u00e9m, com a expectativa de participa\u00e7\u00e3o de outros setores e a observa\u00e7\u00e3o de organiza\u00e7\u00f5es como a Amnistia Internacional.\" \/>\n<meta property=\"og:url\" content=\"https:\/\/portaltela.pt\/noticias\/2026\/03\/09\/estudantes-exigem-do-presidente-seguro-fim-dos-combustiveis-fosseis-ate-2030\/\" \/>\n<meta property=\"og:site_name\" content=\"Portal Tela Portugal\" \/>\n<meta property=\"article:published_time\" content=\"2026-03-09T12:43:00+00:00\" \/>\n<meta name=\"author\" content=\"Telinha\" \/>\n<meta name=\"twitter:card\" content=\"summary_large_image\" \/>\n<meta name=\"twitter:label1\" content=\"Escrito por\" \/>\n\t<meta name=\"twitter:data1\" content=\"Telinha\" \/>\n\t<meta name=\"twitter:label2\" content=\"Tempo estimado de leitura\" \/>\n\t<meta name=\"twitter:data2\" content=\"2 minutos\" \/>\n<script type=\"application\/ld+json\" class=\"yoast-schema-graph\">{\"@context\":\"https:\/\/schema.org\",\"@graph\":[{\"@type\":\"Article\",\"@id\":\"https:\/\/portaltela.pt\/noticias\/2026\/03\/09\/estudantes-exigem-do-presidente-seguro-fim-dos-combustiveis-fosseis-ate-2030\/#article\",\"isPartOf\":{\"@id\":\"https:\/\/portaltela.pt\/noticias\/2026\/03\/09\/estudantes-exigem-do-presidente-seguro-fim-dos-combustiveis-fosseis-ate-2030\/\"},\"author\":{\"name\":\"Telinha\",\"@id\":\"https:\/\/portaltela.pt\/#\/schema\/person\/c4278d4a6028830caff9ee44b42d32ed\"},\"headline\":\"Estudantes exigem do Presidente Seguro fim dos combust\u00edveis f\u00f3sseis at\u00e9 2030\",\"datePublished\":\"2026-03-09T12:43:00+00:00\",\"mainEntityOfPage\":{\"@id\":\"https:\/\/portaltela.pt\/noticias\/2026\/03\/09\/estudantes-exigem-do-presidente-seguro-fim-dos-combustiveis-fosseis-ate-2030\/\"},\"wordCount\":335,\"image\":{\"@id\":\"https:\/\/portaltela.pt\/noticias\/2026\/03\/09\/estudantes-exigem-do-presidente-seguro-fim-dos-combustiveis-fosseis-ate-2030\/#primaryimage\"},\"thumbnailUrl\":\"https:\/\/portaltela.pt\/s.01k8rhncp4jt1\/2026\/03\/2072754.jpg\",\"keywords\":[\"A\u00e7\u00e3o Clim\u00e1tica\",\"Altera\u00e7\u00f5es Clim\u00e1ticas\",\"Centro\",\"greve\",\"Lisboa\",\"protestos\"],\"articleSection\":[\"Meio Ambiente\",\"Not\u00edcias\"],\"inLanguage\":\"pt-PT\"},{\"@type\":\"WebPage\",\"@id\":\"https:\/\/portaltela.pt\/noticias\/2026\/03\/09\/estudantes-exigem-do-presidente-seguro-fim-dos-combustiveis-fosseis-ate-2030\/\",\"url\":\"https:\/\/portaltela.pt\/noticias\/2026\/03\/09\/estudantes-exigem-do-presidente-seguro-fim-dos-combustiveis-fosseis-ate-2030\/\",\"name\":\"Estudantes exigem do Presidente Seguro fim dos combust\u00edveis f\u00f3sseis at\u00e9 2030 - Portal Tela Portugal\",\"isPartOf\":{\"@id\":\"https:\/\/portaltela.pt\/#website\"},\"primaryImageOfPage\":{\"@id\":\"https:\/\/portaltela.pt\/noticias\/2026\/03\/09\/estudantes-exigem-do-presidente-seguro-fim-dos-combustiveis-fosseis-ate-2030\/#primaryimage\"},\"image\":{\"@id\":\"https:\/\/portaltela.pt\/noticias\/2026\/03\/09\/estudantes-exigem-do-presidente-seguro-fim-dos-combustiveis-fosseis-ate-2030\/#primaryimage\"},\"thumbnailUrl\":\"https:\/\/portaltela.pt\/s.01k8rhncp4jt1\/2026\/03\/2072754.jpg\",\"datePublished\":\"2026-03-09T12:43:00+00:00\",\"author\":{\"@id\":\"https:\/\/portaltela.pt\/#\/schema\/person\/c4278d4a6028830caff9ee44b42d32ed\"},\"breadcrumb\":{\"@id\":\"https:\/\/portaltela.pt\/noticias\/2026\/03\/09\/estudantes-exigem-do-presidente-seguro-fim-dos-combustiveis-fosseis-ate-2030\/#breadcrumb\"},\"inLanguage\":\"pt-PT\",\"potentialAction\":[{\"@type\":\"ReadAction\",\"target\":[\"https:\/\/portaltela.pt\/noticias\/2026\/03\/09\/estudantes-exigem-do-presidente-seguro-fim-dos-combustiveis-fosseis-ate-2030\/\"]}]},{\"@type\":\"ImageObject\",\"inLanguage\":\"pt-PT\",\"@id\":\"https:\/\/portaltela.pt\/noticias\/2026\/03\/09\/estudantes-exigem-do-presidente-seguro-fim-dos-combustiveis-fosseis-ate-2030\/#primaryimage\",\"url\":\"https:\/\/portaltela.pt\/s.01k8rhncp4jt1\/2026\/03\/2072754.jpg\",\"contentUrl\":\"https:\/\/portaltela.pt\/s.01k8rhncp4jt1\/2026\/03\/2072754.jpg\",\"width\":796,\"height\":448,\"caption\":\"Jovens da Greve Clim\u00e1tica Estudantil manifestam-se em Lisboa a reivindicar que Seguro ponha o clima no centro da agenda pol\u00edtica\"},{\"@type\":\"BreadcrumbList\",\"@id\":\"https:\/\/portaltela.pt\/noticias\/2026\/03\/09\/estudantes-exigem-do-presidente-seguro-fim-dos-combustiveis-fosseis-ate-2030\/#breadcrumb\",\"itemListElement\":[{\"@type\":\"ListItem\",\"position\":1,\"name\":\"In\u00edcio\",\"item\":\"https:\/\/portaltela.pt\/\"},{\"@type\":\"ListItem\",\"position\":2,\"name\":\"Estudantes exigem do Presidente Seguro fim dos combust\u00edveis f\u00f3sseis at\u00e9 2030\"}]},{\"@type\":\"WebSite\",\"@id\":\"https:\/\/portaltela.pt\/#website\",\"url\":\"https:\/\/portaltela.pt\/\",\"name\":\"Portal Tela Portugal\",\"description\":\"\",\"potentialAction\":[{\"@type\":\"SearchAction\",\"target\":{\"@type\":\"EntryPoint\",\"urlTemplate\":\"https:\/\/portaltela.pt\/?s={search_term_string}\"},\"query-input\":{\"@type\":\"PropertyValueSpecification\",\"valueRequired\":true,\"valueName\":\"search_term_string\"}}],\"inLanguage\":\"pt-PT\"},{\"@type\":\"Person\",\"@id\":\"https:\/\/portaltela.pt\/#\/schema\/person\/c4278d4a6028830caff9ee44b42d32ed\",\"name\":\"Telinha\",\"image\":{\"@type\":\"ImageObject\",\"inLanguage\":\"pt-PT\",\"@id\":\"https:\/\/portaltela.pt\/s.01k8rhncp4jt1\/2025\/11\/talking-bot-125x125.png\",\"url\":\"https:\/\/portaltela.pt\/s.01k8rhncp4jt1\/2025\/11\/talking-bot-125x125.png\",\"contentUrl\":\"https:\/\/portaltela.pt\/s.01k8rhncp4jt1\/2025\/11\/talking-bot-125x125.png\",\"caption\":\"Telinha\"},\"sameAs\":[\"https:\/\/portaltela.pt\/\"],\"url\":\"https:\/\/portaltela.pt\/por\/367410592786\/\"}]}<\/script>\n<!-- \/ Yoast SEO plugin. -->","yoast_head_json":{"title":"Estudantes exigem do Presidente Seguro fim dos combust\u00edveis f\u00f3sseis at\u00e9 2030 - Portal Tela Portugal","robots":{"index":"index","follow":"follow","max-snippet":"max-snippet:-1","max-image-preview":"max-image-preview:large","max-video-preview":"max-video-preview:-1"},"og_locale":"pt_PT","og_type":"article","og_title":"Estudantes exigem do Presidente Seguro fim dos combust\u00edveis f\u00f3sseis at\u00e9 2030 - Portal Tela Portugal","og_description":"Estudantes em Lisboa exigem do Presidente da Rep\u00fablica, Jos\u00e9 Ant\u00f3nio Seguro, um compromisso expl\u00edcito de p\u00f4r fim aos combust\u00edveis f\u00f3sseis at\u00e9 2030. O protesto realizou-se com piquetes entre o Largo do Rato e a Assembleia da Rep\u00fablica, promovido pela Greve Clim\u00e1tica Estudantil e pelo Clim\u00e1ximo. A ideia \u00e9 que o Presidente use a influ\u00eancia institucional para pressionar o Governo, mesmo sem poderes executivos diretos. os jovens pedem um plano concreto para travar a crise clim\u00e1tica e criticam monoculturas solares, defendendo uma electrifica\u00e7\u00e3o renov\u00e1vel descentralizada. A contesta\u00e7\u00e3o deve continuar em Bel\u00e9m, com a expectativa de participa\u00e7\u00e3o de outros setores e a observa\u00e7\u00e3o de organiza\u00e7\u00f5es como a Amnistia Internacional.","og_url":"https:\/\/portaltela.pt\/noticias\/2026\/03\/09\/estudantes-exigem-do-presidente-seguro-fim-dos-combustiveis-fosseis-ate-2030\/","og_site_name":"Portal Tela Portugal","article_published_time":"2026-03-09T12:43:00+00:00","author":"Telinha","twitter_card":"summary_large_image","twitter_misc":{"Escrito por":"Telinha","Tempo estimado de leitura":"2 minutos"},"schema":{"@context":"https:\/\/schema.org","@graph":[{"@type":"Article","@id":"https:\/\/portaltela.pt\/noticias\/2026\/03\/09\/estudantes-exigem-do-presidente-seguro-fim-dos-combustiveis-fosseis-ate-2030\/#article","isPartOf":{"@id":"https:\/\/portaltela.pt\/noticias\/2026\/03\/09\/estudantes-exigem-do-presidente-seguro-fim-dos-combustiveis-fosseis-ate-2030\/"},"author":{"name":"Telinha","@id":"https:\/\/portaltela.pt\/#\/schema\/person\/c4278d4a6028830caff9ee44b42d32ed"},"headline":"Estudantes exigem do Presidente Seguro fim dos combust\u00edveis f\u00f3sseis at\u00e9 2030","datePublished":"2026-03-09T12:43:00+00:00","mainEntityOfPage":{"@id":"https:\/\/portaltela.pt\/noticias\/2026\/03\/09\/estudantes-exigem-do-presidente-seguro-fim-dos-combustiveis-fosseis-ate-2030\/"},"wordCount":335,"image":{"@id":"https:\/\/portaltela.pt\/noticias\/2026\/03\/09\/estudantes-exigem-do-presidente-seguro-fim-dos-combustiveis-fosseis-ate-2030\/#primaryimage"},"thumbnailUrl":"https:\/\/portaltela.pt\/s.01k8rhncp4jt1\/2026\/03\/2072754.jpg","keywords":["A\u00e7\u00e3o Clim\u00e1tica","Altera\u00e7\u00f5es Clim\u00e1ticas","Centro","greve","Lisboa","protestos"],"articleSection":["Meio Ambiente","Not\u00edcias"],"inLanguage":"pt-PT"},{"@type":"WebPage","@id":"https:\/\/portaltela.pt\/noticias\/2026\/03\/09\/estudantes-exigem-do-presidente-seguro-fim-dos-combustiveis-fosseis-ate-2030\/","url":"https:\/\/portaltela.pt\/noticias\/2026\/03\/09\/estudantes-exigem-do-presidente-seguro-fim-dos-combustiveis-fosseis-ate-2030\/","name":"Estudantes exigem do Presidente Seguro fim dos combust\u00edveis f\u00f3sseis at\u00e9 2030 - Portal Tela Portugal","isPartOf":{"@id":"https:\/\/portaltela.pt\/#website"},"primaryImageOfPage":{"@id":"https:\/\/portaltela.pt\/noticias\/2026\/03\/09\/estudantes-exigem-do-presidente-seguro-fim-dos-combustiveis-fosseis-ate-2030\/#primaryimage"},"image":{"@id":"https:\/\/portaltela.pt\/noticias\/2026\/03\/09\/estudantes-exigem-do-presidente-seguro-fim-dos-combustiveis-fosseis-ate-2030\/#primaryimage"},"thumbnailUrl":"https:\/\/portaltela.pt\/s.01k8rhncp4jt1\/2026\/03\/2072754.jpg","datePublished":"2026-03-09T12:43:00+00:00","author":{"@id":"https:\/\/portaltela.pt\/#\/schema\/person\/c4278d4a6028830caff9ee44b42d32ed"},"breadcrumb":{"@id":"https:\/\/portaltela.pt\/noticias\/2026\/03\/09\/estudantes-exigem-do-presidente-seguro-fim-dos-combustiveis-fosseis-ate-2030\/#breadcrumb"},"inLanguage":"pt-PT","potentialAction":[{"@type":"ReadAction","target":["https:\/\/portaltela.pt\/noticias\/2026\/03\/09\/estudantes-exigem-do-presidente-seguro-fim-dos-combustiveis-fosseis-ate-2030\/"]}]},{"@type":"ImageObject","inLanguage":"pt-PT","@id":"https:\/\/portaltela.pt\/noticias\/2026\/03\/09\/estudantes-exigem-do-presidente-seguro-fim-dos-combustiveis-fosseis-ate-2030\/#primaryimage","url":"https:\/\/portaltela.pt\/s.01k8rhncp4jt1\/2026\/03\/2072754.jpg","contentUrl":"https:\/\/portaltela.pt\/s.01k8rhncp4jt1\/2026\/03\/2072754.jpg","width":796,"height":448,"caption":"Jovens da Greve Clim\u00e1tica Estudantil manifestam-se em Lisboa a reivindicar que Seguro ponha o clima no centro da agenda pol\u00edtica"},{"@type":"BreadcrumbList","@id":"https:\/\/portaltela.pt\/noticias\/2026\/03\/09\/estudantes-exigem-do-presidente-seguro-fim-dos-combustiveis-fosseis-ate-2030\/#breadcrumb","itemListElement":[{"@type":"ListItem","position":1,"name":"In\u00edcio","item":"https:\/\/portaltela.pt\/"},{"@type":"ListItem","position":2,"name":"Estudantes exigem do Presidente Seguro fim dos combust\u00edveis f\u00f3sseis at\u00e9 2030"}]},{"@type":"WebSite","@id":"https:\/\/portaltela.pt\/#website","url":"https:\/\/portaltela.pt\/","name":"Portal Tela Portugal","description":"","potentialAction":[{"@type":"SearchAction","target":{"@type":"EntryPoint","urlTemplate":"https:\/\/portaltela.pt\/?s={search_term_string}"},"query-input":{"@type":"PropertyValueSpecification","valueRequired":true,"valueName":"search_term_string"}}],"inLanguage":"pt-PT"},{"@type":"Person","@id":"https:\/\/portaltela.pt\/#\/schema\/person\/c4278d4a6028830caff9ee44b42d32ed","name":"Telinha","image":{"@type":"ImageObject","inLanguage":"pt-PT","@id":"https:\/\/portaltela.pt\/s.01k8rhncp4jt1\/2025\/11\/talking-bot-125x125.png","url":"https:\/\/portaltela.pt\/s.01k8rhncp4jt1\/2025\/11\/talking-bot-125x125.png","contentUrl":"https:\/\/portaltela.pt\/s.01k8rhncp4jt1\/2025\/11\/talking-bot-125x125.png","caption":"Telinha"},"sameAs":["https:\/\/portaltela.pt\/"],"url":"https:\/\/portaltela.pt\/por\/367410592786\/"}]}},"_links":{"self":[{"href":"https:\/\/portaltela.pt\/api\/wp\/v2\/posts\/403342","targetHints":{"allow":["GET"]}}],"collection":[{"href":"https:\/\/portaltela.pt\/api\/wp\/v2\/posts"}],"about":[{"href":"https:\/\/portaltela.pt\/api\/wp\/v2\/types\/post"}],"author":[{"embeddable":true,"href":"https:\/\/portaltela.pt\/api\/wp\/v2\/users\/2"}],"replies":[{"embeddable":true,"href":"https:\/\/portaltela.pt\/api\/wp\/v2\/comments?post=403342"}],"version-history":[{"count":0,"href":"https:\/\/portaltela.pt\/api\/wp\/v2\/posts\/403342\/revisions"}],"wp:featuredmedia":[{"embeddable":true,"href":"https:\/\/portaltela.pt\/api\/wp\/v2\/media\/403345"}],"wp:attachment":[{"href":"https:\/\/portaltela.pt\/api\/wp\/v2\/media?parent=403342"}],"wp:term":[{"taxonomy":"category","embeddable":true,"href":"https:\/\/portaltela.pt\/api\/wp\/v2\/categories?post=403342"},{"taxonomy":"post_tag","embeddable":true,"href":"https:\/\/portaltela.pt\/api\/wp\/v2\/tags?post=403342"}],"curies":[{"name":"wp","href":"https:\/\/api.w.org\/{rel}","templated":true}]}}