{"id":403314,"date":"2026-03-09T09:38:30","date_gmt":"2026-03-09T12:38:30","guid":{"rendered":"https:\/\/portaltela.pt\/noticias\/2026\/03\/09\/emigrante-de-felgueiras-morre-em-acidente-de-mota-na-suica-2\/"},"modified":"2026-03-09T09:38:30","modified_gmt":"2026-03-09T12:38:30","slug":"emigrante-de-felgueiras-morre-em-acidente-de-mota-na-suica-2","status":"publish","type":"post","link":"https:\/\/portaltela.pt\/acidentes\/2026\/03\/09\/emigrante-de-felgueiras-morre-em-acidente-de-mota-na-suica-2\/","title":{"rendered":"Emigrante de Felgueiras morre em acidente de mota na Su\u00ed\u00e7a"},"content":{"rendered":"<p>Um emigrante de Felgueiras, com 35 anos, morreu na manh\u00e3 desta quarta-feira na Su\u00ed\u00e7a, ap\u00f3s um despiste de mota na localidade de Aargau, regi\u00e3o de Zurique. O acidente ocorreu por volta das 8h30, em uma estrada de montanha. As causas permanecem por apurar.<\/p>\n<p>A v\u00edtima residia na Su\u00ed\u00e7a h\u00e1 v\u00e1rios anos e era conhecida na comunidade de Felgueiras. O corpo foi transportado para o Instituto de Medicina Legal de Zurique, onde dever\u00e1 ser autopsiado como parte das investiga\u00e7\u00f5es.<\/p>\n<p>As autoridades su\u00ed\u00e7as est\u00e3o a investigar as circunst\u00e2ncias do acidente. A mota ficou bastante danificada ap\u00f3s o despiste. O Consulado de Portugal na Su\u00ed\u00e7a foi informado e acompanha a situa\u00e7\u00e3o.<\/p>\n<p>A comunidade de Felgueiras est\u00e1 em choque e recebe as condol\u00eancias \u00e0 fam\u00edlia. N\u00e3o foram avan\u00e7adas informa\u00e7\u00f5es sobre outras pessoas envolvidas ou poss\u00edveis causas ainda n\u00e3o apuradas.<\/p>\n","protected":false},"excerpt":{"rendered":"<ul>\n<li>Emigrante de Felgueiras morreu num acidente de mota na Su\u00ed\u00e7a, na localidade de Aargau, regi\u00e3o de Zurique.<\/li>\n<li>A v\u00edtima tinha 35 anos e residia na Su\u00ed\u00e7a h\u00e1 v\u00e1rios anos; o corpo foi encaminhado para o Instituto de Medicina Legal de Zurique para aut\u00f3psia.<\/li>\n<li>O despiste ocorreu por volta das 8h30 numa estrada de montanha; as causas ainda s\u00e3o desconhecidas.<\/li>\n<li>As autoridades su\u00ed\u00e7as est\u00e3o a investigar as circunst\u00e2ncias do acidente.<\/li>\n<li>O Consulado de Portugal na Su\u00ed\u00e7a foi informado e acompanha o caso; a comunidade de Felgueiras est\u00e1 em choque.<\/li>\n<\/ul>\n","protected":false},"author":2,"featured_media":403318,"comment_status":"closed","ping_status":"closed","sticky":false,"template":"","format":"standard","meta":{"footnotes":""},"categories":[6849],"tags":[5487,902,6669,2210,3585,1014],"class_list":["post-403314","post","type-post","status-publish","format-standard","has-post-thumbnail","hentry","category-acidentes","tag-acidente","tag-emigracao","tag-emigracao-internacional","tag-felgueiras","tag-motas","tag-portugal"],"yoast_head":"<!-- This site is optimized with the Yoast SEO plugin v27.2 - https:\/\/yoast.com\/product\/yoast-seo-wordpress\/ -->\n<title>Emigrante de Felgueiras morre em acidente de mota na Su\u00ed\u00e7a - Portal Tela Portugal<\/title>\n<meta name=\"robots\" content=\"index, follow, max-snippet:-1, max-image-preview:large, max-video-preview:-1\" \/>\n<meta property=\"og:locale\" content=\"pt_PT\" \/>\n<meta property=\"og:type\" content=\"article\" \/>\n<meta property=\"og:title\" content=\"Emigrante de Felgueiras morre em acidente de mota na Su\u00ed\u00e7a - Portal Tela Portugal\" \/>\n<meta property=\"og:description\" content=\"Emigrante de Felgueiras morreu num acidente de mota na Su\u00ed\u00e7a, na localidade de Aargau, regi\u00e3o de Zurique. A v\u00edtima tinha 35 anos e residia na Su\u00ed\u00e7a h\u00e1 v\u00e1rios anos; o corpo foi encaminhado para o Instituto de Medicina Legal de Zurique para aut\u00f3psia. O despiste ocorreu por volta das 8h30 numa estrada de montanha; as causas ainda s\u00e3o desconhecidas. As autoridades su\u00ed\u00e7as est\u00e3o a investigar as circunst\u00e2ncias do acidente. O Consulado de Portugal na Su\u00ed\u00e7a foi informado e acompanha o caso; a comunidade de Felgueiras est\u00e1 em choque.\" \/>\n<meta property=\"og:url\" content=\"https:\/\/portaltela.pt\/noticias\/2026\/03\/09\/emigrante-de-felgueiras-morre-em-acidente-de-mota-na-suica-2\/\" \/>\n<meta property=\"og:site_name\" content=\"Portal Tela Portugal\" \/>\n<meta property=\"article:published_time\" content=\"2026-03-09T12:38:30+00:00\" \/>\n<meta name=\"author\" content=\"Telinha\" \/>\n<meta name=\"twitter:card\" content=\"summary_large_image\" \/>\n<meta name=\"twitter:label1\" content=\"Escrito por\" \/>\n\t<meta name=\"twitter:data1\" content=\"Telinha\" \/>\n\t<meta name=\"twitter:label2\" content=\"Tempo estimado de leitura\" \/>\n\t<meta name=\"twitter:data2\" content=\"1 minuto\" \/>\n<script type=\"application\/ld+json\" class=\"yoast-schema-graph\">{\"@context\":\"https:\/\/schema.org\",\"@graph\":[{\"@type\":\"Article\",\"@id\":\"https:\/\/portaltela.pt\/noticias\/2026\/03\/09\/emigrante-de-felgueiras-morre-em-acidente-de-mota-na-suica-2\/#article\",\"isPartOf\":{\"@id\":\"https:\/\/portaltela.pt\/noticias\/2026\/03\/09\/emigrante-de-felgueiras-morre-em-acidente-de-mota-na-suica-2\/\"},\"author\":{\"name\":\"Telinha\",\"@id\":\"https:\/\/portaltela.pt\/#\/schema\/person\/c4278d4a6028830caff9ee44b42d32ed\"},\"headline\":\"Emigrante de Felgueiras morre em acidente de mota na Su\u00ed\u00e7a\",\"datePublished\":\"2026-03-09T12:38:30+00:00\",\"mainEntityOfPage\":{\"@id\":\"https:\/\/portaltela.pt\/noticias\/2026\/03\/09\/emigrante-de-felgueiras-morre-em-acidente-de-mota-na-suica-2\/\"},\"wordCount\":164,\"image\":{\"@id\":\"https:\/\/portaltela.pt\/noticias\/2026\/03\/09\/emigrante-de-felgueiras-morre-em-acidente-de-mota-na-suica-2\/#primaryimage\"},\"thumbnailUrl\":\"https:\/\/portaltela.pt\/s.01k8rhncp4jt1\/2026\/03\/img_1280x722uu2026-03-08-16-42-00-2271116.jpg\",\"keywords\":[\"acidente\",\"emigra\u00e7\u00e3o\",\"emigra\u00e7\u00e3o internacional\",\"Felgueiras\",\"motas\",\"Portugal\"],\"articleSection\":[\"Acidentes\"],\"inLanguage\":\"pt-PT\"},{\"@type\":\"WebPage\",\"@id\":\"https:\/\/portaltela.pt\/noticias\/2026\/03\/09\/emigrante-de-felgueiras-morre-em-acidente-de-mota-na-suica-2\/\",\"url\":\"https:\/\/portaltela.pt\/noticias\/2026\/03\/09\/emigrante-de-felgueiras-morre-em-acidente-de-mota-na-suica-2\/\",\"name\":\"Emigrante de Felgueiras morre em acidente de mota na Su\u00ed\u00e7a - Portal Tela Portugal\",\"isPartOf\":{\"@id\":\"https:\/\/portaltela.pt\/#website\"},\"primaryImageOfPage\":{\"@id\":\"https:\/\/portaltela.pt\/noticias\/2026\/03\/09\/emigrante-de-felgueiras-morre-em-acidente-de-mota-na-suica-2\/#primaryimage\"},\"image\":{\"@id\":\"https:\/\/portaltela.pt\/noticias\/2026\/03\/09\/emigrante-de-felgueiras-morre-em-acidente-de-mota-na-suica-2\/#primaryimage\"},\"thumbnailUrl\":\"https:\/\/portaltela.pt\/s.01k8rhncp4jt1\/2026\/03\/img_1280x722uu2026-03-08-16-42-00-2271116.jpg\",\"datePublished\":\"2026-03-09T12:38:30+00:00\",\"author\":{\"@id\":\"https:\/\/portaltela.pt\/#\/schema\/person\/c4278d4a6028830caff9ee44b42d32ed\"},\"breadcrumb\":{\"@id\":\"https:\/\/portaltela.pt\/noticias\/2026\/03\/09\/emigrante-de-felgueiras-morre-em-acidente-de-mota-na-suica-2\/#breadcrumb\"},\"inLanguage\":\"pt-PT\",\"potentialAction\":[{\"@type\":\"ReadAction\",\"target\":[\"https:\/\/portaltela.pt\/noticias\/2026\/03\/09\/emigrante-de-felgueiras-morre-em-acidente-de-mota-na-suica-2\/\"]}]},{\"@type\":\"ImageObject\",\"inLanguage\":\"pt-PT\",\"@id\":\"https:\/\/portaltela.pt\/noticias\/2026\/03\/09\/emigrante-de-felgueiras-morre-em-acidente-de-mota-na-suica-2\/#primaryimage\",\"url\":\"https:\/\/portaltela.pt\/s.01k8rhncp4jt1\/2026\/03\/img_1280x722uu2026-03-08-16-42-00-2271116.jpg\",\"contentUrl\":\"https:\/\/portaltela.pt\/s.01k8rhncp4jt1\/2026\/03\/img_1280x722uu2026-03-08-16-42-00-2271116.jpg\",\"width\":796,\"height\":448,\"caption\":\"Imagem do acidente de mota na Su\u00ed\u00e7a.\"},{\"@type\":\"BreadcrumbList\",\"@id\":\"https:\/\/portaltela.pt\/noticias\/2026\/03\/09\/emigrante-de-felgueiras-morre-em-acidente-de-mota-na-suica-2\/#breadcrumb\",\"itemListElement\":[{\"@type\":\"ListItem\",\"position\":1,\"name\":\"In\u00edcio\",\"item\":\"https:\/\/portaltela.pt\/\"},{\"@type\":\"ListItem\",\"position\":2,\"name\":\"Emigrante de Felgueiras morre em acidente de mota na Su\u00ed\u00e7a\"}]},{\"@type\":\"WebSite\",\"@id\":\"https:\/\/portaltela.pt\/#website\",\"url\":\"https:\/\/portaltela.pt\/\",\"name\":\"Portal Tela Portugal\",\"description\":\"\",\"potentialAction\":[{\"@type\":\"SearchAction\",\"target\":{\"@type\":\"EntryPoint\",\"urlTemplate\":\"https:\/\/portaltela.pt\/?s={search_term_string}\"},\"query-input\":{\"@type\":\"PropertyValueSpecification\",\"valueRequired\":true,\"valueName\":\"search_term_string\"}}],\"inLanguage\":\"pt-PT\"},{\"@type\":\"Person\",\"@id\":\"https:\/\/portaltela.pt\/#\/schema\/person\/c4278d4a6028830caff9ee44b42d32ed\",\"name\":\"Telinha\",\"image\":{\"@type\":\"ImageObject\",\"inLanguage\":\"pt-PT\",\"@id\":\"https:\/\/portaltela.pt\/s.01k8rhncp4jt1\/2025\/11\/talking-bot-125x125.png\",\"url\":\"https:\/\/portaltela.pt\/s.01k8rhncp4jt1\/2025\/11\/talking-bot-125x125.png\",\"contentUrl\":\"https:\/\/portaltela.pt\/s.01k8rhncp4jt1\/2025\/11\/talking-bot-125x125.png\",\"caption\":\"Telinha\"},\"sameAs\":[\"https:\/\/portaltela.pt\/\"],\"url\":\"https:\/\/portaltela.pt\/por\/367410592786\/\"}]}<\/script>\n<!-- \/ Yoast SEO plugin. -->","yoast_head_json":{"title":"Emigrante de Felgueiras morre em acidente de mota na Su\u00ed\u00e7a - Portal Tela Portugal","robots":{"index":"index","follow":"follow","max-snippet":"max-snippet:-1","max-image-preview":"max-image-preview:large","max-video-preview":"max-video-preview:-1"},"og_locale":"pt_PT","og_type":"article","og_title":"Emigrante de Felgueiras morre em acidente de mota na Su\u00ed\u00e7a - Portal Tela Portugal","og_description":"Emigrante de Felgueiras morreu num acidente de mota na Su\u00ed\u00e7a, na localidade de Aargau, regi\u00e3o de Zurique. A v\u00edtima tinha 35 anos e residia na Su\u00ed\u00e7a h\u00e1 v\u00e1rios anos; o corpo foi encaminhado para o Instituto de Medicina Legal de Zurique para aut\u00f3psia. O despiste ocorreu por volta das 8h30 numa estrada de montanha; as causas ainda s\u00e3o desconhecidas. As autoridades su\u00ed\u00e7as est\u00e3o a investigar as circunst\u00e2ncias do acidente. O Consulado de Portugal na Su\u00ed\u00e7a foi informado e acompanha o caso; a comunidade de Felgueiras est\u00e1 em choque.","og_url":"https:\/\/portaltela.pt\/noticias\/2026\/03\/09\/emigrante-de-felgueiras-morre-em-acidente-de-mota-na-suica-2\/","og_site_name":"Portal Tela Portugal","article_published_time":"2026-03-09T12:38:30+00:00","author":"Telinha","twitter_card":"summary_large_image","twitter_misc":{"Escrito por":"Telinha","Tempo estimado de leitura":"1 minuto"},"schema":{"@context":"https:\/\/schema.org","@graph":[{"@type":"Article","@id":"https:\/\/portaltela.pt\/noticias\/2026\/03\/09\/emigrante-de-felgueiras-morre-em-acidente-de-mota-na-suica-2\/#article","isPartOf":{"@id":"https:\/\/portaltela.pt\/noticias\/2026\/03\/09\/emigrante-de-felgueiras-morre-em-acidente-de-mota-na-suica-2\/"},"author":{"name":"Telinha","@id":"https:\/\/portaltela.pt\/#\/schema\/person\/c4278d4a6028830caff9ee44b42d32ed"},"headline":"Emigrante de Felgueiras morre em acidente de mota na Su\u00ed\u00e7a","datePublished":"2026-03-09T12:38:30+00:00","mainEntityOfPage":{"@id":"https:\/\/portaltela.pt\/noticias\/2026\/03\/09\/emigrante-de-felgueiras-morre-em-acidente-de-mota-na-suica-2\/"},"wordCount":164,"image":{"@id":"https:\/\/portaltela.pt\/noticias\/2026\/03\/09\/emigrante-de-felgueiras-morre-em-acidente-de-mota-na-suica-2\/#primaryimage"},"thumbnailUrl":"https:\/\/portaltela.pt\/s.01k8rhncp4jt1\/2026\/03\/img_1280x722uu2026-03-08-16-42-00-2271116.jpg","keywords":["acidente","emigra\u00e7\u00e3o","emigra\u00e7\u00e3o internacional","Felgueiras","motas","Portugal"],"articleSection":["Acidentes"],"inLanguage":"pt-PT"},{"@type":"WebPage","@id":"https:\/\/portaltela.pt\/noticias\/2026\/03\/09\/emigrante-de-felgueiras-morre-em-acidente-de-mota-na-suica-2\/","url":"https:\/\/portaltela.pt\/noticias\/2026\/03\/09\/emigrante-de-felgueiras-morre-em-acidente-de-mota-na-suica-2\/","name":"Emigrante de Felgueiras morre em acidente de mota na Su\u00ed\u00e7a - Portal Tela Portugal","isPartOf":{"@id":"https:\/\/portaltela.pt\/#website"},"primaryImageOfPage":{"@id":"https:\/\/portaltela.pt\/noticias\/2026\/03\/09\/emigrante-de-felgueiras-morre-em-acidente-de-mota-na-suica-2\/#primaryimage"},"image":{"@id":"https:\/\/portaltela.pt\/noticias\/2026\/03\/09\/emigrante-de-felgueiras-morre-em-acidente-de-mota-na-suica-2\/#primaryimage"},"thumbnailUrl":"https:\/\/portaltela.pt\/s.01k8rhncp4jt1\/2026\/03\/img_1280x722uu2026-03-08-16-42-00-2271116.jpg","datePublished":"2026-03-09T12:38:30+00:00","author":{"@id":"https:\/\/portaltela.pt\/#\/schema\/person\/c4278d4a6028830caff9ee44b42d32ed"},"breadcrumb":{"@id":"https:\/\/portaltela.pt\/noticias\/2026\/03\/09\/emigrante-de-felgueiras-morre-em-acidente-de-mota-na-suica-2\/#breadcrumb"},"inLanguage":"pt-PT","potentialAction":[{"@type":"ReadAction","target":["https:\/\/portaltela.pt\/noticias\/2026\/03\/09\/emigrante-de-felgueiras-morre-em-acidente-de-mota-na-suica-2\/"]}]},{"@type":"ImageObject","inLanguage":"pt-PT","@id":"https:\/\/portaltela.pt\/noticias\/2026\/03\/09\/emigrante-de-felgueiras-morre-em-acidente-de-mota-na-suica-2\/#primaryimage","url":"https:\/\/portaltela.pt\/s.01k8rhncp4jt1\/2026\/03\/img_1280x722uu2026-03-08-16-42-00-2271116.jpg","contentUrl":"https:\/\/portaltela.pt\/s.01k8rhncp4jt1\/2026\/03\/img_1280x722uu2026-03-08-16-42-00-2271116.jpg","width":796,"height":448,"caption":"Imagem do acidente de mota na Su\u00ed\u00e7a."},{"@type":"BreadcrumbList","@id":"https:\/\/portaltela.pt\/noticias\/2026\/03\/09\/emigrante-de-felgueiras-morre-em-acidente-de-mota-na-suica-2\/#breadcrumb","itemListElement":[{"@type":"ListItem","position":1,"name":"In\u00edcio","item":"https:\/\/portaltela.pt\/"},{"@type":"ListItem","position":2,"name":"Emigrante de Felgueiras morre em acidente de mota na Su\u00ed\u00e7a"}]},{"@type":"WebSite","@id":"https:\/\/portaltela.pt\/#website","url":"https:\/\/portaltela.pt\/","name":"Portal Tela Portugal","description":"","potentialAction":[{"@type":"SearchAction","target":{"@type":"EntryPoint","urlTemplate":"https:\/\/portaltela.pt\/?s={search_term_string}"},"query-input":{"@type":"PropertyValueSpecification","valueRequired":true,"valueName":"search_term_string"}}],"inLanguage":"pt-PT"},{"@type":"Person","@id":"https:\/\/portaltela.pt\/#\/schema\/person\/c4278d4a6028830caff9ee44b42d32ed","name":"Telinha","image":{"@type":"ImageObject","inLanguage":"pt-PT","@id":"https:\/\/portaltela.pt\/s.01k8rhncp4jt1\/2025\/11\/talking-bot-125x125.png","url":"https:\/\/portaltela.pt\/s.01k8rhncp4jt1\/2025\/11\/talking-bot-125x125.png","contentUrl":"https:\/\/portaltela.pt\/s.01k8rhncp4jt1\/2025\/11\/talking-bot-125x125.png","caption":"Telinha"},"sameAs":["https:\/\/portaltela.pt\/"],"url":"https:\/\/portaltela.pt\/por\/367410592786\/"}]}},"_links":{"self":[{"href":"https:\/\/portaltela.pt\/api\/wp\/v2\/posts\/403314","targetHints":{"allow":["GET"]}}],"collection":[{"href":"https:\/\/portaltela.pt\/api\/wp\/v2\/posts"}],"about":[{"href":"https:\/\/portaltela.pt\/api\/wp\/v2\/types\/post"}],"author":[{"embeddable":true,"href":"https:\/\/portaltela.pt\/api\/wp\/v2\/users\/2"}],"replies":[{"embeddable":true,"href":"https:\/\/portaltela.pt\/api\/wp\/v2\/comments?post=403314"}],"version-history":[{"count":0,"href":"https:\/\/portaltela.pt\/api\/wp\/v2\/posts\/403314\/revisions"}],"wp:featuredmedia":[{"embeddable":true,"href":"https:\/\/portaltela.pt\/api\/wp\/v2\/media\/403318"}],"wp:attachment":[{"href":"https:\/\/portaltela.pt\/api\/wp\/v2\/media?parent=403314"}],"wp:term":[{"taxonomy":"category","embeddable":true,"href":"https:\/\/portaltela.pt\/api\/wp\/v2\/categories?post=403314"},{"taxonomy":"post_tag","embeddable":true,"href":"https:\/\/portaltela.pt\/api\/wp\/v2\/tags?post=403314"}],"curies":[{"name":"wp","href":"https:\/\/api.w.org\/{rel}","templated":true}]}}