{"id":403310,"date":"2026-03-09T09:30:00","date_gmt":"2026-03-09T12:30:00","guid":{"rendered":"https:\/\/portaltela.pt\/noticias\/2026\/03\/09\/presidente-seguro-apela-a-maturidade-democratica-dos-partidos\/"},"modified":"2026-03-09T09:30:00","modified_gmt":"2026-03-09T12:30:00","slug":"presidente-seguro-apela-a-maturidade-democratica-dos-partidos","status":"publish","type":"post","link":"https:\/\/portaltela.pt\/noticias\/politica\/2026\/03\/09\/presidente-seguro-apela-a-maturidade-democratica-dos-partidos\/","title":{"rendered":"Presidente Seguro apela \u00e0 maturidade democr\u00e1tica dos partidos"},"content":{"rendered":"<p>O discurso de tomada de posse de Ant\u00f3nio Jos\u00e9 Seguro como Presidente da Rep\u00fablica decorreu na manh\u00e3 de hoje na Assembleia da Rep\u00fablica e teve dura\u00e7\u00e3o superior a 20 minutos. O evento marcou a passagem de cargo.<\/p>\n<p>A cerim\u00f3nia iniciou-se \u00e0s 10h, com a leitura da ata do apuramento geral da elei\u00e7\u00e3o. A leitura foi mais longa devido ao adiamento do ato eleitoral em cerca de duas dezenas de freguesias, resultante da tempestade Kristin.<\/p>\n<p>Seguiu-se o juramento solene sobre a Constitui\u00e7\u00e3o, com a atribui\u00e7\u00e3o de ordem entre os membros presentes. Marcelo Rebelo de Sousa e Ant\u00f3nio Jos\u00e9 Seguro trocaram de lugar na tribuna, abrindo-se espa\u00e7o para os discursos.<\/p>\n<p>Seguro dirigiu-se aos presentes com uma chamada \u00e0 <strong>maturidade democr\u00e1tica<\/strong> entre os partidos, apontando a necessidade de coopera\u00e7\u00e3o institucional e estabilidade institucional para enfrentar os desafios do pa\u00eds.<\/p>\n<p>Entre as informa\u00e7\u00f5es esclarecidas, n\u00e3o foi divulgado um programa governamental ou metas espec\u00edficas no discurso, mantendo o foco na continuidade institucional e na estabilidade do sistema pol\u00edtico.<\/p>\n<p>A cerim\u00f3nia prosseguiu com a confirma\u00e7\u00e3o dos rituais pol\u00edticos usuais, em ambiente institucional, sem incidentes relevantes. A cobertura p\u00fablica manteve o tom de neutralidade e rigor informativo.<\/p>\n","protected":false},"excerpt":{"rendered":"<ul>\n<li>A cerim\u00f3nia de tomada de posse de Ant\u00f3nio Jos\u00e9 Seguro come\u00e7ou \u00e0s 10h na Assembleia da Rep\u00fablica.<\/li>\n<li>Ap\u00f3s a leitura da acta da apuramento geral da elei\u00e7\u00e3o, que foi mais longa devido ao adiamento do voto em cerca de duas dezenas de freguesias por causa da tempestade Kristin, seguiu-se o juramento sobre a Constitui\u00e7\u00e3o.<\/li>\n<li>O primeiro discurso de Seguro durou mais de 20 minutos.<\/li>\n<li>Marcelo Rebelo de Sousa e Ant\u00f3nio Jos\u00e9 Seguro trocaram de lugar na Assembleia, antes do in\u00edcio dos discursos.<\/li>\n<li>Seguiu-se, ent\u00e3o, a tomada de posse e os discursos subsequentes.<\/li>\n<\/ul>\n","protected":false},"author":2,"featured_media":403313,"comment_status":"closed","ping_status":"closed","sticky":false,"template":"","format":"standard","meta":{"footnotes":""},"categories":[1,5],"tags":[4211,6452,256,68,2832,30],"class_list":["post-403310","post","type-post","status-publish","format-standard","has-post-thumbnail","hentry","category-noticias","category-politica","tag-assembleia-nacional","tag-continuidade-institucional","tag-cooperacao-internacional","tag-eleicoes","tag-politica","tag-presidente"],"yoast_head":"<!-- This site is optimized with the Yoast SEO plugin v27.2 - https:\/\/yoast.com\/product\/yoast-seo-wordpress\/ -->\n<title>Presidente Seguro apela \u00e0 maturidade democr\u00e1tica dos partidos - Portal Tela Portugal<\/title>\n<meta name=\"robots\" content=\"index, follow, max-snippet:-1, max-image-preview:large, max-video-preview:-1\" \/>\n<meta property=\"og:locale\" content=\"pt_PT\" \/>\n<meta property=\"og:type\" content=\"article\" \/>\n<meta property=\"og:title\" content=\"Presidente Seguro apela \u00e0 maturidade democr\u00e1tica dos partidos - Portal Tela Portugal\" \/>\n<meta property=\"og:description\" content=\"A cerim\u00f3nia de tomada de posse de Ant\u00f3nio Jos\u00e9 Seguro come\u00e7ou \u00e0s 10h na Assembleia da Rep\u00fablica. Ap\u00f3s a leitura da acta da apuramento geral da elei\u00e7\u00e3o, que foi mais longa devido ao adiamento do voto em cerca de duas dezenas de freguesias por causa da tempestade Kristin, seguiu-se o juramento sobre a Constitui\u00e7\u00e3o. O primeiro discurso de Seguro durou mais de 20 minutos. Marcelo Rebelo de Sousa e Ant\u00f3nio Jos\u00e9 Seguro trocaram de lugar na Assembleia, antes do in\u00edcio dos discursos. Seguiu-se, ent\u00e3o, a tomada de posse e os discursos subsequentes.\" \/>\n<meta property=\"og:url\" content=\"https:\/\/portaltela.pt\/noticias\/2026\/03\/09\/presidente-seguro-apela-a-maturidade-democratica-dos-partidos\/\" \/>\n<meta property=\"og:site_name\" content=\"Portal Tela Portugal\" \/>\n<meta property=\"article:published_time\" content=\"2026-03-09T12:30:00+00:00\" \/>\n<meta name=\"author\" content=\"Telinha\" \/>\n<meta name=\"twitter:card\" content=\"summary_large_image\" \/>\n<meta name=\"twitter:label1\" content=\"Escrito por\" \/>\n\t<meta name=\"twitter:data1\" content=\"Telinha\" \/>\n\t<meta name=\"twitter:label2\" content=\"Tempo estimado de leitura\" \/>\n\t<meta name=\"twitter:data2\" content=\"1 minuto\" \/>\n<script type=\"application\/ld+json\" class=\"yoast-schema-graph\">{\"@context\":\"https:\/\/schema.org\",\"@graph\":[{\"@type\":\"Article\",\"@id\":\"https:\/\/portaltela.pt\/noticias\/2026\/03\/09\/presidente-seguro-apela-a-maturidade-democratica-dos-partidos\/#article\",\"isPartOf\":{\"@id\":\"https:\/\/portaltela.pt\/noticias\/2026\/03\/09\/presidente-seguro-apela-a-maturidade-democratica-dos-partidos\/\"},\"author\":{\"name\":\"Telinha\",\"@id\":\"https:\/\/portaltela.pt\/#\/schema\/person\/c4278d4a6028830caff9ee44b42d32ed\"},\"headline\":\"Presidente Seguro apela \u00e0 maturidade democr\u00e1tica dos partidos\",\"datePublished\":\"2026-03-09T12:30:00+00:00\",\"mainEntityOfPage\":{\"@id\":\"https:\/\/portaltela.pt\/noticias\/2026\/03\/09\/presidente-seguro-apela-a-maturidade-democratica-dos-partidos\/\"},\"wordCount\":217,\"image\":{\"@id\":\"https:\/\/portaltela.pt\/noticias\/2026\/03\/09\/presidente-seguro-apela-a-maturidade-democratica-dos-partidos\/#primaryimage\"},\"thumbnailUrl\":\"https:\/\/portaltela.pt\/s.01k8rhncp4jt1\/2026\/03\/seguro97704.jpg\",\"keywords\":[\"Assembleia Nacional\",\"continuidade institucional\",\"coopera\u00e7\u00e3o internacional\",\"elei\u00e7\u00f5es\",\"pol\u00edtica\",\"presidente\"],\"articleSection\":[\"Not\u00edcias\",\"Pol\u00edtica\"],\"inLanguage\":\"pt-PT\"},{\"@type\":\"WebPage\",\"@id\":\"https:\/\/portaltela.pt\/noticias\/2026\/03\/09\/presidente-seguro-apela-a-maturidade-democratica-dos-partidos\/\",\"url\":\"https:\/\/portaltela.pt\/noticias\/2026\/03\/09\/presidente-seguro-apela-a-maturidade-democratica-dos-partidos\/\",\"name\":\"Presidente Seguro apela \u00e0 maturidade democr\u00e1tica dos partidos - Portal Tela Portugal\",\"isPartOf\":{\"@id\":\"https:\/\/portaltela.pt\/#website\"},\"primaryImageOfPage\":{\"@id\":\"https:\/\/portaltela.pt\/noticias\/2026\/03\/09\/presidente-seguro-apela-a-maturidade-democratica-dos-partidos\/#primaryimage\"},\"image\":{\"@id\":\"https:\/\/portaltela.pt\/noticias\/2026\/03\/09\/presidente-seguro-apela-a-maturidade-democratica-dos-partidos\/#primaryimage\"},\"thumbnailUrl\":\"https:\/\/portaltela.pt\/s.01k8rhncp4jt1\/2026\/03\/seguro97704.jpg\",\"datePublished\":\"2026-03-09T12:30:00+00:00\",\"author\":{\"@id\":\"https:\/\/portaltela.pt\/#\/schema\/person\/c4278d4a6028830caff9ee44b42d32ed\"},\"breadcrumb\":{\"@id\":\"https:\/\/portaltela.pt\/noticias\/2026\/03\/09\/presidente-seguro-apela-a-maturidade-democratica-dos-partidos\/#breadcrumb\"},\"inLanguage\":\"pt-PT\",\"potentialAction\":[{\"@type\":\"ReadAction\",\"target\":[\"https:\/\/portaltela.pt\/noticias\/2026\/03\/09\/presidente-seguro-apela-a-maturidade-democratica-dos-partidos\/\"]}]},{\"@type\":\"ImageObject\",\"inLanguage\":\"pt-PT\",\"@id\":\"https:\/\/portaltela.pt\/noticias\/2026\/03\/09\/presidente-seguro-apela-a-maturidade-democratica-dos-partidos\/#primaryimage\",\"url\":\"https:\/\/portaltela.pt\/s.01k8rhncp4jt1\/2026\/03\/seguro97704.jpg\",\"contentUrl\":\"https:\/\/portaltela.pt\/s.01k8rhncp4jt1\/2026\/03\/seguro97704.jpg\",\"width\":796,\"height\":448,\"caption\":\"Photo\"},{\"@type\":\"BreadcrumbList\",\"@id\":\"https:\/\/portaltela.pt\/noticias\/2026\/03\/09\/presidente-seguro-apela-a-maturidade-democratica-dos-partidos\/#breadcrumb\",\"itemListElement\":[{\"@type\":\"ListItem\",\"position\":1,\"name\":\"In\u00edcio\",\"item\":\"https:\/\/portaltela.pt\/\"},{\"@type\":\"ListItem\",\"position\":2,\"name\":\"Presidente Seguro apela \u00e0 maturidade democr\u00e1tica dos partidos\"}]},{\"@type\":\"WebSite\",\"@id\":\"https:\/\/portaltela.pt\/#website\",\"url\":\"https:\/\/portaltela.pt\/\",\"name\":\"Portal Tela Portugal\",\"description\":\"\",\"potentialAction\":[{\"@type\":\"SearchAction\",\"target\":{\"@type\":\"EntryPoint\",\"urlTemplate\":\"https:\/\/portaltela.pt\/?s={search_term_string}\"},\"query-input\":{\"@type\":\"PropertyValueSpecification\",\"valueRequired\":true,\"valueName\":\"search_term_string\"}}],\"inLanguage\":\"pt-PT\"},{\"@type\":\"Person\",\"@id\":\"https:\/\/portaltela.pt\/#\/schema\/person\/c4278d4a6028830caff9ee44b42d32ed\",\"name\":\"Telinha\",\"image\":{\"@type\":\"ImageObject\",\"inLanguage\":\"pt-PT\",\"@id\":\"https:\/\/portaltela.pt\/s.01k8rhncp4jt1\/2025\/11\/talking-bot-125x125.png\",\"url\":\"https:\/\/portaltela.pt\/s.01k8rhncp4jt1\/2025\/11\/talking-bot-125x125.png\",\"contentUrl\":\"https:\/\/portaltela.pt\/s.01k8rhncp4jt1\/2025\/11\/talking-bot-125x125.png\",\"caption\":\"Telinha\"},\"sameAs\":[\"https:\/\/portaltela.pt\/\"],\"url\":\"https:\/\/portaltela.pt\/por\/367410592786\/\"}]}<\/script>\n<!-- \/ Yoast SEO plugin. -->","yoast_head_json":{"title":"Presidente Seguro apela \u00e0 maturidade democr\u00e1tica dos partidos - Portal Tela Portugal","robots":{"index":"index","follow":"follow","max-snippet":"max-snippet:-1","max-image-preview":"max-image-preview:large","max-video-preview":"max-video-preview:-1"},"og_locale":"pt_PT","og_type":"article","og_title":"Presidente Seguro apela \u00e0 maturidade democr\u00e1tica dos partidos - Portal Tela Portugal","og_description":"A cerim\u00f3nia de tomada de posse de Ant\u00f3nio Jos\u00e9 Seguro come\u00e7ou \u00e0s 10h na Assembleia da Rep\u00fablica. Ap\u00f3s a leitura da acta da apuramento geral da elei\u00e7\u00e3o, que foi mais longa devido ao adiamento do voto em cerca de duas dezenas de freguesias por causa da tempestade Kristin, seguiu-se o juramento sobre a Constitui\u00e7\u00e3o. O primeiro discurso de Seguro durou mais de 20 minutos. Marcelo Rebelo de Sousa e Ant\u00f3nio Jos\u00e9 Seguro trocaram de lugar na Assembleia, antes do in\u00edcio dos discursos. Seguiu-se, ent\u00e3o, a tomada de posse e os discursos subsequentes.","og_url":"https:\/\/portaltela.pt\/noticias\/2026\/03\/09\/presidente-seguro-apela-a-maturidade-democratica-dos-partidos\/","og_site_name":"Portal Tela Portugal","article_published_time":"2026-03-09T12:30:00+00:00","author":"Telinha","twitter_card":"summary_large_image","twitter_misc":{"Escrito por":"Telinha","Tempo estimado de leitura":"1 minuto"},"schema":{"@context":"https:\/\/schema.org","@graph":[{"@type":"Article","@id":"https:\/\/portaltela.pt\/noticias\/2026\/03\/09\/presidente-seguro-apela-a-maturidade-democratica-dos-partidos\/#article","isPartOf":{"@id":"https:\/\/portaltela.pt\/noticias\/2026\/03\/09\/presidente-seguro-apela-a-maturidade-democratica-dos-partidos\/"},"author":{"name":"Telinha","@id":"https:\/\/portaltela.pt\/#\/schema\/person\/c4278d4a6028830caff9ee44b42d32ed"},"headline":"Presidente Seguro apela \u00e0 maturidade democr\u00e1tica dos partidos","datePublished":"2026-03-09T12:30:00+00:00","mainEntityOfPage":{"@id":"https:\/\/portaltela.pt\/noticias\/2026\/03\/09\/presidente-seguro-apela-a-maturidade-democratica-dos-partidos\/"},"wordCount":217,"image":{"@id":"https:\/\/portaltela.pt\/noticias\/2026\/03\/09\/presidente-seguro-apela-a-maturidade-democratica-dos-partidos\/#primaryimage"},"thumbnailUrl":"https:\/\/portaltela.pt\/s.01k8rhncp4jt1\/2026\/03\/seguro97704.jpg","keywords":["Assembleia Nacional","continuidade institucional","coopera\u00e7\u00e3o internacional","elei\u00e7\u00f5es","pol\u00edtica","presidente"],"articleSection":["Not\u00edcias","Pol\u00edtica"],"inLanguage":"pt-PT"},{"@type":"WebPage","@id":"https:\/\/portaltela.pt\/noticias\/2026\/03\/09\/presidente-seguro-apela-a-maturidade-democratica-dos-partidos\/","url":"https:\/\/portaltela.pt\/noticias\/2026\/03\/09\/presidente-seguro-apela-a-maturidade-democratica-dos-partidos\/","name":"Presidente Seguro apela \u00e0 maturidade democr\u00e1tica dos partidos - Portal Tela Portugal","isPartOf":{"@id":"https:\/\/portaltela.pt\/#website"},"primaryImageOfPage":{"@id":"https:\/\/portaltela.pt\/noticias\/2026\/03\/09\/presidente-seguro-apela-a-maturidade-democratica-dos-partidos\/#primaryimage"},"image":{"@id":"https:\/\/portaltela.pt\/noticias\/2026\/03\/09\/presidente-seguro-apela-a-maturidade-democratica-dos-partidos\/#primaryimage"},"thumbnailUrl":"https:\/\/portaltela.pt\/s.01k8rhncp4jt1\/2026\/03\/seguro97704.jpg","datePublished":"2026-03-09T12:30:00+00:00","author":{"@id":"https:\/\/portaltela.pt\/#\/schema\/person\/c4278d4a6028830caff9ee44b42d32ed"},"breadcrumb":{"@id":"https:\/\/portaltela.pt\/noticias\/2026\/03\/09\/presidente-seguro-apela-a-maturidade-democratica-dos-partidos\/#breadcrumb"},"inLanguage":"pt-PT","potentialAction":[{"@type":"ReadAction","target":["https:\/\/portaltela.pt\/noticias\/2026\/03\/09\/presidente-seguro-apela-a-maturidade-democratica-dos-partidos\/"]}]},{"@type":"ImageObject","inLanguage":"pt-PT","@id":"https:\/\/portaltela.pt\/noticias\/2026\/03\/09\/presidente-seguro-apela-a-maturidade-democratica-dos-partidos\/#primaryimage","url":"https:\/\/portaltela.pt\/s.01k8rhncp4jt1\/2026\/03\/seguro97704.jpg","contentUrl":"https:\/\/portaltela.pt\/s.01k8rhncp4jt1\/2026\/03\/seguro97704.jpg","width":796,"height":448,"caption":"Photo"},{"@type":"BreadcrumbList","@id":"https:\/\/portaltela.pt\/noticias\/2026\/03\/09\/presidente-seguro-apela-a-maturidade-democratica-dos-partidos\/#breadcrumb","itemListElement":[{"@type":"ListItem","position":1,"name":"In\u00edcio","item":"https:\/\/portaltela.pt\/"},{"@type":"ListItem","position":2,"name":"Presidente Seguro apela \u00e0 maturidade democr\u00e1tica dos partidos"}]},{"@type":"WebSite","@id":"https:\/\/portaltela.pt\/#website","url":"https:\/\/portaltela.pt\/","name":"Portal Tela Portugal","description":"","potentialAction":[{"@type":"SearchAction","target":{"@type":"EntryPoint","urlTemplate":"https:\/\/portaltela.pt\/?s={search_term_string}"},"query-input":{"@type":"PropertyValueSpecification","valueRequired":true,"valueName":"search_term_string"}}],"inLanguage":"pt-PT"},{"@type":"Person","@id":"https:\/\/portaltela.pt\/#\/schema\/person\/c4278d4a6028830caff9ee44b42d32ed","name":"Telinha","image":{"@type":"ImageObject","inLanguage":"pt-PT","@id":"https:\/\/portaltela.pt\/s.01k8rhncp4jt1\/2025\/11\/talking-bot-125x125.png","url":"https:\/\/portaltela.pt\/s.01k8rhncp4jt1\/2025\/11\/talking-bot-125x125.png","contentUrl":"https:\/\/portaltela.pt\/s.01k8rhncp4jt1\/2025\/11\/talking-bot-125x125.png","caption":"Telinha"},"sameAs":["https:\/\/portaltela.pt\/"],"url":"https:\/\/portaltela.pt\/por\/367410592786\/"}]}},"_links":{"self":[{"href":"https:\/\/portaltela.pt\/api\/wp\/v2\/posts\/403310","targetHints":{"allow":["GET"]}}],"collection":[{"href":"https:\/\/portaltela.pt\/api\/wp\/v2\/posts"}],"about":[{"href":"https:\/\/portaltela.pt\/api\/wp\/v2\/types\/post"}],"author":[{"embeddable":true,"href":"https:\/\/portaltela.pt\/api\/wp\/v2\/users\/2"}],"replies":[{"embeddable":true,"href":"https:\/\/portaltela.pt\/api\/wp\/v2\/comments?post=403310"}],"version-history":[{"count":0,"href":"https:\/\/portaltela.pt\/api\/wp\/v2\/posts\/403310\/revisions"}],"wp:featuredmedia":[{"embeddable":true,"href":"https:\/\/portaltela.pt\/api\/wp\/v2\/media\/403313"}],"wp:attachment":[{"href":"https:\/\/portaltela.pt\/api\/wp\/v2\/media?parent=403310"}],"wp:term":[{"taxonomy":"category","embeddable":true,"href":"https:\/\/portaltela.pt\/api\/wp\/v2\/categories?post=403310"},{"taxonomy":"post_tag","embeddable":true,"href":"https:\/\/portaltela.pt\/api\/wp\/v2\/tags?post=403310"}],"curies":[{"name":"wp","href":"https:\/\/api.w.org\/{rel}","templated":true}]}}