{"id":403279,"date":"2026-03-09T09:04:28","date_gmt":"2026-03-09T12:04:28","guid":{"rendered":"https:\/\/portaltela.pt\/noticias\/2026\/03\/09\/joao-pereira-entre-os-5-primeiros-e-melhor-amador-no-optilink-tour-championship\/"},"modified":"2026-03-09T09:04:28","modified_gmt":"2026-03-09T12:04:28","slug":"joao-pereira-entre-os-5-primeiros-e-melhor-amador-no-optilink-tour-championship","status":"publish","type":"post","link":"https:\/\/portaltela.pt\/desporto\/futebol\/2026\/03\/09\/joao-pereira-entre-os-5-primeiros-e-melhor-amador-no-optilink-tour-championship\/","title":{"rendered":"Jo\u00e3o Pereira entre os 5 primeiros e melhor amador no Optilink Tour Championship"},"content":{"rendered":"<p>Jo\u00e3o Pereira venceu oOptilink Tour Championship 2026, ao ficar empatado no 5.\u00ba lugar entre 62 jogadores, e foi o melhor amador entre 21 participantes portugueses no PGA Aroeira Lisboa, no concelho de Almada. O torneio encerrou o PT Tour e decorreu no campo n.\u00ba2 da Aroeira.<\/p>\n<p>O campe\u00e3o nacional amador, de 21 anos, regressou aos concursos ap\u00f3s cinco meses de pausa para estudar em Erasmus na Pol\u00f3nia. No total, soma agora duas participa\u00e7\u00f5es no top-10 deste PT Tour, al\u00e9m de ter brilhado no Campeonato Internacional Amador de Portugal.<\/p>\n<p>Jo\u00e3o Pereira jogou em casa e terminou com 216 pancadas, a par do campo, com as voltas de 73, 69 e 74. O empate ficou com o ingl\u00eas George Ash, tamb\u00e9m com 216 e 73, 69 e 74. O evento teve um prize-money total de 15 mil euros.<\/p>\n<h3>Resultados finais<\/h3>\n<p>Alexander Amey (Su\u00ed\u00e7a) liderou com 211 pancadas, -5, recebendo 3.500 euros. Dan Smith (Inglaterra) ficou em 2.\u00ba com 212, -4, arrecadando 2.000 euros. Oliver Smith (Inglaterra) foi 3.\u00ba, com 214, -2, e 1.500 euros.<\/p>\n<p>Aaron Edwards Hill (Inglaterra) ficou em 4.\u00ba, com 215, -1, e 1.200 euros. Jo\u00e3o Pereira (Portugal) e George Ash (Inglaterra) dividiram o 5.\u00ba lugar com 216, a par, e receberam 1.000 euros cada.<\/p>\n<p>Resultados dos atletas portugueses: Tom\u00e1s Melo Gouveia ficou 9.\u00ba com 218 (+2), Pedro Lencart 14.\u00ba com 219 (+3), Pedro Figueiredo 17.\u00ba com 221 (+5) e Gabriel Sardo 17.\u00ba com 221 (+5). Luciana Reis ficou 26.\u00aa com 225 (+9).<\/p>\n<h3>Destaques nacionais<\/h3>\n<p>Entre os profissionais lusos, Pedro Lencart, Pedro Figueiredo e Tom\u00e1s Melo Gouveia integraram o Top 10. O su\u00ed\u00e7o Alex Amey venceu a competi\u00e7\u00e3o, tornando-se campe\u00e3o no amador e profissional nesta prova. Dan Smith conquistou a vice-lideran\u00e7a.<\/p>\n<p>O PT Tour associou o Open de Portugal a este torneio, premiando o vencedor Alex Amey com convite para competir no Open de Portugal. Dan Smith recebeu tamb\u00e9m convite por ter performado no conjunto das provas.<\/p>\n<p>No quadro final, houve ainda o 7.\u00ba lugar de Alex Amey com 211, seguido de Dan Smith com 212 e Oliver Smith com 214. O evento reuniu 62 jogadores, com o par do campo a ser atingido por tr\u00eas portugueses na \u00faltima volta.<\/p>\n","protected":false},"excerpt":{"rendered":"<ul>\n<li>Jo\u00e3o Pereira foi o melhor portugu\u00eas no Optilink Tour Championship, terminou em 5.\u00ba lugar empatado, com 216 pancadas no total, no PGA Aroeira Lisboa (campo n.\u00ba2), Almada.<\/li>\n<li>O campe\u00e3o nacional amador, de 21 anos, regressou \u00e0 competi\u00e7\u00e3o ap\u00f3s cinco meses de paragem devido a estudos em Erasmus na Pol\u00f3nia; o torneio encerrou o PT Tour 2026.<\/li>\n<li>Alex Amey (Su\u00ed\u00e7a) venceu com 211 pancadas, 5 abaixo do Par, recebendo 3.500 euros; Dan Smith (Inglaterra) ficou em segundo, com 212, e Olivier Smith em terceiro com 214.<\/li>\n<li>Entre os portugueses, Tom\u00e1s Melo Gouveia ficou em 9.\u00ba com 218 pancadas; Pedro Lencart terminou em 14.\u00ba, com 219.<\/li>\n<li>O PT Tour e a Federa\u00e7\u00e3o Portuguesa de Golfe atribu\u00edram convites: ao vencedor do torneio, Alex Amey, para o Capdeville Consulting Pro-Am, e ao vencedor do mini\u2011ranking (Dan Smith) para o Open de Portugal.<\/li>\n<\/ul>\n","protected":false},"author":2,"featured_media":403281,"comment_status":"closed","ping_status":"closed","sticky":false,"template":"","format":"standard","meta":{"footnotes":""},"categories":[21,24],"tags":[1373,2614,152,81,242,1014],"class_list":["post-403279","post","type-post","status-publish","format-standard","has-post-thumbnail","hentry","category-desporto","category-futebol","tag-almada","tag-amador","tag-desporto","tag-internacionais","tag-jogadores","tag-portugal"],"yoast_head":"<!-- This site is optimized with the Yoast SEO plugin v27.2 - https:\/\/yoast.com\/product\/yoast-seo-wordpress\/ -->\n<title>Jo\u00e3o Pereira entre os 5 primeiros e melhor amador no Optilink Tour Championship - Portal Tela Portugal<\/title>\n<meta name=\"robots\" content=\"index, follow, max-snippet:-1, max-image-preview:large, max-video-preview:-1\" \/>\n<meta property=\"og:locale\" content=\"pt_PT\" \/>\n<meta property=\"og:type\" content=\"article\" \/>\n<meta property=\"og:title\" content=\"Jo\u00e3o Pereira entre os 5 primeiros e melhor amador no Optilink Tour Championship - Portal Tela Portugal\" \/>\n<meta property=\"og:description\" content=\"Jo\u00e3o Pereira foi o melhor portugu\u00eas no Optilink Tour Championship, terminou em 5.\u00ba lugar empatado, com 216 pancadas no total, no PGA Aroeira Lisboa (campo n.\u00ba2), Almada. O campe\u00e3o nacional amador, de 21 anos, regressou \u00e0 competi\u00e7\u00e3o ap\u00f3s cinco meses de paragem devido a estudos em Erasmus na Pol\u00f3nia; o torneio encerrou o PT Tour 2026. Alex Amey (Su\u00ed\u00e7a) venceu com 211 pancadas, 5 abaixo do Par, recebendo 3.500 euros; Dan Smith (Inglaterra) ficou em segundo, com 212, e Olivier Smith em terceiro com 214. Entre os portugueses, Tom\u00e1s Melo Gouveia ficou em 9.\u00ba com 218 pancadas; Pedro Lencart terminou em 14.\u00ba, com 219. O PT Tour e a Federa\u00e7\u00e3o Portuguesa de Golfe atribu\u00edram convites: ao vencedor do torneio, Alex Amey, para o Capdeville Consulting Pro-Am, e ao vencedor do mini\u2011ranking (Dan Smith) para o Open de Portugal.\" \/>\n<meta property=\"og:url\" content=\"https:\/\/portaltela.pt\/noticias\/2026\/03\/09\/joao-pereira-entre-os-5-primeiros-e-melhor-amador-no-optilink-tour-championship\/\" \/>\n<meta property=\"og:site_name\" content=\"Portal Tela Portugal\" \/>\n<meta property=\"article:published_time\" content=\"2026-03-09T12:04:28+00:00\" \/>\n<meta name=\"author\" content=\"Telinha\" \/>\n<meta name=\"twitter:card\" content=\"summary_large_image\" \/>\n<meta name=\"twitter:label1\" content=\"Escrito por\" \/>\n\t<meta name=\"twitter:data1\" content=\"Telinha\" \/>\n\t<meta name=\"twitter:label2\" content=\"Tempo estimado de leitura\" \/>\n\t<meta name=\"twitter:data2\" content=\"2 minutos\" \/>\n<script type=\"application\/ld+json\" class=\"yoast-schema-graph\">{\"@context\":\"https:\/\/schema.org\",\"@graph\":[{\"@type\":\"Article\",\"@id\":\"https:\/\/portaltela.pt\/noticias\/2026\/03\/09\/joao-pereira-entre-os-5-primeiros-e-melhor-amador-no-optilink-tour-championship\/#article\",\"isPartOf\":{\"@id\":\"https:\/\/portaltela.pt\/noticias\/2026\/03\/09\/joao-pereira-entre-os-5-primeiros-e-melhor-amador-no-optilink-tour-championship\/\"},\"author\":{\"name\":\"Telinha\",\"@id\":\"https:\/\/portaltela.pt\/#\/schema\/person\/c4278d4a6028830caff9ee44b42d32ed\"},\"headline\":\"Jo\u00e3o Pereira entre os 5 primeiros e melhor amador no Optilink Tour Championship\",\"datePublished\":\"2026-03-09T12:04:28+00:00\",\"mainEntityOfPage\":{\"@id\":\"https:\/\/portaltela.pt\/noticias\/2026\/03\/09\/joao-pereira-entre-os-5-primeiros-e-melhor-amador-no-optilink-tour-championship\/\"},\"wordCount\":343,\"image\":{\"@id\":\"https:\/\/portaltela.pt\/noticias\/2026\/03\/09\/joao-pereira-entre-os-5-primeiros-e-melhor-amador-no-optilink-tour-championship\/#primaryimage\"},\"thumbnailUrl\":\"https:\/\/portaltela.pt\/s.01k8rhncp4jt1\/2026\/03\/img_920x518uu2026-03-09-12-02-26-2425823.jpg\",\"keywords\":[\"Almada\",\"amador\",\"desporto\",\"internacionais\",\"jogadores\",\"Portugal\"],\"articleSection\":[\"Desporto\",\"Futebol\"],\"inLanguage\":\"pt-PT\"},{\"@type\":\"WebPage\",\"@id\":\"https:\/\/portaltela.pt\/noticias\/2026\/03\/09\/joao-pereira-entre-os-5-primeiros-e-melhor-amador-no-optilink-tour-championship\/\",\"url\":\"https:\/\/portaltela.pt\/noticias\/2026\/03\/09\/joao-pereira-entre-os-5-primeiros-e-melhor-amador-no-optilink-tour-championship\/\",\"name\":\"Jo\u00e3o Pereira entre os 5 primeiros e melhor amador no Optilink Tour Championship - Portal Tela Portugal\",\"isPartOf\":{\"@id\":\"https:\/\/portaltela.pt\/#website\"},\"primaryImageOfPage\":{\"@id\":\"https:\/\/portaltela.pt\/noticias\/2026\/03\/09\/joao-pereira-entre-os-5-primeiros-e-melhor-amador-no-optilink-tour-championship\/#primaryimage\"},\"image\":{\"@id\":\"https:\/\/portaltela.pt\/noticias\/2026\/03\/09\/joao-pereira-entre-os-5-primeiros-e-melhor-amador-no-optilink-tour-championship\/#primaryimage\"},\"thumbnailUrl\":\"https:\/\/portaltela.pt\/s.01k8rhncp4jt1\/2026\/03\/img_920x518uu2026-03-09-12-02-26-2425823.jpg\",\"datePublished\":\"2026-03-09T12:04:28+00:00\",\"author\":{\"@id\":\"https:\/\/portaltela.pt\/#\/schema\/person\/c4278d4a6028830caff9ee44b42d32ed\"},\"breadcrumb\":{\"@id\":\"https:\/\/portaltela.pt\/noticias\/2026\/03\/09\/joao-pereira-entre-os-5-primeiros-e-melhor-amador-no-optilink-tour-championship\/#breadcrumb\"},\"inLanguage\":\"pt-PT\",\"potentialAction\":[{\"@type\":\"ReadAction\",\"target\":[\"https:\/\/portaltela.pt\/noticias\/2026\/03\/09\/joao-pereira-entre-os-5-primeiros-e-melhor-amador-no-optilink-tour-championship\/\"]}]},{\"@type\":\"ImageObject\",\"inLanguage\":\"pt-PT\",\"@id\":\"https:\/\/portaltela.pt\/noticias\/2026\/03\/09\/joao-pereira-entre-os-5-primeiros-e-melhor-amador-no-optilink-tour-championship\/#primaryimage\",\"url\":\"https:\/\/portaltela.pt\/s.01k8rhncp4jt1\/2026\/03\/img_920x518uu2026-03-09-12-02-26-2425823.jpg\",\"contentUrl\":\"https:\/\/portaltela.pt\/s.01k8rhncp4jt1\/2026\/03\/img_920x518uu2026-03-09-12-02-26-2425823.jpg\",\"width\":796,\"height\":448,\"caption\":\"Jo\u00e3o Pereira no top'5 do Optilink Tour Championship\"},{\"@type\":\"BreadcrumbList\",\"@id\":\"https:\/\/portaltela.pt\/noticias\/2026\/03\/09\/joao-pereira-entre-os-5-primeiros-e-melhor-amador-no-optilink-tour-championship\/#breadcrumb\",\"itemListElement\":[{\"@type\":\"ListItem\",\"position\":1,\"name\":\"In\u00edcio\",\"item\":\"https:\/\/portaltela.pt\/\"},{\"@type\":\"ListItem\",\"position\":2,\"name\":\"Jo\u00e3o Pereira entre os 5 primeiros e melhor amador no Optilink Tour Championship\"}]},{\"@type\":\"WebSite\",\"@id\":\"https:\/\/portaltela.pt\/#website\",\"url\":\"https:\/\/portaltela.pt\/\",\"name\":\"Portal Tela Portugal\",\"description\":\"\",\"potentialAction\":[{\"@type\":\"SearchAction\",\"target\":{\"@type\":\"EntryPoint\",\"urlTemplate\":\"https:\/\/portaltela.pt\/?s={search_term_string}\"},\"query-input\":{\"@type\":\"PropertyValueSpecification\",\"valueRequired\":true,\"valueName\":\"search_term_string\"}}],\"inLanguage\":\"pt-PT\"},{\"@type\":\"Person\",\"@id\":\"https:\/\/portaltela.pt\/#\/schema\/person\/c4278d4a6028830caff9ee44b42d32ed\",\"name\":\"Telinha\",\"image\":{\"@type\":\"ImageObject\",\"inLanguage\":\"pt-PT\",\"@id\":\"https:\/\/portaltela.pt\/s.01k8rhncp4jt1\/2025\/11\/talking-bot-125x125.png\",\"url\":\"https:\/\/portaltela.pt\/s.01k8rhncp4jt1\/2025\/11\/talking-bot-125x125.png\",\"contentUrl\":\"https:\/\/portaltela.pt\/s.01k8rhncp4jt1\/2025\/11\/talking-bot-125x125.png\",\"caption\":\"Telinha\"},\"sameAs\":[\"https:\/\/portaltela.pt\/\"],\"url\":\"https:\/\/portaltela.pt\/por\/367410592786\/\"}]}<\/script>\n<!-- \/ Yoast SEO plugin. -->","yoast_head_json":{"title":"Jo\u00e3o Pereira entre os 5 primeiros e melhor amador no Optilink Tour Championship - Portal Tela Portugal","robots":{"index":"index","follow":"follow","max-snippet":"max-snippet:-1","max-image-preview":"max-image-preview:large","max-video-preview":"max-video-preview:-1"},"og_locale":"pt_PT","og_type":"article","og_title":"Jo\u00e3o Pereira entre os 5 primeiros e melhor amador no Optilink Tour Championship - Portal Tela Portugal","og_description":"Jo\u00e3o Pereira foi o melhor portugu\u00eas no Optilink Tour Championship, terminou em 5.\u00ba lugar empatado, com 216 pancadas no total, no PGA Aroeira Lisboa (campo n.\u00ba2), Almada. O campe\u00e3o nacional amador, de 21 anos, regressou \u00e0 competi\u00e7\u00e3o ap\u00f3s cinco meses de paragem devido a estudos em Erasmus na Pol\u00f3nia; o torneio encerrou o PT Tour 2026. Alex Amey (Su\u00ed\u00e7a) venceu com 211 pancadas, 5 abaixo do Par, recebendo 3.500 euros; Dan Smith (Inglaterra) ficou em segundo, com 212, e Olivier Smith em terceiro com 214. Entre os portugueses, Tom\u00e1s Melo Gouveia ficou em 9.\u00ba com 218 pancadas; Pedro Lencart terminou em 14.\u00ba, com 219. O PT Tour e a Federa\u00e7\u00e3o Portuguesa de Golfe atribu\u00edram convites: ao vencedor do torneio, Alex Amey, para o Capdeville Consulting Pro-Am, e ao vencedor do mini\u2011ranking (Dan Smith) para o Open de Portugal.","og_url":"https:\/\/portaltela.pt\/noticias\/2026\/03\/09\/joao-pereira-entre-os-5-primeiros-e-melhor-amador-no-optilink-tour-championship\/","og_site_name":"Portal Tela Portugal","article_published_time":"2026-03-09T12:04:28+00:00","author":"Telinha","twitter_card":"summary_large_image","twitter_misc":{"Escrito por":"Telinha","Tempo estimado de leitura":"2 minutos"},"schema":{"@context":"https:\/\/schema.org","@graph":[{"@type":"Article","@id":"https:\/\/portaltela.pt\/noticias\/2026\/03\/09\/joao-pereira-entre-os-5-primeiros-e-melhor-amador-no-optilink-tour-championship\/#article","isPartOf":{"@id":"https:\/\/portaltela.pt\/noticias\/2026\/03\/09\/joao-pereira-entre-os-5-primeiros-e-melhor-amador-no-optilink-tour-championship\/"},"author":{"name":"Telinha","@id":"https:\/\/portaltela.pt\/#\/schema\/person\/c4278d4a6028830caff9ee44b42d32ed"},"headline":"Jo\u00e3o Pereira entre os 5 primeiros e melhor amador no Optilink Tour Championship","datePublished":"2026-03-09T12:04:28+00:00","mainEntityOfPage":{"@id":"https:\/\/portaltela.pt\/noticias\/2026\/03\/09\/joao-pereira-entre-os-5-primeiros-e-melhor-amador-no-optilink-tour-championship\/"},"wordCount":343,"image":{"@id":"https:\/\/portaltela.pt\/noticias\/2026\/03\/09\/joao-pereira-entre-os-5-primeiros-e-melhor-amador-no-optilink-tour-championship\/#primaryimage"},"thumbnailUrl":"https:\/\/portaltela.pt\/s.01k8rhncp4jt1\/2026\/03\/img_920x518uu2026-03-09-12-02-26-2425823.jpg","keywords":["Almada","amador","desporto","internacionais","jogadores","Portugal"],"articleSection":["Desporto","Futebol"],"inLanguage":"pt-PT"},{"@type":"WebPage","@id":"https:\/\/portaltela.pt\/noticias\/2026\/03\/09\/joao-pereira-entre-os-5-primeiros-e-melhor-amador-no-optilink-tour-championship\/","url":"https:\/\/portaltela.pt\/noticias\/2026\/03\/09\/joao-pereira-entre-os-5-primeiros-e-melhor-amador-no-optilink-tour-championship\/","name":"Jo\u00e3o Pereira entre os 5 primeiros e melhor amador no Optilink Tour Championship - Portal Tela Portugal","isPartOf":{"@id":"https:\/\/portaltela.pt\/#website"},"primaryImageOfPage":{"@id":"https:\/\/portaltela.pt\/noticias\/2026\/03\/09\/joao-pereira-entre-os-5-primeiros-e-melhor-amador-no-optilink-tour-championship\/#primaryimage"},"image":{"@id":"https:\/\/portaltela.pt\/noticias\/2026\/03\/09\/joao-pereira-entre-os-5-primeiros-e-melhor-amador-no-optilink-tour-championship\/#primaryimage"},"thumbnailUrl":"https:\/\/portaltela.pt\/s.01k8rhncp4jt1\/2026\/03\/img_920x518uu2026-03-09-12-02-26-2425823.jpg","datePublished":"2026-03-09T12:04:28+00:00","author":{"@id":"https:\/\/portaltela.pt\/#\/schema\/person\/c4278d4a6028830caff9ee44b42d32ed"},"breadcrumb":{"@id":"https:\/\/portaltela.pt\/noticias\/2026\/03\/09\/joao-pereira-entre-os-5-primeiros-e-melhor-amador-no-optilink-tour-championship\/#breadcrumb"},"inLanguage":"pt-PT","potentialAction":[{"@type":"ReadAction","target":["https:\/\/portaltela.pt\/noticias\/2026\/03\/09\/joao-pereira-entre-os-5-primeiros-e-melhor-amador-no-optilink-tour-championship\/"]}]},{"@type":"ImageObject","inLanguage":"pt-PT","@id":"https:\/\/portaltela.pt\/noticias\/2026\/03\/09\/joao-pereira-entre-os-5-primeiros-e-melhor-amador-no-optilink-tour-championship\/#primaryimage","url":"https:\/\/portaltela.pt\/s.01k8rhncp4jt1\/2026\/03\/img_920x518uu2026-03-09-12-02-26-2425823.jpg","contentUrl":"https:\/\/portaltela.pt\/s.01k8rhncp4jt1\/2026\/03\/img_920x518uu2026-03-09-12-02-26-2425823.jpg","width":796,"height":448,"caption":"Jo\u00e3o Pereira no top'5 do Optilink Tour Championship"},{"@type":"BreadcrumbList","@id":"https:\/\/portaltela.pt\/noticias\/2026\/03\/09\/joao-pereira-entre-os-5-primeiros-e-melhor-amador-no-optilink-tour-championship\/#breadcrumb","itemListElement":[{"@type":"ListItem","position":1,"name":"In\u00edcio","item":"https:\/\/portaltela.pt\/"},{"@type":"ListItem","position":2,"name":"Jo\u00e3o Pereira entre os 5 primeiros e melhor amador no Optilink Tour Championship"}]},{"@type":"WebSite","@id":"https:\/\/portaltela.pt\/#website","url":"https:\/\/portaltela.pt\/","name":"Portal Tela Portugal","description":"","potentialAction":[{"@type":"SearchAction","target":{"@type":"EntryPoint","urlTemplate":"https:\/\/portaltela.pt\/?s={search_term_string}"},"query-input":{"@type":"PropertyValueSpecification","valueRequired":true,"valueName":"search_term_string"}}],"inLanguage":"pt-PT"},{"@type":"Person","@id":"https:\/\/portaltela.pt\/#\/schema\/person\/c4278d4a6028830caff9ee44b42d32ed","name":"Telinha","image":{"@type":"ImageObject","inLanguage":"pt-PT","@id":"https:\/\/portaltela.pt\/s.01k8rhncp4jt1\/2025\/11\/talking-bot-125x125.png","url":"https:\/\/portaltela.pt\/s.01k8rhncp4jt1\/2025\/11\/talking-bot-125x125.png","contentUrl":"https:\/\/portaltela.pt\/s.01k8rhncp4jt1\/2025\/11\/talking-bot-125x125.png","caption":"Telinha"},"sameAs":["https:\/\/portaltela.pt\/"],"url":"https:\/\/portaltela.pt\/por\/367410592786\/"}]}},"_links":{"self":[{"href":"https:\/\/portaltela.pt\/api\/wp\/v2\/posts\/403279","targetHints":{"allow":["GET"]}}],"collection":[{"href":"https:\/\/portaltela.pt\/api\/wp\/v2\/posts"}],"about":[{"href":"https:\/\/portaltela.pt\/api\/wp\/v2\/types\/post"}],"author":[{"embeddable":true,"href":"https:\/\/portaltela.pt\/api\/wp\/v2\/users\/2"}],"replies":[{"embeddable":true,"href":"https:\/\/portaltela.pt\/api\/wp\/v2\/comments?post=403279"}],"version-history":[{"count":0,"href":"https:\/\/portaltela.pt\/api\/wp\/v2\/posts\/403279\/revisions"}],"wp:featuredmedia":[{"embeddable":true,"href":"https:\/\/portaltela.pt\/api\/wp\/v2\/media\/403281"}],"wp:attachment":[{"href":"https:\/\/portaltela.pt\/api\/wp\/v2\/media?parent=403279"}],"wp:term":[{"taxonomy":"category","embeddable":true,"href":"https:\/\/portaltela.pt\/api\/wp\/v2\/categories?post=403279"},{"taxonomy":"post_tag","embeddable":true,"href":"https:\/\/portaltela.pt\/api\/wp\/v2\/tags?post=403279"}],"curies":[{"name":"wp","href":"https:\/\/api.w.org\/{rel}","templated":true}]}}