{"id":403275,"date":"2026-03-09T09:04:00","date_gmt":"2026-03-09T12:04:00","guid":{"rendered":"https:\/\/portaltela.pt\/noticias\/2026\/03\/09\/voo-militar-de-repatriacao-com-61-passageiros-54-portugueses-chega-a-lisboa\/"},"modified":"2026-03-09T09:04:00","modified_gmt":"2026-03-09T12:04:00","slug":"voo-militar-de-repatriacao-com-61-passageiros-54-portugueses-chega-a-lisboa","status":"publish","type":"post","link":"https:\/\/portaltela.pt\/noticias\/2026\/03\/09\/voo-militar-de-repatriacao-com-61-passageiros-54-portugueses-chega-a-lisboa\/","title":{"rendered":"Voo militar de repatria\u00e7\u00e3o com 61 passageiros, 54 portugueses, chega a Lisboa"},"content":{"rendered":"<p>O voo militar de repatria\u00e7\u00e3o chegou a Lisboa, com 61 passageiros a bordo, incluindo 54 nacionais portugueses. A viagem, realizada no \u00e2mbito de opera\u00e7\u00f5es regulares de retirada de cidad\u00e3os do M\u00e9dio Oriente, ocorreu nesta manh\u00e3 de 9 de mar\u00e7o de 2026.<\/p>\n<p>A opera\u00e7\u00e3o envolveu o Minist\u00e9rio dos Neg\u00f3cios Estrangeiros e a For\u00e7a A\u00e9rea, que coordenaram o retorno de cidad\u00e3os portugueses a Portugal. O objetivo foi assegurar a evacua\u00e7\u00e3o de residentes em situa\u00e7\u00f5es de risco, conforme anunciado pelas autoridades.<\/p>\n<h3>Entidades envolvidas<\/h3>\n<ul>\n<li>Minist\u00e9rio dos Neg\u00f3cios Estrangeiros<\/li>\n<li>For\u00e7a A\u00e9rea<\/li>\n<\/ul>\n<p>A chegada marca mais uma etapa de um conjunto de opera\u00e7\u00f5es de repatria\u00e7\u00e3o promovidas pelo Governo para facilitar o retorno seguro de cidad\u00e3os portugueses. O escrit\u00f3rio consular acompanha os casos para assist\u00eancia adicional, conforme necess\u00e1rio.<\/p>\n","protected":false},"excerpt":{"rendered":"<ul>\n<li>Um voo militar de repatriamento chegou a Lisboa, com 61 passageiros.<\/li>\n<li>Deste total, 54 s\u00e3o portugueses.<\/li>\n<li>A opera\u00e7\u00e3o envolveu o Minist\u00e9rio dos Neg\u00f3cios Estrangeiros e a For\u00e7a A\u00e9rea.<\/li>\n<li>A chegada ocorreu no dia 09 de mar\u00e7o de 2026, \u00e0s 12:04.<\/li>\n<li>Trata-se de mais uma retirada de portugueses do M\u00e9dio Oriente.<\/li>\n<\/ul>\n","protected":false},"author":2,"featured_media":403277,"comment_status":"closed","ping_status":"closed","sticky":false,"template":"","format":"standard","meta":{"footnotes":""},"categories":[1],"tags":[6637,256,2938,4519,4299,1014],"class_list":["post-403275","post","type-post","status-publish","format-standard","has-post-thumbnail","hentry","category-noticias","tag-cidadaos","tag-cooperacao-internacional","tag-evacuacao","tag-evacuacoes","tag-forca-aerea","tag-portugal"],"yoast_head":"<!-- This site is optimized with the Yoast SEO plugin v27.2 - https:\/\/yoast.com\/product\/yoast-seo-wordpress\/ -->\n<title>Voo militar de repatria\u00e7\u00e3o com 61 passageiros, 54 portugueses, chega a Lisboa - Portal Tela Portugal<\/title>\n<meta name=\"robots\" content=\"index, follow, max-snippet:-1, max-image-preview:large, max-video-preview:-1\" \/>\n<meta property=\"og:locale\" content=\"pt_PT\" \/>\n<meta property=\"og:type\" content=\"article\" \/>\n<meta property=\"og:title\" content=\"Voo militar de repatria\u00e7\u00e3o com 61 passageiros, 54 portugueses, chega a Lisboa - Portal Tela Portugal\" \/>\n<meta property=\"og:description\" content=\"Um voo militar de repatriamento chegou a Lisboa, com 61 passageiros. Deste total, 54 s\u00e3o portugueses. A opera\u00e7\u00e3o envolveu o Minist\u00e9rio dos Neg\u00f3cios Estrangeiros e a For\u00e7a A\u00e9rea. A chegada ocorreu no dia 09 de mar\u00e7o de 2026, \u00e0s 12:04. Trata-se de mais uma retirada de portugueses do M\u00e9dio Oriente.\" \/>\n<meta property=\"og:url\" content=\"https:\/\/portaltela.pt\/noticias\/2026\/03\/09\/voo-militar-de-repatriacao-com-61-passageiros-54-portugueses-chega-a-lisboa\/\" \/>\n<meta property=\"og:site_name\" content=\"Portal Tela Portugal\" \/>\n<meta property=\"article:published_time\" content=\"2026-03-09T12:04:00+00:00\" \/>\n<meta name=\"author\" content=\"Telinha\" \/>\n<meta name=\"twitter:card\" content=\"summary_large_image\" \/>\n<meta name=\"twitter:label1\" content=\"Escrito por\" \/>\n\t<meta name=\"twitter:data1\" content=\"Telinha\" \/>\n\t<meta name=\"twitter:label2\" content=\"Tempo estimado de leitura\" \/>\n\t<meta name=\"twitter:data2\" content=\"1 minuto\" \/>\n<script type=\"application\/ld+json\" class=\"yoast-schema-graph\">{\"@context\":\"https:\/\/schema.org\",\"@graph\":[{\"@type\":\"Article\",\"@id\":\"https:\/\/portaltela.pt\/noticias\/2026\/03\/09\/voo-militar-de-repatriacao-com-61-passageiros-54-portugueses-chega-a-lisboa\/#article\",\"isPartOf\":{\"@id\":\"https:\/\/portaltela.pt\/noticias\/2026\/03\/09\/voo-militar-de-repatriacao-com-61-passageiros-54-portugueses-chega-a-lisboa\/\"},\"author\":{\"name\":\"Telinha\",\"@id\":\"https:\/\/portaltela.pt\/#\/schema\/person\/c4278d4a6028830caff9ee44b42d32ed\"},\"headline\":\"Voo militar de repatria\u00e7\u00e3o com 61 passageiros, 54 portugueses, chega a Lisboa\",\"datePublished\":\"2026-03-09T12:04:00+00:00\",\"mainEntityOfPage\":{\"@id\":\"https:\/\/portaltela.pt\/noticias\/2026\/03\/09\/voo-militar-de-repatriacao-com-61-passageiros-54-portugueses-chega-a-lisboa\/\"},\"wordCount\":151,\"image\":{\"@id\":\"https:\/\/portaltela.pt\/noticias\/2026\/03\/09\/voo-militar-de-repatriacao-com-61-passageiros-54-portugueses-chega-a-lisboa\/#primaryimage\"},\"thumbnailUrl\":\"https:\/\/portaltela.pt\/s.01k8rhncp4jt1\/2026\/03\/img_1280x722uu2026-03-09-12-04-13-2271301.jpg\",\"keywords\":[\"cidad\u00e3os\",\"coopera\u00e7\u00e3o internacional\",\"evacua\u00e7\u00e3o\",\"evacua\u00e7\u00f5es\",\"For\u00e7a A\u00e9rea\",\"Portugal\"],\"articleSection\":[\"Not\u00edcias\"],\"inLanguage\":\"pt-PT\"},{\"@type\":\"WebPage\",\"@id\":\"https:\/\/portaltela.pt\/noticias\/2026\/03\/09\/voo-militar-de-repatriacao-com-61-passageiros-54-portugueses-chega-a-lisboa\/\",\"url\":\"https:\/\/portaltela.pt\/noticias\/2026\/03\/09\/voo-militar-de-repatriacao-com-61-passageiros-54-portugueses-chega-a-lisboa\/\",\"name\":\"Voo militar de repatria\u00e7\u00e3o com 61 passageiros, 54 portugueses, chega a Lisboa - Portal Tela Portugal\",\"isPartOf\":{\"@id\":\"https:\/\/portaltela.pt\/#website\"},\"primaryImageOfPage\":{\"@id\":\"https:\/\/portaltela.pt\/noticias\/2026\/03\/09\/voo-militar-de-repatriacao-com-61-passageiros-54-portugueses-chega-a-lisboa\/#primaryimage\"},\"image\":{\"@id\":\"https:\/\/portaltela.pt\/noticias\/2026\/03\/09\/voo-militar-de-repatriacao-com-61-passageiros-54-portugueses-chega-a-lisboa\/#primaryimage\"},\"thumbnailUrl\":\"https:\/\/portaltela.pt\/s.01k8rhncp4jt1\/2026\/03\/img_1280x722uu2026-03-09-12-04-13-2271301.jpg\",\"datePublished\":\"2026-03-09T12:04:00+00:00\",\"author\":{\"@id\":\"https:\/\/portaltela.pt\/#\/schema\/person\/c4278d4a6028830caff9ee44b42d32ed\"},\"breadcrumb\":{\"@id\":\"https:\/\/portaltela.pt\/noticias\/2026\/03\/09\/voo-militar-de-repatriacao-com-61-passageiros-54-portugueses-chega-a-lisboa\/#breadcrumb\"},\"inLanguage\":\"pt-PT\",\"potentialAction\":[{\"@type\":\"ReadAction\",\"target\":[\"https:\/\/portaltela.pt\/noticias\/2026\/03\/09\/voo-militar-de-repatriacao-com-61-passageiros-54-portugueses-chega-a-lisboa\/\"]}]},{\"@type\":\"ImageObject\",\"inLanguage\":\"pt-PT\",\"@id\":\"https:\/\/portaltela.pt\/noticias\/2026\/03\/09\/voo-militar-de-repatriacao-com-61-passageiros-54-portugueses-chega-a-lisboa\/#primaryimage\",\"url\":\"https:\/\/portaltela.pt\/s.01k8rhncp4jt1\/2026\/03\/img_1280x722uu2026-03-09-12-04-13-2271301.jpg\",\"contentUrl\":\"https:\/\/portaltela.pt\/s.01k8rhncp4jt1\/2026\/03\/img_1280x722uu2026-03-09-12-04-13-2271301.jpg\",\"width\":796,\"height\":448,\"caption\":\"Voo militar de repatriamento com 61 passageiros, incluindo 54 portugueses, j\u00e1 chegou a Lisboa\"},{\"@type\":\"BreadcrumbList\",\"@id\":\"https:\/\/portaltela.pt\/noticias\/2026\/03\/09\/voo-militar-de-repatriacao-com-61-passageiros-54-portugueses-chega-a-lisboa\/#breadcrumb\",\"itemListElement\":[{\"@type\":\"ListItem\",\"position\":1,\"name\":\"In\u00edcio\",\"item\":\"https:\/\/portaltela.pt\/\"},{\"@type\":\"ListItem\",\"position\":2,\"name\":\"Voo militar de repatria\u00e7\u00e3o com 61 passageiros, 54 portugueses, chega a Lisboa\"}]},{\"@type\":\"WebSite\",\"@id\":\"https:\/\/portaltela.pt\/#website\",\"url\":\"https:\/\/portaltela.pt\/\",\"name\":\"Portal Tela Portugal\",\"description\":\"\",\"potentialAction\":[{\"@type\":\"SearchAction\",\"target\":{\"@type\":\"EntryPoint\",\"urlTemplate\":\"https:\/\/portaltela.pt\/?s={search_term_string}\"},\"query-input\":{\"@type\":\"PropertyValueSpecification\",\"valueRequired\":true,\"valueName\":\"search_term_string\"}}],\"inLanguage\":\"pt-PT\"},{\"@type\":\"Person\",\"@id\":\"https:\/\/portaltela.pt\/#\/schema\/person\/c4278d4a6028830caff9ee44b42d32ed\",\"name\":\"Telinha\",\"image\":{\"@type\":\"ImageObject\",\"inLanguage\":\"pt-PT\",\"@id\":\"https:\/\/portaltela.pt\/s.01k8rhncp4jt1\/2025\/11\/talking-bot-125x125.png\",\"url\":\"https:\/\/portaltela.pt\/s.01k8rhncp4jt1\/2025\/11\/talking-bot-125x125.png\",\"contentUrl\":\"https:\/\/portaltela.pt\/s.01k8rhncp4jt1\/2025\/11\/talking-bot-125x125.png\",\"caption\":\"Telinha\"},\"sameAs\":[\"https:\/\/portaltela.pt\/\"],\"url\":\"https:\/\/portaltela.pt\/por\/367410592786\/\"}]}<\/script>\n<!-- \/ Yoast SEO plugin. -->","yoast_head_json":{"title":"Voo militar de repatria\u00e7\u00e3o com 61 passageiros, 54 portugueses, chega a Lisboa - Portal Tela Portugal","robots":{"index":"index","follow":"follow","max-snippet":"max-snippet:-1","max-image-preview":"max-image-preview:large","max-video-preview":"max-video-preview:-1"},"og_locale":"pt_PT","og_type":"article","og_title":"Voo militar de repatria\u00e7\u00e3o com 61 passageiros, 54 portugueses, chega a Lisboa - Portal Tela Portugal","og_description":"Um voo militar de repatriamento chegou a Lisboa, com 61 passageiros. Deste total, 54 s\u00e3o portugueses. A opera\u00e7\u00e3o envolveu o Minist\u00e9rio dos Neg\u00f3cios Estrangeiros e a For\u00e7a A\u00e9rea. A chegada ocorreu no dia 09 de mar\u00e7o de 2026, \u00e0s 12:04. Trata-se de mais uma retirada de portugueses do M\u00e9dio Oriente.","og_url":"https:\/\/portaltela.pt\/noticias\/2026\/03\/09\/voo-militar-de-repatriacao-com-61-passageiros-54-portugueses-chega-a-lisboa\/","og_site_name":"Portal Tela Portugal","article_published_time":"2026-03-09T12:04:00+00:00","author":"Telinha","twitter_card":"summary_large_image","twitter_misc":{"Escrito por":"Telinha","Tempo estimado de leitura":"1 minuto"},"schema":{"@context":"https:\/\/schema.org","@graph":[{"@type":"Article","@id":"https:\/\/portaltela.pt\/noticias\/2026\/03\/09\/voo-militar-de-repatriacao-com-61-passageiros-54-portugueses-chega-a-lisboa\/#article","isPartOf":{"@id":"https:\/\/portaltela.pt\/noticias\/2026\/03\/09\/voo-militar-de-repatriacao-com-61-passageiros-54-portugueses-chega-a-lisboa\/"},"author":{"name":"Telinha","@id":"https:\/\/portaltela.pt\/#\/schema\/person\/c4278d4a6028830caff9ee44b42d32ed"},"headline":"Voo militar de repatria\u00e7\u00e3o com 61 passageiros, 54 portugueses, chega a Lisboa","datePublished":"2026-03-09T12:04:00+00:00","mainEntityOfPage":{"@id":"https:\/\/portaltela.pt\/noticias\/2026\/03\/09\/voo-militar-de-repatriacao-com-61-passageiros-54-portugueses-chega-a-lisboa\/"},"wordCount":151,"image":{"@id":"https:\/\/portaltela.pt\/noticias\/2026\/03\/09\/voo-militar-de-repatriacao-com-61-passageiros-54-portugueses-chega-a-lisboa\/#primaryimage"},"thumbnailUrl":"https:\/\/portaltela.pt\/s.01k8rhncp4jt1\/2026\/03\/img_1280x722uu2026-03-09-12-04-13-2271301.jpg","keywords":["cidad\u00e3os","coopera\u00e7\u00e3o internacional","evacua\u00e7\u00e3o","evacua\u00e7\u00f5es","For\u00e7a A\u00e9rea","Portugal"],"articleSection":["Not\u00edcias"],"inLanguage":"pt-PT"},{"@type":"WebPage","@id":"https:\/\/portaltela.pt\/noticias\/2026\/03\/09\/voo-militar-de-repatriacao-com-61-passageiros-54-portugueses-chega-a-lisboa\/","url":"https:\/\/portaltela.pt\/noticias\/2026\/03\/09\/voo-militar-de-repatriacao-com-61-passageiros-54-portugueses-chega-a-lisboa\/","name":"Voo militar de repatria\u00e7\u00e3o com 61 passageiros, 54 portugueses, chega a Lisboa - Portal Tela Portugal","isPartOf":{"@id":"https:\/\/portaltela.pt\/#website"},"primaryImageOfPage":{"@id":"https:\/\/portaltela.pt\/noticias\/2026\/03\/09\/voo-militar-de-repatriacao-com-61-passageiros-54-portugueses-chega-a-lisboa\/#primaryimage"},"image":{"@id":"https:\/\/portaltela.pt\/noticias\/2026\/03\/09\/voo-militar-de-repatriacao-com-61-passageiros-54-portugueses-chega-a-lisboa\/#primaryimage"},"thumbnailUrl":"https:\/\/portaltela.pt\/s.01k8rhncp4jt1\/2026\/03\/img_1280x722uu2026-03-09-12-04-13-2271301.jpg","datePublished":"2026-03-09T12:04:00+00:00","author":{"@id":"https:\/\/portaltela.pt\/#\/schema\/person\/c4278d4a6028830caff9ee44b42d32ed"},"breadcrumb":{"@id":"https:\/\/portaltela.pt\/noticias\/2026\/03\/09\/voo-militar-de-repatriacao-com-61-passageiros-54-portugueses-chega-a-lisboa\/#breadcrumb"},"inLanguage":"pt-PT","potentialAction":[{"@type":"ReadAction","target":["https:\/\/portaltela.pt\/noticias\/2026\/03\/09\/voo-militar-de-repatriacao-com-61-passageiros-54-portugueses-chega-a-lisboa\/"]}]},{"@type":"ImageObject","inLanguage":"pt-PT","@id":"https:\/\/portaltela.pt\/noticias\/2026\/03\/09\/voo-militar-de-repatriacao-com-61-passageiros-54-portugueses-chega-a-lisboa\/#primaryimage","url":"https:\/\/portaltela.pt\/s.01k8rhncp4jt1\/2026\/03\/img_1280x722uu2026-03-09-12-04-13-2271301.jpg","contentUrl":"https:\/\/portaltela.pt\/s.01k8rhncp4jt1\/2026\/03\/img_1280x722uu2026-03-09-12-04-13-2271301.jpg","width":796,"height":448,"caption":"Voo militar de repatriamento com 61 passageiros, incluindo 54 portugueses, j\u00e1 chegou a Lisboa"},{"@type":"BreadcrumbList","@id":"https:\/\/portaltela.pt\/noticias\/2026\/03\/09\/voo-militar-de-repatriacao-com-61-passageiros-54-portugueses-chega-a-lisboa\/#breadcrumb","itemListElement":[{"@type":"ListItem","position":1,"name":"In\u00edcio","item":"https:\/\/portaltela.pt\/"},{"@type":"ListItem","position":2,"name":"Voo militar de repatria\u00e7\u00e3o com 61 passageiros, 54 portugueses, chega a Lisboa"}]},{"@type":"WebSite","@id":"https:\/\/portaltela.pt\/#website","url":"https:\/\/portaltela.pt\/","name":"Portal Tela Portugal","description":"","potentialAction":[{"@type":"SearchAction","target":{"@type":"EntryPoint","urlTemplate":"https:\/\/portaltela.pt\/?s={search_term_string}"},"query-input":{"@type":"PropertyValueSpecification","valueRequired":true,"valueName":"search_term_string"}}],"inLanguage":"pt-PT"},{"@type":"Person","@id":"https:\/\/portaltela.pt\/#\/schema\/person\/c4278d4a6028830caff9ee44b42d32ed","name":"Telinha","image":{"@type":"ImageObject","inLanguage":"pt-PT","@id":"https:\/\/portaltela.pt\/s.01k8rhncp4jt1\/2025\/11\/talking-bot-125x125.png","url":"https:\/\/portaltela.pt\/s.01k8rhncp4jt1\/2025\/11\/talking-bot-125x125.png","contentUrl":"https:\/\/portaltela.pt\/s.01k8rhncp4jt1\/2025\/11\/talking-bot-125x125.png","caption":"Telinha"},"sameAs":["https:\/\/portaltela.pt\/"],"url":"https:\/\/portaltela.pt\/por\/367410592786\/"}]}},"_links":{"self":[{"href":"https:\/\/portaltela.pt\/api\/wp\/v2\/posts\/403275","targetHints":{"allow":["GET"]}}],"collection":[{"href":"https:\/\/portaltela.pt\/api\/wp\/v2\/posts"}],"about":[{"href":"https:\/\/portaltela.pt\/api\/wp\/v2\/types\/post"}],"author":[{"embeddable":true,"href":"https:\/\/portaltela.pt\/api\/wp\/v2\/users\/2"}],"replies":[{"embeddable":true,"href":"https:\/\/portaltela.pt\/api\/wp\/v2\/comments?post=403275"}],"version-history":[{"count":0,"href":"https:\/\/portaltela.pt\/api\/wp\/v2\/posts\/403275\/revisions"}],"wp:featuredmedia":[{"embeddable":true,"href":"https:\/\/portaltela.pt\/api\/wp\/v2\/media\/403277"}],"wp:attachment":[{"href":"https:\/\/portaltela.pt\/api\/wp\/v2\/media?parent=403275"}],"wp:term":[{"taxonomy":"category","embeddable":true,"href":"https:\/\/portaltela.pt\/api\/wp\/v2\/categories?post=403275"},{"taxonomy":"post_tag","embeddable":true,"href":"https:\/\/portaltela.pt\/api\/wp\/v2\/tags?post=403275"}],"curies":[{"name":"wp","href":"https:\/\/api.w.org\/{rel}","templated":true}]}}