{"id":403274,"date":"2026-03-09T09:10:00","date_gmt":"2026-03-09T12:10:00","guid":{"rendered":"https:\/\/portaltela.pt\/noticias\/2026\/03\/09\/ct-da-rtp-apoia-sindicatos-e-rejeita-proposta-da-empresa\/"},"modified":"2026-03-09T09:10:00","modified_gmt":"2026-03-09T12:10:00","slug":"ct-da-rtp-apoia-sindicatos-e-rejeita-proposta-da-empresa","status":"publish","type":"post","link":"https:\/\/portaltela.pt\/noticias\/2026\/03\/09\/ct-da-rtp-apoia-sindicatos-e-rejeita-proposta-da-empresa\/","title":{"rendered":"CT da RTP apoia sindicatos e rejeita proposta da empresa"},"content":{"rendered":"<p>O CT da RTP manifestou apoio aos sindicatos e considerou a proposta da empresa inaceit\u00e1vel. O conte\u00fado completo n\u00e3o est\u00e1 dispon\u00edvel sem subscri\u00e7\u00e3o, o que limita detalhes adicionais.<\/p>\n<p>Segundo a not\u00edcia, envolve negocia\u00e7\u00f5es entre o corpo de trabalhadores e a dire\u00e7\u00e3o da RTP, com os sindicatos a exigir altera\u00e7\u00f5es \u00e0 proposta apresentada. N\u00e3o h\u00e1 datas espec\u00edficas indicadas no texto acess\u00edvel.<\/p>\n<p>A posi\u00e7\u00e3o do CT indica um alinhamento com atividades sindicais, sem indicar poss\u00edveis medidas ou prazos. A reda\u00e7\u00e3o aponta para uma tens\u00e3o entre trabalhadores e gest\u00e3o, sem coment\u00e1rios pol\u00edticos ou opinativos.<\/p>\n<p>O portal n\u00e3o divulga informa\u00e7\u00f5es adicionais nem cita fontes oficiais. Mant\u00eam-se o foco em tornar claro que o evento envolve negocia\u00e7\u00e3o laboral e diverg\u00eancia em rela\u00e7\u00e3o \u00e0 proposta.<\/p>\n","protected":false},"excerpt":{"rendered":"<ul>\n<li>A Comiss\u00e3o de Trabalhadores da RTP (CT da RTP) manifesta apoio aos sindicatos.<\/li>\n<li>Afirma que a proposta apresentada pela empresa \u00e9 inaceit\u00e1vel.<\/li>\n<li>O conte\u00fado p\u00fablico n\u00e3o inclui mais detalhes.<\/li>\n<li>O conte\u00fado completo est\u00e1 dispon\u00edvel apenas para Subscritores, com acesso mediante Entrar.<\/li>\n<\/ul>\n","protected":false},"author":2,"featured_media":403276,"comment_status":"closed","ping_status":"closed","sticky":false,"template":"","format":"standard","meta":{"footnotes":""},"categories":[1],"tags":[2697,6566,6185,966,2841,2201],"class_list":["post-403274","post","type-post","status-publish","format-standard","has-post-thumbnail","hentry","category-noticias","tag-empresas","tag-negociacao","tag-rtp-noticias","tag-sindicatos","tag-trabalhadores","tag-trabalho"],"yoast_head":"<!-- This site is optimized with the Yoast SEO plugin v27.2 - https:\/\/yoast.com\/product\/yoast-seo-wordpress\/ -->\n<title>CT da RTP apoia sindicatos e rejeita proposta da empresa - Portal Tela Portugal<\/title>\n<meta name=\"robots\" content=\"index, follow, max-snippet:-1, max-image-preview:large, max-video-preview:-1\" \/>\n<meta property=\"og:locale\" content=\"pt_PT\" \/>\n<meta property=\"og:type\" content=\"article\" \/>\n<meta property=\"og:title\" content=\"CT da RTP apoia sindicatos e rejeita proposta da empresa - Portal Tela Portugal\" \/>\n<meta property=\"og:description\" content=\"A Comiss\u00e3o de Trabalhadores da RTP (CT da RTP) manifesta apoio aos sindicatos. Afirma que a proposta apresentada pela empresa \u00e9 inaceit\u00e1vel. O conte\u00fado p\u00fablico n\u00e3o inclui mais detalhes. O conte\u00fado completo est\u00e1 dispon\u00edvel apenas para Subscritores, com acesso mediante Entrar.\" \/>\n<meta property=\"og:url\" content=\"https:\/\/portaltela.pt\/noticias\/2026\/03\/09\/ct-da-rtp-apoia-sindicatos-e-rejeita-proposta-da-empresa\/\" \/>\n<meta property=\"og:site_name\" content=\"Portal Tela Portugal\" \/>\n<meta property=\"article:published_time\" content=\"2026-03-09T12:10:00+00:00\" \/>\n<meta name=\"author\" content=\"Telinha\" \/>\n<meta name=\"twitter:card\" content=\"summary_large_image\" \/>\n<meta name=\"twitter:label1\" content=\"Escrito por\" \/>\n\t<meta name=\"twitter:data1\" content=\"Telinha\" \/>\n\t<meta name=\"twitter:label2\" content=\"Tempo estimado de leitura\" \/>\n\t<meta name=\"twitter:data2\" content=\"1 minuto\" \/>\n<script type=\"application\/ld+json\" class=\"yoast-schema-graph\">{\"@context\":\"https:\/\/schema.org\",\"@graph\":[{\"@type\":\"Article\",\"@id\":\"https:\/\/portaltela.pt\/noticias\/2026\/03\/09\/ct-da-rtp-apoia-sindicatos-e-rejeita-proposta-da-empresa\/#article\",\"isPartOf\":{\"@id\":\"https:\/\/portaltela.pt\/noticias\/2026\/03\/09\/ct-da-rtp-apoia-sindicatos-e-rejeita-proposta-da-empresa\/\"},\"author\":{\"name\":\"Telinha\",\"@id\":\"https:\/\/portaltela.pt\/#\/schema\/person\/c4278d4a6028830caff9ee44b42d32ed\"},\"headline\":\"CT da RTP apoia sindicatos e rejeita proposta da empresa\",\"datePublished\":\"2026-03-09T12:10:00+00:00\",\"mainEntityOfPage\":{\"@id\":\"https:\/\/portaltela.pt\/noticias\/2026\/03\/09\/ct-da-rtp-apoia-sindicatos-e-rejeita-proposta-da-empresa\/\"},\"wordCount\":152,\"image\":{\"@id\":\"https:\/\/portaltela.pt\/noticias\/2026\/03\/09\/ct-da-rtp-apoia-sindicatos-e-rejeita-proposta-da-empresa\/#primaryimage\"},\"thumbnailUrl\":\"https:\/\/portaltela.pt\/s.01k8rhncp4jt1\/2026\/03\/CACHE_780X1200_ANALOG_WATERMARKED_41785340_2359426_03112023024146.jpg\",\"keywords\":[\"empresas\",\"negocia\u00e7\u00e3o\",\"RTP Not\u00edcias\",\"sindicatos\",\"trabalhadores\",\"trabalho\"],\"articleSection\":[\"Not\u00edcias\"],\"inLanguage\":\"pt-PT\"},{\"@type\":\"WebPage\",\"@id\":\"https:\/\/portaltela.pt\/noticias\/2026\/03\/09\/ct-da-rtp-apoia-sindicatos-e-rejeita-proposta-da-empresa\/\",\"url\":\"https:\/\/portaltela.pt\/noticias\/2026\/03\/09\/ct-da-rtp-apoia-sindicatos-e-rejeita-proposta-da-empresa\/\",\"name\":\"CT da RTP apoia sindicatos e rejeita proposta da empresa - Portal Tela Portugal\",\"isPartOf\":{\"@id\":\"https:\/\/portaltela.pt\/#website\"},\"primaryImageOfPage\":{\"@id\":\"https:\/\/portaltela.pt\/noticias\/2026\/03\/09\/ct-da-rtp-apoia-sindicatos-e-rejeita-proposta-da-empresa\/#primaryimage\"},\"image\":{\"@id\":\"https:\/\/portaltela.pt\/noticias\/2026\/03\/09\/ct-da-rtp-apoia-sindicatos-e-rejeita-proposta-da-empresa\/#primaryimage\"},\"thumbnailUrl\":\"https:\/\/portaltela.pt\/s.01k8rhncp4jt1\/2026\/03\/CACHE_780X1200_ANALOG_WATERMARKED_41785340_2359426_03112023024146.jpg\",\"datePublished\":\"2026-03-09T12:10:00+00:00\",\"author\":{\"@id\":\"https:\/\/portaltela.pt\/#\/schema\/person\/c4278d4a6028830caff9ee44b42d32ed\"},\"breadcrumb\":{\"@id\":\"https:\/\/portaltela.pt\/noticias\/2026\/03\/09\/ct-da-rtp-apoia-sindicatos-e-rejeita-proposta-da-empresa\/#breadcrumb\"},\"inLanguage\":\"pt-PT\",\"potentialAction\":[{\"@type\":\"ReadAction\",\"target\":[\"https:\/\/portaltela.pt\/noticias\/2026\/03\/09\/ct-da-rtp-apoia-sindicatos-e-rejeita-proposta-da-empresa\/\"]}]},{\"@type\":\"ImageObject\",\"inLanguage\":\"pt-PT\",\"@id\":\"https:\/\/portaltela.pt\/noticias\/2026\/03\/09\/ct-da-rtp-apoia-sindicatos-e-rejeita-proposta-da-empresa\/#primaryimage\",\"url\":\"https:\/\/portaltela.pt\/s.01k8rhncp4jt1\/2026\/03\/CACHE_780X1200_ANALOG_WATERMARKED_41785340_2359426_03112023024146.jpg\",\"contentUrl\":\"https:\/\/portaltela.pt\/s.01k8rhncp4jt1\/2026\/03\/CACHE_780X1200_ANALOG_WATERMARKED_41785340_2359426_03112023024146.jpg\",\"width\":768,\"height\":512,\"caption\":\"CT da RTP manifesta apoio a sindicatos e diz que proposta da empresa \u00e9 inaceit\u00e1vel\"},{\"@type\":\"BreadcrumbList\",\"@id\":\"https:\/\/portaltela.pt\/noticias\/2026\/03\/09\/ct-da-rtp-apoia-sindicatos-e-rejeita-proposta-da-empresa\/#breadcrumb\",\"itemListElement\":[{\"@type\":\"ListItem\",\"position\":1,\"name\":\"In\u00edcio\",\"item\":\"https:\/\/portaltela.pt\/\"},{\"@type\":\"ListItem\",\"position\":2,\"name\":\"CT da RTP apoia sindicatos e rejeita proposta da empresa\"}]},{\"@type\":\"WebSite\",\"@id\":\"https:\/\/portaltela.pt\/#website\",\"url\":\"https:\/\/portaltela.pt\/\",\"name\":\"Portal Tela Portugal\",\"description\":\"\",\"potentialAction\":[{\"@type\":\"SearchAction\",\"target\":{\"@type\":\"EntryPoint\",\"urlTemplate\":\"https:\/\/portaltela.pt\/?s={search_term_string}\"},\"query-input\":{\"@type\":\"PropertyValueSpecification\",\"valueRequired\":true,\"valueName\":\"search_term_string\"}}],\"inLanguage\":\"pt-PT\"},{\"@type\":\"Person\",\"@id\":\"https:\/\/portaltela.pt\/#\/schema\/person\/c4278d4a6028830caff9ee44b42d32ed\",\"name\":\"Telinha\",\"image\":{\"@type\":\"ImageObject\",\"inLanguage\":\"pt-PT\",\"@id\":\"https:\/\/portaltela.pt\/s.01k8rhncp4jt1\/2025\/11\/talking-bot-125x125.png\",\"url\":\"https:\/\/portaltela.pt\/s.01k8rhncp4jt1\/2025\/11\/talking-bot-125x125.png\",\"contentUrl\":\"https:\/\/portaltela.pt\/s.01k8rhncp4jt1\/2025\/11\/talking-bot-125x125.png\",\"caption\":\"Telinha\"},\"sameAs\":[\"https:\/\/portaltela.pt\/\"],\"url\":\"https:\/\/portaltela.pt\/por\/367410592786\/\"}]}<\/script>\n<!-- \/ Yoast SEO plugin. -->","yoast_head_json":{"title":"CT da RTP apoia sindicatos e rejeita proposta da empresa - Portal Tela Portugal","robots":{"index":"index","follow":"follow","max-snippet":"max-snippet:-1","max-image-preview":"max-image-preview:large","max-video-preview":"max-video-preview:-1"},"og_locale":"pt_PT","og_type":"article","og_title":"CT da RTP apoia sindicatos e rejeita proposta da empresa - Portal Tela Portugal","og_description":"A Comiss\u00e3o de Trabalhadores da RTP (CT da RTP) manifesta apoio aos sindicatos. Afirma que a proposta apresentada pela empresa \u00e9 inaceit\u00e1vel. O conte\u00fado p\u00fablico n\u00e3o inclui mais detalhes. O conte\u00fado completo est\u00e1 dispon\u00edvel apenas para Subscritores, com acesso mediante Entrar.","og_url":"https:\/\/portaltela.pt\/noticias\/2026\/03\/09\/ct-da-rtp-apoia-sindicatos-e-rejeita-proposta-da-empresa\/","og_site_name":"Portal Tela Portugal","article_published_time":"2026-03-09T12:10:00+00:00","author":"Telinha","twitter_card":"summary_large_image","twitter_misc":{"Escrito por":"Telinha","Tempo estimado de leitura":"1 minuto"},"schema":{"@context":"https:\/\/schema.org","@graph":[{"@type":"Article","@id":"https:\/\/portaltela.pt\/noticias\/2026\/03\/09\/ct-da-rtp-apoia-sindicatos-e-rejeita-proposta-da-empresa\/#article","isPartOf":{"@id":"https:\/\/portaltela.pt\/noticias\/2026\/03\/09\/ct-da-rtp-apoia-sindicatos-e-rejeita-proposta-da-empresa\/"},"author":{"name":"Telinha","@id":"https:\/\/portaltela.pt\/#\/schema\/person\/c4278d4a6028830caff9ee44b42d32ed"},"headline":"CT da RTP apoia sindicatos e rejeita proposta da empresa","datePublished":"2026-03-09T12:10:00+00:00","mainEntityOfPage":{"@id":"https:\/\/portaltela.pt\/noticias\/2026\/03\/09\/ct-da-rtp-apoia-sindicatos-e-rejeita-proposta-da-empresa\/"},"wordCount":152,"image":{"@id":"https:\/\/portaltela.pt\/noticias\/2026\/03\/09\/ct-da-rtp-apoia-sindicatos-e-rejeita-proposta-da-empresa\/#primaryimage"},"thumbnailUrl":"https:\/\/portaltela.pt\/s.01k8rhncp4jt1\/2026\/03\/CACHE_780X1200_ANALOG_WATERMARKED_41785340_2359426_03112023024146.jpg","keywords":["empresas","negocia\u00e7\u00e3o","RTP Not\u00edcias","sindicatos","trabalhadores","trabalho"],"articleSection":["Not\u00edcias"],"inLanguage":"pt-PT"},{"@type":"WebPage","@id":"https:\/\/portaltela.pt\/noticias\/2026\/03\/09\/ct-da-rtp-apoia-sindicatos-e-rejeita-proposta-da-empresa\/","url":"https:\/\/portaltela.pt\/noticias\/2026\/03\/09\/ct-da-rtp-apoia-sindicatos-e-rejeita-proposta-da-empresa\/","name":"CT da RTP apoia sindicatos e rejeita proposta da empresa - Portal Tela Portugal","isPartOf":{"@id":"https:\/\/portaltela.pt\/#website"},"primaryImageOfPage":{"@id":"https:\/\/portaltela.pt\/noticias\/2026\/03\/09\/ct-da-rtp-apoia-sindicatos-e-rejeita-proposta-da-empresa\/#primaryimage"},"image":{"@id":"https:\/\/portaltela.pt\/noticias\/2026\/03\/09\/ct-da-rtp-apoia-sindicatos-e-rejeita-proposta-da-empresa\/#primaryimage"},"thumbnailUrl":"https:\/\/portaltela.pt\/s.01k8rhncp4jt1\/2026\/03\/CACHE_780X1200_ANALOG_WATERMARKED_41785340_2359426_03112023024146.jpg","datePublished":"2026-03-09T12:10:00+00:00","author":{"@id":"https:\/\/portaltela.pt\/#\/schema\/person\/c4278d4a6028830caff9ee44b42d32ed"},"breadcrumb":{"@id":"https:\/\/portaltela.pt\/noticias\/2026\/03\/09\/ct-da-rtp-apoia-sindicatos-e-rejeita-proposta-da-empresa\/#breadcrumb"},"inLanguage":"pt-PT","potentialAction":[{"@type":"ReadAction","target":["https:\/\/portaltela.pt\/noticias\/2026\/03\/09\/ct-da-rtp-apoia-sindicatos-e-rejeita-proposta-da-empresa\/"]}]},{"@type":"ImageObject","inLanguage":"pt-PT","@id":"https:\/\/portaltela.pt\/noticias\/2026\/03\/09\/ct-da-rtp-apoia-sindicatos-e-rejeita-proposta-da-empresa\/#primaryimage","url":"https:\/\/portaltela.pt\/s.01k8rhncp4jt1\/2026\/03\/CACHE_780X1200_ANALOG_WATERMARKED_41785340_2359426_03112023024146.jpg","contentUrl":"https:\/\/portaltela.pt\/s.01k8rhncp4jt1\/2026\/03\/CACHE_780X1200_ANALOG_WATERMARKED_41785340_2359426_03112023024146.jpg","width":768,"height":512,"caption":"CT da RTP manifesta apoio a sindicatos e diz que proposta da empresa \u00e9 inaceit\u00e1vel"},{"@type":"BreadcrumbList","@id":"https:\/\/portaltela.pt\/noticias\/2026\/03\/09\/ct-da-rtp-apoia-sindicatos-e-rejeita-proposta-da-empresa\/#breadcrumb","itemListElement":[{"@type":"ListItem","position":1,"name":"In\u00edcio","item":"https:\/\/portaltela.pt\/"},{"@type":"ListItem","position":2,"name":"CT da RTP apoia sindicatos e rejeita proposta da empresa"}]},{"@type":"WebSite","@id":"https:\/\/portaltela.pt\/#website","url":"https:\/\/portaltela.pt\/","name":"Portal Tela Portugal","description":"","potentialAction":[{"@type":"SearchAction","target":{"@type":"EntryPoint","urlTemplate":"https:\/\/portaltela.pt\/?s={search_term_string}"},"query-input":{"@type":"PropertyValueSpecification","valueRequired":true,"valueName":"search_term_string"}}],"inLanguage":"pt-PT"},{"@type":"Person","@id":"https:\/\/portaltela.pt\/#\/schema\/person\/c4278d4a6028830caff9ee44b42d32ed","name":"Telinha","image":{"@type":"ImageObject","inLanguage":"pt-PT","@id":"https:\/\/portaltela.pt\/s.01k8rhncp4jt1\/2025\/11\/talking-bot-125x125.png","url":"https:\/\/portaltela.pt\/s.01k8rhncp4jt1\/2025\/11\/talking-bot-125x125.png","contentUrl":"https:\/\/portaltela.pt\/s.01k8rhncp4jt1\/2025\/11\/talking-bot-125x125.png","caption":"Telinha"},"sameAs":["https:\/\/portaltela.pt\/"],"url":"https:\/\/portaltela.pt\/por\/367410592786\/"}]}},"_links":{"self":[{"href":"https:\/\/portaltela.pt\/api\/wp\/v2\/posts\/403274","targetHints":{"allow":["GET"]}}],"collection":[{"href":"https:\/\/portaltela.pt\/api\/wp\/v2\/posts"}],"about":[{"href":"https:\/\/portaltela.pt\/api\/wp\/v2\/types\/post"}],"author":[{"embeddable":true,"href":"https:\/\/portaltela.pt\/api\/wp\/v2\/users\/2"}],"replies":[{"embeddable":true,"href":"https:\/\/portaltela.pt\/api\/wp\/v2\/comments?post=403274"}],"version-history":[{"count":0,"href":"https:\/\/portaltela.pt\/api\/wp\/v2\/posts\/403274\/revisions"}],"wp:featuredmedia":[{"embeddable":true,"href":"https:\/\/portaltela.pt\/api\/wp\/v2\/media\/403276"}],"wp:attachment":[{"href":"https:\/\/portaltela.pt\/api\/wp\/v2\/media?parent=403274"}],"wp:term":[{"taxonomy":"category","embeddable":true,"href":"https:\/\/portaltela.pt\/api\/wp\/v2\/categories?post=403274"},{"taxonomy":"post_tag","embeddable":true,"href":"https:\/\/portaltela.pt\/api\/wp\/v2\/tags?post=403274"}],"curies":[{"name":"wp","href":"https:\/\/api.w.org\/{rel}","templated":true}]}}