{"id":403264,"date":"2026-03-09T08:42:00","date_gmt":"2026-03-09T11:42:00","guid":{"rendered":"https:\/\/portaltela.pt\/noticias\/2026\/03\/09\/cientistas-reprogramam-pela-primeira-vez-celulas-antitumorais-2\/"},"modified":"2026-03-09T08:42:00","modified_gmt":"2026-03-09T11:42:00","slug":"cientistas-reprogramam-pela-primeira-vez-celulas-antitumorais-2","status":"publish","type":"post","link":"https:\/\/portaltela.pt\/noticias\/2026\/03\/09\/cientistas-reprogramam-pela-primeira-vez-celulas-antitumorais-2\/","title":{"rendered":"Cientistas reprogramam pela primeira vez c\u00e9lulas antitumorais"},"content":{"rendered":"<p>A equipa de investigadores coordenada pela Universidade de Coimbra e pela Universidade de Lund reprogramou pela primeira vez, em laborat\u00f3rio, c\u00e9lulas NK, defesa r\u00e1pida do sistema imunit\u00e1rio contra tumores. A descoberta foi revelada numa comunica\u00e7\u00e3o institucional da UC.<\/p>\n<p>A reprograma\u00e7\u00e3o foi viabilizada por uma plataforma que facilita o mapeamento e a reprograma\u00e7\u00e3o de c\u00e9lulas imunit\u00e1rias. A ferramenta junta mais de 400 fatores de transcri\u00e7\u00e3o, identificados por c\u00f3digos de barras, para rastrear quais promovem a transforma\u00e7\u00e3o de diferentes tipos de c\u00e9lulas.<\/p>\n<p>Carlos Filipe Pereira, coordenador do estudo no CNC-UC, explicou que a plataforma permite testar dezenas de combina\u00e7\u00f5es de fatores em simult\u00e2neo. O objetivo \u00e9 gerar v\u00e1rias variantes de c\u00e9lulas imunit\u00e1rias com maior efic\u00e1cia terap\u00eautica.<\/p>\n<p>A pesquisa n\u00e3o se limita a programar apenas c\u00e9lulas NK. Foram identificados fatores que melhoram a reprograma\u00e7\u00e3o de tipos celulares j\u00e1 conhecidos, abrindo caminho a novas estrat\u00e9gias de imunoterapia celular.<\/p>\n<p>Segundo o comunicado, a imunoterapia \u00e9 uma \u00e1rea promissora, mas muitos tumores n\u00e3o respondem a este tratamento. A diversidade de c\u00e9lulas dispon\u00edveis \u00e9 uma das dificuldades atuais.<\/p>\n<p>A equipa salienta que as c\u00e9lulas imunit\u00e1rias s\u00e3o, muitas vezes, raras no sangue e dif\u00edceis de obter dos pacientes. A produ\u00e7\u00e3o em laborat\u00f3rio facilita o acesso a componentes \u00fateis para terapias.<\/p>\n<p>O estudo tamb\u00e9m produziu um mapa-guia dos fatores que controlam a forma\u00e7\u00e3o de diferentes linhagens de c\u00e9lulas imunit\u00e1rias. Este recurso pode facilitar a gera\u00e7\u00e3o de c\u00e9lulas para imunoterapia.<\/p>\n<p>Para al\u00e9m de ativar o sistema imunit\u00e1rio contra o cancro, a abordagem poder\u00e1, no futuro, permitir ensinar as c\u00e9lulas a n\u00e3o atacarem o pr\u00f3prio corpo. Isto abre perspetivas para terapias em doen\u00e7as autoimunes.<\/p>\n","protected":false},"excerpt":{"rendered":"<ul>\n<li>Cientistas da Universidade de Coimbra e da Universidade de Lund reprogramaram pela primeira vez no laborat\u00f3rio um tipo de c\u00e9lula imunit\u00e1ria: as c\u00e9lulas natural killer (NK).<\/li>\n<li>Criaram uma plataforma com uma biblioteca de mais de quatrocentos fatores de transcri\u00e7\u00e3o para mapear e reprogramar c\u00e9lulas imunit\u00e1rias.<\/li>\n<li>A ferramenta permite testar v\u00e1rias combina\u00e7\u00f5es de fatores de forma simult\u00e2nea, identificando quais promovem diferentes tipos de c\u00e9lulas imunit\u00e1rias.<\/li>\n<li>A investiga\u00e7\u00e3o pode abrir caminho para imunoterapias celulares mais eficazes e para novas abordagens contra o cancro e outras doen\u00e7as do sistema imunit\u00e1rio.<\/li>\n<li>Foi criado um mapa-guia dos fatores que controlam a forma\u00e7\u00e3o das diferentes linhagens de c\u00e9lulas imunit\u00e1rias, ajudando a produzir c\u00e9lulas para usos terap\u00eauticos.<\/li>\n<\/ul>\n","protected":false},"author":2,"featured_media":403269,"comment_status":"closed","ping_status":"closed","sticky":false,"template":"","format":"standard","meta":{"footnotes":""},"categories":[1],"tags":[241,1874,1992,1070,5129,215],"class_list":["post-403264","post","type-post","status-publish","format-standard","has-post-thumbnail","hentry","category-noticias","tag-biotecnologia","tag-cancer","tag-ciencia","tag-coimbra","tag-imunologia","tag-investigacao"],"yoast_head":"<!-- This site is optimized with the Yoast SEO plugin v27.2 - https:\/\/yoast.com\/product\/yoast-seo-wordpress\/ -->\n<title>Cientistas reprogramam pela primeira vez c\u00e9lulas antitumorais - Portal Tela Portugal<\/title>\n<meta name=\"robots\" content=\"index, follow, max-snippet:-1, max-image-preview:large, max-video-preview:-1\" \/>\n<meta property=\"og:locale\" content=\"pt_PT\" \/>\n<meta property=\"og:type\" content=\"article\" \/>\n<meta property=\"og:title\" content=\"Cientistas reprogramam pela primeira vez c\u00e9lulas antitumorais - Portal Tela Portugal\" \/>\n<meta property=\"og:description\" content=\"Cientistas da Universidade de Coimbra e da Universidade de Lund reprogramaram pela primeira vez no laborat\u00f3rio um tipo de c\u00e9lula imunit\u00e1ria: as c\u00e9lulas natural killer (NK). Criaram uma plataforma com uma biblioteca de mais de quatrocentos fatores de transcri\u00e7\u00e3o para mapear e reprogramar c\u00e9lulas imunit\u00e1rias. A ferramenta permite testar v\u00e1rias combina\u00e7\u00f5es de fatores de forma simult\u00e2nea, identificando quais promovem diferentes tipos de c\u00e9lulas imunit\u00e1rias. A investiga\u00e7\u00e3o pode abrir caminho para imunoterapias celulares mais eficazes e para novas abordagens contra o cancro e outras doen\u00e7as do sistema imunit\u00e1rio. Foi criado um mapa-guia dos fatores que controlam a forma\u00e7\u00e3o das diferentes linhagens de c\u00e9lulas imunit\u00e1rias, ajudando a produzir c\u00e9lulas para usos terap\u00eauticos.\" \/>\n<meta property=\"og:url\" content=\"https:\/\/portaltela.pt\/noticias\/2026\/03\/09\/cientistas-reprogramam-pela-primeira-vez-celulas-antitumorais-2\/\" \/>\n<meta property=\"og:site_name\" content=\"Portal Tela Portugal\" \/>\n<meta property=\"article:published_time\" content=\"2026-03-09T11:42:00+00:00\" \/>\n<meta name=\"author\" content=\"Telinha\" \/>\n<meta name=\"twitter:card\" content=\"summary_large_image\" \/>\n<meta name=\"twitter:label1\" content=\"Escrito por\" \/>\n\t<meta name=\"twitter:data1\" content=\"Telinha\" \/>\n\t<meta name=\"twitter:label2\" content=\"Tempo estimado de leitura\" \/>\n\t<meta name=\"twitter:data2\" content=\"2 minutos\" \/>\n<script type=\"application\/ld+json\" class=\"yoast-schema-graph\">{\"@context\":\"https:\/\/schema.org\",\"@graph\":[{\"@type\":\"Article\",\"@id\":\"https:\/\/portaltela.pt\/noticias\/2026\/03\/09\/cientistas-reprogramam-pela-primeira-vez-celulas-antitumorais-2\/#article\",\"isPartOf\":{\"@id\":\"https:\/\/portaltela.pt\/noticias\/2026\/03\/09\/cientistas-reprogramam-pela-primeira-vez-celulas-antitumorais-2\/\"},\"author\":{\"name\":\"Telinha\",\"@id\":\"https:\/\/portaltela.pt\/#\/schema\/person\/c4278d4a6028830caff9ee44b42d32ed\"},\"headline\":\"Cientistas reprogramam pela primeira vez c\u00e9lulas antitumorais\",\"datePublished\":\"2026-03-09T11:42:00+00:00\",\"mainEntityOfPage\":{\"@id\":\"https:\/\/portaltela.pt\/noticias\/2026\/03\/09\/cientistas-reprogramam-pela-primeira-vez-celulas-antitumorais-2\/\"},\"wordCount\":312,\"image\":{\"@id\":\"https:\/\/portaltela.pt\/noticias\/2026\/03\/09\/cientistas-reprogramam-pela-primeira-vez-celulas-antitumorais-2\/#primaryimage\"},\"thumbnailUrl\":\"https:\/\/portaltela.pt\/s.01k8rhncp4jt1\/2026\/03\/2072691.jpg\",\"keywords\":[\"biotecnologia\",\"C\u00e2ncer\",\"ci\u00eancia\",\"Coimbra\",\"imunologia\",\"investiga\u00e7\u00e3o\"],\"articleSection\":[\"Not\u00edcias\"],\"inLanguage\":\"pt-PT\"},{\"@type\":\"WebPage\",\"@id\":\"https:\/\/portaltela.pt\/noticias\/2026\/03\/09\/cientistas-reprogramam-pela-primeira-vez-celulas-antitumorais-2\/\",\"url\":\"https:\/\/portaltela.pt\/noticias\/2026\/03\/09\/cientistas-reprogramam-pela-primeira-vez-celulas-antitumorais-2\/\",\"name\":\"Cientistas reprogramam pela primeira vez c\u00e9lulas antitumorais - Portal Tela Portugal\",\"isPartOf\":{\"@id\":\"https:\/\/portaltela.pt\/#website\"},\"primaryImageOfPage\":{\"@id\":\"https:\/\/portaltela.pt\/noticias\/2026\/03\/09\/cientistas-reprogramam-pela-primeira-vez-celulas-antitumorais-2\/#primaryimage\"},\"image\":{\"@id\":\"https:\/\/portaltela.pt\/noticias\/2026\/03\/09\/cientistas-reprogramam-pela-primeira-vez-celulas-antitumorais-2\/#primaryimage\"},\"thumbnailUrl\":\"https:\/\/portaltela.pt\/s.01k8rhncp4jt1\/2026\/03\/2072691.jpg\",\"datePublished\":\"2026-03-09T11:42:00+00:00\",\"author\":{\"@id\":\"https:\/\/portaltela.pt\/#\/schema\/person\/c4278d4a6028830caff9ee44b42d32ed\"},\"breadcrumb\":{\"@id\":\"https:\/\/portaltela.pt\/noticias\/2026\/03\/09\/cientistas-reprogramam-pela-primeira-vez-celulas-antitumorais-2\/#breadcrumb\"},\"inLanguage\":\"pt-PT\",\"potentialAction\":[{\"@type\":\"ReadAction\",\"target\":[\"https:\/\/portaltela.pt\/noticias\/2026\/03\/09\/cientistas-reprogramam-pela-primeira-vez-celulas-antitumorais-2\/\"]}]},{\"@type\":\"ImageObject\",\"inLanguage\":\"pt-PT\",\"@id\":\"https:\/\/portaltela.pt\/noticias\/2026\/03\/09\/cientistas-reprogramam-pela-primeira-vez-celulas-antitumorais-2\/#primaryimage\",\"url\":\"https:\/\/portaltela.pt\/s.01k8rhncp4jt1\/2026\/03\/2072691.jpg\",\"contentUrl\":\"https:\/\/portaltela.pt\/s.01k8rhncp4jt1\/2026\/03\/2072691.jpg\",\"width\":796,\"height\":448,\"caption\":\"Os cientistas criaram uma biblioteca composta por mais de 400 factores de transcri\u00e7\u00e3o, identificados por \u201cc\u00f3digos de barras\u201d\"},{\"@type\":\"BreadcrumbList\",\"@id\":\"https:\/\/portaltela.pt\/noticias\/2026\/03\/09\/cientistas-reprogramam-pela-primeira-vez-celulas-antitumorais-2\/#breadcrumb\",\"itemListElement\":[{\"@type\":\"ListItem\",\"position\":1,\"name\":\"In\u00edcio\",\"item\":\"https:\/\/portaltela.pt\/\"},{\"@type\":\"ListItem\",\"position\":2,\"name\":\"Cientistas reprogramam pela primeira vez c\u00e9lulas antitumorais\"}]},{\"@type\":\"WebSite\",\"@id\":\"https:\/\/portaltela.pt\/#website\",\"url\":\"https:\/\/portaltela.pt\/\",\"name\":\"Portal Tela Portugal\",\"description\":\"\",\"potentialAction\":[{\"@type\":\"SearchAction\",\"target\":{\"@type\":\"EntryPoint\",\"urlTemplate\":\"https:\/\/portaltela.pt\/?s={search_term_string}\"},\"query-input\":{\"@type\":\"PropertyValueSpecification\",\"valueRequired\":true,\"valueName\":\"search_term_string\"}}],\"inLanguage\":\"pt-PT\"},{\"@type\":\"Person\",\"@id\":\"https:\/\/portaltela.pt\/#\/schema\/person\/c4278d4a6028830caff9ee44b42d32ed\",\"name\":\"Telinha\",\"image\":{\"@type\":\"ImageObject\",\"inLanguage\":\"pt-PT\",\"@id\":\"https:\/\/portaltela.pt\/s.01k8rhncp4jt1\/2025\/11\/talking-bot-125x125.png\",\"url\":\"https:\/\/portaltela.pt\/s.01k8rhncp4jt1\/2025\/11\/talking-bot-125x125.png\",\"contentUrl\":\"https:\/\/portaltela.pt\/s.01k8rhncp4jt1\/2025\/11\/talking-bot-125x125.png\",\"caption\":\"Telinha\"},\"sameAs\":[\"https:\/\/portaltela.pt\/\"],\"url\":\"https:\/\/portaltela.pt\/por\/367410592786\/\"}]}<\/script>\n<!-- \/ Yoast SEO plugin. -->","yoast_head_json":{"title":"Cientistas reprogramam pela primeira vez c\u00e9lulas antitumorais - Portal Tela Portugal","robots":{"index":"index","follow":"follow","max-snippet":"max-snippet:-1","max-image-preview":"max-image-preview:large","max-video-preview":"max-video-preview:-1"},"og_locale":"pt_PT","og_type":"article","og_title":"Cientistas reprogramam pela primeira vez c\u00e9lulas antitumorais - Portal Tela Portugal","og_description":"Cientistas da Universidade de Coimbra e da Universidade de Lund reprogramaram pela primeira vez no laborat\u00f3rio um tipo de c\u00e9lula imunit\u00e1ria: as c\u00e9lulas natural killer (NK). Criaram uma plataforma com uma biblioteca de mais de quatrocentos fatores de transcri\u00e7\u00e3o para mapear e reprogramar c\u00e9lulas imunit\u00e1rias. A ferramenta permite testar v\u00e1rias combina\u00e7\u00f5es de fatores de forma simult\u00e2nea, identificando quais promovem diferentes tipos de c\u00e9lulas imunit\u00e1rias. A investiga\u00e7\u00e3o pode abrir caminho para imunoterapias celulares mais eficazes e para novas abordagens contra o cancro e outras doen\u00e7as do sistema imunit\u00e1rio. Foi criado um mapa-guia dos fatores que controlam a forma\u00e7\u00e3o das diferentes linhagens de c\u00e9lulas imunit\u00e1rias, ajudando a produzir c\u00e9lulas para usos terap\u00eauticos.","og_url":"https:\/\/portaltela.pt\/noticias\/2026\/03\/09\/cientistas-reprogramam-pela-primeira-vez-celulas-antitumorais-2\/","og_site_name":"Portal Tela Portugal","article_published_time":"2026-03-09T11:42:00+00:00","author":"Telinha","twitter_card":"summary_large_image","twitter_misc":{"Escrito por":"Telinha","Tempo estimado de leitura":"2 minutos"},"schema":{"@context":"https:\/\/schema.org","@graph":[{"@type":"Article","@id":"https:\/\/portaltela.pt\/noticias\/2026\/03\/09\/cientistas-reprogramam-pela-primeira-vez-celulas-antitumorais-2\/#article","isPartOf":{"@id":"https:\/\/portaltela.pt\/noticias\/2026\/03\/09\/cientistas-reprogramam-pela-primeira-vez-celulas-antitumorais-2\/"},"author":{"name":"Telinha","@id":"https:\/\/portaltela.pt\/#\/schema\/person\/c4278d4a6028830caff9ee44b42d32ed"},"headline":"Cientistas reprogramam pela primeira vez c\u00e9lulas antitumorais","datePublished":"2026-03-09T11:42:00+00:00","mainEntityOfPage":{"@id":"https:\/\/portaltela.pt\/noticias\/2026\/03\/09\/cientistas-reprogramam-pela-primeira-vez-celulas-antitumorais-2\/"},"wordCount":312,"image":{"@id":"https:\/\/portaltela.pt\/noticias\/2026\/03\/09\/cientistas-reprogramam-pela-primeira-vez-celulas-antitumorais-2\/#primaryimage"},"thumbnailUrl":"https:\/\/portaltela.pt\/s.01k8rhncp4jt1\/2026\/03\/2072691.jpg","keywords":["biotecnologia","C\u00e2ncer","ci\u00eancia","Coimbra","imunologia","investiga\u00e7\u00e3o"],"articleSection":["Not\u00edcias"],"inLanguage":"pt-PT"},{"@type":"WebPage","@id":"https:\/\/portaltela.pt\/noticias\/2026\/03\/09\/cientistas-reprogramam-pela-primeira-vez-celulas-antitumorais-2\/","url":"https:\/\/portaltela.pt\/noticias\/2026\/03\/09\/cientistas-reprogramam-pela-primeira-vez-celulas-antitumorais-2\/","name":"Cientistas reprogramam pela primeira vez c\u00e9lulas antitumorais - Portal Tela Portugal","isPartOf":{"@id":"https:\/\/portaltela.pt\/#website"},"primaryImageOfPage":{"@id":"https:\/\/portaltela.pt\/noticias\/2026\/03\/09\/cientistas-reprogramam-pela-primeira-vez-celulas-antitumorais-2\/#primaryimage"},"image":{"@id":"https:\/\/portaltela.pt\/noticias\/2026\/03\/09\/cientistas-reprogramam-pela-primeira-vez-celulas-antitumorais-2\/#primaryimage"},"thumbnailUrl":"https:\/\/portaltela.pt\/s.01k8rhncp4jt1\/2026\/03\/2072691.jpg","datePublished":"2026-03-09T11:42:00+00:00","author":{"@id":"https:\/\/portaltela.pt\/#\/schema\/person\/c4278d4a6028830caff9ee44b42d32ed"},"breadcrumb":{"@id":"https:\/\/portaltela.pt\/noticias\/2026\/03\/09\/cientistas-reprogramam-pela-primeira-vez-celulas-antitumorais-2\/#breadcrumb"},"inLanguage":"pt-PT","potentialAction":[{"@type":"ReadAction","target":["https:\/\/portaltela.pt\/noticias\/2026\/03\/09\/cientistas-reprogramam-pela-primeira-vez-celulas-antitumorais-2\/"]}]},{"@type":"ImageObject","inLanguage":"pt-PT","@id":"https:\/\/portaltela.pt\/noticias\/2026\/03\/09\/cientistas-reprogramam-pela-primeira-vez-celulas-antitumorais-2\/#primaryimage","url":"https:\/\/portaltela.pt\/s.01k8rhncp4jt1\/2026\/03\/2072691.jpg","contentUrl":"https:\/\/portaltela.pt\/s.01k8rhncp4jt1\/2026\/03\/2072691.jpg","width":796,"height":448,"caption":"Os cientistas criaram uma biblioteca composta por mais de 400 factores de transcri\u00e7\u00e3o, identificados por \u201cc\u00f3digos de barras\u201d"},{"@type":"BreadcrumbList","@id":"https:\/\/portaltela.pt\/noticias\/2026\/03\/09\/cientistas-reprogramam-pela-primeira-vez-celulas-antitumorais-2\/#breadcrumb","itemListElement":[{"@type":"ListItem","position":1,"name":"In\u00edcio","item":"https:\/\/portaltela.pt\/"},{"@type":"ListItem","position":2,"name":"Cientistas reprogramam pela primeira vez c\u00e9lulas antitumorais"}]},{"@type":"WebSite","@id":"https:\/\/portaltela.pt\/#website","url":"https:\/\/portaltela.pt\/","name":"Portal Tela Portugal","description":"","potentialAction":[{"@type":"SearchAction","target":{"@type":"EntryPoint","urlTemplate":"https:\/\/portaltela.pt\/?s={search_term_string}"},"query-input":{"@type":"PropertyValueSpecification","valueRequired":true,"valueName":"search_term_string"}}],"inLanguage":"pt-PT"},{"@type":"Person","@id":"https:\/\/portaltela.pt\/#\/schema\/person\/c4278d4a6028830caff9ee44b42d32ed","name":"Telinha","image":{"@type":"ImageObject","inLanguage":"pt-PT","@id":"https:\/\/portaltela.pt\/s.01k8rhncp4jt1\/2025\/11\/talking-bot-125x125.png","url":"https:\/\/portaltela.pt\/s.01k8rhncp4jt1\/2025\/11\/talking-bot-125x125.png","contentUrl":"https:\/\/portaltela.pt\/s.01k8rhncp4jt1\/2025\/11\/talking-bot-125x125.png","caption":"Telinha"},"sameAs":["https:\/\/portaltela.pt\/"],"url":"https:\/\/portaltela.pt\/por\/367410592786\/"}]}},"_links":{"self":[{"href":"https:\/\/portaltela.pt\/api\/wp\/v2\/posts\/403264","targetHints":{"allow":["GET"]}}],"collection":[{"href":"https:\/\/portaltela.pt\/api\/wp\/v2\/posts"}],"about":[{"href":"https:\/\/portaltela.pt\/api\/wp\/v2\/types\/post"}],"author":[{"embeddable":true,"href":"https:\/\/portaltela.pt\/api\/wp\/v2\/users\/2"}],"replies":[{"embeddable":true,"href":"https:\/\/portaltela.pt\/api\/wp\/v2\/comments?post=403264"}],"version-history":[{"count":0,"href":"https:\/\/portaltela.pt\/api\/wp\/v2\/posts\/403264\/revisions"}],"wp:featuredmedia":[{"embeddable":true,"href":"https:\/\/portaltela.pt\/api\/wp\/v2\/media\/403269"}],"wp:attachment":[{"href":"https:\/\/portaltela.pt\/api\/wp\/v2\/media?parent=403264"}],"wp:term":[{"taxonomy":"category","embeddable":true,"href":"https:\/\/portaltela.pt\/api\/wp\/v2\/categories?post=403264"},{"taxonomy":"post_tag","embeddable":true,"href":"https:\/\/portaltela.pt\/api\/wp\/v2\/tags?post=403264"}],"curies":[{"name":"wp","href":"https:\/\/api.w.org\/{rel}","templated":true}]}}