{"id":403256,"date":"2026-03-09T08:46:00","date_gmt":"2026-03-09T11:46:00","guid":{"rendered":"https:\/\/portaltela.pt\/noticias\/2026\/03\/09\/mais-de-2-milhoes-doados-a-caritas-de-leiria-para-reconstrucao-da-primeira-casa\/"},"modified":"2026-03-09T08:46:00","modified_gmt":"2026-03-09T11:46:00","slug":"mais-de-2-milhoes-doados-a-caritas-de-leiria-para-reconstrucao-da-primeira-casa","status":"publish","type":"post","link":"https:\/\/portaltela.pt\/sociedade\/2026\/03\/09\/mais-de-2-milhoes-doados-a-caritas-de-leiria-para-reconstrucao-da-primeira-casa\/","title":{"rendered":"Mais de 2 milh\u00f5es doados \u00e0 C\u00e1ritas de Leiria para reconstru\u00e7\u00e3o da primeira casa"},"content":{"rendered":"<p>Mais de 2 milh\u00f5es de euros foram doados \u00e0 C\u00e1ritas de Leiria, que iniciou a reconstru\u00e7\u00e3o da primeira casa na regi\u00e3o. O montante n\u00e3o teve divulga\u00e7\u00e3o de origem nem data precisa de entrega.<\/p>\n<p>A C\u00e1ritas de Leiria \u00e9 a entidade benefici\u00e1ria principal deste canal de financiamento. No conte\u00fado dispon\u00edvel n\u00e3o s\u00e3o identificados os doadores nem outras institui\u00e7\u00f5es envolvidas.<\/p>\n<p>O objetivo \u00e9 apoiar a reconstru\u00e7\u00e3o de habita\u00e7\u00e3o na \u00e1rea de Leiria. Detalhes sobre o cronograma das obras ou o local exato da primeira casa n\u00e3o foram divulgados no material.<\/p>\n","protected":false},"excerpt":{"rendered":"<ul>\n<li>Mais de 2 milh\u00f5es de euros foram doados \u00e0 C\u00e1ritas de Leiria.<\/li>\n<li>A C\u00e1ritas de Leiria iniciou a reconstru\u00e7\u00e3o da sua primeira casa.<\/li>\n<li>O conte\u00fado completo da not\u00edcia est\u00e1 dispon\u00edvel apenas para subscritores.<\/li>\n<li>No extracto n\u00e3o s\u00e3o fornecidos detalhes adicionais sobre os doadores ou o cronograma completo.<\/li>\n<\/ul>\n","protected":false},"author":2,"featured_media":403257,"comment_status":"closed","ping_status":"closed","sticky":false,"template":"","format":"standard","meta":{"footnotes":""},"categories":[1,6871],"tags":[1084,5304,2417,150,1167,1385],"class_list":["post-403256","post","type-post","status-publish","format-standard","has-post-thumbnail","hentry","category-noticias","category-sociedade","tag-acao-social","tag-caritas-diocesana-de-leiria","tag-financiamento","tag-habitacao","tag-habitacao-social","tag-leiria"],"yoast_head":"<!-- This site is optimized with the Yoast SEO plugin v27.2 - https:\/\/yoast.com\/product\/yoast-seo-wordpress\/ -->\n<title>Mais de 2 milh\u00f5es doados \u00e0 C\u00e1ritas de Leiria para reconstru\u00e7\u00e3o da primeira casa - Portal Tela Portugal<\/title>\n<meta name=\"robots\" content=\"index, follow, max-snippet:-1, max-image-preview:large, max-video-preview:-1\" \/>\n<meta property=\"og:locale\" content=\"pt_PT\" \/>\n<meta property=\"og:type\" content=\"article\" \/>\n<meta property=\"og:title\" content=\"Mais de 2 milh\u00f5es doados \u00e0 C\u00e1ritas de Leiria para reconstru\u00e7\u00e3o da primeira casa - Portal Tela Portugal\" \/>\n<meta property=\"og:description\" content=\"Mais de 2 milh\u00f5es de euros foram doados \u00e0 C\u00e1ritas de Leiria. A C\u00e1ritas de Leiria iniciou a reconstru\u00e7\u00e3o da sua primeira casa. O conte\u00fado completo da not\u00edcia est\u00e1 dispon\u00edvel apenas para subscritores. No extracto n\u00e3o s\u00e3o fornecidos detalhes adicionais sobre os doadores ou o cronograma completo.\" \/>\n<meta property=\"og:url\" content=\"https:\/\/portaltela.pt\/noticias\/2026\/03\/09\/mais-de-2-milhoes-doados-a-caritas-de-leiria-para-reconstrucao-da-primeira-casa\/\" \/>\n<meta property=\"og:site_name\" content=\"Portal Tela Portugal\" \/>\n<meta property=\"article:published_time\" content=\"2026-03-09T11:46:00+00:00\" \/>\n<meta name=\"author\" content=\"Telinha\" \/>\n<meta name=\"twitter:card\" content=\"summary_large_image\" \/>\n<meta name=\"twitter:label1\" content=\"Escrito por\" \/>\n\t<meta name=\"twitter:data1\" content=\"Telinha\" \/>\n\t<meta name=\"twitter:label2\" content=\"Tempo estimado de leitura\" \/>\n\t<meta name=\"twitter:data2\" content=\"1 minuto\" \/>\n<script type=\"application\/ld+json\" class=\"yoast-schema-graph\">{\"@context\":\"https:\/\/schema.org\",\"@graph\":[{\"@type\":\"Article\",\"@id\":\"https:\/\/portaltela.pt\/noticias\/2026\/03\/09\/mais-de-2-milhoes-doados-a-caritas-de-leiria-para-reconstrucao-da-primeira-casa\/#article\",\"isPartOf\":{\"@id\":\"https:\/\/portaltela.pt\/noticias\/2026\/03\/09\/mais-de-2-milhoes-doados-a-caritas-de-leiria-para-reconstrucao-da-primeira-casa\/\"},\"author\":{\"name\":\"Telinha\",\"@id\":\"https:\/\/portaltela.pt\/#\/schema\/person\/c4278d4a6028830caff9ee44b42d32ed\"},\"headline\":\"Mais de 2 milh\u00f5es doados \u00e0 C\u00e1ritas de Leiria para reconstru\u00e7\u00e3o da primeira casa\",\"datePublished\":\"2026-03-09T11:46:00+00:00\",\"mainEntityOfPage\":{\"@id\":\"https:\/\/portaltela.pt\/noticias\/2026\/03\/09\/mais-de-2-milhoes-doados-a-caritas-de-leiria-para-reconstrucao-da-primeira-casa\/\"},\"wordCount\":115,\"image\":{\"@id\":\"https:\/\/portaltela.pt\/noticias\/2026\/03\/09\/mais-de-2-milhoes-doados-a-caritas-de-leiria-para-reconstrucao-da-primeira-casa\/#primaryimage\"},\"thumbnailUrl\":\"https:\/\/portaltela.pt\/s.01k8rhncp4jt1\/2026\/03\/CACHE_780X1200_ANALOG_WATERMARKED_46647675_6099953_26022026081707.jpg\",\"keywords\":[\"A\u00e7\u00e3o Social\",\"C\u00e1ritas Diocesana de Leiria\",\"financiamento\",\"habita\u00e7\u00e3o\",\"habita\u00e7\u00e3o social\",\"Leiria\"],\"articleSection\":[\"Not\u00edcias\",\"Sociedade\"],\"inLanguage\":\"pt-PT\"},{\"@type\":\"WebPage\",\"@id\":\"https:\/\/portaltela.pt\/noticias\/2026\/03\/09\/mais-de-2-milhoes-doados-a-caritas-de-leiria-para-reconstrucao-da-primeira-casa\/\",\"url\":\"https:\/\/portaltela.pt\/noticias\/2026\/03\/09\/mais-de-2-milhoes-doados-a-caritas-de-leiria-para-reconstrucao-da-primeira-casa\/\",\"name\":\"Mais de 2 milh\u00f5es doados \u00e0 C\u00e1ritas de Leiria para reconstru\u00e7\u00e3o da primeira casa - Portal Tela Portugal\",\"isPartOf\":{\"@id\":\"https:\/\/portaltela.pt\/#website\"},\"primaryImageOfPage\":{\"@id\":\"https:\/\/portaltela.pt\/noticias\/2026\/03\/09\/mais-de-2-milhoes-doados-a-caritas-de-leiria-para-reconstrucao-da-primeira-casa\/#primaryimage\"},\"image\":{\"@id\":\"https:\/\/portaltela.pt\/noticias\/2026\/03\/09\/mais-de-2-milhoes-doados-a-caritas-de-leiria-para-reconstrucao-da-primeira-casa\/#primaryimage\"},\"thumbnailUrl\":\"https:\/\/portaltela.pt\/s.01k8rhncp4jt1\/2026\/03\/CACHE_780X1200_ANALOG_WATERMARKED_46647675_6099953_26022026081707.jpg\",\"datePublished\":\"2026-03-09T11:46:00+00:00\",\"author\":{\"@id\":\"https:\/\/portaltela.pt\/#\/schema\/person\/c4278d4a6028830caff9ee44b42d32ed\"},\"breadcrumb\":{\"@id\":\"https:\/\/portaltela.pt\/noticias\/2026\/03\/09\/mais-de-2-milhoes-doados-a-caritas-de-leiria-para-reconstrucao-da-primeira-casa\/#breadcrumb\"},\"inLanguage\":\"pt-PT\",\"potentialAction\":[{\"@type\":\"ReadAction\",\"target\":[\"https:\/\/portaltela.pt\/noticias\/2026\/03\/09\/mais-de-2-milhoes-doados-a-caritas-de-leiria-para-reconstrucao-da-primeira-casa\/\"]}]},{\"@type\":\"ImageObject\",\"inLanguage\":\"pt-PT\",\"@id\":\"https:\/\/portaltela.pt\/noticias\/2026\/03\/09\/mais-de-2-milhoes-doados-a-caritas-de-leiria-para-reconstrucao-da-primeira-casa\/#primaryimage\",\"url\":\"https:\/\/portaltela.pt\/s.01k8rhncp4jt1\/2026\/03\/CACHE_780X1200_ANALOG_WATERMARKED_46647675_6099953_26022026081707.jpg\",\"contentUrl\":\"https:\/\/portaltela.pt\/s.01k8rhncp4jt1\/2026\/03\/CACHE_780X1200_ANALOG_WATERMARKED_46647675_6099953_26022026081707.jpg\",\"width\":768,\"height\":512,\"caption\":\"Mais de 2 ME doados \u00e0 C\u00e1ritas de Leiria que iniciou reconstru\u00e7\u00e3o da primeira casa\"},{\"@type\":\"BreadcrumbList\",\"@id\":\"https:\/\/portaltela.pt\/noticias\/2026\/03\/09\/mais-de-2-milhoes-doados-a-caritas-de-leiria-para-reconstrucao-da-primeira-casa\/#breadcrumb\",\"itemListElement\":[{\"@type\":\"ListItem\",\"position\":1,\"name\":\"In\u00edcio\",\"item\":\"https:\/\/portaltela.pt\/\"},{\"@type\":\"ListItem\",\"position\":2,\"name\":\"Mais de 2 milh\u00f5es doados \u00e0 C\u00e1ritas de Leiria para reconstru\u00e7\u00e3o da primeira casa\"}]},{\"@type\":\"WebSite\",\"@id\":\"https:\/\/portaltela.pt\/#website\",\"url\":\"https:\/\/portaltela.pt\/\",\"name\":\"Portal Tela Portugal\",\"description\":\"\",\"potentialAction\":[{\"@type\":\"SearchAction\",\"target\":{\"@type\":\"EntryPoint\",\"urlTemplate\":\"https:\/\/portaltela.pt\/?s={search_term_string}\"},\"query-input\":{\"@type\":\"PropertyValueSpecification\",\"valueRequired\":true,\"valueName\":\"search_term_string\"}}],\"inLanguage\":\"pt-PT\"},{\"@type\":\"Person\",\"@id\":\"https:\/\/portaltela.pt\/#\/schema\/person\/c4278d4a6028830caff9ee44b42d32ed\",\"name\":\"Telinha\",\"image\":{\"@type\":\"ImageObject\",\"inLanguage\":\"pt-PT\",\"@id\":\"https:\/\/portaltela.pt\/s.01k8rhncp4jt1\/2025\/11\/talking-bot-125x125.png\",\"url\":\"https:\/\/portaltela.pt\/s.01k8rhncp4jt1\/2025\/11\/talking-bot-125x125.png\",\"contentUrl\":\"https:\/\/portaltela.pt\/s.01k8rhncp4jt1\/2025\/11\/talking-bot-125x125.png\",\"caption\":\"Telinha\"},\"sameAs\":[\"https:\/\/portaltela.pt\/\"],\"url\":\"https:\/\/portaltela.pt\/por\/367410592786\/\"}]}<\/script>\n<!-- \/ Yoast SEO plugin. -->","yoast_head_json":{"title":"Mais de 2 milh\u00f5es doados \u00e0 C\u00e1ritas de Leiria para reconstru\u00e7\u00e3o da primeira casa - Portal Tela Portugal","robots":{"index":"index","follow":"follow","max-snippet":"max-snippet:-1","max-image-preview":"max-image-preview:large","max-video-preview":"max-video-preview:-1"},"og_locale":"pt_PT","og_type":"article","og_title":"Mais de 2 milh\u00f5es doados \u00e0 C\u00e1ritas de Leiria para reconstru\u00e7\u00e3o da primeira casa - Portal Tela Portugal","og_description":"Mais de 2 milh\u00f5es de euros foram doados \u00e0 C\u00e1ritas de Leiria. A C\u00e1ritas de Leiria iniciou a reconstru\u00e7\u00e3o da sua primeira casa. O conte\u00fado completo da not\u00edcia est\u00e1 dispon\u00edvel apenas para subscritores. No extracto n\u00e3o s\u00e3o fornecidos detalhes adicionais sobre os doadores ou o cronograma completo.","og_url":"https:\/\/portaltela.pt\/noticias\/2026\/03\/09\/mais-de-2-milhoes-doados-a-caritas-de-leiria-para-reconstrucao-da-primeira-casa\/","og_site_name":"Portal Tela Portugal","article_published_time":"2026-03-09T11:46:00+00:00","author":"Telinha","twitter_card":"summary_large_image","twitter_misc":{"Escrito por":"Telinha","Tempo estimado de leitura":"1 minuto"},"schema":{"@context":"https:\/\/schema.org","@graph":[{"@type":"Article","@id":"https:\/\/portaltela.pt\/noticias\/2026\/03\/09\/mais-de-2-milhoes-doados-a-caritas-de-leiria-para-reconstrucao-da-primeira-casa\/#article","isPartOf":{"@id":"https:\/\/portaltela.pt\/noticias\/2026\/03\/09\/mais-de-2-milhoes-doados-a-caritas-de-leiria-para-reconstrucao-da-primeira-casa\/"},"author":{"name":"Telinha","@id":"https:\/\/portaltela.pt\/#\/schema\/person\/c4278d4a6028830caff9ee44b42d32ed"},"headline":"Mais de 2 milh\u00f5es doados \u00e0 C\u00e1ritas de Leiria para reconstru\u00e7\u00e3o da primeira casa","datePublished":"2026-03-09T11:46:00+00:00","mainEntityOfPage":{"@id":"https:\/\/portaltela.pt\/noticias\/2026\/03\/09\/mais-de-2-milhoes-doados-a-caritas-de-leiria-para-reconstrucao-da-primeira-casa\/"},"wordCount":115,"image":{"@id":"https:\/\/portaltela.pt\/noticias\/2026\/03\/09\/mais-de-2-milhoes-doados-a-caritas-de-leiria-para-reconstrucao-da-primeira-casa\/#primaryimage"},"thumbnailUrl":"https:\/\/portaltela.pt\/s.01k8rhncp4jt1\/2026\/03\/CACHE_780X1200_ANALOG_WATERMARKED_46647675_6099953_26022026081707.jpg","keywords":["A\u00e7\u00e3o Social","C\u00e1ritas Diocesana de Leiria","financiamento","habita\u00e7\u00e3o","habita\u00e7\u00e3o social","Leiria"],"articleSection":["Not\u00edcias","Sociedade"],"inLanguage":"pt-PT"},{"@type":"WebPage","@id":"https:\/\/portaltela.pt\/noticias\/2026\/03\/09\/mais-de-2-milhoes-doados-a-caritas-de-leiria-para-reconstrucao-da-primeira-casa\/","url":"https:\/\/portaltela.pt\/noticias\/2026\/03\/09\/mais-de-2-milhoes-doados-a-caritas-de-leiria-para-reconstrucao-da-primeira-casa\/","name":"Mais de 2 milh\u00f5es doados \u00e0 C\u00e1ritas de Leiria para reconstru\u00e7\u00e3o da primeira casa - Portal Tela Portugal","isPartOf":{"@id":"https:\/\/portaltela.pt\/#website"},"primaryImageOfPage":{"@id":"https:\/\/portaltela.pt\/noticias\/2026\/03\/09\/mais-de-2-milhoes-doados-a-caritas-de-leiria-para-reconstrucao-da-primeira-casa\/#primaryimage"},"image":{"@id":"https:\/\/portaltela.pt\/noticias\/2026\/03\/09\/mais-de-2-milhoes-doados-a-caritas-de-leiria-para-reconstrucao-da-primeira-casa\/#primaryimage"},"thumbnailUrl":"https:\/\/portaltela.pt\/s.01k8rhncp4jt1\/2026\/03\/CACHE_780X1200_ANALOG_WATERMARKED_46647675_6099953_26022026081707.jpg","datePublished":"2026-03-09T11:46:00+00:00","author":{"@id":"https:\/\/portaltela.pt\/#\/schema\/person\/c4278d4a6028830caff9ee44b42d32ed"},"breadcrumb":{"@id":"https:\/\/portaltela.pt\/noticias\/2026\/03\/09\/mais-de-2-milhoes-doados-a-caritas-de-leiria-para-reconstrucao-da-primeira-casa\/#breadcrumb"},"inLanguage":"pt-PT","potentialAction":[{"@type":"ReadAction","target":["https:\/\/portaltela.pt\/noticias\/2026\/03\/09\/mais-de-2-milhoes-doados-a-caritas-de-leiria-para-reconstrucao-da-primeira-casa\/"]}]},{"@type":"ImageObject","inLanguage":"pt-PT","@id":"https:\/\/portaltela.pt\/noticias\/2026\/03\/09\/mais-de-2-milhoes-doados-a-caritas-de-leiria-para-reconstrucao-da-primeira-casa\/#primaryimage","url":"https:\/\/portaltela.pt\/s.01k8rhncp4jt1\/2026\/03\/CACHE_780X1200_ANALOG_WATERMARKED_46647675_6099953_26022026081707.jpg","contentUrl":"https:\/\/portaltela.pt\/s.01k8rhncp4jt1\/2026\/03\/CACHE_780X1200_ANALOG_WATERMARKED_46647675_6099953_26022026081707.jpg","width":768,"height":512,"caption":"Mais de 2 ME doados \u00e0 C\u00e1ritas de Leiria que iniciou reconstru\u00e7\u00e3o da primeira casa"},{"@type":"BreadcrumbList","@id":"https:\/\/portaltela.pt\/noticias\/2026\/03\/09\/mais-de-2-milhoes-doados-a-caritas-de-leiria-para-reconstrucao-da-primeira-casa\/#breadcrumb","itemListElement":[{"@type":"ListItem","position":1,"name":"In\u00edcio","item":"https:\/\/portaltela.pt\/"},{"@type":"ListItem","position":2,"name":"Mais de 2 milh\u00f5es doados \u00e0 C\u00e1ritas de Leiria para reconstru\u00e7\u00e3o da primeira casa"}]},{"@type":"WebSite","@id":"https:\/\/portaltela.pt\/#website","url":"https:\/\/portaltela.pt\/","name":"Portal Tela Portugal","description":"","potentialAction":[{"@type":"SearchAction","target":{"@type":"EntryPoint","urlTemplate":"https:\/\/portaltela.pt\/?s={search_term_string}"},"query-input":{"@type":"PropertyValueSpecification","valueRequired":true,"valueName":"search_term_string"}}],"inLanguage":"pt-PT"},{"@type":"Person","@id":"https:\/\/portaltela.pt\/#\/schema\/person\/c4278d4a6028830caff9ee44b42d32ed","name":"Telinha","image":{"@type":"ImageObject","inLanguage":"pt-PT","@id":"https:\/\/portaltela.pt\/s.01k8rhncp4jt1\/2025\/11\/talking-bot-125x125.png","url":"https:\/\/portaltela.pt\/s.01k8rhncp4jt1\/2025\/11\/talking-bot-125x125.png","contentUrl":"https:\/\/portaltela.pt\/s.01k8rhncp4jt1\/2025\/11\/talking-bot-125x125.png","caption":"Telinha"},"sameAs":["https:\/\/portaltela.pt\/"],"url":"https:\/\/portaltela.pt\/por\/367410592786\/"}]}},"_links":{"self":[{"href":"https:\/\/portaltela.pt\/api\/wp\/v2\/posts\/403256","targetHints":{"allow":["GET"]}}],"collection":[{"href":"https:\/\/portaltela.pt\/api\/wp\/v2\/posts"}],"about":[{"href":"https:\/\/portaltela.pt\/api\/wp\/v2\/types\/post"}],"author":[{"embeddable":true,"href":"https:\/\/portaltela.pt\/api\/wp\/v2\/users\/2"}],"replies":[{"embeddable":true,"href":"https:\/\/portaltela.pt\/api\/wp\/v2\/comments?post=403256"}],"version-history":[{"count":0,"href":"https:\/\/portaltela.pt\/api\/wp\/v2\/posts\/403256\/revisions"}],"wp:featuredmedia":[{"embeddable":true,"href":"https:\/\/portaltela.pt\/api\/wp\/v2\/media\/403257"}],"wp:attachment":[{"href":"https:\/\/portaltela.pt\/api\/wp\/v2\/media?parent=403256"}],"wp:term":[{"taxonomy":"category","embeddable":true,"href":"https:\/\/portaltela.pt\/api\/wp\/v2\/categories?post=403256"},{"taxonomy":"post_tag","embeddable":true,"href":"https:\/\/portaltela.pt\/api\/wp\/v2\/tags?post=403256"}],"curies":[{"name":"wp","href":"https:\/\/api.w.org\/{rel}","templated":true}]}}