{"id":403252,"date":"2026-03-09T08:47:15","date_gmt":"2026-03-09T11:47:15","guid":{"rendered":"https:\/\/portaltela.pt\/noticias\/2026\/03\/09\/autoridades-inspecionam-abrigos-e-bunkers-no-chipre\/"},"modified":"2026-03-09T08:47:15","modified_gmt":"2026-03-09T11:47:15","slug":"autoridades-inspecionam-abrigos-e-bunkers-no-chipre","status":"publish","type":"post","link":"https:\/\/portaltela.pt\/noticias\/2026\/03\/09\/autoridades-inspecionam-abrigos-e-bunkers-no-chipre\/","title":{"rendered":"Autoridades inspecionam abrigos e bunkers no Chipre"},"content":{"rendered":"<p>N anossa ilha, est\u00e1 a decorrer uma revis\u00e3o dos abrigos subterr\u00e2neos em Chipre. O objetivo \u00e9 registar o estado real e confirmar a disponibilidade para uso em caso de emerg\u00eancia, num contexto de maior tens\u00e3o no Mediterr\u00e2neo Oriental.<\/p>\n<p>Segundo o ministro do Interior, Konstantinos Ioannou, cerca de 200 abrigos, entre 2480, foram considerados inadequados para alojar civis com seguran\u00e7a. Outros 230 n\u00e3o est\u00e3o dispon\u00edveis ao p\u00fablico.<\/p>\n<p>A avalia\u00e7\u00e3o est\u00e1 a ser efetuada pela Defesa Civil, com inspe\u00e7\u00f5es a acessos, ventila\u00e7\u00e3o e infraestrutura. O processo j\u00e1 abrange 99% do parque de abrigos do pa\u00eds.<\/p>\n<p>Est\u00e3o a ser identificados novos locais potenciais para abrigos, incluindo parques subterr\u00e2neos, espa\u00e7os em igrejas e outros espa\u00e7os p\u00fablicos ou privados que cumpram os requisitos.<\/p>\n<p>Este \u00e9 o primeiro ataque de uma entidade externa em territ\u00f3rio cipriota desde 1974, ap\u00f3s a invas\u00e3o turca, que levou \u00e0 cria\u00e7\u00e3o da rede de abrigos na ilha. A situa\u00e7\u00e3o altera planos de prepara\u00e7\u00e3o civil.<\/p>\n","protected":false},"excerpt":{"rendered":"<ul>\n<li>Cerca de duzentos dos 2.480 abrigos em Chipre foram considerados inadequados e ser\u00e3o retirados da lista, enquanto outros 230 n\u00e3o est\u00e3o dispon\u00edveis ao p\u00fablico.<\/li>\n<li>O processo de inspe\u00e7\u00e3o est\u00e1 a ser feito pela Defesa Civil para registar o estado real dos abrigos e confirmar se podem ser usados em caso de emerg\u00eancia.<\/li>\n<li>Cerca de 99% do total de abrigos j\u00e1 foi inspecionado.<\/li>\n<li>As avalia\u00e7\u00f5es verificam a adequa\u00e7\u00e3o dos locais, os acessos, a ventila\u00e7\u00e3o e as infraestruturas necess\u00e1rias para acolher civis.<\/li>\n<li>As autoridades est\u00e3o a analisar a identifica\u00e7\u00e3o de novos locais de abrigo, incluindo parques de estacionamento subterr\u00e2neos, espa\u00e7os subterr\u00e2neos em igrejas e outros espa\u00e7os p\u00fablicos ou privados que cumpram as especifica\u00e7\u00f5es.<\/li>\n<li>Este epis\u00f3dio ocorre ap\u00f3s ataques a uma base a\u00e9rea brit\u00e2nica em Acrot\u00edri, o primeiro ataque de um pa\u00eds terceiro em territ\u00f3rio cipriota desde 1974.<\/li>\n<\/ul>\n","protected":false},"author":2,"featured_media":403255,"comment_status":"closed","ping_status":"closed","sticky":false,"template":"","format":"standard","meta":{"footnotes":""},"categories":[1],"tags":[3094,2048,320,250,2540,1899],"class_list":["post-403252","post","type-post","status-publish","format-standard","has-post-thumbnail","hentry","category-noticias","tag-abrigos","tag-defesa-civil","tag-protecao-civil","tag-seguranca-publica","tag-territorio","tag-urgencias"],"yoast_head":"<!-- This site is optimized with the Yoast SEO plugin v27.2 - https:\/\/yoast.com\/product\/yoast-seo-wordpress\/ -->\n<title>Autoridades inspecionam abrigos e bunkers no Chipre - Portal Tela Portugal<\/title>\n<meta name=\"robots\" content=\"index, follow, max-snippet:-1, max-image-preview:large, max-video-preview:-1\" \/>\n<meta property=\"og:locale\" content=\"pt_PT\" \/>\n<meta property=\"og:type\" content=\"article\" \/>\n<meta property=\"og:title\" content=\"Autoridades inspecionam abrigos e bunkers no Chipre - Portal Tela Portugal\" \/>\n<meta property=\"og:description\" content=\"Cerca de duzentos dos 2.480 abrigos em Chipre foram considerados inadequados e ser\u00e3o retirados da lista, enquanto outros 230 n\u00e3o est\u00e3o dispon\u00edveis ao p\u00fablico. O processo de inspe\u00e7\u00e3o est\u00e1 a ser feito pela Defesa Civil para registar o estado real dos abrigos e confirmar se podem ser usados em caso de emerg\u00eancia. Cerca de 99% do total de abrigos j\u00e1 foi inspecionado. As avalia\u00e7\u00f5es verificam a adequa\u00e7\u00e3o dos locais, os acessos, a ventila\u00e7\u00e3o e as infraestruturas necess\u00e1rias para acolher civis. As autoridades est\u00e3o a analisar a identifica\u00e7\u00e3o de novos locais de abrigo, incluindo parques de estacionamento subterr\u00e2neos, espa\u00e7os subterr\u00e2neos em igrejas e outros espa\u00e7os p\u00fablicos ou privados que cumpram as especifica\u00e7\u00f5es. Este epis\u00f3dio ocorre ap\u00f3s ataques a uma base a\u00e9rea brit\u00e2nica em Acrot\u00edri, o primeiro ataque de um pa\u00eds terceiro em territ\u00f3rio cipriota desde 1974.\" \/>\n<meta property=\"og:url\" content=\"https:\/\/portaltela.pt\/noticias\/2026\/03\/09\/autoridades-inspecionam-abrigos-e-bunkers-no-chipre\/\" \/>\n<meta property=\"og:site_name\" content=\"Portal Tela Portugal\" \/>\n<meta property=\"article:published_time\" content=\"2026-03-09T11:47:15+00:00\" \/>\n<meta name=\"author\" content=\"Telinha\" \/>\n<meta name=\"twitter:card\" content=\"summary_large_image\" \/>\n<meta name=\"twitter:label1\" content=\"Escrito por\" \/>\n\t<meta name=\"twitter:data1\" content=\"Telinha\" \/>\n\t<meta name=\"twitter:label2\" content=\"Tempo estimado de leitura\" \/>\n\t<meta name=\"twitter:data2\" content=\"1 minuto\" \/>\n<script type=\"application\/ld+json\" class=\"yoast-schema-graph\">{\"@context\":\"https:\/\/schema.org\",\"@graph\":[{\"@type\":\"Article\",\"@id\":\"https:\/\/portaltela.pt\/noticias\/2026\/03\/09\/autoridades-inspecionam-abrigos-e-bunkers-no-chipre\/#article\",\"isPartOf\":{\"@id\":\"https:\/\/portaltela.pt\/noticias\/2026\/03\/09\/autoridades-inspecionam-abrigos-e-bunkers-no-chipre\/\"},\"author\":{\"name\":\"Telinha\",\"@id\":\"https:\/\/portaltela.pt\/#\/schema\/person\/c4278d4a6028830caff9ee44b42d32ed\"},\"headline\":\"Autoridades inspecionam abrigos e bunkers no Chipre\",\"datePublished\":\"2026-03-09T11:47:15+00:00\",\"mainEntityOfPage\":{\"@id\":\"https:\/\/portaltela.pt\/noticias\/2026\/03\/09\/autoridades-inspecionam-abrigos-e-bunkers-no-chipre\/\"},\"wordCount\":177,\"image\":{\"@id\":\"https:\/\/portaltela.pt\/noticias\/2026\/03\/09\/autoridades-inspecionam-abrigos-e-bunkers-no-chipre\/#primaryimage\"},\"thumbnailUrl\":\"https:\/\/portaltela.pt\/s.01k8rhncp4jt1\/2026\/03\/1536x864_cmsv2_954c9f99-bc75-57fa-85f6-fd927b53eb82-9678772.jpg\",\"keywords\":[\"abrigos\",\"Defesa Civil\",\"prote\u00e7\u00e3o civil\",\"seguran\u00e7a p\u00fablica\",\"Territ\u00f3rio\",\"urg\u00eancias\"],\"articleSection\":[\"Not\u00edcias\"],\"inLanguage\":\"pt-PT\"},{\"@type\":\"WebPage\",\"@id\":\"https:\/\/portaltela.pt\/noticias\/2026\/03\/09\/autoridades-inspecionam-abrigos-e-bunkers-no-chipre\/\",\"url\":\"https:\/\/portaltela.pt\/noticias\/2026\/03\/09\/autoridades-inspecionam-abrigos-e-bunkers-no-chipre\/\",\"name\":\"Autoridades inspecionam abrigos e bunkers no Chipre - Portal Tela Portugal\",\"isPartOf\":{\"@id\":\"https:\/\/portaltela.pt\/#website\"},\"primaryImageOfPage\":{\"@id\":\"https:\/\/portaltela.pt\/noticias\/2026\/03\/09\/autoridades-inspecionam-abrigos-e-bunkers-no-chipre\/#primaryimage\"},\"image\":{\"@id\":\"https:\/\/portaltela.pt\/noticias\/2026\/03\/09\/autoridades-inspecionam-abrigos-e-bunkers-no-chipre\/#primaryimage\"},\"thumbnailUrl\":\"https:\/\/portaltela.pt\/s.01k8rhncp4jt1\/2026\/03\/1536x864_cmsv2_954c9f99-bc75-57fa-85f6-fd927b53eb82-9678772.jpg\",\"datePublished\":\"2026-03-09T11:47:15+00:00\",\"author\":{\"@id\":\"https:\/\/portaltela.pt\/#\/schema\/person\/c4278d4a6028830caff9ee44b42d32ed\"},\"breadcrumb\":{\"@id\":\"https:\/\/portaltela.pt\/noticias\/2026\/03\/09\/autoridades-inspecionam-abrigos-e-bunkers-no-chipre\/#breadcrumb\"},\"inLanguage\":\"pt-PT\",\"potentialAction\":[{\"@type\":\"ReadAction\",\"target\":[\"https:\/\/portaltela.pt\/noticias\/2026\/03\/09\/autoridades-inspecionam-abrigos-e-bunkers-no-chipre\/\"]}]},{\"@type\":\"ImageObject\",\"inLanguage\":\"pt-PT\",\"@id\":\"https:\/\/portaltela.pt\/noticias\/2026\/03\/09\/autoridades-inspecionam-abrigos-e-bunkers-no-chipre\/#primaryimage\",\"url\":\"https:\/\/portaltela.pt\/s.01k8rhncp4jt1\/2026\/03\/1536x864_cmsv2_954c9f99-bc75-57fa-85f6-fd927b53eb82-9678772.jpg\",\"contentUrl\":\"https:\/\/portaltela.pt\/s.01k8rhncp4jt1\/2026\/03\/1536x864_cmsv2_954c9f99-bc75-57fa-85f6-fd927b53eb82-9678772.jpg\",\"width\":796,\"height\":448,\"caption\":\"Chipre\"},{\"@type\":\"BreadcrumbList\",\"@id\":\"https:\/\/portaltela.pt\/noticias\/2026\/03\/09\/autoridades-inspecionam-abrigos-e-bunkers-no-chipre\/#breadcrumb\",\"itemListElement\":[{\"@type\":\"ListItem\",\"position\":1,\"name\":\"In\u00edcio\",\"item\":\"https:\/\/portaltela.pt\/\"},{\"@type\":\"ListItem\",\"position\":2,\"name\":\"Autoridades inspecionam abrigos e bunkers no Chipre\"}]},{\"@type\":\"WebSite\",\"@id\":\"https:\/\/portaltela.pt\/#website\",\"url\":\"https:\/\/portaltela.pt\/\",\"name\":\"Portal Tela Portugal\",\"description\":\"\",\"potentialAction\":[{\"@type\":\"SearchAction\",\"target\":{\"@type\":\"EntryPoint\",\"urlTemplate\":\"https:\/\/portaltela.pt\/?s={search_term_string}\"},\"query-input\":{\"@type\":\"PropertyValueSpecification\",\"valueRequired\":true,\"valueName\":\"search_term_string\"}}],\"inLanguage\":\"pt-PT\"},{\"@type\":\"Person\",\"@id\":\"https:\/\/portaltela.pt\/#\/schema\/person\/c4278d4a6028830caff9ee44b42d32ed\",\"name\":\"Telinha\",\"image\":{\"@type\":\"ImageObject\",\"inLanguage\":\"pt-PT\",\"@id\":\"https:\/\/portaltela.pt\/s.01k8rhncp4jt1\/2025\/11\/talking-bot-125x125.png\",\"url\":\"https:\/\/portaltela.pt\/s.01k8rhncp4jt1\/2025\/11\/talking-bot-125x125.png\",\"contentUrl\":\"https:\/\/portaltela.pt\/s.01k8rhncp4jt1\/2025\/11\/talking-bot-125x125.png\",\"caption\":\"Telinha\"},\"sameAs\":[\"https:\/\/portaltela.pt\/\"],\"url\":\"https:\/\/portaltela.pt\/por\/367410592786\/\"}]}<\/script>\n<!-- \/ Yoast SEO plugin. -->","yoast_head_json":{"title":"Autoridades inspecionam abrigos e bunkers no Chipre - Portal Tela Portugal","robots":{"index":"index","follow":"follow","max-snippet":"max-snippet:-1","max-image-preview":"max-image-preview:large","max-video-preview":"max-video-preview:-1"},"og_locale":"pt_PT","og_type":"article","og_title":"Autoridades inspecionam abrigos e bunkers no Chipre - Portal Tela Portugal","og_description":"Cerca de duzentos dos 2.480 abrigos em Chipre foram considerados inadequados e ser\u00e3o retirados da lista, enquanto outros 230 n\u00e3o est\u00e3o dispon\u00edveis ao p\u00fablico. O processo de inspe\u00e7\u00e3o est\u00e1 a ser feito pela Defesa Civil para registar o estado real dos abrigos e confirmar se podem ser usados em caso de emerg\u00eancia. Cerca de 99% do total de abrigos j\u00e1 foi inspecionado. As avalia\u00e7\u00f5es verificam a adequa\u00e7\u00e3o dos locais, os acessos, a ventila\u00e7\u00e3o e as infraestruturas necess\u00e1rias para acolher civis. As autoridades est\u00e3o a analisar a identifica\u00e7\u00e3o de novos locais de abrigo, incluindo parques de estacionamento subterr\u00e2neos, espa\u00e7os subterr\u00e2neos em igrejas e outros espa\u00e7os p\u00fablicos ou privados que cumpram as especifica\u00e7\u00f5es. Este epis\u00f3dio ocorre ap\u00f3s ataques a uma base a\u00e9rea brit\u00e2nica em Acrot\u00edri, o primeiro ataque de um pa\u00eds terceiro em territ\u00f3rio cipriota desde 1974.","og_url":"https:\/\/portaltela.pt\/noticias\/2026\/03\/09\/autoridades-inspecionam-abrigos-e-bunkers-no-chipre\/","og_site_name":"Portal Tela Portugal","article_published_time":"2026-03-09T11:47:15+00:00","author":"Telinha","twitter_card":"summary_large_image","twitter_misc":{"Escrito por":"Telinha","Tempo estimado de leitura":"1 minuto"},"schema":{"@context":"https:\/\/schema.org","@graph":[{"@type":"Article","@id":"https:\/\/portaltela.pt\/noticias\/2026\/03\/09\/autoridades-inspecionam-abrigos-e-bunkers-no-chipre\/#article","isPartOf":{"@id":"https:\/\/portaltela.pt\/noticias\/2026\/03\/09\/autoridades-inspecionam-abrigos-e-bunkers-no-chipre\/"},"author":{"name":"Telinha","@id":"https:\/\/portaltela.pt\/#\/schema\/person\/c4278d4a6028830caff9ee44b42d32ed"},"headline":"Autoridades inspecionam abrigos e bunkers no Chipre","datePublished":"2026-03-09T11:47:15+00:00","mainEntityOfPage":{"@id":"https:\/\/portaltela.pt\/noticias\/2026\/03\/09\/autoridades-inspecionam-abrigos-e-bunkers-no-chipre\/"},"wordCount":177,"image":{"@id":"https:\/\/portaltela.pt\/noticias\/2026\/03\/09\/autoridades-inspecionam-abrigos-e-bunkers-no-chipre\/#primaryimage"},"thumbnailUrl":"https:\/\/portaltela.pt\/s.01k8rhncp4jt1\/2026\/03\/1536x864_cmsv2_954c9f99-bc75-57fa-85f6-fd927b53eb82-9678772.jpg","keywords":["abrigos","Defesa Civil","prote\u00e7\u00e3o civil","seguran\u00e7a p\u00fablica","Territ\u00f3rio","urg\u00eancias"],"articleSection":["Not\u00edcias"],"inLanguage":"pt-PT"},{"@type":"WebPage","@id":"https:\/\/portaltela.pt\/noticias\/2026\/03\/09\/autoridades-inspecionam-abrigos-e-bunkers-no-chipre\/","url":"https:\/\/portaltela.pt\/noticias\/2026\/03\/09\/autoridades-inspecionam-abrigos-e-bunkers-no-chipre\/","name":"Autoridades inspecionam abrigos e bunkers no Chipre - Portal Tela Portugal","isPartOf":{"@id":"https:\/\/portaltela.pt\/#website"},"primaryImageOfPage":{"@id":"https:\/\/portaltela.pt\/noticias\/2026\/03\/09\/autoridades-inspecionam-abrigos-e-bunkers-no-chipre\/#primaryimage"},"image":{"@id":"https:\/\/portaltela.pt\/noticias\/2026\/03\/09\/autoridades-inspecionam-abrigos-e-bunkers-no-chipre\/#primaryimage"},"thumbnailUrl":"https:\/\/portaltela.pt\/s.01k8rhncp4jt1\/2026\/03\/1536x864_cmsv2_954c9f99-bc75-57fa-85f6-fd927b53eb82-9678772.jpg","datePublished":"2026-03-09T11:47:15+00:00","author":{"@id":"https:\/\/portaltela.pt\/#\/schema\/person\/c4278d4a6028830caff9ee44b42d32ed"},"breadcrumb":{"@id":"https:\/\/portaltela.pt\/noticias\/2026\/03\/09\/autoridades-inspecionam-abrigos-e-bunkers-no-chipre\/#breadcrumb"},"inLanguage":"pt-PT","potentialAction":[{"@type":"ReadAction","target":["https:\/\/portaltela.pt\/noticias\/2026\/03\/09\/autoridades-inspecionam-abrigos-e-bunkers-no-chipre\/"]}]},{"@type":"ImageObject","inLanguage":"pt-PT","@id":"https:\/\/portaltela.pt\/noticias\/2026\/03\/09\/autoridades-inspecionam-abrigos-e-bunkers-no-chipre\/#primaryimage","url":"https:\/\/portaltela.pt\/s.01k8rhncp4jt1\/2026\/03\/1536x864_cmsv2_954c9f99-bc75-57fa-85f6-fd927b53eb82-9678772.jpg","contentUrl":"https:\/\/portaltela.pt\/s.01k8rhncp4jt1\/2026\/03\/1536x864_cmsv2_954c9f99-bc75-57fa-85f6-fd927b53eb82-9678772.jpg","width":796,"height":448,"caption":"Chipre"},{"@type":"BreadcrumbList","@id":"https:\/\/portaltela.pt\/noticias\/2026\/03\/09\/autoridades-inspecionam-abrigos-e-bunkers-no-chipre\/#breadcrumb","itemListElement":[{"@type":"ListItem","position":1,"name":"In\u00edcio","item":"https:\/\/portaltela.pt\/"},{"@type":"ListItem","position":2,"name":"Autoridades inspecionam abrigos e bunkers no Chipre"}]},{"@type":"WebSite","@id":"https:\/\/portaltela.pt\/#website","url":"https:\/\/portaltela.pt\/","name":"Portal Tela Portugal","description":"","potentialAction":[{"@type":"SearchAction","target":{"@type":"EntryPoint","urlTemplate":"https:\/\/portaltela.pt\/?s={search_term_string}"},"query-input":{"@type":"PropertyValueSpecification","valueRequired":true,"valueName":"search_term_string"}}],"inLanguage":"pt-PT"},{"@type":"Person","@id":"https:\/\/portaltela.pt\/#\/schema\/person\/c4278d4a6028830caff9ee44b42d32ed","name":"Telinha","image":{"@type":"ImageObject","inLanguage":"pt-PT","@id":"https:\/\/portaltela.pt\/s.01k8rhncp4jt1\/2025\/11\/talking-bot-125x125.png","url":"https:\/\/portaltela.pt\/s.01k8rhncp4jt1\/2025\/11\/talking-bot-125x125.png","contentUrl":"https:\/\/portaltela.pt\/s.01k8rhncp4jt1\/2025\/11\/talking-bot-125x125.png","caption":"Telinha"},"sameAs":["https:\/\/portaltela.pt\/"],"url":"https:\/\/portaltela.pt\/por\/367410592786\/"}]}},"_links":{"self":[{"href":"https:\/\/portaltela.pt\/api\/wp\/v2\/posts\/403252","targetHints":{"allow":["GET"]}}],"collection":[{"href":"https:\/\/portaltela.pt\/api\/wp\/v2\/posts"}],"about":[{"href":"https:\/\/portaltela.pt\/api\/wp\/v2\/types\/post"}],"author":[{"embeddable":true,"href":"https:\/\/portaltela.pt\/api\/wp\/v2\/users\/2"}],"replies":[{"embeddable":true,"href":"https:\/\/portaltela.pt\/api\/wp\/v2\/comments?post=403252"}],"version-history":[{"count":0,"href":"https:\/\/portaltela.pt\/api\/wp\/v2\/posts\/403252\/revisions"}],"wp:featuredmedia":[{"embeddable":true,"href":"https:\/\/portaltela.pt\/api\/wp\/v2\/media\/403255"}],"wp:attachment":[{"href":"https:\/\/portaltela.pt\/api\/wp\/v2\/media?parent=403252"}],"wp:term":[{"taxonomy":"category","embeddable":true,"href":"https:\/\/portaltela.pt\/api\/wp\/v2\/categories?post=403252"},{"taxonomy":"post_tag","embeddable":true,"href":"https:\/\/portaltela.pt\/api\/wp\/v2\/tags?post=403252"}],"curies":[{"name":"wp","href":"https:\/\/api.w.org\/{rel}","templated":true}]}}