{"id":403240,"date":"2026-03-09T08:45:22","date_gmt":"2026-03-09T11:45:22","guid":{"rendered":"https:\/\/portaltela.pt\/noticias\/2026\/03\/09\/gabriela-amorim-e-madalena-matias-estreiam-pela-selecao-nacional-de-tenis\/"},"modified":"2026-03-09T08:45:22","modified_gmt":"2026-03-09T11:45:22","slug":"gabriela-amorim-e-madalena-matias-estreiam-pela-selecao-nacional-de-tenis","status":"publish","type":"post","link":"https:\/\/portaltela.pt\/desporto\/futebol\/2026\/03\/09\/gabriela-amorim-e-madalena-matias-estreiam-pela-selecao-nacional-de-tenis\/","title":{"rendered":"Gabriela Amorim e Madalena Matias estreiam pela Sele\u00e7\u00e3o Nacional de t\u00e9nis"},"content":{"rendered":"<p>Madalena Matias e Gabriela Amorim estrearam-se nas convocat\u00f3rias da sele\u00e7\u00e3o portuguesa feminina, integrando a equipa para o Grupo I da Zona Europa-\u00c1frica da Billie Jean King Cup. A not\u00edcia foi anunciada pela Federa\u00e7\u00e3o Portuguesa de T\u00e9nis nesta segunda-feira.<\/p>\n<p>Ambas t\u00eam 17 anos; Madalena Matias ocupa o 1.358.\u00ba lugar no ranking mundial, enquanto Gabriela Amorim encontra-se sem ranking. Regressam \u00e0 equipa ao lado de Francisca Jorge (191.\u00aa), Matilde Jorge (239.\u00aa) e Angelina Voloshchuk (373.\u00aa), sob o comando da capit\u00e3 Neuza Silva.<\/p>\n<p>A capit\u00e3 destaca que a juventude contribui para o futuro da equipa, reconhecendo o trabalho de passagem para o circuito profissional. Gabriela j\u00e1 treina com Francisca e Matilde, facilitando a integra\u00e7\u00e3o; Madalena ser\u00e1 recebida de forma inclusiva pela comitiva.<\/p>\n<p>No Grupo I da Zona Europa-\u00c1frica, a competi\u00e7\u00e3o decorre no Complexo de T\u00e9nis do Jamor, em Oeiras, de 07 a 11 de abril. Portugal integra o Grupo D, com Alemanha, Dinamarca e Su\u00e9cia, num conjunto de grupos que definem apuramentos.<\/p>\n<p>A Billie Jean King Cup envolve 16 equipas, distribu\u00eddas por quatro grupos, com o objetivo de decidir as tr\u00eas vagas de acesso ao play-off da fase final. As partidas do Jamor v\u00e3o decorrer ao longo de cinco dias de competi\u00e7\u00e3o.<\/p>\n","protected":false},"excerpt":{"rendered":"<ul>\n<li>Madalena Matias (1.358.\u00aa do mundo) e Gabriela Amorim (sem ranking), de 17 anos, estrearam-se na sele\u00e7\u00e3o feminina para o Grupo I da Zona Europa-\u00c1frica da Billie Jean King Cup.<\/li>\n<li>As jogadoras juntam-se a Francisca Jorge (191.\u00aa), Matilde Jorge (239.\u00aa) e Angelina Voloshchuk (373.\u00aa) na equipa orientada pela capit\u00e3 Neuza Silva.<\/li>\n<li>O grupo fica completo com a convocat\u00f3ria da dupla jovem, que j\u00e1 treina com algumas companheiras da equipa.<\/li>\n<li>A competi\u00e7\u00e3o realiza-se no Complexo de T\u00e9nis do Jamor, em Oeiras, de 07 a 11 de abril, no Grupo D da Zona Europa-\u00c1frica.<\/li>\n<li>Portugal integra o Grupo D, com Alemanha, Dinamarca e Su\u00e9cia, numa fase de 16 equipas que procuram as vagas para o play-off de acesso \u00e0 fase final.<\/li>\n<\/ul>\n","protected":false},"author":2,"featured_media":403241,"comment_status":"closed","ping_status":"closed","sticky":false,"template":"","format":"standard","meta":{"footnotes":""},"categories":[21,24],"tags":[2463,152,2993,1014,2057,94],"class_list":["post-403240","post","type-post","status-publish","format-standard","has-post-thumbnail","hentry","category-desporto","category-futebol","tag-competicao-internacional","tag-desporto","tag-equipes","tag-portugal","tag-selecao-nacional","tag-tenis"],"yoast_head":"<!-- This site is optimized with the Yoast SEO plugin v27.2 - https:\/\/yoast.com\/product\/yoast-seo-wordpress\/ -->\n<title>Gabriela Amorim e Madalena Matias estreiam pela Sele\u00e7\u00e3o Nacional de t\u00e9nis - Portal Tela Portugal<\/title>\n<meta name=\"robots\" content=\"index, follow, max-snippet:-1, max-image-preview:large, max-video-preview:-1\" \/>\n<meta property=\"og:locale\" content=\"pt_PT\" \/>\n<meta property=\"og:type\" content=\"article\" \/>\n<meta property=\"og:title\" content=\"Gabriela Amorim e Madalena Matias estreiam pela Sele\u00e7\u00e3o Nacional de t\u00e9nis - Portal Tela Portugal\" \/>\n<meta property=\"og:description\" content=\"Madalena Matias (1.358.\u00aa do mundo) e Gabriela Amorim (sem ranking), de 17 anos, estrearam-se na sele\u00e7\u00e3o feminina para o Grupo I da Zona Europa-\u00c1frica da Billie Jean King Cup. As jogadoras juntam-se a Francisca Jorge (191.\u00aa), Matilde Jorge (239.\u00aa) e Angelina Voloshchuk (373.\u00aa) na equipa orientada pela capit\u00e3 Neuza Silva. O grupo fica completo com a convocat\u00f3ria da dupla jovem, que j\u00e1 treina com algumas companheiras da equipa. A competi\u00e7\u00e3o realiza-se no Complexo de T\u00e9nis do Jamor, em Oeiras, de 07 a 11 de abril, no Grupo D da Zona Europa-\u00c1frica. Portugal integra o Grupo D, com Alemanha, Dinamarca e Su\u00e9cia, numa fase de 16 equipas que procuram as vagas para o play-off de acesso \u00e0 fase final.\" \/>\n<meta property=\"og:url\" content=\"https:\/\/portaltela.pt\/noticias\/2026\/03\/09\/gabriela-amorim-e-madalena-matias-estreiam-pela-selecao-nacional-de-tenis\/\" \/>\n<meta property=\"og:site_name\" content=\"Portal Tela Portugal\" \/>\n<meta property=\"article:published_time\" content=\"2026-03-09T11:45:22+00:00\" \/>\n<meta name=\"author\" content=\"Telinha\" \/>\n<meta name=\"twitter:card\" content=\"summary_large_image\" \/>\n<meta name=\"twitter:label1\" content=\"Escrito por\" \/>\n\t<meta name=\"twitter:data1\" content=\"Telinha\" \/>\n\t<meta name=\"twitter:label2\" content=\"Tempo estimado de leitura\" \/>\n\t<meta name=\"twitter:data2\" content=\"1 minuto\" \/>\n<script type=\"application\/ld+json\" class=\"yoast-schema-graph\">{\"@context\":\"https:\/\/schema.org\",\"@graph\":[{\"@type\":\"Article\",\"@id\":\"https:\/\/portaltela.pt\/noticias\/2026\/03\/09\/gabriela-amorim-e-madalena-matias-estreiam-pela-selecao-nacional-de-tenis\/#article\",\"isPartOf\":{\"@id\":\"https:\/\/portaltela.pt\/noticias\/2026\/03\/09\/gabriela-amorim-e-madalena-matias-estreiam-pela-selecao-nacional-de-tenis\/\"},\"author\":{\"name\":\"Telinha\",\"@id\":\"https:\/\/portaltela.pt\/#\/schema\/person\/c4278d4a6028830caff9ee44b42d32ed\"},\"headline\":\"Gabriela Amorim e Madalena Matias estreiam pela Sele\u00e7\u00e3o Nacional de t\u00e9nis\",\"datePublished\":\"2026-03-09T11:45:22+00:00\",\"mainEntityOfPage\":{\"@id\":\"https:\/\/portaltela.pt\/noticias\/2026\/03\/09\/gabriela-amorim-e-madalena-matias-estreiam-pela-selecao-nacional-de-tenis\/\"},\"wordCount\":219,\"image\":{\"@id\":\"https:\/\/portaltela.pt\/noticias\/2026\/03\/09\/gabriela-amorim-e-madalena-matias-estreiam-pela-selecao-nacional-de-tenis\/#primaryimage\"},\"thumbnailUrl\":\"https:\/\/portaltela.pt\/s.01k8rhncp4jt1\/2026\/03\/img_1200x721uu2026-03-09-11-44-50-2425821.jpg\",\"keywords\":[\"competi\u00e7\u00e3o internacional\",\"desporto\",\"equipes\",\"Portugal\",\"Sele\u00e7\u00e3o Nacional\",\"t\u00eanis\"],\"articleSection\":[\"Desporto\",\"Futebol\"],\"inLanguage\":\"pt-PT\"},{\"@type\":\"WebPage\",\"@id\":\"https:\/\/portaltela.pt\/noticias\/2026\/03\/09\/gabriela-amorim-e-madalena-matias-estreiam-pela-selecao-nacional-de-tenis\/\",\"url\":\"https:\/\/portaltela.pt\/noticias\/2026\/03\/09\/gabriela-amorim-e-madalena-matias-estreiam-pela-selecao-nacional-de-tenis\/\",\"name\":\"Gabriela Amorim e Madalena Matias estreiam pela Sele\u00e7\u00e3o Nacional de t\u00e9nis - Portal Tela Portugal\",\"isPartOf\":{\"@id\":\"https:\/\/portaltela.pt\/#website\"},\"primaryImageOfPage\":{\"@id\":\"https:\/\/portaltela.pt\/noticias\/2026\/03\/09\/gabriela-amorim-e-madalena-matias-estreiam-pela-selecao-nacional-de-tenis\/#primaryimage\"},\"image\":{\"@id\":\"https:\/\/portaltela.pt\/noticias\/2026\/03\/09\/gabriela-amorim-e-madalena-matias-estreiam-pela-selecao-nacional-de-tenis\/#primaryimage\"},\"thumbnailUrl\":\"https:\/\/portaltela.pt\/s.01k8rhncp4jt1\/2026\/03\/img_1200x721uu2026-03-09-11-44-50-2425821.jpg\",\"datePublished\":\"2026-03-09T11:45:22+00:00\",\"author\":{\"@id\":\"https:\/\/portaltela.pt\/#\/schema\/person\/c4278d4a6028830caff9ee44b42d32ed\"},\"breadcrumb\":{\"@id\":\"https:\/\/portaltela.pt\/noticias\/2026\/03\/09\/gabriela-amorim-e-madalena-matias-estreiam-pela-selecao-nacional-de-tenis\/#breadcrumb\"},\"inLanguage\":\"pt-PT\",\"potentialAction\":[{\"@type\":\"ReadAction\",\"target\":[\"https:\/\/portaltela.pt\/noticias\/2026\/03\/09\/gabriela-amorim-e-madalena-matias-estreiam-pela-selecao-nacional-de-tenis\/\"]}]},{\"@type\":\"ImageObject\",\"inLanguage\":\"pt-PT\",\"@id\":\"https:\/\/portaltela.pt\/noticias\/2026\/03\/09\/gabriela-amorim-e-madalena-matias-estreiam-pela-selecao-nacional-de-tenis\/#primaryimage\",\"url\":\"https:\/\/portaltela.pt\/s.01k8rhncp4jt1\/2026\/03\/img_1200x721uu2026-03-09-11-44-50-2425821.jpg\",\"contentUrl\":\"https:\/\/portaltela.pt\/s.01k8rhncp4jt1\/2026\/03\/img_1200x721uu2026-03-09-11-44-50-2425821.jpg\",\"width\":796,\"height\":448,\"caption\":\"Gabriela Amorim nas escolhas de Neuza Silva para a Billie Jean King Cup\"},{\"@type\":\"BreadcrumbList\",\"@id\":\"https:\/\/portaltela.pt\/noticias\/2026\/03\/09\/gabriela-amorim-e-madalena-matias-estreiam-pela-selecao-nacional-de-tenis\/#breadcrumb\",\"itemListElement\":[{\"@type\":\"ListItem\",\"position\":1,\"name\":\"In\u00edcio\",\"item\":\"https:\/\/portaltela.pt\/\"},{\"@type\":\"ListItem\",\"position\":2,\"name\":\"Gabriela Amorim e Madalena Matias estreiam pela Sele\u00e7\u00e3o Nacional de t\u00e9nis\"}]},{\"@type\":\"WebSite\",\"@id\":\"https:\/\/portaltela.pt\/#website\",\"url\":\"https:\/\/portaltela.pt\/\",\"name\":\"Portal Tela Portugal\",\"description\":\"\",\"potentialAction\":[{\"@type\":\"SearchAction\",\"target\":{\"@type\":\"EntryPoint\",\"urlTemplate\":\"https:\/\/portaltela.pt\/?s={search_term_string}\"},\"query-input\":{\"@type\":\"PropertyValueSpecification\",\"valueRequired\":true,\"valueName\":\"search_term_string\"}}],\"inLanguage\":\"pt-PT\"},{\"@type\":\"Person\",\"@id\":\"https:\/\/portaltela.pt\/#\/schema\/person\/c4278d4a6028830caff9ee44b42d32ed\",\"name\":\"Telinha\",\"image\":{\"@type\":\"ImageObject\",\"inLanguage\":\"pt-PT\",\"@id\":\"https:\/\/portaltela.pt\/s.01k8rhncp4jt1\/2025\/11\/talking-bot-125x125.png\",\"url\":\"https:\/\/portaltela.pt\/s.01k8rhncp4jt1\/2025\/11\/talking-bot-125x125.png\",\"contentUrl\":\"https:\/\/portaltela.pt\/s.01k8rhncp4jt1\/2025\/11\/talking-bot-125x125.png\",\"caption\":\"Telinha\"},\"sameAs\":[\"https:\/\/portaltela.pt\/\"],\"url\":\"https:\/\/portaltela.pt\/por\/367410592786\/\"}]}<\/script>\n<!-- \/ Yoast SEO plugin. -->","yoast_head_json":{"title":"Gabriela Amorim e Madalena Matias estreiam pela Sele\u00e7\u00e3o Nacional de t\u00e9nis - Portal Tela Portugal","robots":{"index":"index","follow":"follow","max-snippet":"max-snippet:-1","max-image-preview":"max-image-preview:large","max-video-preview":"max-video-preview:-1"},"og_locale":"pt_PT","og_type":"article","og_title":"Gabriela Amorim e Madalena Matias estreiam pela Sele\u00e7\u00e3o Nacional de t\u00e9nis - Portal Tela Portugal","og_description":"Madalena Matias (1.358.\u00aa do mundo) e Gabriela Amorim (sem ranking), de 17 anos, estrearam-se na sele\u00e7\u00e3o feminina para o Grupo I da Zona Europa-\u00c1frica da Billie Jean King Cup. As jogadoras juntam-se a Francisca Jorge (191.\u00aa), Matilde Jorge (239.\u00aa) e Angelina Voloshchuk (373.\u00aa) na equipa orientada pela capit\u00e3 Neuza Silva. O grupo fica completo com a convocat\u00f3ria da dupla jovem, que j\u00e1 treina com algumas companheiras da equipa. A competi\u00e7\u00e3o realiza-se no Complexo de T\u00e9nis do Jamor, em Oeiras, de 07 a 11 de abril, no Grupo D da Zona Europa-\u00c1frica. Portugal integra o Grupo D, com Alemanha, Dinamarca e Su\u00e9cia, numa fase de 16 equipas que procuram as vagas para o play-off de acesso \u00e0 fase final.","og_url":"https:\/\/portaltela.pt\/noticias\/2026\/03\/09\/gabriela-amorim-e-madalena-matias-estreiam-pela-selecao-nacional-de-tenis\/","og_site_name":"Portal Tela Portugal","article_published_time":"2026-03-09T11:45:22+00:00","author":"Telinha","twitter_card":"summary_large_image","twitter_misc":{"Escrito por":"Telinha","Tempo estimado de leitura":"1 minuto"},"schema":{"@context":"https:\/\/schema.org","@graph":[{"@type":"Article","@id":"https:\/\/portaltela.pt\/noticias\/2026\/03\/09\/gabriela-amorim-e-madalena-matias-estreiam-pela-selecao-nacional-de-tenis\/#article","isPartOf":{"@id":"https:\/\/portaltela.pt\/noticias\/2026\/03\/09\/gabriela-amorim-e-madalena-matias-estreiam-pela-selecao-nacional-de-tenis\/"},"author":{"name":"Telinha","@id":"https:\/\/portaltela.pt\/#\/schema\/person\/c4278d4a6028830caff9ee44b42d32ed"},"headline":"Gabriela Amorim e Madalena Matias estreiam pela Sele\u00e7\u00e3o Nacional de t\u00e9nis","datePublished":"2026-03-09T11:45:22+00:00","mainEntityOfPage":{"@id":"https:\/\/portaltela.pt\/noticias\/2026\/03\/09\/gabriela-amorim-e-madalena-matias-estreiam-pela-selecao-nacional-de-tenis\/"},"wordCount":219,"image":{"@id":"https:\/\/portaltela.pt\/noticias\/2026\/03\/09\/gabriela-amorim-e-madalena-matias-estreiam-pela-selecao-nacional-de-tenis\/#primaryimage"},"thumbnailUrl":"https:\/\/portaltela.pt\/s.01k8rhncp4jt1\/2026\/03\/img_1200x721uu2026-03-09-11-44-50-2425821.jpg","keywords":["competi\u00e7\u00e3o internacional","desporto","equipes","Portugal","Sele\u00e7\u00e3o Nacional","t\u00eanis"],"articleSection":["Desporto","Futebol"],"inLanguage":"pt-PT"},{"@type":"WebPage","@id":"https:\/\/portaltela.pt\/noticias\/2026\/03\/09\/gabriela-amorim-e-madalena-matias-estreiam-pela-selecao-nacional-de-tenis\/","url":"https:\/\/portaltela.pt\/noticias\/2026\/03\/09\/gabriela-amorim-e-madalena-matias-estreiam-pela-selecao-nacional-de-tenis\/","name":"Gabriela Amorim e Madalena Matias estreiam pela Sele\u00e7\u00e3o Nacional de t\u00e9nis - Portal Tela Portugal","isPartOf":{"@id":"https:\/\/portaltela.pt\/#website"},"primaryImageOfPage":{"@id":"https:\/\/portaltela.pt\/noticias\/2026\/03\/09\/gabriela-amorim-e-madalena-matias-estreiam-pela-selecao-nacional-de-tenis\/#primaryimage"},"image":{"@id":"https:\/\/portaltela.pt\/noticias\/2026\/03\/09\/gabriela-amorim-e-madalena-matias-estreiam-pela-selecao-nacional-de-tenis\/#primaryimage"},"thumbnailUrl":"https:\/\/portaltela.pt\/s.01k8rhncp4jt1\/2026\/03\/img_1200x721uu2026-03-09-11-44-50-2425821.jpg","datePublished":"2026-03-09T11:45:22+00:00","author":{"@id":"https:\/\/portaltela.pt\/#\/schema\/person\/c4278d4a6028830caff9ee44b42d32ed"},"breadcrumb":{"@id":"https:\/\/portaltela.pt\/noticias\/2026\/03\/09\/gabriela-amorim-e-madalena-matias-estreiam-pela-selecao-nacional-de-tenis\/#breadcrumb"},"inLanguage":"pt-PT","potentialAction":[{"@type":"ReadAction","target":["https:\/\/portaltela.pt\/noticias\/2026\/03\/09\/gabriela-amorim-e-madalena-matias-estreiam-pela-selecao-nacional-de-tenis\/"]}]},{"@type":"ImageObject","inLanguage":"pt-PT","@id":"https:\/\/portaltela.pt\/noticias\/2026\/03\/09\/gabriela-amorim-e-madalena-matias-estreiam-pela-selecao-nacional-de-tenis\/#primaryimage","url":"https:\/\/portaltela.pt\/s.01k8rhncp4jt1\/2026\/03\/img_1200x721uu2026-03-09-11-44-50-2425821.jpg","contentUrl":"https:\/\/portaltela.pt\/s.01k8rhncp4jt1\/2026\/03\/img_1200x721uu2026-03-09-11-44-50-2425821.jpg","width":796,"height":448,"caption":"Gabriela Amorim nas escolhas de Neuza Silva para a Billie Jean King Cup"},{"@type":"BreadcrumbList","@id":"https:\/\/portaltela.pt\/noticias\/2026\/03\/09\/gabriela-amorim-e-madalena-matias-estreiam-pela-selecao-nacional-de-tenis\/#breadcrumb","itemListElement":[{"@type":"ListItem","position":1,"name":"In\u00edcio","item":"https:\/\/portaltela.pt\/"},{"@type":"ListItem","position":2,"name":"Gabriela Amorim e Madalena Matias estreiam pela Sele\u00e7\u00e3o Nacional de t\u00e9nis"}]},{"@type":"WebSite","@id":"https:\/\/portaltela.pt\/#website","url":"https:\/\/portaltela.pt\/","name":"Portal Tela Portugal","description":"","potentialAction":[{"@type":"SearchAction","target":{"@type":"EntryPoint","urlTemplate":"https:\/\/portaltela.pt\/?s={search_term_string}"},"query-input":{"@type":"PropertyValueSpecification","valueRequired":true,"valueName":"search_term_string"}}],"inLanguage":"pt-PT"},{"@type":"Person","@id":"https:\/\/portaltela.pt\/#\/schema\/person\/c4278d4a6028830caff9ee44b42d32ed","name":"Telinha","image":{"@type":"ImageObject","inLanguage":"pt-PT","@id":"https:\/\/portaltela.pt\/s.01k8rhncp4jt1\/2025\/11\/talking-bot-125x125.png","url":"https:\/\/portaltela.pt\/s.01k8rhncp4jt1\/2025\/11\/talking-bot-125x125.png","contentUrl":"https:\/\/portaltela.pt\/s.01k8rhncp4jt1\/2025\/11\/talking-bot-125x125.png","caption":"Telinha"},"sameAs":["https:\/\/portaltela.pt\/"],"url":"https:\/\/portaltela.pt\/por\/367410592786\/"}]}},"_links":{"self":[{"href":"https:\/\/portaltela.pt\/api\/wp\/v2\/posts\/403240","targetHints":{"allow":["GET"]}}],"collection":[{"href":"https:\/\/portaltela.pt\/api\/wp\/v2\/posts"}],"about":[{"href":"https:\/\/portaltela.pt\/api\/wp\/v2\/types\/post"}],"author":[{"embeddable":true,"href":"https:\/\/portaltela.pt\/api\/wp\/v2\/users\/2"}],"replies":[{"embeddable":true,"href":"https:\/\/portaltela.pt\/api\/wp\/v2\/comments?post=403240"}],"version-history":[{"count":0,"href":"https:\/\/portaltela.pt\/api\/wp\/v2\/posts\/403240\/revisions"}],"wp:featuredmedia":[{"embeddable":true,"href":"https:\/\/portaltela.pt\/api\/wp\/v2\/media\/403241"}],"wp:attachment":[{"href":"https:\/\/portaltela.pt\/api\/wp\/v2\/media?parent=403240"}],"wp:term":[{"taxonomy":"category","embeddable":true,"href":"https:\/\/portaltela.pt\/api\/wp\/v2\/categories?post=403240"},{"taxonomy":"post_tag","embeddable":true,"href":"https:\/\/portaltela.pt\/api\/wp\/v2\/tags?post=403240"}],"curies":[{"name":"wp","href":"https:\/\/api.w.org\/{rel}","templated":true}]}}