{"id":403239,"date":"2026-03-09T08:37:40","date_gmt":"2026-03-09T11:37:40","guid":{"rendered":"https:\/\/portaltela.pt\/noticias\/2026\/03\/09\/voronchikhina-conquista-ouro-russo-pela-primeira-vez-desde-2014\/"},"modified":"2026-03-09T15:02:18","modified_gmt":"2026-03-09T18:02:18","slug":"voronchikhina-conquista-ouro-russo-pela-primeira-vez-desde-2014","status":"publish","type":"post","link":"https:\/\/portaltela.pt\/desporto\/copa-do-mundo\/2026\/03\/09\/voronchikhina-conquista-ouro-russo-pela-primeira-vez-desde-2014\/","title":{"rendered":"Voronchikhina conquista ouro russo pela primeira vez desde 2014"},"content":{"rendered":"<p>A esquiadora russa Varvara Voronchikhina conquistou o ouro no super-G dos Jogos Paral\u00edmpicos de Inverno Mil\u00e3o-Cortina 2026, tornando-se a primeira atleta da R\u00fassia a vencer uma prova na competi\u00e7\u00e3o desde 2014. A vit\u00f3ria ocorreu na segunda-feira, em Cortina d&#8217;Ampezzo, It\u00e1lia.<\/p>\n<p>Voronchikhina, 23 anos, havia logrado bronze no downhill no s\u00e1bado. Na prova de hoje, deixou para tr\u00e1s Aur\u00e9lie Richard, da Fran\u00e7a, e Ebba Aarsjoe, da Su\u00e9cia, que ficaram respetivamente com a prata e o bronze.<\/p>\n<p>Este triunfo marca tamb\u00e9m a estreia da bandeira russa hasteada e do hino tocado nos Jogos Paral\u00edmpicos desde 2014, ap\u00f3s o seu cancelamento devido a quest\u00f5es de dopagem e ao cen\u00e1rio pol\u00edtico, incluindo a invas\u00e3o da Ucr\u00e2nia em 2022.<\/p>\n<h3>Controv\u00e9rsia sobre a presen\u00e7a de atletas russos e bielorrussos<\/h3>\n<p>A participa\u00e7\u00e3o de atletas da R\u00fassia e da Bielorr\u00fassia em Mil\u00e3o-Cortina gerou debates entre organiza\u00e7\u00f5es e comiss\u00f5es de esportes, que avaliam quest\u00f5es de integridade competitiva e de san\u00e7\u00f5es internacionais.<\/p>\n<p>Apesar da controv\u00e9rsia, Voronchikhina manteve o foco na competi\u00e7\u00e3o, assegurando ao p\u00fablico um desempenho dominante na prova de super-G. A organiza\u00e7\u00e3o n\u00e3o indicou altera\u00e7\u00f5es significativas no regulamento durante o evento.<\/p>\n","protected":false},"excerpt":{"rendered":"<ul>\n<li>Varvara Voronchikhina, de 23 anos, sagrou-se campe\u00e3 de super-G nos Jogos Paral\u00edmpicos de Inverno Mil\u00e3o-Cortina 2026, o primeiro ouro da R\u00fassia na competi\u00e7\u00e3o desde 2014.<\/li>\n<li>A atleta tinha conquistado medalha de bronze no downhill no s\u00e1bado.<\/li>\n<li>Na prova de super-G, a francesa Aur\u00e9lie Richard ficou em segundo e a sueca Ebba Aarsjoe em terceiro.<\/li>\n<li>Ser\u00e1 a primeira vez que a bandeira russa ser\u00e1 hasteada e o hino tocado nos Jogos Paral\u00edmpicos desde Sochi 2014, devido \u00e0 suspens\u00e3o por doping e ao contexto da invas\u00e3o da Ucr\u00e2nia.<\/li>\n<li>A presen\u00e7a de atletas russos e bielorrussos em Mil\u00e3o-Cortina tem gerado controv\u00e9rsia.<\/li>\n<\/ul>\n","protected":false},"author":2,"featured_media":403242,"comment_status":"closed","ping_status":"closed","sticky":false,"template":"","format":"standard","meta":{"footnotes":""},"categories":[6695,21],"tags":[6359],"class_list":["post-403239","post","type-post","status-publish","format-standard","has-post-thumbnail","hentry","category-copa-do-mundo","category-desporto","tag-ultimas-da-copa-do-mundo"],"yoast_head":"<!-- This site is optimized with the Yoast SEO plugin v27.2 - https:\/\/yoast.com\/product\/yoast-seo-wordpress\/ -->\n<title>Voronchikhina conquista ouro russo pela primeira vez desde 2014 - Portal Tela Portugal<\/title>\n<meta name=\"robots\" content=\"index, follow, max-snippet:-1, max-image-preview:large, max-video-preview:-1\" \/>\n<meta property=\"og:locale\" content=\"pt_PT\" \/>\n<meta property=\"og:type\" content=\"article\" \/>\n<meta property=\"og:title\" content=\"Voronchikhina conquista ouro russo pela primeira vez desde 2014 - Portal Tela Portugal\" \/>\n<meta property=\"og:description\" content=\"Varvara Voronchikhina, de 23 anos, sagrou-se campe\u00e3 de super-G nos Jogos Paral\u00edmpicos de Inverno Mil\u00e3o-Cortina 2026, o primeiro ouro da R\u00fassia na competi\u00e7\u00e3o desde 2014. A atleta tinha conquistado medalha de bronze no downhill no s\u00e1bado. Na prova de super-G, a francesa Aur\u00e9lie Richard ficou em segundo e a sueca Ebba Aarsjoe em terceiro. Ser\u00e1 a primeira vez que a bandeira russa ser\u00e1 hasteada e o hino tocado nos Jogos Paral\u00edmpicos desde Sochi 2014, devido \u00e0 suspens\u00e3o por doping e ao contexto da invas\u00e3o da Ucr\u00e2nia. A presen\u00e7a de atletas russos e bielorrussos em Mil\u00e3o-Cortina tem gerado controv\u00e9rsia.\" \/>\n<meta property=\"og:url\" content=\"https:\/\/portaltela.pt\/desporto\/copa-do-mundo\/2026\/03\/09\/voronchikhina-conquista-ouro-russo-pela-primeira-vez-desde-2014\/\" \/>\n<meta property=\"og:site_name\" content=\"Portal Tela Portugal\" \/>\n<meta property=\"article:published_time\" content=\"2026-03-09T11:37:40+00:00\" \/>\n<meta property=\"article:modified_time\" content=\"2026-03-09T18:02:18+00:00\" \/>\n<meta property=\"og:image\" content=\"https:\/\/portaltela.pt\/s.01k8rhncp4jt1\/2026\/03\/img_920x518uu2026-03-09-11-34-45-2425818.jpg\" \/>\n\t<meta property=\"og:image:width\" content=\"796\" \/>\n\t<meta property=\"og:image:height\" content=\"448\" \/>\n\t<meta property=\"og:image:type\" content=\"image\/jpeg\" \/>\n<meta name=\"author\" content=\"Telinha\" \/>\n<meta name=\"twitter:card\" content=\"summary_large_image\" \/>\n<meta name=\"twitter:label1\" content=\"Escrito por\" \/>\n\t<meta name=\"twitter:data1\" content=\"Telinha\" \/>\n\t<meta name=\"twitter:label2\" content=\"Tempo estimado de leitura\" \/>\n\t<meta name=\"twitter:data2\" content=\"1 minuto\" \/>\n<script type=\"application\/ld+json\" class=\"yoast-schema-graph\">{\"@context\":\"https:\/\/schema.org\",\"@graph\":[{\"@type\":\"Article\",\"@id\":\"https:\/\/portaltela.pt\/desporto\/copa-do-mundo\/2026\/03\/09\/voronchikhina-conquista-ouro-russo-pela-primeira-vez-desde-2014\/#article\",\"isPartOf\":{\"@id\":\"https:\/\/portaltela.pt\/desporto\/copa-do-mundo\/2026\/03\/09\/voronchikhina-conquista-ouro-russo-pela-primeira-vez-desde-2014\/\"},\"author\":{\"name\":\"Telinha\",\"@id\":\"https:\/\/portaltela.pt\/#\/schema\/person\/c4278d4a6028830caff9ee44b42d32ed\"},\"headline\":\"Voronchikhina conquista ouro russo pela primeira vez desde 2014\",\"datePublished\":\"2026-03-09T11:37:40+00:00\",\"dateModified\":\"2026-03-09T18:02:18+00:00\",\"mainEntityOfPage\":{\"@id\":\"https:\/\/portaltela.pt\/desporto\/copa-do-mundo\/2026\/03\/09\/voronchikhina-conquista-ouro-russo-pela-primeira-vez-desde-2014\/\"},\"wordCount\":221,\"image\":{\"@id\":\"https:\/\/portaltela.pt\/desporto\/copa-do-mundo\/2026\/03\/09\/voronchikhina-conquista-ouro-russo-pela-primeira-vez-desde-2014\/#primaryimage\"},\"thumbnailUrl\":\"https:\/\/portaltela.pt\/s.01k8rhncp4jt1\/2026\/03\/img_920x518uu2026-03-09-11-34-45-2425818.jpg\",\"keywords\":[\"\u00daltimas da Copa do Mundo\"],\"articleSection\":[\"Copa do Mundo\",\"Desporto\"],\"inLanguage\":\"pt-PT\"},{\"@type\":\"WebPage\",\"@id\":\"https:\/\/portaltela.pt\/desporto\/copa-do-mundo\/2026\/03\/09\/voronchikhina-conquista-ouro-russo-pela-primeira-vez-desde-2014\/\",\"url\":\"https:\/\/portaltela.pt\/desporto\/copa-do-mundo\/2026\/03\/09\/voronchikhina-conquista-ouro-russo-pela-primeira-vez-desde-2014\/\",\"name\":\"Voronchikhina conquista ouro russo pela primeira vez desde 2014 - Portal Tela Portugal\",\"isPartOf\":{\"@id\":\"https:\/\/portaltela.pt\/#website\"},\"primaryImageOfPage\":{\"@id\":\"https:\/\/portaltela.pt\/desporto\/copa-do-mundo\/2026\/03\/09\/voronchikhina-conquista-ouro-russo-pela-primeira-vez-desde-2014\/#primaryimage\"},\"image\":{\"@id\":\"https:\/\/portaltela.pt\/desporto\/copa-do-mundo\/2026\/03\/09\/voronchikhina-conquista-ouro-russo-pela-primeira-vez-desde-2014\/#primaryimage\"},\"thumbnailUrl\":\"https:\/\/portaltela.pt\/s.01k8rhncp4jt1\/2026\/03\/img_920x518uu2026-03-09-11-34-45-2425818.jpg\",\"datePublished\":\"2026-03-09T11:37:40+00:00\",\"dateModified\":\"2026-03-09T18:02:18+00:00\",\"author\":{\"@id\":\"https:\/\/portaltela.pt\/#\/schema\/person\/c4278d4a6028830caff9ee44b42d32ed\"},\"breadcrumb\":{\"@id\":\"https:\/\/portaltela.pt\/desporto\/copa-do-mundo\/2026\/03\/09\/voronchikhina-conquista-ouro-russo-pela-primeira-vez-desde-2014\/#breadcrumb\"},\"inLanguage\":\"pt-PT\",\"potentialAction\":[{\"@type\":\"ReadAction\",\"target\":[\"https:\/\/portaltela.pt\/desporto\/copa-do-mundo\/2026\/03\/09\/voronchikhina-conquista-ouro-russo-pela-primeira-vez-desde-2014\/\"]}]},{\"@type\":\"ImageObject\",\"inLanguage\":\"pt-PT\",\"@id\":\"https:\/\/portaltela.pt\/desporto\/copa-do-mundo\/2026\/03\/09\/voronchikhina-conquista-ouro-russo-pela-primeira-vez-desde-2014\/#primaryimage\",\"url\":\"https:\/\/portaltela.pt\/s.01k8rhncp4jt1\/2026\/03\/img_920x518uu2026-03-09-11-34-45-2425818.jpg\",\"contentUrl\":\"https:\/\/portaltela.pt\/s.01k8rhncp4jt1\/2026\/03\/img_920x518uu2026-03-09-11-34-45-2425818.jpg\",\"width\":796,\"height\":448,\"caption\":\"Varvara Voronchikhina sagrou-se campe\u00e3 de super-G nos Jogos de Mil\u00e3o-Cortina\"},{\"@type\":\"BreadcrumbList\",\"@id\":\"https:\/\/portaltela.pt\/desporto\/copa-do-mundo\/2026\/03\/09\/voronchikhina-conquista-ouro-russo-pela-primeira-vez-desde-2014\/#breadcrumb\",\"itemListElement\":[{\"@type\":\"ListItem\",\"position\":1,\"name\":\"In\u00edcio\",\"item\":\"https:\/\/portaltela.pt\/\"},{\"@type\":\"ListItem\",\"position\":2,\"name\":\"Voronchikhina conquista ouro russo pela primeira vez desde 2014\"}]},{\"@type\":\"WebSite\",\"@id\":\"https:\/\/portaltela.pt\/#website\",\"url\":\"https:\/\/portaltela.pt\/\",\"name\":\"Portal Tela Portugal\",\"description\":\"\",\"potentialAction\":[{\"@type\":\"SearchAction\",\"target\":{\"@type\":\"EntryPoint\",\"urlTemplate\":\"https:\/\/portaltela.pt\/?s={search_term_string}\"},\"query-input\":{\"@type\":\"PropertyValueSpecification\",\"valueRequired\":true,\"valueName\":\"search_term_string\"}}],\"inLanguage\":\"pt-PT\"},{\"@type\":\"Person\",\"@id\":\"https:\/\/portaltela.pt\/#\/schema\/person\/c4278d4a6028830caff9ee44b42d32ed\",\"name\":\"Telinha\",\"image\":{\"@type\":\"ImageObject\",\"inLanguage\":\"pt-PT\",\"@id\":\"https:\/\/portaltela.pt\/s.01k8rhncp4jt1\/2025\/11\/talking-bot-125x125.png\",\"url\":\"https:\/\/portaltela.pt\/s.01k8rhncp4jt1\/2025\/11\/talking-bot-125x125.png\",\"contentUrl\":\"https:\/\/portaltela.pt\/s.01k8rhncp4jt1\/2025\/11\/talking-bot-125x125.png\",\"caption\":\"Telinha\"},\"sameAs\":[\"https:\/\/portaltela.pt\/\"],\"url\":\"https:\/\/portaltela.pt\/por\/367410592786\/\"}]}<\/script>\n<!-- \/ Yoast SEO plugin. -->","yoast_head_json":{"title":"Voronchikhina conquista ouro russo pela primeira vez desde 2014 - Portal Tela Portugal","robots":{"index":"index","follow":"follow","max-snippet":"max-snippet:-1","max-image-preview":"max-image-preview:large","max-video-preview":"max-video-preview:-1"},"og_locale":"pt_PT","og_type":"article","og_title":"Voronchikhina conquista ouro russo pela primeira vez desde 2014 - Portal Tela Portugal","og_description":"Varvara Voronchikhina, de 23 anos, sagrou-se campe\u00e3 de super-G nos Jogos Paral\u00edmpicos de Inverno Mil\u00e3o-Cortina 2026, o primeiro ouro da R\u00fassia na competi\u00e7\u00e3o desde 2014. A atleta tinha conquistado medalha de bronze no downhill no s\u00e1bado. Na prova de super-G, a francesa Aur\u00e9lie Richard ficou em segundo e a sueca Ebba Aarsjoe em terceiro. Ser\u00e1 a primeira vez que a bandeira russa ser\u00e1 hasteada e o hino tocado nos Jogos Paral\u00edmpicos desde Sochi 2014, devido \u00e0 suspens\u00e3o por doping e ao contexto da invas\u00e3o da Ucr\u00e2nia. A presen\u00e7a de atletas russos e bielorrussos em Mil\u00e3o-Cortina tem gerado controv\u00e9rsia.","og_url":"https:\/\/portaltela.pt\/desporto\/copa-do-mundo\/2026\/03\/09\/voronchikhina-conquista-ouro-russo-pela-primeira-vez-desde-2014\/","og_site_name":"Portal Tela Portugal","article_published_time":"2026-03-09T11:37:40+00:00","article_modified_time":"2026-03-09T18:02:18+00:00","og_image":[{"width":796,"height":448,"url":"https:\/\/portaltela.pt\/s.01k8rhncp4jt1\/2026\/03\/img_920x518uu2026-03-09-11-34-45-2425818.jpg","type":"image\/jpeg"}],"author":"Telinha","twitter_card":"summary_large_image","twitter_misc":{"Escrito por":"Telinha","Tempo estimado de leitura":"1 minuto"},"schema":{"@context":"https:\/\/schema.org","@graph":[{"@type":"Article","@id":"https:\/\/portaltela.pt\/desporto\/copa-do-mundo\/2026\/03\/09\/voronchikhina-conquista-ouro-russo-pela-primeira-vez-desde-2014\/#article","isPartOf":{"@id":"https:\/\/portaltela.pt\/desporto\/copa-do-mundo\/2026\/03\/09\/voronchikhina-conquista-ouro-russo-pela-primeira-vez-desde-2014\/"},"author":{"name":"Telinha","@id":"https:\/\/portaltela.pt\/#\/schema\/person\/c4278d4a6028830caff9ee44b42d32ed"},"headline":"Voronchikhina conquista ouro russo pela primeira vez desde 2014","datePublished":"2026-03-09T11:37:40+00:00","dateModified":"2026-03-09T18:02:18+00:00","mainEntityOfPage":{"@id":"https:\/\/portaltela.pt\/desporto\/copa-do-mundo\/2026\/03\/09\/voronchikhina-conquista-ouro-russo-pela-primeira-vez-desde-2014\/"},"wordCount":221,"image":{"@id":"https:\/\/portaltela.pt\/desporto\/copa-do-mundo\/2026\/03\/09\/voronchikhina-conquista-ouro-russo-pela-primeira-vez-desde-2014\/#primaryimage"},"thumbnailUrl":"https:\/\/portaltela.pt\/s.01k8rhncp4jt1\/2026\/03\/img_920x518uu2026-03-09-11-34-45-2425818.jpg","keywords":["\u00daltimas da Copa do Mundo"],"articleSection":["Copa do Mundo","Desporto"],"inLanguage":"pt-PT"},{"@type":"WebPage","@id":"https:\/\/portaltela.pt\/desporto\/copa-do-mundo\/2026\/03\/09\/voronchikhina-conquista-ouro-russo-pela-primeira-vez-desde-2014\/","url":"https:\/\/portaltela.pt\/desporto\/copa-do-mundo\/2026\/03\/09\/voronchikhina-conquista-ouro-russo-pela-primeira-vez-desde-2014\/","name":"Voronchikhina conquista ouro russo pela primeira vez desde 2014 - Portal Tela Portugal","isPartOf":{"@id":"https:\/\/portaltela.pt\/#website"},"primaryImageOfPage":{"@id":"https:\/\/portaltela.pt\/desporto\/copa-do-mundo\/2026\/03\/09\/voronchikhina-conquista-ouro-russo-pela-primeira-vez-desde-2014\/#primaryimage"},"image":{"@id":"https:\/\/portaltela.pt\/desporto\/copa-do-mundo\/2026\/03\/09\/voronchikhina-conquista-ouro-russo-pela-primeira-vez-desde-2014\/#primaryimage"},"thumbnailUrl":"https:\/\/portaltela.pt\/s.01k8rhncp4jt1\/2026\/03\/img_920x518uu2026-03-09-11-34-45-2425818.jpg","datePublished":"2026-03-09T11:37:40+00:00","dateModified":"2026-03-09T18:02:18+00:00","author":{"@id":"https:\/\/portaltela.pt\/#\/schema\/person\/c4278d4a6028830caff9ee44b42d32ed"},"breadcrumb":{"@id":"https:\/\/portaltela.pt\/desporto\/copa-do-mundo\/2026\/03\/09\/voronchikhina-conquista-ouro-russo-pela-primeira-vez-desde-2014\/#breadcrumb"},"inLanguage":"pt-PT","potentialAction":[{"@type":"ReadAction","target":["https:\/\/portaltela.pt\/desporto\/copa-do-mundo\/2026\/03\/09\/voronchikhina-conquista-ouro-russo-pela-primeira-vez-desde-2014\/"]}]},{"@type":"ImageObject","inLanguage":"pt-PT","@id":"https:\/\/portaltela.pt\/desporto\/copa-do-mundo\/2026\/03\/09\/voronchikhina-conquista-ouro-russo-pela-primeira-vez-desde-2014\/#primaryimage","url":"https:\/\/portaltela.pt\/s.01k8rhncp4jt1\/2026\/03\/img_920x518uu2026-03-09-11-34-45-2425818.jpg","contentUrl":"https:\/\/portaltela.pt\/s.01k8rhncp4jt1\/2026\/03\/img_920x518uu2026-03-09-11-34-45-2425818.jpg","width":796,"height":448,"caption":"Varvara Voronchikhina sagrou-se campe\u00e3 de super-G nos Jogos de Mil\u00e3o-Cortina"},{"@type":"BreadcrumbList","@id":"https:\/\/portaltela.pt\/desporto\/copa-do-mundo\/2026\/03\/09\/voronchikhina-conquista-ouro-russo-pela-primeira-vez-desde-2014\/#breadcrumb","itemListElement":[{"@type":"ListItem","position":1,"name":"In\u00edcio","item":"https:\/\/portaltela.pt\/"},{"@type":"ListItem","position":2,"name":"Voronchikhina conquista ouro russo pela primeira vez desde 2014"}]},{"@type":"WebSite","@id":"https:\/\/portaltela.pt\/#website","url":"https:\/\/portaltela.pt\/","name":"Portal Tela Portugal","description":"","potentialAction":[{"@type":"SearchAction","target":{"@type":"EntryPoint","urlTemplate":"https:\/\/portaltela.pt\/?s={search_term_string}"},"query-input":{"@type":"PropertyValueSpecification","valueRequired":true,"valueName":"search_term_string"}}],"inLanguage":"pt-PT"},{"@type":"Person","@id":"https:\/\/portaltela.pt\/#\/schema\/person\/c4278d4a6028830caff9ee44b42d32ed","name":"Telinha","image":{"@type":"ImageObject","inLanguage":"pt-PT","@id":"https:\/\/portaltela.pt\/s.01k8rhncp4jt1\/2025\/11\/talking-bot-125x125.png","url":"https:\/\/portaltela.pt\/s.01k8rhncp4jt1\/2025\/11\/talking-bot-125x125.png","contentUrl":"https:\/\/portaltela.pt\/s.01k8rhncp4jt1\/2025\/11\/talking-bot-125x125.png","caption":"Telinha"},"sameAs":["https:\/\/portaltela.pt\/"],"url":"https:\/\/portaltela.pt\/por\/367410592786\/"}]}},"_links":{"self":[{"href":"https:\/\/portaltela.pt\/api\/wp\/v2\/posts\/403239","targetHints":{"allow":["GET"]}}],"collection":[{"href":"https:\/\/portaltela.pt\/api\/wp\/v2\/posts"}],"about":[{"href":"https:\/\/portaltela.pt\/api\/wp\/v2\/types\/post"}],"author":[{"embeddable":true,"href":"https:\/\/portaltela.pt\/api\/wp\/v2\/users\/2"}],"replies":[{"embeddable":true,"href":"https:\/\/portaltela.pt\/api\/wp\/v2\/comments?post=403239"}],"version-history":[{"count":0,"href":"https:\/\/portaltela.pt\/api\/wp\/v2\/posts\/403239\/revisions"}],"wp:featuredmedia":[{"embeddable":true,"href":"https:\/\/portaltela.pt\/api\/wp\/v2\/media\/403242"}],"wp:attachment":[{"href":"https:\/\/portaltela.pt\/api\/wp\/v2\/media?parent=403239"}],"wp:term":[{"taxonomy":"category","embeddable":true,"href":"https:\/\/portaltela.pt\/api\/wp\/v2\/categories?post=403239"},{"taxonomy":"post_tag","embeddable":true,"href":"https:\/\/portaltela.pt\/api\/wp\/v2\/tags?post=403239"}],"curies":[{"name":"wp","href":"https:\/\/api.w.org\/{rel}","templated":true}]}}