{"id":403234,"date":"2026-03-09T08:40:01","date_gmt":"2026-03-09T11:40:01","guid":{"rendered":"https:\/\/portaltela.pt\/noticias\/2026\/03\/09\/familia-de-gravida-morta-no-amadora-sintra-presta-declaracoes-na-igas\/"},"modified":"2026-03-09T08:40:01","modified_gmt":"2026-03-09T11:40:01","slug":"familia-de-gravida-morta-no-amadora-sintra-presta-declaracoes-na-igas","status":"publish","type":"post","link":"https:\/\/portaltela.pt\/saude\/2026\/03\/09\/familia-de-gravida-morta-no-amadora-sintra-presta-declaracoes-na-igas\/","title":{"rendered":"Fam\u00edlia de gr\u00e1vida morta no Amadora-Sintra presta declara\u00e7\u00f5es na IGAS"},"content":{"rendered":"<p>A fam\u00edlia de uma gr\u00e1vida que morreu no Amadora-Sintra prestou declara\u00e7\u00f5es na IGAS. O objetivo \u00e9 esclarecer as circunst\u00e2ncias e apoiar o andamento do processo aberto pelo instituto. Este \u00e9 um passo na recolha de informa\u00e7\u00f5es oficiais.<\/p>\n<p>De acordo com fontes ligadas ao caso, as declara\u00e7\u00f5es visam esclarecer o que ocorreu na zona de Amadora-Sintra e as responsabilidades envolvidas. O procedimento est\u00e1 a decorrer no \u00e2mbito da IGAS.<\/p>\n<p>Ainda n\u00e3o foi emitido o relat\u00f3rio da aut\u00f3psia, elemento que impede a conclus\u00e3o do processo. Enquanto isso, a investiga\u00e7\u00e3o continua a coletar informa\u00e7\u00f5es para fundamentar as pr\u00f3ximas decis\u00f5es administrativas e a poss\u00edvel articula\u00e7\u00e3o com outras entidades.<\/p>\n<h3>Descri\u00e7\u00e3o do andamento<\/h3>\n<p>A IGAS explicou que o relat\u00f3rio da aut\u00f3psia \u00e9 necess\u00e1rio para fechar etapas formais do processo. Assim, a entrega do documento poder\u00e1 permitir avan\u00e7ar para fases seguintes da investiga\u00e7\u00e3o. N\u00e3o foram divulgados prazos oficiais.<\/p>\n<p>As declara\u00e7\u00f5es da fam\u00edlia s\u00e3o parte do conjunto de dilig\u00eancias para esclarecer a ocorr\u00eancia. O instituto mant\u00e9m o foco na recolha de elementos t\u00e9cnicos e testemunhais pertinentes ao caso.<\/p>\n","protected":false},"excerpt":{"rendered":"<ul>\n<li>A fam\u00edlia da gr\u00e1vida que morreu no Amadora-Sintra est\u00e1 a prestar declara\u00e7\u00f5es na IGAS.<\/li>\n<li>O processo aberto pela IGAS ainda n\u00e3o est\u00e1 conclu\u00eddo.<\/li>\n<li>A conclus\u00e3o depende do relat\u00f3rio da aut\u00f3psia.<\/li>\n<li>O caso envolve a investiga\u00e7\u00e3o de circunst\u00e2ncias da morte no contexto de uma institui\u00e7\u00e3o de sa\u00fade.<\/li>\n<\/ul>\n","protected":false},"author":2,"featured_media":403236,"comment_status":"closed","ping_status":"closed","sticky":false,"template":"","format":"standard","meta":{"footnotes":""},"categories":[1,6745],"tags":[168,1439,5909,64,2603,215],"class_list":["post-403234","post","type-post","status-publish","format-standard","has-post-thumbnail","hentry","category-noticias","category-saude","tag-administracao-publica","tag-amadora","tag-autopsias","tag-familia","tag-igas","tag-investigacao"],"yoast_head":"<!-- This site is optimized with the Yoast SEO plugin v27.2 - https:\/\/yoast.com\/product\/yoast-seo-wordpress\/ -->\n<title>Fam\u00edlia de gr\u00e1vida morta no Amadora-Sintra presta declara\u00e7\u00f5es na IGAS - Portal Tela Portugal<\/title>\n<meta name=\"robots\" content=\"index, follow, max-snippet:-1, max-image-preview:large, max-video-preview:-1\" \/>\n<meta property=\"og:locale\" content=\"pt_PT\" \/>\n<meta property=\"og:type\" content=\"article\" \/>\n<meta property=\"og:title\" content=\"Fam\u00edlia de gr\u00e1vida morta no Amadora-Sintra presta declara\u00e7\u00f5es na IGAS - Portal Tela Portugal\" \/>\n<meta property=\"og:description\" content=\"A fam\u00edlia da gr\u00e1vida que morreu no Amadora-Sintra est\u00e1 a prestar declara\u00e7\u00f5es na IGAS. O processo aberto pela IGAS ainda n\u00e3o est\u00e1 conclu\u00eddo. A conclus\u00e3o depende do relat\u00f3rio da aut\u00f3psia. O caso envolve a investiga\u00e7\u00e3o de circunst\u00e2ncias da morte no contexto de uma institui\u00e7\u00e3o de sa\u00fade.\" \/>\n<meta property=\"og:url\" content=\"https:\/\/portaltela.pt\/noticias\/2026\/03\/09\/familia-de-gravida-morta-no-amadora-sintra-presta-declaracoes-na-igas\/\" \/>\n<meta property=\"og:site_name\" content=\"Portal Tela Portugal\" \/>\n<meta property=\"article:published_time\" content=\"2026-03-09T11:40:01+00:00\" \/>\n<meta name=\"author\" content=\"Telinha\" \/>\n<meta name=\"twitter:card\" content=\"summary_large_image\" \/>\n<meta name=\"twitter:label1\" content=\"Escrito por\" \/>\n\t<meta name=\"twitter:data1\" content=\"Telinha\" \/>\n\t<meta name=\"twitter:label2\" content=\"Tempo estimado de leitura\" \/>\n\t<meta name=\"twitter:data2\" content=\"1 minuto\" \/>\n<script type=\"application\/ld+json\" class=\"yoast-schema-graph\">{\"@context\":\"https:\/\/schema.org\",\"@graph\":[{\"@type\":\"Article\",\"@id\":\"https:\/\/portaltela.pt\/noticias\/2026\/03\/09\/familia-de-gravida-morta-no-amadora-sintra-presta-declaracoes-na-igas\/#article\",\"isPartOf\":{\"@id\":\"https:\/\/portaltela.pt\/noticias\/2026\/03\/09\/familia-de-gravida-morta-no-amadora-sintra-presta-declaracoes-na-igas\/\"},\"author\":{\"name\":\"Telinha\",\"@id\":\"https:\/\/portaltela.pt\/#\/schema\/person\/c4278d4a6028830caff9ee44b42d32ed\"},\"headline\":\"Fam\u00edlia de gr\u00e1vida morta no Amadora-Sintra presta declara\u00e7\u00f5es na IGAS\",\"datePublished\":\"2026-03-09T11:40:01+00:00\",\"mainEntityOfPage\":{\"@id\":\"https:\/\/portaltela.pt\/noticias\/2026\/03\/09\/familia-de-gravida-morta-no-amadora-sintra-presta-declaracoes-na-igas\/\"},\"wordCount\":210,\"image\":{\"@id\":\"https:\/\/portaltela.pt\/noticias\/2026\/03\/09\/familia-de-gravida-morta-no-amadora-sintra-presta-declaracoes-na-igas\/#primaryimage\"},\"thumbnailUrl\":\"https:\/\/portaltela.pt\/s.01k8rhncp4jt1\/2026\/03\/img_1280x722uu2025-11-02-15-46-03-2244983.jpg\",\"keywords\":[\"administra\u00e7\u00e3o p\u00fablica\",\"Amadora\",\"aut\u00f3psias\",\"fam\u00edlia\",\"IGAS\",\"investiga\u00e7\u00e3o\"],\"articleSection\":[\"Not\u00edcias\",\"Sa\u00fade\"],\"inLanguage\":\"pt-PT\"},{\"@type\":\"WebPage\",\"@id\":\"https:\/\/portaltela.pt\/noticias\/2026\/03\/09\/familia-de-gravida-morta-no-amadora-sintra-presta-declaracoes-na-igas\/\",\"url\":\"https:\/\/portaltela.pt\/noticias\/2026\/03\/09\/familia-de-gravida-morta-no-amadora-sintra-presta-declaracoes-na-igas\/\",\"name\":\"Fam\u00edlia de gr\u00e1vida morta no Amadora-Sintra presta declara\u00e7\u00f5es na IGAS - Portal Tela Portugal\",\"isPartOf\":{\"@id\":\"https:\/\/portaltela.pt\/#website\"},\"primaryImageOfPage\":{\"@id\":\"https:\/\/portaltela.pt\/noticias\/2026\/03\/09\/familia-de-gravida-morta-no-amadora-sintra-presta-declaracoes-na-igas\/#primaryimage\"},\"image\":{\"@id\":\"https:\/\/portaltela.pt\/noticias\/2026\/03\/09\/familia-de-gravida-morta-no-amadora-sintra-presta-declaracoes-na-igas\/#primaryimage\"},\"thumbnailUrl\":\"https:\/\/portaltela.pt\/s.01k8rhncp4jt1\/2026\/03\/img_1280x722uu2025-11-02-15-46-03-2244983.jpg\",\"datePublished\":\"2026-03-09T11:40:01+00:00\",\"author\":{\"@id\":\"https:\/\/portaltela.pt\/#\/schema\/person\/c4278d4a6028830caff9ee44b42d32ed\"},\"breadcrumb\":{\"@id\":\"https:\/\/portaltela.pt\/noticias\/2026\/03\/09\/familia-de-gravida-morta-no-amadora-sintra-presta-declaracoes-na-igas\/#breadcrumb\"},\"inLanguage\":\"pt-PT\",\"potentialAction\":[{\"@type\":\"ReadAction\",\"target\":[\"https:\/\/portaltela.pt\/noticias\/2026\/03\/09\/familia-de-gravida-morta-no-amadora-sintra-presta-declaracoes-na-igas\/\"]}]},{\"@type\":\"ImageObject\",\"inLanguage\":\"pt-PT\",\"@id\":\"https:\/\/portaltela.pt\/noticias\/2026\/03\/09\/familia-de-gravida-morta-no-amadora-sintra-presta-declaracoes-na-igas\/#primaryimage\",\"url\":\"https:\/\/portaltela.pt\/s.01k8rhncp4jt1\/2026\/03\/img_1280x722uu2025-11-02-15-46-03-2244983.jpg\",\"contentUrl\":\"https:\/\/portaltela.pt\/s.01k8rhncp4jt1\/2026\/03\/img_1280x722uu2025-11-02-15-46-03-2244983.jpg\",\"width\":796,\"height\":448,\"caption\":\"Photo\"},{\"@type\":\"BreadcrumbList\",\"@id\":\"https:\/\/portaltela.pt\/noticias\/2026\/03\/09\/familia-de-gravida-morta-no-amadora-sintra-presta-declaracoes-na-igas\/#breadcrumb\",\"itemListElement\":[{\"@type\":\"ListItem\",\"position\":1,\"name\":\"In\u00edcio\",\"item\":\"https:\/\/portaltela.pt\/\"},{\"@type\":\"ListItem\",\"position\":2,\"name\":\"Fam\u00edlia de gr\u00e1vida morta no Amadora-Sintra presta declara\u00e7\u00f5es na IGAS\"}]},{\"@type\":\"WebSite\",\"@id\":\"https:\/\/portaltela.pt\/#website\",\"url\":\"https:\/\/portaltela.pt\/\",\"name\":\"Portal Tela Portugal\",\"description\":\"\",\"potentialAction\":[{\"@type\":\"SearchAction\",\"target\":{\"@type\":\"EntryPoint\",\"urlTemplate\":\"https:\/\/portaltela.pt\/?s={search_term_string}\"},\"query-input\":{\"@type\":\"PropertyValueSpecification\",\"valueRequired\":true,\"valueName\":\"search_term_string\"}}],\"inLanguage\":\"pt-PT\"},{\"@type\":\"Person\",\"@id\":\"https:\/\/portaltela.pt\/#\/schema\/person\/c4278d4a6028830caff9ee44b42d32ed\",\"name\":\"Telinha\",\"image\":{\"@type\":\"ImageObject\",\"inLanguage\":\"pt-PT\",\"@id\":\"https:\/\/portaltela.pt\/s.01k8rhncp4jt1\/2025\/11\/talking-bot-125x125.png\",\"url\":\"https:\/\/portaltela.pt\/s.01k8rhncp4jt1\/2025\/11\/talking-bot-125x125.png\",\"contentUrl\":\"https:\/\/portaltela.pt\/s.01k8rhncp4jt1\/2025\/11\/talking-bot-125x125.png\",\"caption\":\"Telinha\"},\"sameAs\":[\"https:\/\/portaltela.pt\/\"],\"url\":\"https:\/\/portaltela.pt\/por\/367410592786\/\"}]}<\/script>\n<!-- \/ Yoast SEO plugin. -->","yoast_head_json":{"title":"Fam\u00edlia de gr\u00e1vida morta no Amadora-Sintra presta declara\u00e7\u00f5es na IGAS - Portal Tela Portugal","robots":{"index":"index","follow":"follow","max-snippet":"max-snippet:-1","max-image-preview":"max-image-preview:large","max-video-preview":"max-video-preview:-1"},"og_locale":"pt_PT","og_type":"article","og_title":"Fam\u00edlia de gr\u00e1vida morta no Amadora-Sintra presta declara\u00e7\u00f5es na IGAS - Portal Tela Portugal","og_description":"A fam\u00edlia da gr\u00e1vida que morreu no Amadora-Sintra est\u00e1 a prestar declara\u00e7\u00f5es na IGAS. O processo aberto pela IGAS ainda n\u00e3o est\u00e1 conclu\u00eddo. A conclus\u00e3o depende do relat\u00f3rio da aut\u00f3psia. O caso envolve a investiga\u00e7\u00e3o de circunst\u00e2ncias da morte no contexto de uma institui\u00e7\u00e3o de sa\u00fade.","og_url":"https:\/\/portaltela.pt\/noticias\/2026\/03\/09\/familia-de-gravida-morta-no-amadora-sintra-presta-declaracoes-na-igas\/","og_site_name":"Portal Tela Portugal","article_published_time":"2026-03-09T11:40:01+00:00","author":"Telinha","twitter_card":"summary_large_image","twitter_misc":{"Escrito por":"Telinha","Tempo estimado de leitura":"1 minuto"},"schema":{"@context":"https:\/\/schema.org","@graph":[{"@type":"Article","@id":"https:\/\/portaltela.pt\/noticias\/2026\/03\/09\/familia-de-gravida-morta-no-amadora-sintra-presta-declaracoes-na-igas\/#article","isPartOf":{"@id":"https:\/\/portaltela.pt\/noticias\/2026\/03\/09\/familia-de-gravida-morta-no-amadora-sintra-presta-declaracoes-na-igas\/"},"author":{"name":"Telinha","@id":"https:\/\/portaltela.pt\/#\/schema\/person\/c4278d4a6028830caff9ee44b42d32ed"},"headline":"Fam\u00edlia de gr\u00e1vida morta no Amadora-Sintra presta declara\u00e7\u00f5es na IGAS","datePublished":"2026-03-09T11:40:01+00:00","mainEntityOfPage":{"@id":"https:\/\/portaltela.pt\/noticias\/2026\/03\/09\/familia-de-gravida-morta-no-amadora-sintra-presta-declaracoes-na-igas\/"},"wordCount":210,"image":{"@id":"https:\/\/portaltela.pt\/noticias\/2026\/03\/09\/familia-de-gravida-morta-no-amadora-sintra-presta-declaracoes-na-igas\/#primaryimage"},"thumbnailUrl":"https:\/\/portaltela.pt\/s.01k8rhncp4jt1\/2026\/03\/img_1280x722uu2025-11-02-15-46-03-2244983.jpg","keywords":["administra\u00e7\u00e3o p\u00fablica","Amadora","aut\u00f3psias","fam\u00edlia","IGAS","investiga\u00e7\u00e3o"],"articleSection":["Not\u00edcias","Sa\u00fade"],"inLanguage":"pt-PT"},{"@type":"WebPage","@id":"https:\/\/portaltela.pt\/noticias\/2026\/03\/09\/familia-de-gravida-morta-no-amadora-sintra-presta-declaracoes-na-igas\/","url":"https:\/\/portaltela.pt\/noticias\/2026\/03\/09\/familia-de-gravida-morta-no-amadora-sintra-presta-declaracoes-na-igas\/","name":"Fam\u00edlia de gr\u00e1vida morta no Amadora-Sintra presta declara\u00e7\u00f5es na IGAS - Portal Tela Portugal","isPartOf":{"@id":"https:\/\/portaltela.pt\/#website"},"primaryImageOfPage":{"@id":"https:\/\/portaltela.pt\/noticias\/2026\/03\/09\/familia-de-gravida-morta-no-amadora-sintra-presta-declaracoes-na-igas\/#primaryimage"},"image":{"@id":"https:\/\/portaltela.pt\/noticias\/2026\/03\/09\/familia-de-gravida-morta-no-amadora-sintra-presta-declaracoes-na-igas\/#primaryimage"},"thumbnailUrl":"https:\/\/portaltela.pt\/s.01k8rhncp4jt1\/2026\/03\/img_1280x722uu2025-11-02-15-46-03-2244983.jpg","datePublished":"2026-03-09T11:40:01+00:00","author":{"@id":"https:\/\/portaltela.pt\/#\/schema\/person\/c4278d4a6028830caff9ee44b42d32ed"},"breadcrumb":{"@id":"https:\/\/portaltela.pt\/noticias\/2026\/03\/09\/familia-de-gravida-morta-no-amadora-sintra-presta-declaracoes-na-igas\/#breadcrumb"},"inLanguage":"pt-PT","potentialAction":[{"@type":"ReadAction","target":["https:\/\/portaltela.pt\/noticias\/2026\/03\/09\/familia-de-gravida-morta-no-amadora-sintra-presta-declaracoes-na-igas\/"]}]},{"@type":"ImageObject","inLanguage":"pt-PT","@id":"https:\/\/portaltela.pt\/noticias\/2026\/03\/09\/familia-de-gravida-morta-no-amadora-sintra-presta-declaracoes-na-igas\/#primaryimage","url":"https:\/\/portaltela.pt\/s.01k8rhncp4jt1\/2026\/03\/img_1280x722uu2025-11-02-15-46-03-2244983.jpg","contentUrl":"https:\/\/portaltela.pt\/s.01k8rhncp4jt1\/2026\/03\/img_1280x722uu2025-11-02-15-46-03-2244983.jpg","width":796,"height":448,"caption":"Photo"},{"@type":"BreadcrumbList","@id":"https:\/\/portaltela.pt\/noticias\/2026\/03\/09\/familia-de-gravida-morta-no-amadora-sintra-presta-declaracoes-na-igas\/#breadcrumb","itemListElement":[{"@type":"ListItem","position":1,"name":"In\u00edcio","item":"https:\/\/portaltela.pt\/"},{"@type":"ListItem","position":2,"name":"Fam\u00edlia de gr\u00e1vida morta no Amadora-Sintra presta declara\u00e7\u00f5es na IGAS"}]},{"@type":"WebSite","@id":"https:\/\/portaltela.pt\/#website","url":"https:\/\/portaltela.pt\/","name":"Portal Tela Portugal","description":"","potentialAction":[{"@type":"SearchAction","target":{"@type":"EntryPoint","urlTemplate":"https:\/\/portaltela.pt\/?s={search_term_string}"},"query-input":{"@type":"PropertyValueSpecification","valueRequired":true,"valueName":"search_term_string"}}],"inLanguage":"pt-PT"},{"@type":"Person","@id":"https:\/\/portaltela.pt\/#\/schema\/person\/c4278d4a6028830caff9ee44b42d32ed","name":"Telinha","image":{"@type":"ImageObject","inLanguage":"pt-PT","@id":"https:\/\/portaltela.pt\/s.01k8rhncp4jt1\/2025\/11\/talking-bot-125x125.png","url":"https:\/\/portaltela.pt\/s.01k8rhncp4jt1\/2025\/11\/talking-bot-125x125.png","contentUrl":"https:\/\/portaltela.pt\/s.01k8rhncp4jt1\/2025\/11\/talking-bot-125x125.png","caption":"Telinha"},"sameAs":["https:\/\/portaltela.pt\/"],"url":"https:\/\/portaltela.pt\/por\/367410592786\/"}]}},"_links":{"self":[{"href":"https:\/\/portaltela.pt\/api\/wp\/v2\/posts\/403234","targetHints":{"allow":["GET"]}}],"collection":[{"href":"https:\/\/portaltela.pt\/api\/wp\/v2\/posts"}],"about":[{"href":"https:\/\/portaltela.pt\/api\/wp\/v2\/types\/post"}],"author":[{"embeddable":true,"href":"https:\/\/portaltela.pt\/api\/wp\/v2\/users\/2"}],"replies":[{"embeddable":true,"href":"https:\/\/portaltela.pt\/api\/wp\/v2\/comments?post=403234"}],"version-history":[{"count":0,"href":"https:\/\/portaltela.pt\/api\/wp\/v2\/posts\/403234\/revisions"}],"wp:featuredmedia":[{"embeddable":true,"href":"https:\/\/portaltela.pt\/api\/wp\/v2\/media\/403236"}],"wp:attachment":[{"href":"https:\/\/portaltela.pt\/api\/wp\/v2\/media?parent=403234"}],"wp:term":[{"taxonomy":"category","embeddable":true,"href":"https:\/\/portaltela.pt\/api\/wp\/v2\/categories?post=403234"},{"taxonomy":"post_tag","embeddable":true,"href":"https:\/\/portaltela.pt\/api\/wp\/v2\/tags?post=403234"}],"curies":[{"name":"wp","href":"https:\/\/api.w.org\/{rel}","templated":true}]}}