{"id":403227,"date":"2026-03-09T07:27:00","date_gmt":"2026-03-09T10:27:00","guid":{"rendered":"https:\/\/portaltela.pt\/noticias\/2026\/03\/09\/seguro-exige-compromisso-politico-para-portugal-e-estancar-agitacao-eleitoral\/"},"modified":"2026-03-09T07:27:00","modified_gmt":"2026-03-09T10:27:00","slug":"seguro-exige-compromisso-politico-para-portugal-e-estancar-agitacao-eleitoral","status":"publish","type":"post","link":"https:\/\/portaltela.pt\/noticias\/politica\/2026\/03\/09\/seguro-exige-compromisso-politico-para-portugal-e-estancar-agitacao-eleitoral\/","title":{"rendered":"Seguro exige compromisso pol\u00edtico para Portugal e estancar agita\u00e7\u00e3o eleitoral"},"content":{"rendered":"<p>Ant\u00f3nio Jos\u00e9 Seguro foi investido como novo Presidente da Rep\u00fablica de Portugal, na cerim\u00f3nia realizada hoje na Assembleia da Rep\u00fablica. O juramento decorreu \u00e0s 10h25, perante o plen\u00e1rio, seguindo o preceito constitucional.<\/p>\n<p>Seguro prometeu cumprir fielmente as fun\u00e7\u00f5es e defender a Constitui\u00e7\u00e3o. O cargo sucede a Marcelo Rebelo de Sousa, que liderou o pa\u00eds durante uma d\u00e9cada, ap\u00f3s vencer a segunda volta das elei\u00e7\u00f5es presidenciais com 66,84% dos votos, num total superior a 3,5 milh\u00f5es.<\/p>\n<p>O auto de posse foi lido e assinado pelo Presidente da Rep\u00fablica e pelo Presidente da Assembleia da Rep\u00fablica, marcando o in\u00edcio formal do mandato. O novo chefe de Estado ocupou o lugar \u00e0 direita de Aguiar-Branco, com Rebelo de Sousa \u00e0 esquerda.<\/p>\n<h3>Tomada de Posse e juramento<\/h3>\n<p>O momento foi celebrado com um abra\u00e7o entre os dois homens e aplaudido pelos deputados, excetuando-se os deputados do PCP, que permaneceram de p\u00e9. Aguiar-Branco externou votos de sucesso a Seguro e refor\u00e7ou o compromisso institucional da Assembleia na democracia.<\/p>\n<p>Na tribuna, Seguro disse que assume a partir de hoje a honra e a responsabilidade de servir Portugal, para o Pa\u00eds inteiro, incluindo portugueses no estrangeiro. Agradeceu a dedica\u00e7\u00e3o de Rebelo de Sousa, reconhecendo a sua contribui\u00e7\u00e3o nos \u00faltimos 10 anos.<\/p>\n<h3>Discurso e compromissos<\/h3>\n<p>O Presidente eleito revelou que pretende condecorar Rebelo de Sousa com o Grande-Colar da Ordem da Liberdade, numa cerim\u00f3nia ainda hoje. Anunciou a inten\u00e7\u00e3o de manter um perfil pr\u00f3ximo das pessoas, ouvir preocupa\u00e7\u00f5es e exigir responsabilidade aos pol\u00edticos.<\/p>\n<p>Seguro sublinhou que Portugal precisa de um compromisso pol\u00edtico claro e pediu coopera\u00e7\u00e3o entre os partidos, destacando que o Pa\u00eds ganha quando h\u00e1 converg\u00eancia no essencial. Refor\u00e7ou a necessidade de colocar o interesse nacional acima de l\u00f3gicas curtas.<\/p>\n<h3>Presen\u00e7as e encerramento<\/h3>\n<p>A cerim\u00f3nia durou cerca de uma hora, com o hino nacional a encerrar a sess\u00e3o. Entre as presen\u00e7as, estiveram An\u00edbal Cavaco Silva, que assistiu ao evento, enquanto Ramalho Eanes n\u00e3o marcou presen\u00e7a, apenas com a mulher Manuela Eanes.<\/p>\n<p>Ao final, o novo Presidente dirigiu-se ao p\u00fablico presente para agradecer, antes de confirmar o protocolo de continua\u00e7\u00e3o do mandato e o cumprimento das fun\u00e7\u00f5es constitucionais, no \u00e2mbito do jornalismo institucional.<\/p>\n","protected":false},"excerpt":{"rendered":"<ul>\n<li>Ant\u00f3nio Jos\u00e9 Seguro tomou posse como 21.\u00ba Presidente da Rep\u00fablica, jurando perante a Constitui\u00e7\u00e3o \u00e0s 10h25, na Assembleia da Rep\u00fablica.<\/li>\n<li>Seguro venceu a segunda volta das presidenciais com 66,84% dos votos, derrotando Andr\u00e9 Ventura, sucedendo Marcelo Rebelo de Sousa.<\/li>\n<li>Ap\u00f3s o juramento, foi lido o auto de posse; Rebelo de Sousa sentou-se \u00e0 esquerda, Seguro \u00e0 direita, com um abra\u00e7o entre ambos.<\/li>\n<li>Seguro anunciou condecora\u00e7\u00e3o de Marcelo Rebelo de Sousa com o Grande\u2011Colar da Ordem da Liberdade e afirmou querer um Presidente pr\u00f3ximo do povo, exigente com os respons\u00e1veis e preocupado com o interesse nacional.<\/li>\n<li>A cerim\u00f3nia durou cerca de uma hora; Cavaco Silva esteve presente, Ramalho Eanes n\u00e3o assistiu, e Manuela Eanes marcou presen\u00e7a.<\/li>\n<\/ul>\n","protected":false},"author":2,"featured_media":403229,"comment_status":"closed","ping_status":"closed","sticky":false,"template":"","format":"standard","meta":{"footnotes":""},"categories":[1,5],"tags":[6901,4057,6452,2832,1014,30],"class_list":["post-403227","post","type-post","status-publish","format-standard","has-post-thumbnail","hentry","category-noticias","category-politica","tag-anibal-cavaco-silva","tag-constituicao","tag-continuidade-institucional","tag-politica","tag-portugal","tag-presidente"],"yoast_head":"<!-- This site is optimized with the Yoast SEO plugin v27.2 - https:\/\/yoast.com\/product\/yoast-seo-wordpress\/ -->\n<title>Seguro exige compromisso pol\u00edtico para Portugal e estancar agita\u00e7\u00e3o eleitoral - Portal Tela Portugal<\/title>\n<meta name=\"robots\" content=\"index, follow, max-snippet:-1, max-image-preview:large, max-video-preview:-1\" \/>\n<meta property=\"og:locale\" content=\"pt_PT\" \/>\n<meta property=\"og:type\" content=\"article\" \/>\n<meta property=\"og:title\" content=\"Seguro exige compromisso pol\u00edtico para Portugal e estancar agita\u00e7\u00e3o eleitoral - Portal Tela Portugal\" \/>\n<meta property=\"og:description\" content=\"Ant\u00f3nio Jos\u00e9 Seguro tomou posse como 21.\u00ba Presidente da Rep\u00fablica, jurando perante a Constitui\u00e7\u00e3o \u00e0s 10h25, na Assembleia da Rep\u00fablica. Seguro venceu a segunda volta das presidenciais com 66,84% dos votos, derrotando Andr\u00e9 Ventura, sucedendo Marcelo Rebelo de Sousa. Ap\u00f3s o juramento, foi lido o auto de posse; Rebelo de Sousa sentou-se \u00e0 esquerda, Seguro \u00e0 direita, com um abra\u00e7o entre ambos. Seguro anunciou condecora\u00e7\u00e3o de Marcelo Rebelo de Sousa com o Grande\u2011Colar da Ordem da Liberdade e afirmou querer um Presidente pr\u00f3ximo do povo, exigente com os respons\u00e1veis e preocupado com o interesse nacional. A cerim\u00f3nia durou cerca de uma hora; Cavaco Silva esteve presente, Ramalho Eanes n\u00e3o assistiu, e Manuela Eanes marcou presen\u00e7a.\" \/>\n<meta property=\"og:url\" content=\"https:\/\/portaltela.pt\/noticias\/2026\/03\/09\/seguro-exige-compromisso-politico-para-portugal-e-estancar-agitacao-eleitoral\/\" \/>\n<meta property=\"og:site_name\" content=\"Portal Tela Portugal\" \/>\n<meta property=\"article:published_time\" content=\"2026-03-09T10:27:00+00:00\" \/>\n<meta name=\"author\" content=\"Telinha\" \/>\n<meta name=\"twitter:card\" content=\"summary_large_image\" \/>\n<meta name=\"twitter:label1\" content=\"Escrito por\" \/>\n\t<meta name=\"twitter:data1\" content=\"Telinha\" \/>\n\t<meta name=\"twitter:label2\" content=\"Tempo estimado de leitura\" \/>\n\t<meta name=\"twitter:data2\" content=\"2 minutos\" \/>\n<script type=\"application\/ld+json\" class=\"yoast-schema-graph\">{\"@context\":\"https:\/\/schema.org\",\"@graph\":[{\"@type\":\"Article\",\"@id\":\"https:\/\/portaltela.pt\/noticias\/2026\/03\/09\/seguro-exige-compromisso-politico-para-portugal-e-estancar-agitacao-eleitoral\/#article\",\"isPartOf\":{\"@id\":\"https:\/\/portaltela.pt\/noticias\/2026\/03\/09\/seguro-exige-compromisso-politico-para-portugal-e-estancar-agitacao-eleitoral\/\"},\"author\":{\"name\":\"Telinha\",\"@id\":\"https:\/\/portaltela.pt\/#\/schema\/person\/c4278d4a6028830caff9ee44b42d32ed\"},\"headline\":\"Seguro exige compromisso pol\u00edtico para Portugal e estancar agita\u00e7\u00e3o eleitoral\",\"datePublished\":\"2026-03-09T10:27:00+00:00\",\"mainEntityOfPage\":{\"@id\":\"https:\/\/portaltela.pt\/noticias\/2026\/03\/09\/seguro-exige-compromisso-politico-para-portugal-e-estancar-agitacao-eleitoral\/\"},\"wordCount\":403,\"image\":{\"@id\":\"https:\/\/portaltela.pt\/noticias\/2026\/03\/09\/seguro-exige-compromisso-politico-para-portugal-e-estancar-agitacao-eleitoral\/#primaryimage\"},\"thumbnailUrl\":\"https:\/\/portaltela.pt\/s.01k8rhncp4jt1\/2026\/03\/img_1280x721uu2026-03-09-11-23-12-2271260.jpg\",\"keywords\":[\"An\u00edbal Cavaco Silva\",\"constitui\u00e7\u00e3o\",\"continuidade institucional\",\"pol\u00edtica\",\"Portugal\",\"presidente\"],\"articleSection\":[\"Not\u00edcias\",\"Pol\u00edtica\"],\"inLanguage\":\"pt-PT\"},{\"@type\":\"WebPage\",\"@id\":\"https:\/\/portaltela.pt\/noticias\/2026\/03\/09\/seguro-exige-compromisso-politico-para-portugal-e-estancar-agitacao-eleitoral\/\",\"url\":\"https:\/\/portaltela.pt\/noticias\/2026\/03\/09\/seguro-exige-compromisso-politico-para-portugal-e-estancar-agitacao-eleitoral\/\",\"name\":\"Seguro exige compromisso pol\u00edtico para Portugal e estancar agita\u00e7\u00e3o eleitoral - Portal Tela Portugal\",\"isPartOf\":{\"@id\":\"https:\/\/portaltela.pt\/#website\"},\"primaryImageOfPage\":{\"@id\":\"https:\/\/portaltela.pt\/noticias\/2026\/03\/09\/seguro-exige-compromisso-politico-para-portugal-e-estancar-agitacao-eleitoral\/#primaryimage\"},\"image\":{\"@id\":\"https:\/\/portaltela.pt\/noticias\/2026\/03\/09\/seguro-exige-compromisso-politico-para-portugal-e-estancar-agitacao-eleitoral\/#primaryimage\"},\"thumbnailUrl\":\"https:\/\/portaltela.pt\/s.01k8rhncp4jt1\/2026\/03\/img_1280x721uu2026-03-09-11-23-12-2271260.jpg\",\"datePublished\":\"2026-03-09T10:27:00+00:00\",\"author\":{\"@id\":\"https:\/\/portaltela.pt\/#\/schema\/person\/c4278d4a6028830caff9ee44b42d32ed\"},\"breadcrumb\":{\"@id\":\"https:\/\/portaltela.pt\/noticias\/2026\/03\/09\/seguro-exige-compromisso-politico-para-portugal-e-estancar-agitacao-eleitoral\/#breadcrumb\"},\"inLanguage\":\"pt-PT\",\"potentialAction\":[{\"@type\":\"ReadAction\",\"target\":[\"https:\/\/portaltela.pt\/noticias\/2026\/03\/09\/seguro-exige-compromisso-politico-para-portugal-e-estancar-agitacao-eleitoral\/\"]}]},{\"@type\":\"ImageObject\",\"inLanguage\":\"pt-PT\",\"@id\":\"https:\/\/portaltela.pt\/noticias\/2026\/03\/09\/seguro-exige-compromisso-politico-para-portugal-e-estancar-agitacao-eleitoral\/#primaryimage\",\"url\":\"https:\/\/portaltela.pt\/s.01k8rhncp4jt1\/2026\/03\/img_1280x721uu2026-03-09-11-23-12-2271260.jpg\",\"contentUrl\":\"https:\/\/portaltela.pt\/s.01k8rhncp4jt1\/2026\/03\/img_1280x721uu2026-03-09-11-23-12-2271260.jpg\",\"width\":796,\"height\":448,\"caption\":\"Ant\u00f3nio Jos\u00e9 Seguro condecora Marcelo Rebelo de Sousa pela dedica\u00e7\u00e3o a Portugal nos \u00faltimos 10 anos\"},{\"@type\":\"BreadcrumbList\",\"@id\":\"https:\/\/portaltela.pt\/noticias\/2026\/03\/09\/seguro-exige-compromisso-politico-para-portugal-e-estancar-agitacao-eleitoral\/#breadcrumb\",\"itemListElement\":[{\"@type\":\"ListItem\",\"position\":1,\"name\":\"In\u00edcio\",\"item\":\"https:\/\/portaltela.pt\/\"},{\"@type\":\"ListItem\",\"position\":2,\"name\":\"Seguro exige compromisso pol\u00edtico para Portugal e estancar agita\u00e7\u00e3o eleitoral\"}]},{\"@type\":\"WebSite\",\"@id\":\"https:\/\/portaltela.pt\/#website\",\"url\":\"https:\/\/portaltela.pt\/\",\"name\":\"Portal Tela Portugal\",\"description\":\"\",\"potentialAction\":[{\"@type\":\"SearchAction\",\"target\":{\"@type\":\"EntryPoint\",\"urlTemplate\":\"https:\/\/portaltela.pt\/?s={search_term_string}\"},\"query-input\":{\"@type\":\"PropertyValueSpecification\",\"valueRequired\":true,\"valueName\":\"search_term_string\"}}],\"inLanguage\":\"pt-PT\"},{\"@type\":\"Person\",\"@id\":\"https:\/\/portaltela.pt\/#\/schema\/person\/c4278d4a6028830caff9ee44b42d32ed\",\"name\":\"Telinha\",\"image\":{\"@type\":\"ImageObject\",\"inLanguage\":\"pt-PT\",\"@id\":\"https:\/\/portaltela.pt\/s.01k8rhncp4jt1\/2025\/11\/talking-bot-125x125.png\",\"url\":\"https:\/\/portaltela.pt\/s.01k8rhncp4jt1\/2025\/11\/talking-bot-125x125.png\",\"contentUrl\":\"https:\/\/portaltela.pt\/s.01k8rhncp4jt1\/2025\/11\/talking-bot-125x125.png\",\"caption\":\"Telinha\"},\"sameAs\":[\"https:\/\/portaltela.pt\/\"],\"url\":\"https:\/\/portaltela.pt\/por\/367410592786\/\"}]}<\/script>\n<!-- \/ Yoast SEO plugin. -->","yoast_head_json":{"title":"Seguro exige compromisso pol\u00edtico para Portugal e estancar agita\u00e7\u00e3o eleitoral - Portal Tela Portugal","robots":{"index":"index","follow":"follow","max-snippet":"max-snippet:-1","max-image-preview":"max-image-preview:large","max-video-preview":"max-video-preview:-1"},"og_locale":"pt_PT","og_type":"article","og_title":"Seguro exige compromisso pol\u00edtico para Portugal e estancar agita\u00e7\u00e3o eleitoral - Portal Tela Portugal","og_description":"Ant\u00f3nio Jos\u00e9 Seguro tomou posse como 21.\u00ba Presidente da Rep\u00fablica, jurando perante a Constitui\u00e7\u00e3o \u00e0s 10h25, na Assembleia da Rep\u00fablica. Seguro venceu a segunda volta das presidenciais com 66,84% dos votos, derrotando Andr\u00e9 Ventura, sucedendo Marcelo Rebelo de Sousa. Ap\u00f3s o juramento, foi lido o auto de posse; Rebelo de Sousa sentou-se \u00e0 esquerda, Seguro \u00e0 direita, com um abra\u00e7o entre ambos. Seguro anunciou condecora\u00e7\u00e3o de Marcelo Rebelo de Sousa com o Grande\u2011Colar da Ordem da Liberdade e afirmou querer um Presidente pr\u00f3ximo do povo, exigente com os respons\u00e1veis e preocupado com o interesse nacional. A cerim\u00f3nia durou cerca de uma hora; Cavaco Silva esteve presente, Ramalho Eanes n\u00e3o assistiu, e Manuela Eanes marcou presen\u00e7a.","og_url":"https:\/\/portaltela.pt\/noticias\/2026\/03\/09\/seguro-exige-compromisso-politico-para-portugal-e-estancar-agitacao-eleitoral\/","og_site_name":"Portal Tela Portugal","article_published_time":"2026-03-09T10:27:00+00:00","author":"Telinha","twitter_card":"summary_large_image","twitter_misc":{"Escrito por":"Telinha","Tempo estimado de leitura":"2 minutos"},"schema":{"@context":"https:\/\/schema.org","@graph":[{"@type":"Article","@id":"https:\/\/portaltela.pt\/noticias\/2026\/03\/09\/seguro-exige-compromisso-politico-para-portugal-e-estancar-agitacao-eleitoral\/#article","isPartOf":{"@id":"https:\/\/portaltela.pt\/noticias\/2026\/03\/09\/seguro-exige-compromisso-politico-para-portugal-e-estancar-agitacao-eleitoral\/"},"author":{"name":"Telinha","@id":"https:\/\/portaltela.pt\/#\/schema\/person\/c4278d4a6028830caff9ee44b42d32ed"},"headline":"Seguro exige compromisso pol\u00edtico para Portugal e estancar agita\u00e7\u00e3o eleitoral","datePublished":"2026-03-09T10:27:00+00:00","mainEntityOfPage":{"@id":"https:\/\/portaltela.pt\/noticias\/2026\/03\/09\/seguro-exige-compromisso-politico-para-portugal-e-estancar-agitacao-eleitoral\/"},"wordCount":403,"image":{"@id":"https:\/\/portaltela.pt\/noticias\/2026\/03\/09\/seguro-exige-compromisso-politico-para-portugal-e-estancar-agitacao-eleitoral\/#primaryimage"},"thumbnailUrl":"https:\/\/portaltela.pt\/s.01k8rhncp4jt1\/2026\/03\/img_1280x721uu2026-03-09-11-23-12-2271260.jpg","keywords":["An\u00edbal Cavaco Silva","constitui\u00e7\u00e3o","continuidade institucional","pol\u00edtica","Portugal","presidente"],"articleSection":["Not\u00edcias","Pol\u00edtica"],"inLanguage":"pt-PT"},{"@type":"WebPage","@id":"https:\/\/portaltela.pt\/noticias\/2026\/03\/09\/seguro-exige-compromisso-politico-para-portugal-e-estancar-agitacao-eleitoral\/","url":"https:\/\/portaltela.pt\/noticias\/2026\/03\/09\/seguro-exige-compromisso-politico-para-portugal-e-estancar-agitacao-eleitoral\/","name":"Seguro exige compromisso pol\u00edtico para Portugal e estancar agita\u00e7\u00e3o eleitoral - Portal Tela Portugal","isPartOf":{"@id":"https:\/\/portaltela.pt\/#website"},"primaryImageOfPage":{"@id":"https:\/\/portaltela.pt\/noticias\/2026\/03\/09\/seguro-exige-compromisso-politico-para-portugal-e-estancar-agitacao-eleitoral\/#primaryimage"},"image":{"@id":"https:\/\/portaltela.pt\/noticias\/2026\/03\/09\/seguro-exige-compromisso-politico-para-portugal-e-estancar-agitacao-eleitoral\/#primaryimage"},"thumbnailUrl":"https:\/\/portaltela.pt\/s.01k8rhncp4jt1\/2026\/03\/img_1280x721uu2026-03-09-11-23-12-2271260.jpg","datePublished":"2026-03-09T10:27:00+00:00","author":{"@id":"https:\/\/portaltela.pt\/#\/schema\/person\/c4278d4a6028830caff9ee44b42d32ed"},"breadcrumb":{"@id":"https:\/\/portaltela.pt\/noticias\/2026\/03\/09\/seguro-exige-compromisso-politico-para-portugal-e-estancar-agitacao-eleitoral\/#breadcrumb"},"inLanguage":"pt-PT","potentialAction":[{"@type":"ReadAction","target":["https:\/\/portaltela.pt\/noticias\/2026\/03\/09\/seguro-exige-compromisso-politico-para-portugal-e-estancar-agitacao-eleitoral\/"]}]},{"@type":"ImageObject","inLanguage":"pt-PT","@id":"https:\/\/portaltela.pt\/noticias\/2026\/03\/09\/seguro-exige-compromisso-politico-para-portugal-e-estancar-agitacao-eleitoral\/#primaryimage","url":"https:\/\/portaltela.pt\/s.01k8rhncp4jt1\/2026\/03\/img_1280x721uu2026-03-09-11-23-12-2271260.jpg","contentUrl":"https:\/\/portaltela.pt\/s.01k8rhncp4jt1\/2026\/03\/img_1280x721uu2026-03-09-11-23-12-2271260.jpg","width":796,"height":448,"caption":"Ant\u00f3nio Jos\u00e9 Seguro condecora Marcelo Rebelo de Sousa pela dedica\u00e7\u00e3o a Portugal nos \u00faltimos 10 anos"},{"@type":"BreadcrumbList","@id":"https:\/\/portaltela.pt\/noticias\/2026\/03\/09\/seguro-exige-compromisso-politico-para-portugal-e-estancar-agitacao-eleitoral\/#breadcrumb","itemListElement":[{"@type":"ListItem","position":1,"name":"In\u00edcio","item":"https:\/\/portaltela.pt\/"},{"@type":"ListItem","position":2,"name":"Seguro exige compromisso pol\u00edtico para Portugal e estancar agita\u00e7\u00e3o eleitoral"}]},{"@type":"WebSite","@id":"https:\/\/portaltela.pt\/#website","url":"https:\/\/portaltela.pt\/","name":"Portal Tela Portugal","description":"","potentialAction":[{"@type":"SearchAction","target":{"@type":"EntryPoint","urlTemplate":"https:\/\/portaltela.pt\/?s={search_term_string}"},"query-input":{"@type":"PropertyValueSpecification","valueRequired":true,"valueName":"search_term_string"}}],"inLanguage":"pt-PT"},{"@type":"Person","@id":"https:\/\/portaltela.pt\/#\/schema\/person\/c4278d4a6028830caff9ee44b42d32ed","name":"Telinha","image":{"@type":"ImageObject","inLanguage":"pt-PT","@id":"https:\/\/portaltela.pt\/s.01k8rhncp4jt1\/2025\/11\/talking-bot-125x125.png","url":"https:\/\/portaltela.pt\/s.01k8rhncp4jt1\/2025\/11\/talking-bot-125x125.png","contentUrl":"https:\/\/portaltela.pt\/s.01k8rhncp4jt1\/2025\/11\/talking-bot-125x125.png","caption":"Telinha"},"sameAs":["https:\/\/portaltela.pt\/"],"url":"https:\/\/portaltela.pt\/por\/367410592786\/"}]}},"_links":{"self":[{"href":"https:\/\/portaltela.pt\/api\/wp\/v2\/posts\/403227","targetHints":{"allow":["GET"]}}],"collection":[{"href":"https:\/\/portaltela.pt\/api\/wp\/v2\/posts"}],"about":[{"href":"https:\/\/portaltela.pt\/api\/wp\/v2\/types\/post"}],"author":[{"embeddable":true,"href":"https:\/\/portaltela.pt\/api\/wp\/v2\/users\/2"}],"replies":[{"embeddable":true,"href":"https:\/\/portaltela.pt\/api\/wp\/v2\/comments?post=403227"}],"version-history":[{"count":0,"href":"https:\/\/portaltela.pt\/api\/wp\/v2\/posts\/403227\/revisions"}],"wp:featuredmedia":[{"embeddable":true,"href":"https:\/\/portaltela.pt\/api\/wp\/v2\/media\/403229"}],"wp:attachment":[{"href":"https:\/\/portaltela.pt\/api\/wp\/v2\/media?parent=403227"}],"wp:term":[{"taxonomy":"category","embeddable":true,"href":"https:\/\/portaltela.pt\/api\/wp\/v2\/categories?post=403227"},{"taxonomy":"post_tag","embeddable":true,"href":"https:\/\/portaltela.pt\/api\/wp\/v2\/tags?post=403227"}],"curies":[{"name":"wp","href":"https:\/\/api.w.org\/{rel}","templated":true}]}}