{"id":403211,"date":"2026-03-09T08:16:00","date_gmt":"2026-03-09T11:16:00","guid":{"rendered":"https:\/\/portaltela.pt\/noticias\/2026\/03\/09\/esposende-investe-quase-700-mil-euros-em-novos-passadicos-em-ofir\/"},"modified":"2026-03-09T08:16:00","modified_gmt":"2026-03-09T11:16:00","slug":"esposende-investe-quase-700-mil-euros-em-novos-passadicos-em-ofir","status":"publish","type":"post","link":"https:\/\/portaltela.pt\/meio-ambiente\/2026\/03\/09\/esposende-investe-quase-700-mil-euros-em-novos-passadicos-em-ofir\/","title":{"rendered":"Esposende investe quase 700 mil euros em novos passadi\u00e7os em Ofir"},"content":{"rendered":"<p>Esposende vai investir cerca de 700 mil euros na zona de Ofir para instalar novos passadi\u00e7os e percursos naturais no estu\u00e1rio do rio C\u00e1vado. A interven\u00e7\u00e3o prev\u00ea a substitui\u00e7\u00e3o de estruturas e a cria\u00e7\u00e3o de equipamentos de apoio \u00e0 frui\u00e7\u00e3o daquele espacio natural.<\/p>\n<p>Os trabalhos incluem a constru\u00e7\u00e3o de percursos com dois metros de largura sobre o pared\u00e3o de pedra, miradouro, observat\u00f3rio de avifauna e estabiliza\u00e7\u00e3o do talude a jusante da Ponte D. Lu\u00eds Filipe. O objetivo \u00e9 melhorar a biodiversidade e a resili\u00eancia clim\u00e1tica da zona.<\/p>\n<p>A interven\u00e7\u00e3o integra o conjunto de obras na frente costeira e ribeirinha do concelho, com substitui\u00e7\u00e3o integral do piso de v\u00e1rios passadi\u00e7os para refor\u00e7ar a seguran\u00e7a. O prazo de execu\u00e7\u00e3o \u00e9 de quatro meses.<\/p>\n<h3>Detalhes da interven\u00e7\u00e3o<\/h3>\n<p>Al\u00e9m dos percursos, ser\u00e3o criadas tr\u00eas pontes para atravessar zonas alagadas e um miradouro de 4,5 x 6 metros com dois bancos. A plataforma do observat\u00f3rio ter\u00e1 di\u00e2metro de cinco metros e um edif\u00edcio hemisf\u00e9rico, semelhante a um igl\u00f4.<\/p>\n<p>O projeto prev\u00ea tamb\u00e9m um percurso elevado com guardas em corda e um observat\u00f3rio de avifauna, com liga\u00e7\u00e3o a zonas de contacto com o entorno natural. A obra est\u00e1 situada a jusante da Ponte D. Lu\u00eds Filipe.<\/p>\n<h3>Perspectiva de continuidade<\/h3>\n<p>A interven\u00e7\u00e3o pretende valorizar o Parque Natural do Litoral Norte e promover a gest\u00e3o sustent\u00e1vel do estu\u00e1rio. O munic\u00edpio j\u00e1 tem realizado obras similares ao longo da frente costeira e ribeirinha, refor\u00e7ando a seguran\u00e7a e a funcionalidade do espa\u00e7o.<\/p>\n","protected":false},"excerpt":{"rendered":"<ul>\n<li>Esposende investe perto de 700 mil euros na instala\u00e7\u00e3o de novos passadi\u00e7os e percursos naturais no estu\u00e1rio do rio C\u00e1vado, na zona de Ofir.<\/li>\n<li>A obra prev\u00ea a substitui\u00e7\u00e3o das estruturas existentes e a cria\u00e7\u00e3o de miradouro, observat\u00f3rio de avifauna e a estabiliza\u00e7\u00e3o do talude a jusante da Ponte D. Lu\u00eds Filipe, com quatro meses de execu\u00e7\u00e3o.<\/li>\n<li>Os percursos ter\u00e3o dois metros de largura e v\u00e3o ficar sobre o pared\u00e3o de pedra existente, com estacas encaixadas na pedra para proteger o ambiente.<\/li>\n<li>O trajeto incluir\u00e1 passagens elevadas com guarda em corda, tr\u00eas pontes sobre zonas alagadas e uma plataforma circular para o observat\u00f3rio, com cinco metros de di\u00e2metro e um edif\u00edcio hemisf\u00e9rico.<\/li>\n<li>A interven\u00e7\u00e3o faz parte de um conjunto de obras na frente costeira e ribeirinha do munic\u00edpio, visando sustentabilidade ecol\u00f3gica e gest\u00e3o do Parque Natural do Litoral Norte.<\/li>\n<\/ul>\n","protected":false},"author":2,"featured_media":403220,"comment_status":"closed","ping_status":"closed","sticky":false,"template":"","format":"standard","meta":{"footnotes":""},"categories":[6725],"tags":[1701,1545,45,4399,811,169],"class_list":["post-403211","post","type-post","status-publish","format-standard","has-post-thumbnail","hentry","category-meio-ambiente","tag-biodiversidade","tag-esposende","tag-meio-ambiente","tag-paisagens","tag-protecao-ambiental","tag-turismo"],"yoast_head":"<!-- This site is optimized with the Yoast SEO plugin v27.2 - https:\/\/yoast.com\/product\/yoast-seo-wordpress\/ -->\n<title>Esposende investe quase 700 mil euros em novos passadi\u00e7os em Ofir - Portal Tela Portugal<\/title>\n<meta name=\"robots\" content=\"index, follow, max-snippet:-1, max-image-preview:large, max-video-preview:-1\" \/>\n<meta property=\"og:locale\" content=\"pt_PT\" \/>\n<meta property=\"og:type\" content=\"article\" \/>\n<meta property=\"og:title\" content=\"Esposende investe quase 700 mil euros em novos passadi\u00e7os em Ofir - Portal Tela Portugal\" \/>\n<meta property=\"og:description\" content=\"Esposende investe perto de 700 mil euros na instala\u00e7\u00e3o de novos passadi\u00e7os e percursos naturais no estu\u00e1rio do rio C\u00e1vado, na zona de Ofir. A obra prev\u00ea a substitui\u00e7\u00e3o das estruturas existentes e a cria\u00e7\u00e3o de miradouro, observat\u00f3rio de avifauna e a estabiliza\u00e7\u00e3o do talude a jusante da Ponte D. Lu\u00eds Filipe, com quatro meses de execu\u00e7\u00e3o. Os percursos ter\u00e3o dois metros de largura e v\u00e3o ficar sobre o pared\u00e3o de pedra existente, com estacas encaixadas na pedra para proteger o ambiente. O trajeto incluir\u00e1 passagens elevadas com guarda em corda, tr\u00eas pontes sobre zonas alagadas e uma plataforma circular para o observat\u00f3rio, com cinco metros de di\u00e2metro e um edif\u00edcio hemisf\u00e9rico. A interven\u00e7\u00e3o faz parte de um conjunto de obras na frente costeira e ribeirinha do munic\u00edpio, visando sustentabilidade ecol\u00f3gica e gest\u00e3o do Parque Natural do Litoral Norte.\" \/>\n<meta property=\"og:url\" content=\"https:\/\/portaltela.pt\/noticias\/2026\/03\/09\/esposende-investe-quase-700-mil-euros-em-novos-passadicos-em-ofir\/\" \/>\n<meta property=\"og:site_name\" content=\"Portal Tela Portugal\" \/>\n<meta property=\"article:published_time\" content=\"2026-03-09T11:16:00+00:00\" \/>\n<meta name=\"author\" content=\"Telinha\" \/>\n<meta name=\"twitter:card\" content=\"summary_large_image\" \/>\n<meta name=\"twitter:label1\" content=\"Escrito por\" \/>\n\t<meta name=\"twitter:data1\" content=\"Telinha\" \/>\n\t<meta name=\"twitter:label2\" content=\"Tempo estimado de leitura\" \/>\n\t<meta name=\"twitter:data2\" content=\"1 minuto\" \/>\n<script type=\"application\/ld+json\" class=\"yoast-schema-graph\">{\"@context\":\"https:\/\/schema.org\",\"@graph\":[{\"@type\":\"Article\",\"@id\":\"https:\/\/portaltela.pt\/noticias\/2026\/03\/09\/esposende-investe-quase-700-mil-euros-em-novos-passadicos-em-ofir\/#article\",\"isPartOf\":{\"@id\":\"https:\/\/portaltela.pt\/noticias\/2026\/03\/09\/esposende-investe-quase-700-mil-euros-em-novos-passadicos-em-ofir\/\"},\"author\":{\"name\":\"Telinha\",\"@id\":\"https:\/\/portaltela.pt\/#\/schema\/person\/c4278d4a6028830caff9ee44b42d32ed\"},\"headline\":\"Esposende investe quase 700 mil euros em novos passadi\u00e7os em Ofir\",\"datePublished\":\"2026-03-09T11:16:00+00:00\",\"mainEntityOfPage\":{\"@id\":\"https:\/\/portaltela.pt\/noticias\/2026\/03\/09\/esposende-investe-quase-700-mil-euros-em-novos-passadicos-em-ofir\/\"},\"wordCount\":288,\"image\":{\"@id\":\"https:\/\/portaltela.pt\/noticias\/2026\/03\/09\/esposende-investe-quase-700-mil-euros-em-novos-passadicos-em-ofir\/#primaryimage\"},\"thumbnailUrl\":\"https:\/\/portaltela.pt\/s.01k8rhncp4jt1\/2026\/03\/image-563.jpg\",\"keywords\":[\"biodiversidade\",\"Esposende\",\"meio-ambiente\",\"Paisagens\",\"prote\u00e7\u00e3o ambiental\",\"turismo\"],\"articleSection\":[\"Meio Ambiente\"],\"inLanguage\":\"pt-PT\"},{\"@type\":\"WebPage\",\"@id\":\"https:\/\/portaltela.pt\/noticias\/2026\/03\/09\/esposende-investe-quase-700-mil-euros-em-novos-passadicos-em-ofir\/\",\"url\":\"https:\/\/portaltela.pt\/noticias\/2026\/03\/09\/esposende-investe-quase-700-mil-euros-em-novos-passadicos-em-ofir\/\",\"name\":\"Esposende investe quase 700 mil euros em novos passadi\u00e7os em Ofir - Portal Tela Portugal\",\"isPartOf\":{\"@id\":\"https:\/\/portaltela.pt\/#website\"},\"primaryImageOfPage\":{\"@id\":\"https:\/\/portaltela.pt\/noticias\/2026\/03\/09\/esposende-investe-quase-700-mil-euros-em-novos-passadicos-em-ofir\/#primaryimage\"},\"image\":{\"@id\":\"https:\/\/portaltela.pt\/noticias\/2026\/03\/09\/esposende-investe-quase-700-mil-euros-em-novos-passadicos-em-ofir\/#primaryimage\"},\"thumbnailUrl\":\"https:\/\/portaltela.pt\/s.01k8rhncp4jt1\/2026\/03\/image-563.jpg\",\"datePublished\":\"2026-03-09T11:16:00+00:00\",\"author\":{\"@id\":\"https:\/\/portaltela.pt\/#\/schema\/person\/c4278d4a6028830caff9ee44b42d32ed\"},\"breadcrumb\":{\"@id\":\"https:\/\/portaltela.pt\/noticias\/2026\/03\/09\/esposende-investe-quase-700-mil-euros-em-novos-passadicos-em-ofir\/#breadcrumb\"},\"inLanguage\":\"pt-PT\",\"potentialAction\":[{\"@type\":\"ReadAction\",\"target\":[\"https:\/\/portaltela.pt\/noticias\/2026\/03\/09\/esposende-investe-quase-700-mil-euros-em-novos-passadicos-em-ofir\/\"]}]},{\"@type\":\"ImageObject\",\"inLanguage\":\"pt-PT\",\"@id\":\"https:\/\/portaltela.pt\/noticias\/2026\/03\/09\/esposende-investe-quase-700-mil-euros-em-novos-passadicos-em-ofir\/#primaryimage\",\"url\":\"https:\/\/portaltela.pt\/s.01k8rhncp4jt1\/2026\/03\/image-563.jpg\",\"contentUrl\":\"https:\/\/portaltela.pt\/s.01k8rhncp4jt1\/2026\/03\/image-563.jpg\",\"width\":796,\"height\":448,\"caption\":\"Foto: DR\/Munic\u00edpio de Esposende\"},{\"@type\":\"BreadcrumbList\",\"@id\":\"https:\/\/portaltela.pt\/noticias\/2026\/03\/09\/esposende-investe-quase-700-mil-euros-em-novos-passadicos-em-ofir\/#breadcrumb\",\"itemListElement\":[{\"@type\":\"ListItem\",\"position\":1,\"name\":\"In\u00edcio\",\"item\":\"https:\/\/portaltela.pt\/\"},{\"@type\":\"ListItem\",\"position\":2,\"name\":\"Esposende investe quase 700 mil euros em novos passadi\u00e7os em Ofir\"}]},{\"@type\":\"WebSite\",\"@id\":\"https:\/\/portaltela.pt\/#website\",\"url\":\"https:\/\/portaltela.pt\/\",\"name\":\"Portal Tela Portugal\",\"description\":\"\",\"potentialAction\":[{\"@type\":\"SearchAction\",\"target\":{\"@type\":\"EntryPoint\",\"urlTemplate\":\"https:\/\/portaltela.pt\/?s={search_term_string}\"},\"query-input\":{\"@type\":\"PropertyValueSpecification\",\"valueRequired\":true,\"valueName\":\"search_term_string\"}}],\"inLanguage\":\"pt-PT\"},{\"@type\":\"Person\",\"@id\":\"https:\/\/portaltela.pt\/#\/schema\/person\/c4278d4a6028830caff9ee44b42d32ed\",\"name\":\"Telinha\",\"image\":{\"@type\":\"ImageObject\",\"inLanguage\":\"pt-PT\",\"@id\":\"https:\/\/portaltela.pt\/s.01k8rhncp4jt1\/2025\/11\/talking-bot-125x125.png\",\"url\":\"https:\/\/portaltela.pt\/s.01k8rhncp4jt1\/2025\/11\/talking-bot-125x125.png\",\"contentUrl\":\"https:\/\/portaltela.pt\/s.01k8rhncp4jt1\/2025\/11\/talking-bot-125x125.png\",\"caption\":\"Telinha\"},\"sameAs\":[\"https:\/\/portaltela.pt\/\"],\"url\":\"https:\/\/portaltela.pt\/por\/367410592786\/\"}]}<\/script>\n<!-- \/ Yoast SEO plugin. -->","yoast_head_json":{"title":"Esposende investe quase 700 mil euros em novos passadi\u00e7os em Ofir - Portal Tela Portugal","robots":{"index":"index","follow":"follow","max-snippet":"max-snippet:-1","max-image-preview":"max-image-preview:large","max-video-preview":"max-video-preview:-1"},"og_locale":"pt_PT","og_type":"article","og_title":"Esposende investe quase 700 mil euros em novos passadi\u00e7os em Ofir - Portal Tela Portugal","og_description":"Esposende investe perto de 700 mil euros na instala\u00e7\u00e3o de novos passadi\u00e7os e percursos naturais no estu\u00e1rio do rio C\u00e1vado, na zona de Ofir. A obra prev\u00ea a substitui\u00e7\u00e3o das estruturas existentes e a cria\u00e7\u00e3o de miradouro, observat\u00f3rio de avifauna e a estabiliza\u00e7\u00e3o do talude a jusante da Ponte D. Lu\u00eds Filipe, com quatro meses de execu\u00e7\u00e3o. Os percursos ter\u00e3o dois metros de largura e v\u00e3o ficar sobre o pared\u00e3o de pedra existente, com estacas encaixadas na pedra para proteger o ambiente. O trajeto incluir\u00e1 passagens elevadas com guarda em corda, tr\u00eas pontes sobre zonas alagadas e uma plataforma circular para o observat\u00f3rio, com cinco metros de di\u00e2metro e um edif\u00edcio hemisf\u00e9rico. A interven\u00e7\u00e3o faz parte de um conjunto de obras na frente costeira e ribeirinha do munic\u00edpio, visando sustentabilidade ecol\u00f3gica e gest\u00e3o do Parque Natural do Litoral Norte.","og_url":"https:\/\/portaltela.pt\/noticias\/2026\/03\/09\/esposende-investe-quase-700-mil-euros-em-novos-passadicos-em-ofir\/","og_site_name":"Portal Tela Portugal","article_published_time":"2026-03-09T11:16:00+00:00","author":"Telinha","twitter_card":"summary_large_image","twitter_misc":{"Escrito por":"Telinha","Tempo estimado de leitura":"1 minuto"},"schema":{"@context":"https:\/\/schema.org","@graph":[{"@type":"Article","@id":"https:\/\/portaltela.pt\/noticias\/2026\/03\/09\/esposende-investe-quase-700-mil-euros-em-novos-passadicos-em-ofir\/#article","isPartOf":{"@id":"https:\/\/portaltela.pt\/noticias\/2026\/03\/09\/esposende-investe-quase-700-mil-euros-em-novos-passadicos-em-ofir\/"},"author":{"name":"Telinha","@id":"https:\/\/portaltela.pt\/#\/schema\/person\/c4278d4a6028830caff9ee44b42d32ed"},"headline":"Esposende investe quase 700 mil euros em novos passadi\u00e7os em Ofir","datePublished":"2026-03-09T11:16:00+00:00","mainEntityOfPage":{"@id":"https:\/\/portaltela.pt\/noticias\/2026\/03\/09\/esposende-investe-quase-700-mil-euros-em-novos-passadicos-em-ofir\/"},"wordCount":288,"image":{"@id":"https:\/\/portaltela.pt\/noticias\/2026\/03\/09\/esposende-investe-quase-700-mil-euros-em-novos-passadicos-em-ofir\/#primaryimage"},"thumbnailUrl":"https:\/\/portaltela.pt\/s.01k8rhncp4jt1\/2026\/03\/image-563.jpg","keywords":["biodiversidade","Esposende","meio-ambiente","Paisagens","prote\u00e7\u00e3o ambiental","turismo"],"articleSection":["Meio Ambiente"],"inLanguage":"pt-PT"},{"@type":"WebPage","@id":"https:\/\/portaltela.pt\/noticias\/2026\/03\/09\/esposende-investe-quase-700-mil-euros-em-novos-passadicos-em-ofir\/","url":"https:\/\/portaltela.pt\/noticias\/2026\/03\/09\/esposende-investe-quase-700-mil-euros-em-novos-passadicos-em-ofir\/","name":"Esposende investe quase 700 mil euros em novos passadi\u00e7os em Ofir - Portal Tela Portugal","isPartOf":{"@id":"https:\/\/portaltela.pt\/#website"},"primaryImageOfPage":{"@id":"https:\/\/portaltela.pt\/noticias\/2026\/03\/09\/esposende-investe-quase-700-mil-euros-em-novos-passadicos-em-ofir\/#primaryimage"},"image":{"@id":"https:\/\/portaltela.pt\/noticias\/2026\/03\/09\/esposende-investe-quase-700-mil-euros-em-novos-passadicos-em-ofir\/#primaryimage"},"thumbnailUrl":"https:\/\/portaltela.pt\/s.01k8rhncp4jt1\/2026\/03\/image-563.jpg","datePublished":"2026-03-09T11:16:00+00:00","author":{"@id":"https:\/\/portaltela.pt\/#\/schema\/person\/c4278d4a6028830caff9ee44b42d32ed"},"breadcrumb":{"@id":"https:\/\/portaltela.pt\/noticias\/2026\/03\/09\/esposende-investe-quase-700-mil-euros-em-novos-passadicos-em-ofir\/#breadcrumb"},"inLanguage":"pt-PT","potentialAction":[{"@type":"ReadAction","target":["https:\/\/portaltela.pt\/noticias\/2026\/03\/09\/esposende-investe-quase-700-mil-euros-em-novos-passadicos-em-ofir\/"]}]},{"@type":"ImageObject","inLanguage":"pt-PT","@id":"https:\/\/portaltela.pt\/noticias\/2026\/03\/09\/esposende-investe-quase-700-mil-euros-em-novos-passadicos-em-ofir\/#primaryimage","url":"https:\/\/portaltela.pt\/s.01k8rhncp4jt1\/2026\/03\/image-563.jpg","contentUrl":"https:\/\/portaltela.pt\/s.01k8rhncp4jt1\/2026\/03\/image-563.jpg","width":796,"height":448,"caption":"Foto: DR\/Munic\u00edpio de Esposende"},{"@type":"BreadcrumbList","@id":"https:\/\/portaltela.pt\/noticias\/2026\/03\/09\/esposende-investe-quase-700-mil-euros-em-novos-passadicos-em-ofir\/#breadcrumb","itemListElement":[{"@type":"ListItem","position":1,"name":"In\u00edcio","item":"https:\/\/portaltela.pt\/"},{"@type":"ListItem","position":2,"name":"Esposende investe quase 700 mil euros em novos passadi\u00e7os em Ofir"}]},{"@type":"WebSite","@id":"https:\/\/portaltela.pt\/#website","url":"https:\/\/portaltela.pt\/","name":"Portal Tela Portugal","description":"","potentialAction":[{"@type":"SearchAction","target":{"@type":"EntryPoint","urlTemplate":"https:\/\/portaltela.pt\/?s={search_term_string}"},"query-input":{"@type":"PropertyValueSpecification","valueRequired":true,"valueName":"search_term_string"}}],"inLanguage":"pt-PT"},{"@type":"Person","@id":"https:\/\/portaltela.pt\/#\/schema\/person\/c4278d4a6028830caff9ee44b42d32ed","name":"Telinha","image":{"@type":"ImageObject","inLanguage":"pt-PT","@id":"https:\/\/portaltela.pt\/s.01k8rhncp4jt1\/2025\/11\/talking-bot-125x125.png","url":"https:\/\/portaltela.pt\/s.01k8rhncp4jt1\/2025\/11\/talking-bot-125x125.png","contentUrl":"https:\/\/portaltela.pt\/s.01k8rhncp4jt1\/2025\/11\/talking-bot-125x125.png","caption":"Telinha"},"sameAs":["https:\/\/portaltela.pt\/"],"url":"https:\/\/portaltela.pt\/por\/367410592786\/"}]}},"_links":{"self":[{"href":"https:\/\/portaltela.pt\/api\/wp\/v2\/posts\/403211","targetHints":{"allow":["GET"]}}],"collection":[{"href":"https:\/\/portaltela.pt\/api\/wp\/v2\/posts"}],"about":[{"href":"https:\/\/portaltela.pt\/api\/wp\/v2\/types\/post"}],"author":[{"embeddable":true,"href":"https:\/\/portaltela.pt\/api\/wp\/v2\/users\/2"}],"replies":[{"embeddable":true,"href":"https:\/\/portaltela.pt\/api\/wp\/v2\/comments?post=403211"}],"version-history":[{"count":0,"href":"https:\/\/portaltela.pt\/api\/wp\/v2\/posts\/403211\/revisions"}],"wp:featuredmedia":[{"embeddable":true,"href":"https:\/\/portaltela.pt\/api\/wp\/v2\/media\/403220"}],"wp:attachment":[{"href":"https:\/\/portaltela.pt\/api\/wp\/v2\/media?parent=403211"}],"wp:term":[{"taxonomy":"category","embeddable":true,"href":"https:\/\/portaltela.pt\/api\/wp\/v2\/categories?post=403211"},{"taxonomy":"post_tag","embeddable":true,"href":"https:\/\/portaltela.pt\/api\/wp\/v2\/tags?post=403211"}],"curies":[{"name":"wp","href":"https:\/\/api.w.org\/{rel}","templated":true}]}}