{"id":403180,"date":"2026-03-09T08:13:33","date_gmt":"2026-03-09T11:13:33","guid":{"rendered":"https:\/\/portaltela.pt\/noticias\/2026\/03\/09\/laporta-responde-a-xavi-e-diz-que-flick-vence-com-os-mesmos-jogadores\/"},"modified":"2026-03-09T08:13:33","modified_gmt":"2026-03-09T11:13:33","slug":"laporta-responde-a-xavi-e-diz-que-flick-vence-com-os-mesmos-jogadores","status":"publish","type":"post","link":"https:\/\/portaltela.pt\/desporto\/futebol\/2026\/03\/09\/laporta-responde-a-xavi-e-diz-que-flick-vence-com-os-mesmos-jogadores\/","title":{"rendered":"Laporta responde a Xavi e diz que Flick vence com os mesmos jogadores"},"content":{"rendered":"<p>O presidente do Barcelona, Joan Laporta, respondeu nesta segunda-feira \u00e0s cr\u00edticas de Xavi Hern\u00e1ndez, feitas numa entrevista ao La Vanguardia. O di\u00e1logo ocorreu no \u00e2mbito do primeiro debate entre candidatos \u00e0 presid\u00eancia, em Barcelona, durante as elei\u00e7\u00f5es da institui\u00e7\u00e3o.<\/p>\n<p>Xavi acusou Laporta de mentir sobre o seu despedimento e sobre obst\u00e1culos ao regresso de Lionel Messi ao clube em 2023. O treinador afirmou sentir-se magoado e questionou as decis\u00f5es de gest\u00e3o que, na sua vis\u00e3o, teriam condicionado o desempenho da equipa.<\/p>\n<p>Laporta afirmou ter ficado surpreendido e disse que gerir o Bar\u00e7a exige escolhas dif\u00edceis. Alegou que, com Xavi ao leme, o clube estaria a perder, e que Lionel Messi poderia n\u00e3o ter regressado. Acusou Xavi de ter sido utilizado para prejudicar o seu mandato. Tamb\u00e9m mencionou que Alejandro Echevarr\u00eda e Rafa Yuste defenderam Xavi.<\/p>\n","protected":false},"excerpt":{"rendered":"<ul>\n<li>As elei\u00e7\u00f5es para a presid\u00eancia do Barcelona est\u00e3o em destaque, com o primeiro debate entre Joan Laporta e Victor Font marcado para esta segunda-feira.<\/li>\n<li>Laporta reagiu \u00e0s palavras de Xavi, dizendo ter ficado magoado com as acusa\u00e7\u00f5es do ex-treinador em entrevista ao La Vanguardia.<\/li>\n<li>Xavi acusou Laporta de mentir sobre o seu despedimento e de ter impedido o regresso de Lionel Messi \u00e0 Catalunha em 2023.<\/li>\n<li>O presidente em fun\u00e7\u00f5es afirmou que, com os mesmos jogadores, Xavi perderia e que Flick est\u00e1 a vencer, acrescentando que Xavi foi usado para o prejudicar.<\/li>\n<li>Laporta acusou V\u00edctor Font de estar por tr\u00e1s das cr\u00edticas de Xavi, defendendo os vice-presidentes Alejandro Echevarr\u00eda e Rafa Yuste, que teriam defendido Xavi.<\/li>\n<\/ul>\n","protected":false},"author":2,"featured_media":403187,"comment_status":"closed","ping_status":"closed","sticky":false,"template":"","format":"standard","meta":{"footnotes":""},"categories":[21,24],"tags":[32,2415,1789,3550,30,2384],"class_list":["post-403180","post","type-post","status-publish","format-standard","has-post-thumbnail","hentry","category-desporto","category-futebol","tag-futebol","tag-gestao","tag-la-liga","tag-messi","tag-presidente","tag-xavi"],"yoast_head":"<!-- This site is optimized with the Yoast SEO plugin v27.2 - https:\/\/yoast.com\/product\/yoast-seo-wordpress\/ -->\n<title>Laporta responde a Xavi e diz que Flick vence com os mesmos jogadores - Portal Tela Portugal<\/title>\n<meta name=\"robots\" content=\"index, follow, max-snippet:-1, max-image-preview:large, max-video-preview:-1\" \/>\n<meta property=\"og:locale\" content=\"pt_PT\" \/>\n<meta property=\"og:type\" content=\"article\" \/>\n<meta property=\"og:title\" content=\"Laporta responde a Xavi e diz que Flick vence com os mesmos jogadores - Portal Tela Portugal\" \/>\n<meta property=\"og:description\" content=\"As elei\u00e7\u00f5es para a presid\u00eancia do Barcelona est\u00e3o em destaque, com o primeiro debate entre Joan Laporta e Victor Font marcado para esta segunda-feira. Laporta reagiu \u00e0s palavras de Xavi, dizendo ter ficado magoado com as acusa\u00e7\u00f5es do ex-treinador em entrevista ao La Vanguardia. Xavi acusou Laporta de mentir sobre o seu despedimento e de ter impedido o regresso de Lionel Messi \u00e0 Catalunha em 2023. O presidente em fun\u00e7\u00f5es afirmou que, com os mesmos jogadores, Xavi perderia e que Flick est\u00e1 a vencer, acrescentando que Xavi foi usado para o prejudicar. Laporta acusou V\u00edctor Font de estar por tr\u00e1s das cr\u00edticas de Xavi, defendendo os vice-presidentes Alejandro Echevarr\u00eda e Rafa Yuste, que teriam defendido Xavi.\" \/>\n<meta property=\"og:url\" content=\"https:\/\/portaltela.pt\/noticias\/2026\/03\/09\/laporta-responde-a-xavi-e-diz-que-flick-vence-com-os-mesmos-jogadores\/\" \/>\n<meta property=\"og:site_name\" content=\"Portal Tela Portugal\" \/>\n<meta property=\"article:published_time\" content=\"2026-03-09T11:13:33+00:00\" \/>\n<meta name=\"author\" content=\"Telinha\" \/>\n<meta name=\"twitter:card\" content=\"summary_large_image\" \/>\n<meta name=\"twitter:label1\" content=\"Escrito por\" \/>\n\t<meta name=\"twitter:data1\" content=\"Telinha\" \/>\n\t<meta name=\"twitter:label2\" content=\"Tempo estimado de leitura\" \/>\n\t<meta name=\"twitter:data2\" content=\"1 minuto\" \/>\n<script type=\"application\/ld+json\" class=\"yoast-schema-graph\">{\"@context\":\"https:\/\/schema.org\",\"@graph\":[{\"@type\":\"Article\",\"@id\":\"https:\/\/portaltela.pt\/noticias\/2026\/03\/09\/laporta-responde-a-xavi-e-diz-que-flick-vence-com-os-mesmos-jogadores\/#article\",\"isPartOf\":{\"@id\":\"https:\/\/portaltela.pt\/noticias\/2026\/03\/09\/laporta-responde-a-xavi-e-diz-que-flick-vence-com-os-mesmos-jogadores\/\"},\"author\":{\"name\":\"Telinha\",\"@id\":\"https:\/\/portaltela.pt\/#\/schema\/person\/c4278d4a6028830caff9ee44b42d32ed\"},\"headline\":\"Laporta responde a Xavi e diz que Flick vence com os mesmos jogadores\",\"datePublished\":\"2026-03-09T11:13:33+00:00\",\"mainEntityOfPage\":{\"@id\":\"https:\/\/portaltela.pt\/noticias\/2026\/03\/09\/laporta-responde-a-xavi-e-diz-que-flick-vence-com-os-mesmos-jogadores\/\"},\"wordCount\":161,\"image\":{\"@id\":\"https:\/\/portaltela.pt\/noticias\/2026\/03\/09\/laporta-responde-a-xavi-e-diz-que-flick-vence-com-os-mesmos-jogadores\/#primaryimage\"},\"thumbnailUrl\":\"https:\/\/portaltela.pt\/s.01k8rhncp4jt1\/2026\/03\/img_920x518uu2025-12-16-16-42-11-2409508.jpg\",\"keywords\":[\"futebol\",\"gest\u00e3o\",\"La Liga\",\"Messi\",\"presidente\",\"Xavi\"],\"articleSection\":[\"Desporto\",\"Futebol\"],\"inLanguage\":\"pt-PT\"},{\"@type\":\"WebPage\",\"@id\":\"https:\/\/portaltela.pt\/noticias\/2026\/03\/09\/laporta-responde-a-xavi-e-diz-que-flick-vence-com-os-mesmos-jogadores\/\",\"url\":\"https:\/\/portaltela.pt\/noticias\/2026\/03\/09\/laporta-responde-a-xavi-e-diz-que-flick-vence-com-os-mesmos-jogadores\/\",\"name\":\"Laporta responde a Xavi e diz que Flick vence com os mesmos jogadores - Portal Tela Portugal\",\"isPartOf\":{\"@id\":\"https:\/\/portaltela.pt\/#website\"},\"primaryImageOfPage\":{\"@id\":\"https:\/\/portaltela.pt\/noticias\/2026\/03\/09\/laporta-responde-a-xavi-e-diz-que-flick-vence-com-os-mesmos-jogadores\/#primaryimage\"},\"image\":{\"@id\":\"https:\/\/portaltela.pt\/noticias\/2026\/03\/09\/laporta-responde-a-xavi-e-diz-que-flick-vence-com-os-mesmos-jogadores\/#primaryimage\"},\"thumbnailUrl\":\"https:\/\/portaltela.pt\/s.01k8rhncp4jt1\/2026\/03\/img_920x518uu2025-12-16-16-42-11-2409508.jpg\",\"datePublished\":\"2026-03-09T11:13:33+00:00\",\"author\":{\"@id\":\"https:\/\/portaltela.pt\/#\/schema\/person\/c4278d4a6028830caff9ee44b42d32ed\"},\"breadcrumb\":{\"@id\":\"https:\/\/portaltela.pt\/noticias\/2026\/03\/09\/laporta-responde-a-xavi-e-diz-que-flick-vence-com-os-mesmos-jogadores\/#breadcrumb\"},\"inLanguage\":\"pt-PT\",\"potentialAction\":[{\"@type\":\"ReadAction\",\"target\":[\"https:\/\/portaltela.pt\/noticias\/2026\/03\/09\/laporta-responde-a-xavi-e-diz-que-flick-vence-com-os-mesmos-jogadores\/\"]}]},{\"@type\":\"ImageObject\",\"inLanguage\":\"pt-PT\",\"@id\":\"https:\/\/portaltela.pt\/noticias\/2026\/03\/09\/laporta-responde-a-xavi-e-diz-que-flick-vence-com-os-mesmos-jogadores\/#primaryimage\",\"url\":\"https:\/\/portaltela.pt\/s.01k8rhncp4jt1\/2026\/03\/img_920x518uu2025-12-16-16-42-11-2409508.jpg\",\"contentUrl\":\"https:\/\/portaltela.pt\/s.01k8rhncp4jt1\/2026\/03\/img_920x518uu2025-12-16-16-42-11-2409508.jpg\",\"width\":796,\"height\":448,\"caption\":\"Joan Laporta fala aos adeptos cul\u00e9s\"},{\"@type\":\"BreadcrumbList\",\"@id\":\"https:\/\/portaltela.pt\/noticias\/2026\/03\/09\/laporta-responde-a-xavi-e-diz-que-flick-vence-com-os-mesmos-jogadores\/#breadcrumb\",\"itemListElement\":[{\"@type\":\"ListItem\",\"position\":1,\"name\":\"In\u00edcio\",\"item\":\"https:\/\/portaltela.pt\/\"},{\"@type\":\"ListItem\",\"position\":2,\"name\":\"Laporta responde a Xavi e diz que Flick vence com os mesmos jogadores\"}]},{\"@type\":\"WebSite\",\"@id\":\"https:\/\/portaltela.pt\/#website\",\"url\":\"https:\/\/portaltela.pt\/\",\"name\":\"Portal Tela Portugal\",\"description\":\"\",\"potentialAction\":[{\"@type\":\"SearchAction\",\"target\":{\"@type\":\"EntryPoint\",\"urlTemplate\":\"https:\/\/portaltela.pt\/?s={search_term_string}\"},\"query-input\":{\"@type\":\"PropertyValueSpecification\",\"valueRequired\":true,\"valueName\":\"search_term_string\"}}],\"inLanguage\":\"pt-PT\"},{\"@type\":\"Person\",\"@id\":\"https:\/\/portaltela.pt\/#\/schema\/person\/c4278d4a6028830caff9ee44b42d32ed\",\"name\":\"Telinha\",\"image\":{\"@type\":\"ImageObject\",\"inLanguage\":\"pt-PT\",\"@id\":\"https:\/\/portaltela.pt\/s.01k8rhncp4jt1\/2025\/11\/talking-bot-125x125.png\",\"url\":\"https:\/\/portaltela.pt\/s.01k8rhncp4jt1\/2025\/11\/talking-bot-125x125.png\",\"contentUrl\":\"https:\/\/portaltela.pt\/s.01k8rhncp4jt1\/2025\/11\/talking-bot-125x125.png\",\"caption\":\"Telinha\"},\"sameAs\":[\"https:\/\/portaltela.pt\/\"],\"url\":\"https:\/\/portaltela.pt\/por\/367410592786\/\"}]}<\/script>\n<!-- \/ Yoast SEO plugin. -->","yoast_head_json":{"title":"Laporta responde a Xavi e diz que Flick vence com os mesmos jogadores - Portal Tela Portugal","robots":{"index":"index","follow":"follow","max-snippet":"max-snippet:-1","max-image-preview":"max-image-preview:large","max-video-preview":"max-video-preview:-1"},"og_locale":"pt_PT","og_type":"article","og_title":"Laporta responde a Xavi e diz que Flick vence com os mesmos jogadores - Portal Tela Portugal","og_description":"As elei\u00e7\u00f5es para a presid\u00eancia do Barcelona est\u00e3o em destaque, com o primeiro debate entre Joan Laporta e Victor Font marcado para esta segunda-feira. Laporta reagiu \u00e0s palavras de Xavi, dizendo ter ficado magoado com as acusa\u00e7\u00f5es do ex-treinador em entrevista ao La Vanguardia. Xavi acusou Laporta de mentir sobre o seu despedimento e de ter impedido o regresso de Lionel Messi \u00e0 Catalunha em 2023. O presidente em fun\u00e7\u00f5es afirmou que, com os mesmos jogadores, Xavi perderia e que Flick est\u00e1 a vencer, acrescentando que Xavi foi usado para o prejudicar. Laporta acusou V\u00edctor Font de estar por tr\u00e1s das cr\u00edticas de Xavi, defendendo os vice-presidentes Alejandro Echevarr\u00eda e Rafa Yuste, que teriam defendido Xavi.","og_url":"https:\/\/portaltela.pt\/noticias\/2026\/03\/09\/laporta-responde-a-xavi-e-diz-que-flick-vence-com-os-mesmos-jogadores\/","og_site_name":"Portal Tela Portugal","article_published_time":"2026-03-09T11:13:33+00:00","author":"Telinha","twitter_card":"summary_large_image","twitter_misc":{"Escrito por":"Telinha","Tempo estimado de leitura":"1 minuto"},"schema":{"@context":"https:\/\/schema.org","@graph":[{"@type":"Article","@id":"https:\/\/portaltela.pt\/noticias\/2026\/03\/09\/laporta-responde-a-xavi-e-diz-que-flick-vence-com-os-mesmos-jogadores\/#article","isPartOf":{"@id":"https:\/\/portaltela.pt\/noticias\/2026\/03\/09\/laporta-responde-a-xavi-e-diz-que-flick-vence-com-os-mesmos-jogadores\/"},"author":{"name":"Telinha","@id":"https:\/\/portaltela.pt\/#\/schema\/person\/c4278d4a6028830caff9ee44b42d32ed"},"headline":"Laporta responde a Xavi e diz que Flick vence com os mesmos jogadores","datePublished":"2026-03-09T11:13:33+00:00","mainEntityOfPage":{"@id":"https:\/\/portaltela.pt\/noticias\/2026\/03\/09\/laporta-responde-a-xavi-e-diz-que-flick-vence-com-os-mesmos-jogadores\/"},"wordCount":161,"image":{"@id":"https:\/\/portaltela.pt\/noticias\/2026\/03\/09\/laporta-responde-a-xavi-e-diz-que-flick-vence-com-os-mesmos-jogadores\/#primaryimage"},"thumbnailUrl":"https:\/\/portaltela.pt\/s.01k8rhncp4jt1\/2026\/03\/img_920x518uu2025-12-16-16-42-11-2409508.jpg","keywords":["futebol","gest\u00e3o","La Liga","Messi","presidente","Xavi"],"articleSection":["Desporto","Futebol"],"inLanguage":"pt-PT"},{"@type":"WebPage","@id":"https:\/\/portaltela.pt\/noticias\/2026\/03\/09\/laporta-responde-a-xavi-e-diz-que-flick-vence-com-os-mesmos-jogadores\/","url":"https:\/\/portaltela.pt\/noticias\/2026\/03\/09\/laporta-responde-a-xavi-e-diz-que-flick-vence-com-os-mesmos-jogadores\/","name":"Laporta responde a Xavi e diz que Flick vence com os mesmos jogadores - Portal Tela Portugal","isPartOf":{"@id":"https:\/\/portaltela.pt\/#website"},"primaryImageOfPage":{"@id":"https:\/\/portaltela.pt\/noticias\/2026\/03\/09\/laporta-responde-a-xavi-e-diz-que-flick-vence-com-os-mesmos-jogadores\/#primaryimage"},"image":{"@id":"https:\/\/portaltela.pt\/noticias\/2026\/03\/09\/laporta-responde-a-xavi-e-diz-que-flick-vence-com-os-mesmos-jogadores\/#primaryimage"},"thumbnailUrl":"https:\/\/portaltela.pt\/s.01k8rhncp4jt1\/2026\/03\/img_920x518uu2025-12-16-16-42-11-2409508.jpg","datePublished":"2026-03-09T11:13:33+00:00","author":{"@id":"https:\/\/portaltela.pt\/#\/schema\/person\/c4278d4a6028830caff9ee44b42d32ed"},"breadcrumb":{"@id":"https:\/\/portaltela.pt\/noticias\/2026\/03\/09\/laporta-responde-a-xavi-e-diz-que-flick-vence-com-os-mesmos-jogadores\/#breadcrumb"},"inLanguage":"pt-PT","potentialAction":[{"@type":"ReadAction","target":["https:\/\/portaltela.pt\/noticias\/2026\/03\/09\/laporta-responde-a-xavi-e-diz-que-flick-vence-com-os-mesmos-jogadores\/"]}]},{"@type":"ImageObject","inLanguage":"pt-PT","@id":"https:\/\/portaltela.pt\/noticias\/2026\/03\/09\/laporta-responde-a-xavi-e-diz-que-flick-vence-com-os-mesmos-jogadores\/#primaryimage","url":"https:\/\/portaltela.pt\/s.01k8rhncp4jt1\/2026\/03\/img_920x518uu2025-12-16-16-42-11-2409508.jpg","contentUrl":"https:\/\/portaltela.pt\/s.01k8rhncp4jt1\/2026\/03\/img_920x518uu2025-12-16-16-42-11-2409508.jpg","width":796,"height":448,"caption":"Joan Laporta fala aos adeptos cul\u00e9s"},{"@type":"BreadcrumbList","@id":"https:\/\/portaltela.pt\/noticias\/2026\/03\/09\/laporta-responde-a-xavi-e-diz-que-flick-vence-com-os-mesmos-jogadores\/#breadcrumb","itemListElement":[{"@type":"ListItem","position":1,"name":"In\u00edcio","item":"https:\/\/portaltela.pt\/"},{"@type":"ListItem","position":2,"name":"Laporta responde a Xavi e diz que Flick vence com os mesmos jogadores"}]},{"@type":"WebSite","@id":"https:\/\/portaltela.pt\/#website","url":"https:\/\/portaltela.pt\/","name":"Portal Tela Portugal","description":"","potentialAction":[{"@type":"SearchAction","target":{"@type":"EntryPoint","urlTemplate":"https:\/\/portaltela.pt\/?s={search_term_string}"},"query-input":{"@type":"PropertyValueSpecification","valueRequired":true,"valueName":"search_term_string"}}],"inLanguage":"pt-PT"},{"@type":"Person","@id":"https:\/\/portaltela.pt\/#\/schema\/person\/c4278d4a6028830caff9ee44b42d32ed","name":"Telinha","image":{"@type":"ImageObject","inLanguage":"pt-PT","@id":"https:\/\/portaltela.pt\/s.01k8rhncp4jt1\/2025\/11\/talking-bot-125x125.png","url":"https:\/\/portaltela.pt\/s.01k8rhncp4jt1\/2025\/11\/talking-bot-125x125.png","contentUrl":"https:\/\/portaltela.pt\/s.01k8rhncp4jt1\/2025\/11\/talking-bot-125x125.png","caption":"Telinha"},"sameAs":["https:\/\/portaltela.pt\/"],"url":"https:\/\/portaltela.pt\/por\/367410592786\/"}]}},"_links":{"self":[{"href":"https:\/\/portaltela.pt\/api\/wp\/v2\/posts\/403180","targetHints":{"allow":["GET"]}}],"collection":[{"href":"https:\/\/portaltela.pt\/api\/wp\/v2\/posts"}],"about":[{"href":"https:\/\/portaltela.pt\/api\/wp\/v2\/types\/post"}],"author":[{"embeddable":true,"href":"https:\/\/portaltela.pt\/api\/wp\/v2\/users\/2"}],"replies":[{"embeddable":true,"href":"https:\/\/portaltela.pt\/api\/wp\/v2\/comments?post=403180"}],"version-history":[{"count":0,"href":"https:\/\/portaltela.pt\/api\/wp\/v2\/posts\/403180\/revisions"}],"wp:featuredmedia":[{"embeddable":true,"href":"https:\/\/portaltela.pt\/api\/wp\/v2\/media\/403187"}],"wp:attachment":[{"href":"https:\/\/portaltela.pt\/api\/wp\/v2\/media?parent=403180"}],"wp:term":[{"taxonomy":"category","embeddable":true,"href":"https:\/\/portaltela.pt\/api\/wp\/v2\/categories?post=403180"},{"taxonomy":"post_tag","embeddable":true,"href":"https:\/\/portaltela.pt\/api\/wp\/v2\/tags?post=403180"}],"curies":[{"name":"wp","href":"https:\/\/api.w.org\/{rel}","templated":true}]}}