{"id":403164,"date":"2026-03-09T07:50:09","date_gmt":"2026-03-09T10:50:09","guid":{"rendered":"https:\/\/portaltela.pt\/noticias\/2026\/03\/09\/xavi-acusa-laporta-de-mentir-e-afirma-que-messi-estava-fechado-no-barcelona\/"},"modified":"2026-03-09T07:50:09","modified_gmt":"2026-03-09T10:50:09","slug":"xavi-acusa-laporta-de-mentir-e-afirma-que-messi-estava-fechado-no-barcelona","status":"publish","type":"post","link":"https:\/\/portaltela.pt\/desporto\/futebol\/2026\/03\/09\/xavi-acusa-laporta-de-mentir-e-afirma-que-messi-estava-fechado-no-barcelona\/","title":{"rendered":"Xavi acusa Laporta de mentir e afirma que Messi estava fechado no Barcelona"},"content":{"rendered":"<p>Xavi Hern\u00e1ndez voltou a colocar quest\u00f5es internas do Barcelona em foco numa entrevista dada ao La Vanguardia. O antigo treinador acusa Joan Laporta de mentir, nomeadamente sobre a sua sa\u00edda e sobre a poss\u00edvel volta de Lionel Messi ao clube.<\/p>\n<p>O t\u00e9cnico, que assumiu o comando em 2021 e foi afastado no fim da temporada 2023\/24, afirmou que n\u00e3o houve justifica\u00e7\u00e3o verdadeira para a sua demiss\u00e3o. Afirmou ainda que a decis\u00e3o teve influ\u00eancia de algu\u00e9m acima do presidente, identificado como Alejandro Echevarr\u00eda, e que o clube o incentivou a permanecer.<\/p>\n<p>Quanto ao regresso de Messi, Xavi sustenta que tudo estava acertado para o regresso em mar\u00e7o de 2023, com aprova\u00e7\u00e3o da La Liga. Alega que Laporta n\u00e3o cumpriu o acordo, negando que tenha sido por exig\u00eancias da La Liga ou pelo dinheiro pedido pela fam\u00edlia Messi.<\/p>\n<h3>Papel de Deco no clube<\/h3>\n<p>O antigo m\u00e9dio tamb\u00e9m abordou o papel de Deco no clube, referindo que o ex-jogador ocupa a posi\u00e7\u00e3o de diretor desportivo. Segundo Xavi, Deco \u00e9 respeitado, mas estaria restrito pela influ\u00eancia de Echevarr\u00eda, que, conforme diz, domina a gest\u00e3o.<\/p>\n","protected":false},"excerpt":{"rendered":"<ul>\n<li>Xavi Hern\u00e1ndez, ex-treinador do Barcelona, acusa o presidente Joan Laporta de mentir sobre a sua demiss\u00e3o e diz que a decis\u00e3o foi tomada por Alejandro Echevarr\u00eda.<\/li>\n<li>Afirmou que estava tudo acordado para a volta de Lionel Messi em mar\u00e7o de 2023, com aprova\u00e7\u00e3o da LaLiga, mas Laporta acabou por recusar, impedindo o regresso; diz que Messi estava contratado.<\/li>\n<li>Refor\u00e7a que a recusa n\u00e3o se deve \u00e0 LaLiga nem a pedidos de dinheiro do pai de Messi, e classifica essas informa\u00e7\u00f5es como falsas.<\/li>\n<li>Disse ter ficado motivado para continuar no Bar\u00e7a pela equipa e por uma gera\u00e7\u00e3o de jovens promissora, negando que tenha sido pressionado a sair ou ficar.<\/li>\n<li>Comentou ainda o papel de Deco no clube, dizendo ter respeito pelo ex-jogador, mas afirmando que Deco est\u00e1 manietado pelo atual dominante do clube, Alejandro Echevarr\u00eda.<\/li>\n<\/ul>\n","protected":false},"author":2,"featured_media":403168,"comment_status":"closed","ping_status":"closed","sticky":false,"template":"","format":"standard","meta":{"footnotes":""},"categories":[21,24],"tags":[2040,32,1789,3550,2832,2384],"class_list":["post-403164","post","type-post","status-publish","format-standard","has-post-thumbnail","hentry","category-desporto","category-futebol","tag-deco","tag-futebol","tag-la-liga","tag-messi","tag-politica","tag-xavi"],"yoast_head":"<!-- This site is optimized with the Yoast SEO plugin v27.2 - https:\/\/yoast.com\/product\/yoast-seo-wordpress\/ -->\n<title>Xavi acusa Laporta de mentir e afirma que Messi estava fechado no Barcelona - Portal Tela Portugal<\/title>\n<meta name=\"robots\" content=\"index, follow, max-snippet:-1, max-image-preview:large, max-video-preview:-1\" \/>\n<meta property=\"og:locale\" content=\"pt_PT\" \/>\n<meta property=\"og:type\" content=\"article\" \/>\n<meta property=\"og:title\" content=\"Xavi acusa Laporta de mentir e afirma que Messi estava fechado no Barcelona - Portal Tela Portugal\" \/>\n<meta property=\"og:description\" content=\"Xavi Hern\u00e1ndez, ex-treinador do Barcelona, acusa o presidente Joan Laporta de mentir sobre a sua demiss\u00e3o e diz que a decis\u00e3o foi tomada por Alejandro Echevarr\u00eda. Afirmou que estava tudo acordado para a volta de Lionel Messi em mar\u00e7o de 2023, com aprova\u00e7\u00e3o da LaLiga, mas Laporta acabou por recusar, impedindo o regresso; diz que Messi estava contratado. Refor\u00e7a que a recusa n\u00e3o se deve \u00e0 LaLiga nem a pedidos de dinheiro do pai de Messi, e classifica essas informa\u00e7\u00f5es como falsas. Disse ter ficado motivado para continuar no Bar\u00e7a pela equipa e por uma gera\u00e7\u00e3o de jovens promissora, negando que tenha sido pressionado a sair ou ficar. Comentou ainda o papel de Deco no clube, dizendo ter respeito pelo ex-jogador, mas afirmando que Deco est\u00e1 manietado pelo atual dominante do clube, Alejandro Echevarr\u00eda.\" \/>\n<meta property=\"og:url\" content=\"https:\/\/portaltela.pt\/noticias\/2026\/03\/09\/xavi-acusa-laporta-de-mentir-e-afirma-que-messi-estava-fechado-no-barcelona\/\" \/>\n<meta property=\"og:site_name\" content=\"Portal Tela Portugal\" \/>\n<meta property=\"article:published_time\" content=\"2026-03-09T10:50:09+00:00\" \/>\n<meta name=\"author\" content=\"Telinha\" \/>\n<meta name=\"twitter:card\" content=\"summary_large_image\" \/>\n<meta name=\"twitter:label1\" content=\"Escrito por\" \/>\n\t<meta name=\"twitter:data1\" content=\"Telinha\" \/>\n\t<meta name=\"twitter:label2\" content=\"Tempo estimado de leitura\" \/>\n\t<meta name=\"twitter:data2\" content=\"1 minuto\" \/>\n<script type=\"application\/ld+json\" class=\"yoast-schema-graph\">{\"@context\":\"https:\/\/schema.org\",\"@graph\":[{\"@type\":\"Article\",\"@id\":\"https:\/\/portaltela.pt\/noticias\/2026\/03\/09\/xavi-acusa-laporta-de-mentir-e-afirma-que-messi-estava-fechado-no-barcelona\/#article\",\"isPartOf\":{\"@id\":\"https:\/\/portaltela.pt\/noticias\/2026\/03\/09\/xavi-acusa-laporta-de-mentir-e-afirma-que-messi-estava-fechado-no-barcelona\/\"},\"author\":{\"name\":\"Telinha\",\"@id\":\"https:\/\/portaltela.pt\/#\/schema\/person\/c4278d4a6028830caff9ee44b42d32ed\"},\"headline\":\"Xavi acusa Laporta de mentir e afirma que Messi estava fechado no Barcelona\",\"datePublished\":\"2026-03-09T10:50:09+00:00\",\"mainEntityOfPage\":{\"@id\":\"https:\/\/portaltela.pt\/noticias\/2026\/03\/09\/xavi-acusa-laporta-de-mentir-e-afirma-que-messi-estava-fechado-no-barcelona\/\"},\"wordCount\":212,\"image\":{\"@id\":\"https:\/\/portaltela.pt\/noticias\/2026\/03\/09\/xavi-acusa-laporta-de-mentir-e-afirma-que-messi-estava-fechado-no-barcelona\/#primaryimage\"},\"thumbnailUrl\":\"https:\/\/portaltela.pt\/s.01k8rhncp4jt1\/2026\/03\/img_920x518uu2026-02-11-11-36-02-2420922.jpg\",\"keywords\":[\"Deco\",\"futebol\",\"La Liga\",\"Messi\",\"pol\u00edtica\",\"Xavi\"],\"articleSection\":[\"Desporto\",\"Futebol\"],\"inLanguage\":\"pt-PT\"},{\"@type\":\"WebPage\",\"@id\":\"https:\/\/portaltela.pt\/noticias\/2026\/03\/09\/xavi-acusa-laporta-de-mentir-e-afirma-que-messi-estava-fechado-no-barcelona\/\",\"url\":\"https:\/\/portaltela.pt\/noticias\/2026\/03\/09\/xavi-acusa-laporta-de-mentir-e-afirma-que-messi-estava-fechado-no-barcelona\/\",\"name\":\"Xavi acusa Laporta de mentir e afirma que Messi estava fechado no Barcelona - Portal Tela Portugal\",\"isPartOf\":{\"@id\":\"https:\/\/portaltela.pt\/#website\"},\"primaryImageOfPage\":{\"@id\":\"https:\/\/portaltela.pt\/noticias\/2026\/03\/09\/xavi-acusa-laporta-de-mentir-e-afirma-que-messi-estava-fechado-no-barcelona\/#primaryimage\"},\"image\":{\"@id\":\"https:\/\/portaltela.pt\/noticias\/2026\/03\/09\/xavi-acusa-laporta-de-mentir-e-afirma-que-messi-estava-fechado-no-barcelona\/#primaryimage\"},\"thumbnailUrl\":\"https:\/\/portaltela.pt\/s.01k8rhncp4jt1\/2026\/03\/img_920x518uu2026-02-11-11-36-02-2420922.jpg\",\"datePublished\":\"2026-03-09T10:50:09+00:00\",\"author\":{\"@id\":\"https:\/\/portaltela.pt\/#\/schema\/person\/c4278d4a6028830caff9ee44b42d32ed\"},\"breadcrumb\":{\"@id\":\"https:\/\/portaltela.pt\/noticias\/2026\/03\/09\/xavi-acusa-laporta-de-mentir-e-afirma-que-messi-estava-fechado-no-barcelona\/#breadcrumb\"},\"inLanguage\":\"pt-PT\",\"potentialAction\":[{\"@type\":\"ReadAction\",\"target\":[\"https:\/\/portaltela.pt\/noticias\/2026\/03\/09\/xavi-acusa-laporta-de-mentir-e-afirma-que-messi-estava-fechado-no-barcelona\/\"]}]},{\"@type\":\"ImageObject\",\"inLanguage\":\"pt-PT\",\"@id\":\"https:\/\/portaltela.pt\/noticias\/2026\/03\/09\/xavi-acusa-laporta-de-mentir-e-afirma-que-messi-estava-fechado-no-barcelona\/#primaryimage\",\"url\":\"https:\/\/portaltela.pt\/s.01k8rhncp4jt1\/2026\/03\/img_920x518uu2026-02-11-11-36-02-2420922.jpg\",\"contentUrl\":\"https:\/\/portaltela.pt\/s.01k8rhncp4jt1\/2026\/03\/img_920x518uu2026-02-11-11-36-02-2420922.jpg\",\"width\":796,\"height\":448,\"caption\":\"Xavi aponta o dedo a Joan Laporta\"},{\"@type\":\"BreadcrumbList\",\"@id\":\"https:\/\/portaltela.pt\/noticias\/2026\/03\/09\/xavi-acusa-laporta-de-mentir-e-afirma-que-messi-estava-fechado-no-barcelona\/#breadcrumb\",\"itemListElement\":[{\"@type\":\"ListItem\",\"position\":1,\"name\":\"In\u00edcio\",\"item\":\"https:\/\/portaltela.pt\/\"},{\"@type\":\"ListItem\",\"position\":2,\"name\":\"Xavi acusa Laporta de mentir e afirma que Messi estava fechado no Barcelona\"}]},{\"@type\":\"WebSite\",\"@id\":\"https:\/\/portaltela.pt\/#website\",\"url\":\"https:\/\/portaltela.pt\/\",\"name\":\"Portal Tela Portugal\",\"description\":\"\",\"potentialAction\":[{\"@type\":\"SearchAction\",\"target\":{\"@type\":\"EntryPoint\",\"urlTemplate\":\"https:\/\/portaltela.pt\/?s={search_term_string}\"},\"query-input\":{\"@type\":\"PropertyValueSpecification\",\"valueRequired\":true,\"valueName\":\"search_term_string\"}}],\"inLanguage\":\"pt-PT\"},{\"@type\":\"Person\",\"@id\":\"https:\/\/portaltela.pt\/#\/schema\/person\/c4278d4a6028830caff9ee44b42d32ed\",\"name\":\"Telinha\",\"image\":{\"@type\":\"ImageObject\",\"inLanguage\":\"pt-PT\",\"@id\":\"https:\/\/portaltela.pt\/s.01k8rhncp4jt1\/2025\/11\/talking-bot-125x125.png\",\"url\":\"https:\/\/portaltela.pt\/s.01k8rhncp4jt1\/2025\/11\/talking-bot-125x125.png\",\"contentUrl\":\"https:\/\/portaltela.pt\/s.01k8rhncp4jt1\/2025\/11\/talking-bot-125x125.png\",\"caption\":\"Telinha\"},\"sameAs\":[\"https:\/\/portaltela.pt\/\"],\"url\":\"https:\/\/portaltela.pt\/por\/367410592786\/\"}]}<\/script>\n<!-- \/ Yoast SEO plugin. -->","yoast_head_json":{"title":"Xavi acusa Laporta de mentir e afirma que Messi estava fechado no Barcelona - Portal Tela Portugal","robots":{"index":"index","follow":"follow","max-snippet":"max-snippet:-1","max-image-preview":"max-image-preview:large","max-video-preview":"max-video-preview:-1"},"og_locale":"pt_PT","og_type":"article","og_title":"Xavi acusa Laporta de mentir e afirma que Messi estava fechado no Barcelona - Portal Tela Portugal","og_description":"Xavi Hern\u00e1ndez, ex-treinador do Barcelona, acusa o presidente Joan Laporta de mentir sobre a sua demiss\u00e3o e diz que a decis\u00e3o foi tomada por Alejandro Echevarr\u00eda. Afirmou que estava tudo acordado para a volta de Lionel Messi em mar\u00e7o de 2023, com aprova\u00e7\u00e3o da LaLiga, mas Laporta acabou por recusar, impedindo o regresso; diz que Messi estava contratado. Refor\u00e7a que a recusa n\u00e3o se deve \u00e0 LaLiga nem a pedidos de dinheiro do pai de Messi, e classifica essas informa\u00e7\u00f5es como falsas. Disse ter ficado motivado para continuar no Bar\u00e7a pela equipa e por uma gera\u00e7\u00e3o de jovens promissora, negando que tenha sido pressionado a sair ou ficar. Comentou ainda o papel de Deco no clube, dizendo ter respeito pelo ex-jogador, mas afirmando que Deco est\u00e1 manietado pelo atual dominante do clube, Alejandro Echevarr\u00eda.","og_url":"https:\/\/portaltela.pt\/noticias\/2026\/03\/09\/xavi-acusa-laporta-de-mentir-e-afirma-que-messi-estava-fechado-no-barcelona\/","og_site_name":"Portal Tela Portugal","article_published_time":"2026-03-09T10:50:09+00:00","author":"Telinha","twitter_card":"summary_large_image","twitter_misc":{"Escrito por":"Telinha","Tempo estimado de leitura":"1 minuto"},"schema":{"@context":"https:\/\/schema.org","@graph":[{"@type":"Article","@id":"https:\/\/portaltela.pt\/noticias\/2026\/03\/09\/xavi-acusa-laporta-de-mentir-e-afirma-que-messi-estava-fechado-no-barcelona\/#article","isPartOf":{"@id":"https:\/\/portaltela.pt\/noticias\/2026\/03\/09\/xavi-acusa-laporta-de-mentir-e-afirma-que-messi-estava-fechado-no-barcelona\/"},"author":{"name":"Telinha","@id":"https:\/\/portaltela.pt\/#\/schema\/person\/c4278d4a6028830caff9ee44b42d32ed"},"headline":"Xavi acusa Laporta de mentir e afirma que Messi estava fechado no Barcelona","datePublished":"2026-03-09T10:50:09+00:00","mainEntityOfPage":{"@id":"https:\/\/portaltela.pt\/noticias\/2026\/03\/09\/xavi-acusa-laporta-de-mentir-e-afirma-que-messi-estava-fechado-no-barcelona\/"},"wordCount":212,"image":{"@id":"https:\/\/portaltela.pt\/noticias\/2026\/03\/09\/xavi-acusa-laporta-de-mentir-e-afirma-que-messi-estava-fechado-no-barcelona\/#primaryimage"},"thumbnailUrl":"https:\/\/portaltela.pt\/s.01k8rhncp4jt1\/2026\/03\/img_920x518uu2026-02-11-11-36-02-2420922.jpg","keywords":["Deco","futebol","La Liga","Messi","pol\u00edtica","Xavi"],"articleSection":["Desporto","Futebol"],"inLanguage":"pt-PT"},{"@type":"WebPage","@id":"https:\/\/portaltela.pt\/noticias\/2026\/03\/09\/xavi-acusa-laporta-de-mentir-e-afirma-que-messi-estava-fechado-no-barcelona\/","url":"https:\/\/portaltela.pt\/noticias\/2026\/03\/09\/xavi-acusa-laporta-de-mentir-e-afirma-que-messi-estava-fechado-no-barcelona\/","name":"Xavi acusa Laporta de mentir e afirma que Messi estava fechado no Barcelona - Portal Tela Portugal","isPartOf":{"@id":"https:\/\/portaltela.pt\/#website"},"primaryImageOfPage":{"@id":"https:\/\/portaltela.pt\/noticias\/2026\/03\/09\/xavi-acusa-laporta-de-mentir-e-afirma-que-messi-estava-fechado-no-barcelona\/#primaryimage"},"image":{"@id":"https:\/\/portaltela.pt\/noticias\/2026\/03\/09\/xavi-acusa-laporta-de-mentir-e-afirma-que-messi-estava-fechado-no-barcelona\/#primaryimage"},"thumbnailUrl":"https:\/\/portaltela.pt\/s.01k8rhncp4jt1\/2026\/03\/img_920x518uu2026-02-11-11-36-02-2420922.jpg","datePublished":"2026-03-09T10:50:09+00:00","author":{"@id":"https:\/\/portaltela.pt\/#\/schema\/person\/c4278d4a6028830caff9ee44b42d32ed"},"breadcrumb":{"@id":"https:\/\/portaltela.pt\/noticias\/2026\/03\/09\/xavi-acusa-laporta-de-mentir-e-afirma-que-messi-estava-fechado-no-barcelona\/#breadcrumb"},"inLanguage":"pt-PT","potentialAction":[{"@type":"ReadAction","target":["https:\/\/portaltela.pt\/noticias\/2026\/03\/09\/xavi-acusa-laporta-de-mentir-e-afirma-que-messi-estava-fechado-no-barcelona\/"]}]},{"@type":"ImageObject","inLanguage":"pt-PT","@id":"https:\/\/portaltela.pt\/noticias\/2026\/03\/09\/xavi-acusa-laporta-de-mentir-e-afirma-que-messi-estava-fechado-no-barcelona\/#primaryimage","url":"https:\/\/portaltela.pt\/s.01k8rhncp4jt1\/2026\/03\/img_920x518uu2026-02-11-11-36-02-2420922.jpg","contentUrl":"https:\/\/portaltela.pt\/s.01k8rhncp4jt1\/2026\/03\/img_920x518uu2026-02-11-11-36-02-2420922.jpg","width":796,"height":448,"caption":"Xavi aponta o dedo a Joan Laporta"},{"@type":"BreadcrumbList","@id":"https:\/\/portaltela.pt\/noticias\/2026\/03\/09\/xavi-acusa-laporta-de-mentir-e-afirma-que-messi-estava-fechado-no-barcelona\/#breadcrumb","itemListElement":[{"@type":"ListItem","position":1,"name":"In\u00edcio","item":"https:\/\/portaltela.pt\/"},{"@type":"ListItem","position":2,"name":"Xavi acusa Laporta de mentir e afirma que Messi estava fechado no Barcelona"}]},{"@type":"WebSite","@id":"https:\/\/portaltela.pt\/#website","url":"https:\/\/portaltela.pt\/","name":"Portal Tela Portugal","description":"","potentialAction":[{"@type":"SearchAction","target":{"@type":"EntryPoint","urlTemplate":"https:\/\/portaltela.pt\/?s={search_term_string}"},"query-input":{"@type":"PropertyValueSpecification","valueRequired":true,"valueName":"search_term_string"}}],"inLanguage":"pt-PT"},{"@type":"Person","@id":"https:\/\/portaltela.pt\/#\/schema\/person\/c4278d4a6028830caff9ee44b42d32ed","name":"Telinha","image":{"@type":"ImageObject","inLanguage":"pt-PT","@id":"https:\/\/portaltela.pt\/s.01k8rhncp4jt1\/2025\/11\/talking-bot-125x125.png","url":"https:\/\/portaltela.pt\/s.01k8rhncp4jt1\/2025\/11\/talking-bot-125x125.png","contentUrl":"https:\/\/portaltela.pt\/s.01k8rhncp4jt1\/2025\/11\/talking-bot-125x125.png","caption":"Telinha"},"sameAs":["https:\/\/portaltela.pt\/"],"url":"https:\/\/portaltela.pt\/por\/367410592786\/"}]}},"_links":{"self":[{"href":"https:\/\/portaltela.pt\/api\/wp\/v2\/posts\/403164","targetHints":{"allow":["GET"]}}],"collection":[{"href":"https:\/\/portaltela.pt\/api\/wp\/v2\/posts"}],"about":[{"href":"https:\/\/portaltela.pt\/api\/wp\/v2\/types\/post"}],"author":[{"embeddable":true,"href":"https:\/\/portaltela.pt\/api\/wp\/v2\/users\/2"}],"replies":[{"embeddable":true,"href":"https:\/\/portaltela.pt\/api\/wp\/v2\/comments?post=403164"}],"version-history":[{"count":0,"href":"https:\/\/portaltela.pt\/api\/wp\/v2\/posts\/403164\/revisions"}],"wp:featuredmedia":[{"embeddable":true,"href":"https:\/\/portaltela.pt\/api\/wp\/v2\/media\/403168"}],"wp:attachment":[{"href":"https:\/\/portaltela.pt\/api\/wp\/v2\/media?parent=403164"}],"wp:term":[{"taxonomy":"category","embeddable":true,"href":"https:\/\/portaltela.pt\/api\/wp\/v2\/categories?post=403164"},{"taxonomy":"post_tag","embeddable":true,"href":"https:\/\/portaltela.pt\/api\/wp\/v2\/tags?post=403164"}],"curies":[{"name":"wp","href":"https:\/\/api.w.org\/{rel}","templated":true}]}}