{"id":403161,"date":"2026-03-09T07:46:00","date_gmt":"2026-03-09T10:46:00","guid":{"rendered":"https:\/\/portaltela.pt\/noticias\/2026\/03\/09\/aguiar-branco-afirma-que-marcelo-foi-o-presidente-que-os-portugueses-precisaram\/"},"modified":"2026-03-09T07:46:00","modified_gmt":"2026-03-09T10:46:00","slug":"aguiar-branco-afirma-que-marcelo-foi-o-presidente-que-os-portugueses-precisaram","status":"publish","type":"post","link":"https:\/\/portaltela.pt\/noticias\/politica\/2026\/03\/09\/aguiar-branco-afirma-que-marcelo-foi-o-presidente-que-os-portugueses-precisaram\/","title":{"rendered":"Aguiar-Branco afirma que Marcelo foi o Presidente que os portugueses precisaram"},"content":{"rendered":"<p>Aguiar-Branco afirmou que Marcelo foi o Presidente que os portugueses precisaram. A declara\u00e7\u00e3o coloca o antigo chefe de Estado no centro de uma leitura positiva do per\u00edodo em quest\u00e3o.<\/p>\n<p>Segundo o parecer do pol\u00edtico, a lideran\u00e7a de Marcelo foi determinante para o pa\u00eds em momentos-chave. A avalia\u00e7\u00e3o ressalta o impacto institucional e pol\u00edtico do mandato.<\/p>\n<p>No entanto, o conte\u00fado completo da declara\u00e7\u00e3o n\u00e3o est\u00e1 dispon\u00edvel publicamente. O texto integral pode exigir subscri\u00e7\u00e3o para acesso, conforme o portal indica.<\/p>\n","protected":false},"excerpt":{"rendered":"<ul>\n<li>Aguiar-Branco afirma que Marcelo foi o Presidente que os portugueses precisaram.<\/li>\n<li>O conte\u00fado completo da not\u00edcia est\u00e1 dispon\u00edvel apenas para subscritores.<\/li>\n<\/ul>\n","protected":false},"author":2,"featured_media":403165,"comment_status":"closed","ping_status":"closed","sticky":false,"template":"","format":"standard","meta":{"footnotes":""},"categories":[1,5],"tags":[6802,3278,2877,2832,1014,30],"class_list":["post-403161","post","type-post","status-publish","format-standard","has-post-thumbnail","hentry","category-noticias","category-politica","tag-lideranca","tag-marcelo","tag-marcelo-rebelo-de-sousa","tag-politica","tag-portugal","tag-presidente"],"yoast_head":"<!-- This site is optimized with the Yoast SEO plugin v27.2 - https:\/\/yoast.com\/product\/yoast-seo-wordpress\/ -->\n<title>Aguiar-Branco afirma que Marcelo foi o Presidente que os portugueses precisaram - Portal Tela Portugal<\/title>\n<meta name=\"robots\" content=\"index, follow, max-snippet:-1, max-image-preview:large, max-video-preview:-1\" \/>\n<meta property=\"og:locale\" content=\"pt_PT\" \/>\n<meta property=\"og:type\" content=\"article\" \/>\n<meta property=\"og:title\" content=\"Aguiar-Branco afirma que Marcelo foi o Presidente que os portugueses precisaram - Portal Tela Portugal\" \/>\n<meta property=\"og:description\" content=\"Aguiar-Branco afirma que Marcelo foi o Presidente que os portugueses precisaram. O conte\u00fado completo da not\u00edcia est\u00e1 dispon\u00edvel apenas para subscritores.\" \/>\n<meta property=\"og:url\" content=\"https:\/\/portaltela.pt\/noticias\/2026\/03\/09\/aguiar-branco-afirma-que-marcelo-foi-o-presidente-que-os-portugueses-precisaram\/\" \/>\n<meta property=\"og:site_name\" content=\"Portal Tela Portugal\" \/>\n<meta property=\"article:published_time\" content=\"2026-03-09T10:46:00+00:00\" \/>\n<meta name=\"author\" content=\"Telinha\" \/>\n<meta name=\"twitter:card\" content=\"summary_large_image\" \/>\n<meta name=\"twitter:label1\" content=\"Escrito por\" \/>\n\t<meta name=\"twitter:data1\" content=\"Telinha\" \/>\n<script type=\"application\/ld+json\" class=\"yoast-schema-graph\">{\"@context\":\"https:\/\/schema.org\",\"@graph\":[{\"@type\":\"Article\",\"@id\":\"https:\/\/portaltela.pt\/noticias\/2026\/03\/09\/aguiar-branco-afirma-que-marcelo-foi-o-presidente-que-os-portugueses-precisaram\/#article\",\"isPartOf\":{\"@id\":\"https:\/\/portaltela.pt\/noticias\/2026\/03\/09\/aguiar-branco-afirma-que-marcelo-foi-o-presidente-que-os-portugueses-precisaram\/\"},\"author\":{\"name\":\"Telinha\",\"@id\":\"https:\/\/portaltela.pt\/#\/schema\/person\/c4278d4a6028830caff9ee44b42d32ed\"},\"headline\":\"Aguiar-Branco afirma que Marcelo foi o Presidente que os portugueses precisaram\",\"datePublished\":\"2026-03-09T10:46:00+00:00\",\"mainEntityOfPage\":{\"@id\":\"https:\/\/portaltela.pt\/noticias\/2026\/03\/09\/aguiar-branco-afirma-que-marcelo-foi-o-presidente-que-os-portugueses-precisaram\/\"},\"wordCount\":102,\"image\":{\"@id\":\"https:\/\/portaltela.pt\/noticias\/2026\/03\/09\/aguiar-branco-afirma-que-marcelo-foi-o-presidente-que-os-portugueses-precisaram\/#primaryimage\"},\"thumbnailUrl\":\"https:\/\/portaltela.pt\/s.01k8rhncp4jt1\/2026\/03\/CACHE_780X1200_ANALOG_WATERMARKED_46715389_4980966_09032026102749.jpg\",\"keywords\":[\"lideran\u00e7a\",\"Marcelo\",\"Marcelo Rebelo de Sousa\",\"pol\u00edtica\",\"Portugal\",\"presidente\"],\"articleSection\":[\"Not\u00edcias\",\"Pol\u00edtica\"],\"inLanguage\":\"pt-PT\"},{\"@type\":\"WebPage\",\"@id\":\"https:\/\/portaltela.pt\/noticias\/2026\/03\/09\/aguiar-branco-afirma-que-marcelo-foi-o-presidente-que-os-portugueses-precisaram\/\",\"url\":\"https:\/\/portaltela.pt\/noticias\/2026\/03\/09\/aguiar-branco-afirma-que-marcelo-foi-o-presidente-que-os-portugueses-precisaram\/\",\"name\":\"Aguiar-Branco afirma que Marcelo foi o Presidente que os portugueses precisaram - Portal Tela Portugal\",\"isPartOf\":{\"@id\":\"https:\/\/portaltela.pt\/#website\"},\"primaryImageOfPage\":{\"@id\":\"https:\/\/portaltela.pt\/noticias\/2026\/03\/09\/aguiar-branco-afirma-que-marcelo-foi-o-presidente-que-os-portugueses-precisaram\/#primaryimage\"},\"image\":{\"@id\":\"https:\/\/portaltela.pt\/noticias\/2026\/03\/09\/aguiar-branco-afirma-que-marcelo-foi-o-presidente-que-os-portugueses-precisaram\/#primaryimage\"},\"thumbnailUrl\":\"https:\/\/portaltela.pt\/s.01k8rhncp4jt1\/2026\/03\/CACHE_780X1200_ANALOG_WATERMARKED_46715389_4980966_09032026102749.jpg\",\"datePublished\":\"2026-03-09T10:46:00+00:00\",\"author\":{\"@id\":\"https:\/\/portaltela.pt\/#\/schema\/person\/c4278d4a6028830caff9ee44b42d32ed\"},\"breadcrumb\":{\"@id\":\"https:\/\/portaltela.pt\/noticias\/2026\/03\/09\/aguiar-branco-afirma-que-marcelo-foi-o-presidente-que-os-portugueses-precisaram\/#breadcrumb\"},\"inLanguage\":\"pt-PT\",\"potentialAction\":[{\"@type\":\"ReadAction\",\"target\":[\"https:\/\/portaltela.pt\/noticias\/2026\/03\/09\/aguiar-branco-afirma-que-marcelo-foi-o-presidente-que-os-portugueses-precisaram\/\"]}]},{\"@type\":\"ImageObject\",\"inLanguage\":\"pt-PT\",\"@id\":\"https:\/\/portaltela.pt\/noticias\/2026\/03\/09\/aguiar-branco-afirma-que-marcelo-foi-o-presidente-que-os-portugueses-precisaram\/#primaryimage\",\"url\":\"https:\/\/portaltela.pt\/s.01k8rhncp4jt1\/2026\/03\/CACHE_780X1200_ANALOG_WATERMARKED_46715389_4980966_09032026102749.jpg\",\"contentUrl\":\"https:\/\/portaltela.pt\/s.01k8rhncp4jt1\/2026\/03\/CACHE_780X1200_ANALOG_WATERMARKED_46715389_4980966_09032026102749.jpg\",\"width\":796,\"height\":448,\"caption\":\"Aguiar-Branco afirma que Marcelo foi o Presidente que os portugueses precisaram\"},{\"@type\":\"BreadcrumbList\",\"@id\":\"https:\/\/portaltela.pt\/noticias\/2026\/03\/09\/aguiar-branco-afirma-que-marcelo-foi-o-presidente-que-os-portugueses-precisaram\/#breadcrumb\",\"itemListElement\":[{\"@type\":\"ListItem\",\"position\":1,\"name\":\"In\u00edcio\",\"item\":\"https:\/\/portaltela.pt\/\"},{\"@type\":\"ListItem\",\"position\":2,\"name\":\"Aguiar-Branco afirma que Marcelo foi o Presidente que os portugueses precisaram\"}]},{\"@type\":\"WebSite\",\"@id\":\"https:\/\/portaltela.pt\/#website\",\"url\":\"https:\/\/portaltela.pt\/\",\"name\":\"Portal Tela Portugal\",\"description\":\"\",\"potentialAction\":[{\"@type\":\"SearchAction\",\"target\":{\"@type\":\"EntryPoint\",\"urlTemplate\":\"https:\/\/portaltela.pt\/?s={search_term_string}\"},\"query-input\":{\"@type\":\"PropertyValueSpecification\",\"valueRequired\":true,\"valueName\":\"search_term_string\"}}],\"inLanguage\":\"pt-PT\"},{\"@type\":\"Person\",\"@id\":\"https:\/\/portaltela.pt\/#\/schema\/person\/c4278d4a6028830caff9ee44b42d32ed\",\"name\":\"Telinha\",\"image\":{\"@type\":\"ImageObject\",\"inLanguage\":\"pt-PT\",\"@id\":\"https:\/\/portaltela.pt\/s.01k8rhncp4jt1\/2025\/11\/talking-bot-125x125.png\",\"url\":\"https:\/\/portaltela.pt\/s.01k8rhncp4jt1\/2025\/11\/talking-bot-125x125.png\",\"contentUrl\":\"https:\/\/portaltela.pt\/s.01k8rhncp4jt1\/2025\/11\/talking-bot-125x125.png\",\"caption\":\"Telinha\"},\"sameAs\":[\"https:\/\/portaltela.pt\/\"],\"url\":\"https:\/\/portaltela.pt\/por\/367410592786\/\"}]}<\/script>\n<!-- \/ Yoast SEO plugin. -->","yoast_head_json":{"title":"Aguiar-Branco afirma que Marcelo foi o Presidente que os portugueses precisaram - Portal Tela Portugal","robots":{"index":"index","follow":"follow","max-snippet":"max-snippet:-1","max-image-preview":"max-image-preview:large","max-video-preview":"max-video-preview:-1"},"og_locale":"pt_PT","og_type":"article","og_title":"Aguiar-Branco afirma que Marcelo foi o Presidente que os portugueses precisaram - Portal Tela Portugal","og_description":"Aguiar-Branco afirma que Marcelo foi o Presidente que os portugueses precisaram. O conte\u00fado completo da not\u00edcia est\u00e1 dispon\u00edvel apenas para subscritores.","og_url":"https:\/\/portaltela.pt\/noticias\/2026\/03\/09\/aguiar-branco-afirma-que-marcelo-foi-o-presidente-que-os-portugueses-precisaram\/","og_site_name":"Portal Tela Portugal","article_published_time":"2026-03-09T10:46:00+00:00","author":"Telinha","twitter_card":"summary_large_image","twitter_misc":{"Escrito por":"Telinha"},"schema":{"@context":"https:\/\/schema.org","@graph":[{"@type":"Article","@id":"https:\/\/portaltela.pt\/noticias\/2026\/03\/09\/aguiar-branco-afirma-que-marcelo-foi-o-presidente-que-os-portugueses-precisaram\/#article","isPartOf":{"@id":"https:\/\/portaltela.pt\/noticias\/2026\/03\/09\/aguiar-branco-afirma-que-marcelo-foi-o-presidente-que-os-portugueses-precisaram\/"},"author":{"name":"Telinha","@id":"https:\/\/portaltela.pt\/#\/schema\/person\/c4278d4a6028830caff9ee44b42d32ed"},"headline":"Aguiar-Branco afirma que Marcelo foi o Presidente que os portugueses precisaram","datePublished":"2026-03-09T10:46:00+00:00","mainEntityOfPage":{"@id":"https:\/\/portaltela.pt\/noticias\/2026\/03\/09\/aguiar-branco-afirma-que-marcelo-foi-o-presidente-que-os-portugueses-precisaram\/"},"wordCount":102,"image":{"@id":"https:\/\/portaltela.pt\/noticias\/2026\/03\/09\/aguiar-branco-afirma-que-marcelo-foi-o-presidente-que-os-portugueses-precisaram\/#primaryimage"},"thumbnailUrl":"https:\/\/portaltela.pt\/s.01k8rhncp4jt1\/2026\/03\/CACHE_780X1200_ANALOG_WATERMARKED_46715389_4980966_09032026102749.jpg","keywords":["lideran\u00e7a","Marcelo","Marcelo Rebelo de Sousa","pol\u00edtica","Portugal","presidente"],"articleSection":["Not\u00edcias","Pol\u00edtica"],"inLanguage":"pt-PT"},{"@type":"WebPage","@id":"https:\/\/portaltela.pt\/noticias\/2026\/03\/09\/aguiar-branco-afirma-que-marcelo-foi-o-presidente-que-os-portugueses-precisaram\/","url":"https:\/\/portaltela.pt\/noticias\/2026\/03\/09\/aguiar-branco-afirma-que-marcelo-foi-o-presidente-que-os-portugueses-precisaram\/","name":"Aguiar-Branco afirma que Marcelo foi o Presidente que os portugueses precisaram - Portal Tela Portugal","isPartOf":{"@id":"https:\/\/portaltela.pt\/#website"},"primaryImageOfPage":{"@id":"https:\/\/portaltela.pt\/noticias\/2026\/03\/09\/aguiar-branco-afirma-que-marcelo-foi-o-presidente-que-os-portugueses-precisaram\/#primaryimage"},"image":{"@id":"https:\/\/portaltela.pt\/noticias\/2026\/03\/09\/aguiar-branco-afirma-que-marcelo-foi-o-presidente-que-os-portugueses-precisaram\/#primaryimage"},"thumbnailUrl":"https:\/\/portaltela.pt\/s.01k8rhncp4jt1\/2026\/03\/CACHE_780X1200_ANALOG_WATERMARKED_46715389_4980966_09032026102749.jpg","datePublished":"2026-03-09T10:46:00+00:00","author":{"@id":"https:\/\/portaltela.pt\/#\/schema\/person\/c4278d4a6028830caff9ee44b42d32ed"},"breadcrumb":{"@id":"https:\/\/portaltela.pt\/noticias\/2026\/03\/09\/aguiar-branco-afirma-que-marcelo-foi-o-presidente-que-os-portugueses-precisaram\/#breadcrumb"},"inLanguage":"pt-PT","potentialAction":[{"@type":"ReadAction","target":["https:\/\/portaltela.pt\/noticias\/2026\/03\/09\/aguiar-branco-afirma-que-marcelo-foi-o-presidente-que-os-portugueses-precisaram\/"]}]},{"@type":"ImageObject","inLanguage":"pt-PT","@id":"https:\/\/portaltela.pt\/noticias\/2026\/03\/09\/aguiar-branco-afirma-que-marcelo-foi-o-presidente-que-os-portugueses-precisaram\/#primaryimage","url":"https:\/\/portaltela.pt\/s.01k8rhncp4jt1\/2026\/03\/CACHE_780X1200_ANALOG_WATERMARKED_46715389_4980966_09032026102749.jpg","contentUrl":"https:\/\/portaltela.pt\/s.01k8rhncp4jt1\/2026\/03\/CACHE_780X1200_ANALOG_WATERMARKED_46715389_4980966_09032026102749.jpg","width":796,"height":448,"caption":"Aguiar-Branco afirma que Marcelo foi o Presidente que os portugueses precisaram"},{"@type":"BreadcrumbList","@id":"https:\/\/portaltela.pt\/noticias\/2026\/03\/09\/aguiar-branco-afirma-que-marcelo-foi-o-presidente-que-os-portugueses-precisaram\/#breadcrumb","itemListElement":[{"@type":"ListItem","position":1,"name":"In\u00edcio","item":"https:\/\/portaltela.pt\/"},{"@type":"ListItem","position":2,"name":"Aguiar-Branco afirma que Marcelo foi o Presidente que os portugueses precisaram"}]},{"@type":"WebSite","@id":"https:\/\/portaltela.pt\/#website","url":"https:\/\/portaltela.pt\/","name":"Portal Tela Portugal","description":"","potentialAction":[{"@type":"SearchAction","target":{"@type":"EntryPoint","urlTemplate":"https:\/\/portaltela.pt\/?s={search_term_string}"},"query-input":{"@type":"PropertyValueSpecification","valueRequired":true,"valueName":"search_term_string"}}],"inLanguage":"pt-PT"},{"@type":"Person","@id":"https:\/\/portaltela.pt\/#\/schema\/person\/c4278d4a6028830caff9ee44b42d32ed","name":"Telinha","image":{"@type":"ImageObject","inLanguage":"pt-PT","@id":"https:\/\/portaltela.pt\/s.01k8rhncp4jt1\/2025\/11\/talking-bot-125x125.png","url":"https:\/\/portaltela.pt\/s.01k8rhncp4jt1\/2025\/11\/talking-bot-125x125.png","contentUrl":"https:\/\/portaltela.pt\/s.01k8rhncp4jt1\/2025\/11\/talking-bot-125x125.png","caption":"Telinha"},"sameAs":["https:\/\/portaltela.pt\/"],"url":"https:\/\/portaltela.pt\/por\/367410592786\/"}]}},"_links":{"self":[{"href":"https:\/\/portaltela.pt\/api\/wp\/v2\/posts\/403161","targetHints":{"allow":["GET"]}}],"collection":[{"href":"https:\/\/portaltela.pt\/api\/wp\/v2\/posts"}],"about":[{"href":"https:\/\/portaltela.pt\/api\/wp\/v2\/types\/post"}],"author":[{"embeddable":true,"href":"https:\/\/portaltela.pt\/api\/wp\/v2\/users\/2"}],"replies":[{"embeddable":true,"href":"https:\/\/portaltela.pt\/api\/wp\/v2\/comments?post=403161"}],"version-history":[{"count":0,"href":"https:\/\/portaltela.pt\/api\/wp\/v2\/posts\/403161\/revisions"}],"wp:featuredmedia":[{"embeddable":true,"href":"https:\/\/portaltela.pt\/api\/wp\/v2\/media\/403165"}],"wp:attachment":[{"href":"https:\/\/portaltela.pt\/api\/wp\/v2\/media?parent=403161"}],"wp:term":[{"taxonomy":"category","embeddable":true,"href":"https:\/\/portaltela.pt\/api\/wp\/v2\/categories?post=403161"},{"taxonomy":"post_tag","embeddable":true,"href":"https:\/\/portaltela.pt\/api\/wp\/v2\/tags?post=403161"}],"curies":[{"name":"wp","href":"https:\/\/api.w.org\/{rel}","templated":true}]}}