{"id":403147,"date":"2026-03-09T07:34:00","date_gmt":"2026-03-09T10:34:00","guid":{"rendered":"https:\/\/portaltela.pt\/noticias\/2026\/03\/09\/tempestades-afetam-todo-o-litoral-de-caminha-ao-algarve\/"},"modified":"2026-03-09T07:34:00","modified_gmt":"2026-03-09T10:34:00","slug":"tempestades-afetam-todo-o-litoral-de-caminha-ao-algarve","status":"publish","type":"post","link":"https:\/\/portaltela.pt\/noticias\/2026\/03\/09\/tempestades-afetam-todo-o-litoral-de-caminha-ao-algarve\/","title":{"rendered":"Tempestades afetam todo o litoral de Caminha ao Algarve"},"content":{"rendered":"<p>O mau tempo tem atingido a orla de Portugal continental, entre Caminha e o Algarve. Segundo a APA, nos \u00faltimos cinco meses, de 1 de outubro a 3 de mar\u00e7o, foram registadas 749 ocorr\u00eancias e 604 comunica\u00e7\u00f5es no litoral.<\/p>\n<p>A maioria dos incidentes ocorreu por eros\u00e3o costeira (36,7%) e instabilidade em arribas (30,6%). Houve ainda danos em obras de prote\u00e7\u00e3o costeira (19%) e galgamentos (13,8%).<\/p>\n<p>Autoridades apresentaram, na quarta-feira, medidas para garantir a seguran\u00e7a de pessoas e minimizar o impacto na \u00e9poca balnear.<\/p>\n<h3>Medidas de seguran\u00e7a e gest\u00e3o costeira<\/h3>\n<p>As a\u00e7\u00f5es previstas incluem refor\u00e7o de vigil\u00e2ncia, melhoria de sinaliza\u00e7\u00e3o e interven\u00e7\u00f5es r\u00e1pidas em zonas de maior risco. As medidas envolvem a Autoridade Mar\u00edtima, a Ag\u00eancia Portuguesa do Ambiente (APA) e municipios ao longo do litoral, com foco na prote\u00e7\u00e3o de estruturas e na prote\u00e7\u00e3o de indiv\u00edduos.<\/p>\n<p>Entre as regi\u00f5es priorit\u00e1rias est\u00e3o \u00e1reas com hist\u00f3rico de eros\u00e3o acentuada e instabilidade de arribas, visando reduzir riscos para banhistas e residentes durante a temporada de ver\u00e3o. As autoridades aguardam a atualiza\u00e7\u00e3o de relat\u00f3rios e coordena\u00e7\u00e3o entre entidades locais para implementa\u00e7\u00e3o r\u00e1pida.<\/p>\n","protected":false},"excerpt":{"rendered":"<ul>\n<li>Nos \u00faltimos cinco meses, entre 1 de outubro e 3 de mar\u00e7o, houve 749 ocorr\u00eancias e 604 comunica\u00e7\u00f5es no litoral de Caminha ao Algarve, segundo a Ag\u00eancia Portuguesa do Ambiente.<\/li>\n<li>A eros\u00e3o costeira representou 36,7% dos casos e a instabilidade em arribas 30,6%.<\/li>\n<li>Houve ainda danos em obras de prote\u00e7\u00e3o costeira (19%) e galgamentos (13,8%).<\/li>\n<li>Na quarta-feira, as autoridades apresentaram medidas para assegurar a seguran\u00e7a de pessoas e reduzir o impacto na \u00e9poca balnear.<\/li>\n<\/ul>\n","protected":false},"author":2,"featured_media":403156,"comment_status":"closed","ping_status":"closed","sticky":false,"template":"","format":"standard","meta":{"footnotes":""},"categories":[1],"tags":[928,4085,1525,45,320,3388],"class_list":["post-403147","post","type-post","status-publish","format-standard","has-post-thumbnail","hentry","category-noticias","tag-algarve","tag-apa","tag-caminha","tag-meio-ambiente","tag-protecao-civil","tag-protecao-costeira"],"yoast_head":"<!-- This site is optimized with the Yoast SEO plugin v27.2 - https:\/\/yoast.com\/product\/yoast-seo-wordpress\/ -->\n<title>Tempestades afetam todo o litoral de Caminha ao Algarve - Portal Tela Portugal<\/title>\n<meta name=\"robots\" content=\"index, follow, max-snippet:-1, max-image-preview:large, max-video-preview:-1\" \/>\n<meta property=\"og:locale\" content=\"pt_PT\" \/>\n<meta property=\"og:type\" content=\"article\" \/>\n<meta property=\"og:title\" content=\"Tempestades afetam todo o litoral de Caminha ao Algarve - Portal Tela Portugal\" \/>\n<meta property=\"og:description\" content=\"Nos \u00faltimos cinco meses, entre 1 de outubro e 3 de mar\u00e7o, houve 749 ocorr\u00eancias e 604 comunica\u00e7\u00f5es no litoral de Caminha ao Algarve, segundo a Ag\u00eancia Portuguesa do Ambiente. A eros\u00e3o costeira representou 36,7% dos casos e a instabilidade em arribas 30,6%. Houve ainda danos em obras de prote\u00e7\u00e3o costeira (19%) e galgamentos (13,8%). Na quarta-feira, as autoridades apresentaram medidas para assegurar a seguran\u00e7a de pessoas e reduzir o impacto na \u00e9poca balnear.\" \/>\n<meta property=\"og:url\" content=\"https:\/\/portaltela.pt\/noticias\/2026\/03\/09\/tempestades-afetam-todo-o-litoral-de-caminha-ao-algarve\/\" \/>\n<meta property=\"og:site_name\" content=\"Portal Tela Portugal\" \/>\n<meta property=\"article:published_time\" content=\"2026-03-09T10:34:00+00:00\" \/>\n<meta name=\"author\" content=\"Telinha\" \/>\n<meta name=\"twitter:card\" content=\"summary_large_image\" \/>\n<meta name=\"twitter:label1\" content=\"Escrito por\" \/>\n\t<meta name=\"twitter:data1\" content=\"Telinha\" \/>\n\t<meta name=\"twitter:label2\" content=\"Tempo estimado de leitura\" \/>\n\t<meta name=\"twitter:data2\" content=\"1 minuto\" \/>\n<script type=\"application\/ld+json\" class=\"yoast-schema-graph\">{\"@context\":\"https:\/\/schema.org\",\"@graph\":[{\"@type\":\"Article\",\"@id\":\"https:\/\/portaltela.pt\/noticias\/2026\/03\/09\/tempestades-afetam-todo-o-litoral-de-caminha-ao-algarve\/#article\",\"isPartOf\":{\"@id\":\"https:\/\/portaltela.pt\/noticias\/2026\/03\/09\/tempestades-afetam-todo-o-litoral-de-caminha-ao-algarve\/\"},\"author\":{\"name\":\"Telinha\",\"@id\":\"https:\/\/portaltela.pt\/#\/schema\/person\/c4278d4a6028830caff9ee44b42d32ed\"},\"headline\":\"Tempestades afetam todo o litoral de Caminha ao Algarve\",\"datePublished\":\"2026-03-09T10:34:00+00:00\",\"mainEntityOfPage\":{\"@id\":\"https:\/\/portaltela.pt\/noticias\/2026\/03\/09\/tempestades-afetam-todo-o-litoral-de-caminha-ao-algarve\/\"},\"wordCount\":209,\"image\":{\"@id\":\"https:\/\/portaltela.pt\/noticias\/2026\/03\/09\/tempestades-afetam-todo-o-litoral-de-caminha-ao-algarve\/#primaryimage\"},\"thumbnailUrl\":\"https:\/\/portaltela.pt\/s.01k8rhncp4jt1\/2026\/03\/image-557.jpg\",\"keywords\":[\"Algarve\",\"APA\",\"Caminha\",\"meio-ambiente\",\"prote\u00e7\u00e3o civil\",\"Prote\u00e7\u00e3o costeira\"],\"articleSection\":[\"Not\u00edcias\"],\"inLanguage\":\"pt-PT\"},{\"@type\":\"WebPage\",\"@id\":\"https:\/\/portaltela.pt\/noticias\/2026\/03\/09\/tempestades-afetam-todo-o-litoral-de-caminha-ao-algarve\/\",\"url\":\"https:\/\/portaltela.pt\/noticias\/2026\/03\/09\/tempestades-afetam-todo-o-litoral-de-caminha-ao-algarve\/\",\"name\":\"Tempestades afetam todo o litoral de Caminha ao Algarve - Portal Tela Portugal\",\"isPartOf\":{\"@id\":\"https:\/\/portaltela.pt\/#website\"},\"primaryImageOfPage\":{\"@id\":\"https:\/\/portaltela.pt\/noticias\/2026\/03\/09\/tempestades-afetam-todo-o-litoral-de-caminha-ao-algarve\/#primaryimage\"},\"image\":{\"@id\":\"https:\/\/portaltela.pt\/noticias\/2026\/03\/09\/tempestades-afetam-todo-o-litoral-de-caminha-ao-algarve\/#primaryimage\"},\"thumbnailUrl\":\"https:\/\/portaltela.pt\/s.01k8rhncp4jt1\/2026\/03\/image-557.jpg\",\"datePublished\":\"2026-03-09T10:34:00+00:00\",\"author\":{\"@id\":\"https:\/\/portaltela.pt\/#\/schema\/person\/c4278d4a6028830caff9ee44b42d32ed\"},\"breadcrumb\":{\"@id\":\"https:\/\/portaltela.pt\/noticias\/2026\/03\/09\/tempestades-afetam-todo-o-litoral-de-caminha-ao-algarve\/#breadcrumb\"},\"inLanguage\":\"pt-PT\",\"potentialAction\":[{\"@type\":\"ReadAction\",\"target\":[\"https:\/\/portaltela.pt\/noticias\/2026\/03\/09\/tempestades-afetam-todo-o-litoral-de-caminha-ao-algarve\/\"]}]},{\"@type\":\"ImageObject\",\"inLanguage\":\"pt-PT\",\"@id\":\"https:\/\/portaltela.pt\/noticias\/2026\/03\/09\/tempestades-afetam-todo-o-litoral-de-caminha-ao-algarve\/#primaryimage\",\"url\":\"https:\/\/portaltela.pt\/s.01k8rhncp4jt1\/2026\/03\/image-557.jpg\",\"contentUrl\":\"https:\/\/portaltela.pt\/s.01k8rhncp4jt1\/2026\/03\/image-557.jpg\",\"width\":796,\"height\":448,\"caption\":\"Orla costeira foi atingida de forma devastadora\"},{\"@type\":\"BreadcrumbList\",\"@id\":\"https:\/\/portaltela.pt\/noticias\/2026\/03\/09\/tempestades-afetam-todo-o-litoral-de-caminha-ao-algarve\/#breadcrumb\",\"itemListElement\":[{\"@type\":\"ListItem\",\"position\":1,\"name\":\"In\u00edcio\",\"item\":\"https:\/\/portaltela.pt\/\"},{\"@type\":\"ListItem\",\"position\":2,\"name\":\"Tempestades afetam todo o litoral de Caminha ao Algarve\"}]},{\"@type\":\"WebSite\",\"@id\":\"https:\/\/portaltela.pt\/#website\",\"url\":\"https:\/\/portaltela.pt\/\",\"name\":\"Portal Tela Portugal\",\"description\":\"\",\"potentialAction\":[{\"@type\":\"SearchAction\",\"target\":{\"@type\":\"EntryPoint\",\"urlTemplate\":\"https:\/\/portaltela.pt\/?s={search_term_string}\"},\"query-input\":{\"@type\":\"PropertyValueSpecification\",\"valueRequired\":true,\"valueName\":\"search_term_string\"}}],\"inLanguage\":\"pt-PT\"},{\"@type\":\"Person\",\"@id\":\"https:\/\/portaltela.pt\/#\/schema\/person\/c4278d4a6028830caff9ee44b42d32ed\",\"name\":\"Telinha\",\"image\":{\"@type\":\"ImageObject\",\"inLanguage\":\"pt-PT\",\"@id\":\"https:\/\/portaltela.pt\/s.01k8rhncp4jt1\/2025\/11\/talking-bot-125x125.png\",\"url\":\"https:\/\/portaltela.pt\/s.01k8rhncp4jt1\/2025\/11\/talking-bot-125x125.png\",\"contentUrl\":\"https:\/\/portaltela.pt\/s.01k8rhncp4jt1\/2025\/11\/talking-bot-125x125.png\",\"caption\":\"Telinha\"},\"sameAs\":[\"https:\/\/portaltela.pt\/\"],\"url\":\"https:\/\/portaltela.pt\/por\/367410592786\/\"}]}<\/script>\n<!-- \/ Yoast SEO plugin. -->","yoast_head_json":{"title":"Tempestades afetam todo o litoral de Caminha ao Algarve - Portal Tela Portugal","robots":{"index":"index","follow":"follow","max-snippet":"max-snippet:-1","max-image-preview":"max-image-preview:large","max-video-preview":"max-video-preview:-1"},"og_locale":"pt_PT","og_type":"article","og_title":"Tempestades afetam todo o litoral de Caminha ao Algarve - Portal Tela Portugal","og_description":"Nos \u00faltimos cinco meses, entre 1 de outubro e 3 de mar\u00e7o, houve 749 ocorr\u00eancias e 604 comunica\u00e7\u00f5es no litoral de Caminha ao Algarve, segundo a Ag\u00eancia Portuguesa do Ambiente. A eros\u00e3o costeira representou 36,7% dos casos e a instabilidade em arribas 30,6%. Houve ainda danos em obras de prote\u00e7\u00e3o costeira (19%) e galgamentos (13,8%). Na quarta-feira, as autoridades apresentaram medidas para assegurar a seguran\u00e7a de pessoas e reduzir o impacto na \u00e9poca balnear.","og_url":"https:\/\/portaltela.pt\/noticias\/2026\/03\/09\/tempestades-afetam-todo-o-litoral-de-caminha-ao-algarve\/","og_site_name":"Portal Tela Portugal","article_published_time":"2026-03-09T10:34:00+00:00","author":"Telinha","twitter_card":"summary_large_image","twitter_misc":{"Escrito por":"Telinha","Tempo estimado de leitura":"1 minuto"},"schema":{"@context":"https:\/\/schema.org","@graph":[{"@type":"Article","@id":"https:\/\/portaltela.pt\/noticias\/2026\/03\/09\/tempestades-afetam-todo-o-litoral-de-caminha-ao-algarve\/#article","isPartOf":{"@id":"https:\/\/portaltela.pt\/noticias\/2026\/03\/09\/tempestades-afetam-todo-o-litoral-de-caminha-ao-algarve\/"},"author":{"name":"Telinha","@id":"https:\/\/portaltela.pt\/#\/schema\/person\/c4278d4a6028830caff9ee44b42d32ed"},"headline":"Tempestades afetam todo o litoral de Caminha ao Algarve","datePublished":"2026-03-09T10:34:00+00:00","mainEntityOfPage":{"@id":"https:\/\/portaltela.pt\/noticias\/2026\/03\/09\/tempestades-afetam-todo-o-litoral-de-caminha-ao-algarve\/"},"wordCount":209,"image":{"@id":"https:\/\/portaltela.pt\/noticias\/2026\/03\/09\/tempestades-afetam-todo-o-litoral-de-caminha-ao-algarve\/#primaryimage"},"thumbnailUrl":"https:\/\/portaltela.pt\/s.01k8rhncp4jt1\/2026\/03\/image-557.jpg","keywords":["Algarve","APA","Caminha","meio-ambiente","prote\u00e7\u00e3o civil","Prote\u00e7\u00e3o costeira"],"articleSection":["Not\u00edcias"],"inLanguage":"pt-PT"},{"@type":"WebPage","@id":"https:\/\/portaltela.pt\/noticias\/2026\/03\/09\/tempestades-afetam-todo-o-litoral-de-caminha-ao-algarve\/","url":"https:\/\/portaltela.pt\/noticias\/2026\/03\/09\/tempestades-afetam-todo-o-litoral-de-caminha-ao-algarve\/","name":"Tempestades afetam todo o litoral de Caminha ao Algarve - Portal Tela Portugal","isPartOf":{"@id":"https:\/\/portaltela.pt\/#website"},"primaryImageOfPage":{"@id":"https:\/\/portaltela.pt\/noticias\/2026\/03\/09\/tempestades-afetam-todo-o-litoral-de-caminha-ao-algarve\/#primaryimage"},"image":{"@id":"https:\/\/portaltela.pt\/noticias\/2026\/03\/09\/tempestades-afetam-todo-o-litoral-de-caminha-ao-algarve\/#primaryimage"},"thumbnailUrl":"https:\/\/portaltela.pt\/s.01k8rhncp4jt1\/2026\/03\/image-557.jpg","datePublished":"2026-03-09T10:34:00+00:00","author":{"@id":"https:\/\/portaltela.pt\/#\/schema\/person\/c4278d4a6028830caff9ee44b42d32ed"},"breadcrumb":{"@id":"https:\/\/portaltela.pt\/noticias\/2026\/03\/09\/tempestades-afetam-todo-o-litoral-de-caminha-ao-algarve\/#breadcrumb"},"inLanguage":"pt-PT","potentialAction":[{"@type":"ReadAction","target":["https:\/\/portaltela.pt\/noticias\/2026\/03\/09\/tempestades-afetam-todo-o-litoral-de-caminha-ao-algarve\/"]}]},{"@type":"ImageObject","inLanguage":"pt-PT","@id":"https:\/\/portaltela.pt\/noticias\/2026\/03\/09\/tempestades-afetam-todo-o-litoral-de-caminha-ao-algarve\/#primaryimage","url":"https:\/\/portaltela.pt\/s.01k8rhncp4jt1\/2026\/03\/image-557.jpg","contentUrl":"https:\/\/portaltela.pt\/s.01k8rhncp4jt1\/2026\/03\/image-557.jpg","width":796,"height":448,"caption":"Orla costeira foi atingida de forma devastadora"},{"@type":"BreadcrumbList","@id":"https:\/\/portaltela.pt\/noticias\/2026\/03\/09\/tempestades-afetam-todo-o-litoral-de-caminha-ao-algarve\/#breadcrumb","itemListElement":[{"@type":"ListItem","position":1,"name":"In\u00edcio","item":"https:\/\/portaltela.pt\/"},{"@type":"ListItem","position":2,"name":"Tempestades afetam todo o litoral de Caminha ao Algarve"}]},{"@type":"WebSite","@id":"https:\/\/portaltela.pt\/#website","url":"https:\/\/portaltela.pt\/","name":"Portal Tela Portugal","description":"","potentialAction":[{"@type":"SearchAction","target":{"@type":"EntryPoint","urlTemplate":"https:\/\/portaltela.pt\/?s={search_term_string}"},"query-input":{"@type":"PropertyValueSpecification","valueRequired":true,"valueName":"search_term_string"}}],"inLanguage":"pt-PT"},{"@type":"Person","@id":"https:\/\/portaltela.pt\/#\/schema\/person\/c4278d4a6028830caff9ee44b42d32ed","name":"Telinha","image":{"@type":"ImageObject","inLanguage":"pt-PT","@id":"https:\/\/portaltela.pt\/s.01k8rhncp4jt1\/2025\/11\/talking-bot-125x125.png","url":"https:\/\/portaltela.pt\/s.01k8rhncp4jt1\/2025\/11\/talking-bot-125x125.png","contentUrl":"https:\/\/portaltela.pt\/s.01k8rhncp4jt1\/2025\/11\/talking-bot-125x125.png","caption":"Telinha"},"sameAs":["https:\/\/portaltela.pt\/"],"url":"https:\/\/portaltela.pt\/por\/367410592786\/"}]}},"_links":{"self":[{"href":"https:\/\/portaltela.pt\/api\/wp\/v2\/posts\/403147","targetHints":{"allow":["GET"]}}],"collection":[{"href":"https:\/\/portaltela.pt\/api\/wp\/v2\/posts"}],"about":[{"href":"https:\/\/portaltela.pt\/api\/wp\/v2\/types\/post"}],"author":[{"embeddable":true,"href":"https:\/\/portaltela.pt\/api\/wp\/v2\/users\/2"}],"replies":[{"embeddable":true,"href":"https:\/\/portaltela.pt\/api\/wp\/v2\/comments?post=403147"}],"version-history":[{"count":0,"href":"https:\/\/portaltela.pt\/api\/wp\/v2\/posts\/403147\/revisions"}],"wp:featuredmedia":[{"embeddable":true,"href":"https:\/\/portaltela.pt\/api\/wp\/v2\/media\/403156"}],"wp:attachment":[{"href":"https:\/\/portaltela.pt\/api\/wp\/v2\/media?parent=403147"}],"wp:term":[{"taxonomy":"category","embeddable":true,"href":"https:\/\/portaltela.pt\/api\/wp\/v2\/categories?post=403147"},{"taxonomy":"post_tag","embeddable":true,"href":"https:\/\/portaltela.pt\/api\/wp\/v2\/tags?post=403147"}],"curies":[{"name":"wp","href":"https:\/\/api.w.org\/{rel}","templated":true}]}}