{"id":403133,"date":"2026-03-09T07:21:00","date_gmt":"2026-03-09T10:21:00","guid":{"rendered":"https:\/\/portaltela.pt\/noticias\/2026\/03\/09\/palacete-onde-cresceu-balsemao-na-lapa-vendido-a-magnata-colombiano\/"},"modified":"2026-03-09T07:21:00","modified_gmt":"2026-03-09T10:21:00","slug":"palacete-onde-cresceu-balsemao-na-lapa-vendido-a-magnata-colombiano","status":"publish","type":"post","link":"https:\/\/portaltela.pt\/noticias\/economia\/2026\/03\/09\/palacete-onde-cresceu-balsemao-na-lapa-vendido-a-magnata-colombiano\/","title":{"rendered":"Palacete onde cresceu Balsem\u00e3o na Lapa vendido a magnata colombiano"},"content":{"rendered":"<p>A casa onde Francisco Pinto Balsem\u00e3o passou a inf\u00e2ncia, na Rua Ribeiro Sanches, Lapa, Lisboa, foi vendida poucos meses antes da morte do ex-primeiro-ministro. A transa\u00e7\u00e3o ocorreu a 24 de junho de 2025, segundo registos prediais consultados pela investiga\u00e7\u00e3o do P\u00e1gina Um. O antigo propriet\u00e1rio, entretanto, j\u00e1 n\u00e3o detinha o im\u00f3vel.<\/p>\n<p>O comprador \u00e9 Eduardo Trujillo Uribe, empres\u00e1rio colombiano com interesses no M\u00e9xico. O valor da venda n\u00e3o foi divulgado, embora, em 2021, a casa estivesse \u00e0 venda por cerca de 9,95 milh\u00f5es de euros. O palacete mant\u00e9m-se como uma das refer\u00eancias da zona hist\u00f3rica.<\/p>\n<p>O im\u00f3vel, constru\u00eddo no in\u00edcio do s\u00e9culo XX, possui 2 335 m\u00b2 de \u00e1rea total, com 1 450 m\u00b2 de \u00e1rea interior distribu\u00eddos por quatro pisos e 29 divis\u00f5es. A propriedade inclui dois jardins e uma garagem, oferecendo vista sobre o Tejo e a zona de Casal de Lisboa.<\/p>\n<p>Durante d\u00e9cadas, a casa acolheu atividades empresariais e chegou a ser sede da Impresa, detentora da SIC e do Expresso, at\u00e9 junho de 2023. Balsem\u00e3o herdou o palacete em 1969 e descreveu a inf\u00e2ncia no local como protegida e quase enclausurada nos primeiros anos.<\/p>\n<p>Sobre o novo propriet\u00e1rio, h\u00e1 poucos dados p\u00fablicos. Sabe-se apenas que Eduardo Trujillo Uribe ter\u00e1 liga\u00e7\u00f5es \u00e0 Tabacolmex, empresa ligada a Guadalajara, no M\u00e9xico, e reside numa zona extremamente valorizada.<\/p>\n","protected":false},"excerpt":{"rendered":"<ul>\n<li>O palacete da Lapa, em Lisboa, onde Francisco Pinto Balsem\u00e3o viveu a inf\u00e2ncia, foi vendido a 24 de junho de 2025 a Eduardo Trujillo Uribe, empres\u00e1rio colombiano.<\/li>\n<li>O im\u00f3vel tem 2.335 metros quadrados de \u00e1rea total (cerca de 1.450 m\u00b2 habit\u00e1veis) distribu\u00eddos por quatro pisos, dois jardins e garagem, com vista para o rio Tejo; esteve \u00e0 venda em 2021 por cerca de 9,95 milh\u00f5es de euros.<\/li>\n<li>A casa foi sede da Impresa, dona da SIC e do Expresso, at\u00e9 junho de 2023.<\/li>\n<li>Balsem\u00e3o herdou o palacete em 1969 e nela viveu at\u00e9 casar pela primeira vez aos 27 anos, descrevendo a inf\u00e2ncia como \u201cdourada e excessivamente protegida\u201d.<\/li>\n<li>O novo propriet\u00e1rio, Eduardo Trujillo Uribe, est\u00e1 ligado \u00e0 Tabacolmex, empresa com atividade em Guadalajara, M\u00e9xico, e reside numa zona exclusiva.<\/li>\n<\/ul>\n","protected":false},"author":2,"featured_media":403138,"comment_status":"closed","ping_status":"closed","sticky":false,"template":"","format":"standard","meta":{"footnotes":""},"categories":[2,6735],"tags":[2469,4396,228,981,1014,4394],"class_list":["post-403133","post","type-post","status-publish","format-standard","has-post-thumbnail","hentry","category-economia","category-negocios","tag-colombia","tag-expresso","tag-imobiliario","tag-lisboa","tag-portugal","tag-sic-noticias"],"yoast_head":"<!-- This site is optimized with the Yoast SEO plugin v27.2 - https:\/\/yoast.com\/product\/yoast-seo-wordpress\/ -->\n<title>Palacete onde cresceu Balsem\u00e3o na Lapa vendido a magnata colombiano - Portal Tela Portugal<\/title>\n<meta name=\"robots\" content=\"index, follow, max-snippet:-1, max-image-preview:large, max-video-preview:-1\" \/>\n<meta property=\"og:locale\" content=\"pt_PT\" \/>\n<meta property=\"og:type\" content=\"article\" \/>\n<meta property=\"og:title\" content=\"Palacete onde cresceu Balsem\u00e3o na Lapa vendido a magnata colombiano - Portal Tela Portugal\" \/>\n<meta property=\"og:description\" content=\"O palacete da Lapa, em Lisboa, onde Francisco Pinto Balsem\u00e3o viveu a inf\u00e2ncia, foi vendido a 24 de junho de 2025 a Eduardo Trujillo Uribe, empres\u00e1rio colombiano. O im\u00f3vel tem 2.335 metros quadrados de \u00e1rea total (cerca de 1.450 m\u00b2 habit\u00e1veis) distribu\u00eddos por quatro pisos, dois jardins e garagem, com vista para o rio Tejo; esteve \u00e0 venda em 2021 por cerca de 9,95 milh\u00f5es de euros. A casa foi sede da Impresa, dona da SIC e do Expresso, at\u00e9 junho de 2023. Balsem\u00e3o herdou o palacete em 1969 e nela viveu at\u00e9 casar pela primeira vez aos 27 anos, descrevendo a inf\u00e2ncia como \u201cdourada e excessivamente protegida\u201d. O novo propriet\u00e1rio, Eduardo Trujillo Uribe, est\u00e1 ligado \u00e0 Tabacolmex, empresa com atividade em Guadalajara, M\u00e9xico, e reside numa zona exclusiva.\" \/>\n<meta property=\"og:url\" content=\"https:\/\/portaltela.pt\/noticias\/2026\/03\/09\/palacete-onde-cresceu-balsemao-na-lapa-vendido-a-magnata-colombiano\/\" \/>\n<meta property=\"og:site_name\" content=\"Portal Tela Portugal\" \/>\n<meta property=\"article:published_time\" content=\"2026-03-09T10:21:00+00:00\" \/>\n<meta name=\"author\" content=\"Telinha\" \/>\n<meta name=\"twitter:card\" content=\"summary_large_image\" \/>\n<meta name=\"twitter:label1\" content=\"Escrito por\" \/>\n\t<meta name=\"twitter:data1\" content=\"Telinha\" \/>\n\t<meta name=\"twitter:label2\" content=\"Tempo estimado de leitura\" \/>\n\t<meta name=\"twitter:data2\" content=\"1 minuto\" \/>\n<script type=\"application\/ld+json\" class=\"yoast-schema-graph\">{\"@context\":\"https:\/\/schema.org\",\"@graph\":[{\"@type\":\"Article\",\"@id\":\"https:\/\/portaltela.pt\/noticias\/2026\/03\/09\/palacete-onde-cresceu-balsemao-na-lapa-vendido-a-magnata-colombiano\/#article\",\"isPartOf\":{\"@id\":\"https:\/\/portaltela.pt\/noticias\/2026\/03\/09\/palacete-onde-cresceu-balsemao-na-lapa-vendido-a-magnata-colombiano\/\"},\"author\":{\"name\":\"Telinha\",\"@id\":\"https:\/\/portaltela.pt\/#\/schema\/person\/c4278d4a6028830caff9ee44b42d32ed\"},\"headline\":\"Palacete onde cresceu Balsem\u00e3o na Lapa vendido a magnata colombiano\",\"datePublished\":\"2026-03-09T10:21:00+00:00\",\"mainEntityOfPage\":{\"@id\":\"https:\/\/portaltela.pt\/noticias\/2026\/03\/09\/palacete-onde-cresceu-balsemao-na-lapa-vendido-a-magnata-colombiano\/\"},\"wordCount\":243,\"image\":{\"@id\":\"https:\/\/portaltela.pt\/noticias\/2026\/03\/09\/palacete-onde-cresceu-balsemao-na-lapa-vendido-a-magnata-colombiano\/#primaryimage\"},\"thumbnailUrl\":\"https:\/\/portaltela.pt\/s.01k8rhncp4jt1\/2026\/03\/img_1500x1000uu2025-10-22-11-16-11-2243168.jpg\",\"keywords\":[\"Col\u00f4mbia\",\"Expresso\",\"imobili\u00e1rio\",\"Lisboa\",\"Portugal\",\"SIC Not\u00edcias\"],\"articleSection\":[\"Economia\",\"Neg\u00f3cios\"],\"inLanguage\":\"pt-PT\"},{\"@type\":\"WebPage\",\"@id\":\"https:\/\/portaltela.pt\/noticias\/2026\/03\/09\/palacete-onde-cresceu-balsemao-na-lapa-vendido-a-magnata-colombiano\/\",\"url\":\"https:\/\/portaltela.pt\/noticias\/2026\/03\/09\/palacete-onde-cresceu-balsemao-na-lapa-vendido-a-magnata-colombiano\/\",\"name\":\"Palacete onde cresceu Balsem\u00e3o na Lapa vendido a magnata colombiano - Portal Tela Portugal\",\"isPartOf\":{\"@id\":\"https:\/\/portaltela.pt\/#website\"},\"primaryImageOfPage\":{\"@id\":\"https:\/\/portaltela.pt\/noticias\/2026\/03\/09\/palacete-onde-cresceu-balsemao-na-lapa-vendido-a-magnata-colombiano\/#primaryimage\"},\"image\":{\"@id\":\"https:\/\/portaltela.pt\/noticias\/2026\/03\/09\/palacete-onde-cresceu-balsemao-na-lapa-vendido-a-magnata-colombiano\/#primaryimage\"},\"thumbnailUrl\":\"https:\/\/portaltela.pt\/s.01k8rhncp4jt1\/2026\/03\/img_1500x1000uu2025-10-22-11-16-11-2243168.jpg\",\"datePublished\":\"2026-03-09T10:21:00+00:00\",\"author\":{\"@id\":\"https:\/\/portaltela.pt\/#\/schema\/person\/c4278d4a6028830caff9ee44b42d32ed\"},\"breadcrumb\":{\"@id\":\"https:\/\/portaltela.pt\/noticias\/2026\/03\/09\/palacete-onde-cresceu-balsemao-na-lapa-vendido-a-magnata-colombiano\/#breadcrumb\"},\"inLanguage\":\"pt-PT\",\"potentialAction\":[{\"@type\":\"ReadAction\",\"target\":[\"https:\/\/portaltela.pt\/noticias\/2026\/03\/09\/palacete-onde-cresceu-balsemao-na-lapa-vendido-a-magnata-colombiano\/\"]}]},{\"@type\":\"ImageObject\",\"inLanguage\":\"pt-PT\",\"@id\":\"https:\/\/portaltela.pt\/noticias\/2026\/03\/09\/palacete-onde-cresceu-balsemao-na-lapa-vendido-a-magnata-colombiano\/#primaryimage\",\"url\":\"https:\/\/portaltela.pt\/s.01k8rhncp4jt1\/2026\/03\/img_1500x1000uu2025-10-22-11-16-11-2243168.jpg\",\"contentUrl\":\"https:\/\/portaltela.pt\/s.01k8rhncp4jt1\/2026\/03\/img_1500x1000uu2025-10-22-11-16-11-2243168.jpg\",\"width\":796,\"height\":448,\"caption\":\"Francisco Pinto Balsem\u00e3o\"},{\"@type\":\"BreadcrumbList\",\"@id\":\"https:\/\/portaltela.pt\/noticias\/2026\/03\/09\/palacete-onde-cresceu-balsemao-na-lapa-vendido-a-magnata-colombiano\/#breadcrumb\",\"itemListElement\":[{\"@type\":\"ListItem\",\"position\":1,\"name\":\"In\u00edcio\",\"item\":\"https:\/\/portaltela.pt\/\"},{\"@type\":\"ListItem\",\"position\":2,\"name\":\"Palacete onde cresceu Balsem\u00e3o na Lapa vendido a magnata colombiano\"}]},{\"@type\":\"WebSite\",\"@id\":\"https:\/\/portaltela.pt\/#website\",\"url\":\"https:\/\/portaltela.pt\/\",\"name\":\"Portal Tela Portugal\",\"description\":\"\",\"potentialAction\":[{\"@type\":\"SearchAction\",\"target\":{\"@type\":\"EntryPoint\",\"urlTemplate\":\"https:\/\/portaltela.pt\/?s={search_term_string}\"},\"query-input\":{\"@type\":\"PropertyValueSpecification\",\"valueRequired\":true,\"valueName\":\"search_term_string\"}}],\"inLanguage\":\"pt-PT\"},{\"@type\":\"Person\",\"@id\":\"https:\/\/portaltela.pt\/#\/schema\/person\/c4278d4a6028830caff9ee44b42d32ed\",\"name\":\"Telinha\",\"image\":{\"@type\":\"ImageObject\",\"inLanguage\":\"pt-PT\",\"@id\":\"https:\/\/portaltela.pt\/s.01k8rhncp4jt1\/2025\/11\/talking-bot-125x125.png\",\"url\":\"https:\/\/portaltela.pt\/s.01k8rhncp4jt1\/2025\/11\/talking-bot-125x125.png\",\"contentUrl\":\"https:\/\/portaltela.pt\/s.01k8rhncp4jt1\/2025\/11\/talking-bot-125x125.png\",\"caption\":\"Telinha\"},\"sameAs\":[\"https:\/\/portaltela.pt\/\"],\"url\":\"https:\/\/portaltela.pt\/por\/367410592786\/\"}]}<\/script>\n<!-- \/ Yoast SEO plugin. -->","yoast_head_json":{"title":"Palacete onde cresceu Balsem\u00e3o na Lapa vendido a magnata colombiano - Portal Tela Portugal","robots":{"index":"index","follow":"follow","max-snippet":"max-snippet:-1","max-image-preview":"max-image-preview:large","max-video-preview":"max-video-preview:-1"},"og_locale":"pt_PT","og_type":"article","og_title":"Palacete onde cresceu Balsem\u00e3o na Lapa vendido a magnata colombiano - Portal Tela Portugal","og_description":"O palacete da Lapa, em Lisboa, onde Francisco Pinto Balsem\u00e3o viveu a inf\u00e2ncia, foi vendido a 24 de junho de 2025 a Eduardo Trujillo Uribe, empres\u00e1rio colombiano. O im\u00f3vel tem 2.335 metros quadrados de \u00e1rea total (cerca de 1.450 m\u00b2 habit\u00e1veis) distribu\u00eddos por quatro pisos, dois jardins e garagem, com vista para o rio Tejo; esteve \u00e0 venda em 2021 por cerca de 9,95 milh\u00f5es de euros. A casa foi sede da Impresa, dona da SIC e do Expresso, at\u00e9 junho de 2023. Balsem\u00e3o herdou o palacete em 1969 e nela viveu at\u00e9 casar pela primeira vez aos 27 anos, descrevendo a inf\u00e2ncia como \u201cdourada e excessivamente protegida\u201d. O novo propriet\u00e1rio, Eduardo Trujillo Uribe, est\u00e1 ligado \u00e0 Tabacolmex, empresa com atividade em Guadalajara, M\u00e9xico, e reside numa zona exclusiva.","og_url":"https:\/\/portaltela.pt\/noticias\/2026\/03\/09\/palacete-onde-cresceu-balsemao-na-lapa-vendido-a-magnata-colombiano\/","og_site_name":"Portal Tela Portugal","article_published_time":"2026-03-09T10:21:00+00:00","author":"Telinha","twitter_card":"summary_large_image","twitter_misc":{"Escrito por":"Telinha","Tempo estimado de leitura":"1 minuto"},"schema":{"@context":"https:\/\/schema.org","@graph":[{"@type":"Article","@id":"https:\/\/portaltela.pt\/noticias\/2026\/03\/09\/palacete-onde-cresceu-balsemao-na-lapa-vendido-a-magnata-colombiano\/#article","isPartOf":{"@id":"https:\/\/portaltela.pt\/noticias\/2026\/03\/09\/palacete-onde-cresceu-balsemao-na-lapa-vendido-a-magnata-colombiano\/"},"author":{"name":"Telinha","@id":"https:\/\/portaltela.pt\/#\/schema\/person\/c4278d4a6028830caff9ee44b42d32ed"},"headline":"Palacete onde cresceu Balsem\u00e3o na Lapa vendido a magnata colombiano","datePublished":"2026-03-09T10:21:00+00:00","mainEntityOfPage":{"@id":"https:\/\/portaltela.pt\/noticias\/2026\/03\/09\/palacete-onde-cresceu-balsemao-na-lapa-vendido-a-magnata-colombiano\/"},"wordCount":243,"image":{"@id":"https:\/\/portaltela.pt\/noticias\/2026\/03\/09\/palacete-onde-cresceu-balsemao-na-lapa-vendido-a-magnata-colombiano\/#primaryimage"},"thumbnailUrl":"https:\/\/portaltela.pt\/s.01k8rhncp4jt1\/2026\/03\/img_1500x1000uu2025-10-22-11-16-11-2243168.jpg","keywords":["Col\u00f4mbia","Expresso","imobili\u00e1rio","Lisboa","Portugal","SIC Not\u00edcias"],"articleSection":["Economia","Neg\u00f3cios"],"inLanguage":"pt-PT"},{"@type":"WebPage","@id":"https:\/\/portaltela.pt\/noticias\/2026\/03\/09\/palacete-onde-cresceu-balsemao-na-lapa-vendido-a-magnata-colombiano\/","url":"https:\/\/portaltela.pt\/noticias\/2026\/03\/09\/palacete-onde-cresceu-balsemao-na-lapa-vendido-a-magnata-colombiano\/","name":"Palacete onde cresceu Balsem\u00e3o na Lapa vendido a magnata colombiano - Portal Tela Portugal","isPartOf":{"@id":"https:\/\/portaltela.pt\/#website"},"primaryImageOfPage":{"@id":"https:\/\/portaltela.pt\/noticias\/2026\/03\/09\/palacete-onde-cresceu-balsemao-na-lapa-vendido-a-magnata-colombiano\/#primaryimage"},"image":{"@id":"https:\/\/portaltela.pt\/noticias\/2026\/03\/09\/palacete-onde-cresceu-balsemao-na-lapa-vendido-a-magnata-colombiano\/#primaryimage"},"thumbnailUrl":"https:\/\/portaltela.pt\/s.01k8rhncp4jt1\/2026\/03\/img_1500x1000uu2025-10-22-11-16-11-2243168.jpg","datePublished":"2026-03-09T10:21:00+00:00","author":{"@id":"https:\/\/portaltela.pt\/#\/schema\/person\/c4278d4a6028830caff9ee44b42d32ed"},"breadcrumb":{"@id":"https:\/\/portaltela.pt\/noticias\/2026\/03\/09\/palacete-onde-cresceu-balsemao-na-lapa-vendido-a-magnata-colombiano\/#breadcrumb"},"inLanguage":"pt-PT","potentialAction":[{"@type":"ReadAction","target":["https:\/\/portaltela.pt\/noticias\/2026\/03\/09\/palacete-onde-cresceu-balsemao-na-lapa-vendido-a-magnata-colombiano\/"]}]},{"@type":"ImageObject","inLanguage":"pt-PT","@id":"https:\/\/portaltela.pt\/noticias\/2026\/03\/09\/palacete-onde-cresceu-balsemao-na-lapa-vendido-a-magnata-colombiano\/#primaryimage","url":"https:\/\/portaltela.pt\/s.01k8rhncp4jt1\/2026\/03\/img_1500x1000uu2025-10-22-11-16-11-2243168.jpg","contentUrl":"https:\/\/portaltela.pt\/s.01k8rhncp4jt1\/2026\/03\/img_1500x1000uu2025-10-22-11-16-11-2243168.jpg","width":796,"height":448,"caption":"Francisco Pinto Balsem\u00e3o"},{"@type":"BreadcrumbList","@id":"https:\/\/portaltela.pt\/noticias\/2026\/03\/09\/palacete-onde-cresceu-balsemao-na-lapa-vendido-a-magnata-colombiano\/#breadcrumb","itemListElement":[{"@type":"ListItem","position":1,"name":"In\u00edcio","item":"https:\/\/portaltela.pt\/"},{"@type":"ListItem","position":2,"name":"Palacete onde cresceu Balsem\u00e3o na Lapa vendido a magnata colombiano"}]},{"@type":"WebSite","@id":"https:\/\/portaltela.pt\/#website","url":"https:\/\/portaltela.pt\/","name":"Portal Tela Portugal","description":"","potentialAction":[{"@type":"SearchAction","target":{"@type":"EntryPoint","urlTemplate":"https:\/\/portaltela.pt\/?s={search_term_string}"},"query-input":{"@type":"PropertyValueSpecification","valueRequired":true,"valueName":"search_term_string"}}],"inLanguage":"pt-PT"},{"@type":"Person","@id":"https:\/\/portaltela.pt\/#\/schema\/person\/c4278d4a6028830caff9ee44b42d32ed","name":"Telinha","image":{"@type":"ImageObject","inLanguage":"pt-PT","@id":"https:\/\/portaltela.pt\/s.01k8rhncp4jt1\/2025\/11\/talking-bot-125x125.png","url":"https:\/\/portaltela.pt\/s.01k8rhncp4jt1\/2025\/11\/talking-bot-125x125.png","contentUrl":"https:\/\/portaltela.pt\/s.01k8rhncp4jt1\/2025\/11\/talking-bot-125x125.png","caption":"Telinha"},"sameAs":["https:\/\/portaltela.pt\/"],"url":"https:\/\/portaltela.pt\/por\/367410592786\/"}]}},"_links":{"self":[{"href":"https:\/\/portaltela.pt\/api\/wp\/v2\/posts\/403133","targetHints":{"allow":["GET"]}}],"collection":[{"href":"https:\/\/portaltela.pt\/api\/wp\/v2\/posts"}],"about":[{"href":"https:\/\/portaltela.pt\/api\/wp\/v2\/types\/post"}],"author":[{"embeddable":true,"href":"https:\/\/portaltela.pt\/api\/wp\/v2\/users\/2"}],"replies":[{"embeddable":true,"href":"https:\/\/portaltela.pt\/api\/wp\/v2\/comments?post=403133"}],"version-history":[{"count":0,"href":"https:\/\/portaltela.pt\/api\/wp\/v2\/posts\/403133\/revisions"}],"wp:featuredmedia":[{"embeddable":true,"href":"https:\/\/portaltela.pt\/api\/wp\/v2\/media\/403138"}],"wp:attachment":[{"href":"https:\/\/portaltela.pt\/api\/wp\/v2\/media?parent=403133"}],"wp:term":[{"taxonomy":"category","embeddable":true,"href":"https:\/\/portaltela.pt\/api\/wp\/v2\/categories?post=403133"},{"taxonomy":"post_tag","embeddable":true,"href":"https:\/\/portaltela.pt\/api\/wp\/v2\/tags?post=403133"}],"curies":[{"name":"wp","href":"https:\/\/api.w.org\/{rel}","templated":true}]}}