{"id":403113,"date":"2026-03-09T07:04:00","date_gmt":"2026-03-09T10:04:00","guid":{"rendered":"https:\/\/portaltela.pt\/noticias\/2026\/03\/09\/comboios-voltam-a-linha-do-douro-entre-regua-e-pocinho\/"},"modified":"2026-03-09T07:04:00","modified_gmt":"2026-03-09T10:04:00","slug":"comboios-voltam-a-linha-do-douro-entre-regua-e-pocinho","status":"publish","type":"post","link":"https:\/\/portaltela.pt\/noticias\/2026\/03\/09\/comboios-voltam-a-linha-do-douro-entre-regua-e-pocinho\/","title":{"rendered":"Comboios voltam \u00e0 Linha do Douro entre R\u00e9gua e Pocinho"},"content":{"rendered":"<p>A circula\u00e7\u00e3o na Linha do Douro, entre a R\u00e9gua e o Pocinho, foi retomada esta segunda-feira, ap\u00f3s ter ficado suspensa devido \u00e0 passagem da tempestade Kristin a 28 de janeiro. A opera\u00e7\u00e3o voltou a depender das condi\u00e7\u00f5es meteorol\u00f3gicas e das obras em curso.<\/p>\n<p>A CP &#8211; Comboios de Portugal informou que, entre as esta\u00e7\u00f5es de Marco de Canaveses e R\u00e9gua, continua a realizar-se o servi\u00e7o rodovi\u00e1rio de substitui\u00e7\u00e3o, devido a obras de moderniza\u00e7\u00e3o a cargo da IP &#8211; Infraestruturas de Portugal.<\/p>\n<p>Ainda na sequ\u00eancia das tempestades que afetaram Portugal desde 28 de janeiro, permanecem suspensas as circula\u00e7\u00e3o na Linha do Oeste e na Linha da Beira Baixa. Realizam-se apenas comboios Regionais entre Castelo Branco e Guarda e entre Entroncamento e Abrantes.<\/p>\n<p>Dezenove pessoas morreram em Portugal na sequ\u00eancia das depress\u00f5es Kristin, Leonardo e Marta, que provocaram centenas de feridos e desalojados. Mais da metade das v\u00edtimas ocorreu em trabalhos de recupera\u00e7\u00e3o.<\/p>\n","protected":false},"excerpt":{"rendered":"<ul>\n<li>A circula\u00e7\u00e3o na Linha do Douro, entre a R\u00e9gua e o Pocinho, foi retomada nesta segunda-feira, mais de um m\u00eas depois da suspens\u00e3o causada pela tempestade Kristin, a 28 de janeiro.<\/li>\n<li>Entre Marco de Canaveses e R\u00e9gua continua a vigorar o servi\u00e7o rodovi\u00e1rio de substitui\u00e7\u00e3o, devido a obras de moderniza\u00e7\u00e3o a cargo da Infraestruturas de Portugal.<\/li>\n<li>As tempestades que afetaram Portugal desde 28 de janeiro mant\u00eam suspensa a circula\u00e7\u00e3o na Linha do Oeste e na Linha da Beira Baixa; realizam-se apenas comboios regionais entre Castelo Branco e Guarda e entre Entroncamento e Abrantes.<\/li>\n<li>Dezanove pessoas morreram no pa\u00eds na sequ\u00eancia das depress\u00f5es Kristin, Leonardo e Marta, com centenas de feridos e desalojados, sendo mais da metade as mortes ocorridas durante trabalhos de recupera\u00e7\u00e3o.<\/li>\n<\/ul>\n","protected":false},"author":2,"featured_media":403122,"comment_status":"closed","ping_status":"closed","sticky":false,"template":"","format":"standard","meta":{"footnotes":""},"categories":[1],"tags":[3670,5215,2698,4364,1391,363],"class_list":["post-403113","post","type-post","status-publish","format-standard","has-post-thumbnail","hentry","category-noticias","tag-beira-baixa","tag-catastrofes-naturais","tag-infraestruturas-de-portugal","tag-meteorologia","tag-regua","tag-transportes"],"yoast_head":"<!-- This site is optimized with the Yoast SEO plugin v27.2 - https:\/\/yoast.com\/product\/yoast-seo-wordpress\/ -->\n<title>Comboios voltam \u00e0 Linha do Douro entre R\u00e9gua e Pocinho - Portal Tela Portugal<\/title>\n<meta name=\"robots\" content=\"index, follow, max-snippet:-1, max-image-preview:large, max-video-preview:-1\" \/>\n<meta property=\"og:locale\" content=\"pt_PT\" \/>\n<meta property=\"og:type\" content=\"article\" \/>\n<meta property=\"og:title\" content=\"Comboios voltam \u00e0 Linha do Douro entre R\u00e9gua e Pocinho - Portal Tela Portugal\" \/>\n<meta property=\"og:description\" content=\"A circula\u00e7\u00e3o na Linha do Douro, entre a R\u00e9gua e o Pocinho, foi retomada nesta segunda-feira, mais de um m\u00eas depois da suspens\u00e3o causada pela tempestade Kristin, a 28 de janeiro. Entre Marco de Canaveses e R\u00e9gua continua a vigorar o servi\u00e7o rodovi\u00e1rio de substitui\u00e7\u00e3o, devido a obras de moderniza\u00e7\u00e3o a cargo da Infraestruturas de Portugal. As tempestades que afetaram Portugal desde 28 de janeiro mant\u00eam suspensa a circula\u00e7\u00e3o na Linha do Oeste e na Linha da Beira Baixa; realizam-se apenas comboios regionais entre Castelo Branco e Guarda e entre Entroncamento e Abrantes. Dezanove pessoas morreram no pa\u00eds na sequ\u00eancia das depress\u00f5es Kristin, Leonardo e Marta, com centenas de feridos e desalojados, sendo mais da metade as mortes ocorridas durante trabalhos de recupera\u00e7\u00e3o.\" \/>\n<meta property=\"og:url\" content=\"https:\/\/portaltela.pt\/noticias\/2026\/03\/09\/comboios-voltam-a-linha-do-douro-entre-regua-e-pocinho\/\" \/>\n<meta property=\"og:site_name\" content=\"Portal Tela Portugal\" \/>\n<meta property=\"article:published_time\" content=\"2026-03-09T10:04:00+00:00\" \/>\n<meta name=\"author\" content=\"Telinha\" \/>\n<meta name=\"twitter:card\" content=\"summary_large_image\" \/>\n<meta name=\"twitter:label1\" content=\"Escrito por\" \/>\n\t<meta name=\"twitter:data1\" content=\"Telinha\" \/>\n\t<meta name=\"twitter:label2\" content=\"Tempo estimado de leitura\" \/>\n\t<meta name=\"twitter:data2\" content=\"1 minuto\" \/>\n<script type=\"application\/ld+json\" class=\"yoast-schema-graph\">{\"@context\":\"https:\/\/schema.org\",\"@graph\":[{\"@type\":\"Article\",\"@id\":\"https:\/\/portaltela.pt\/noticias\/2026\/03\/09\/comboios-voltam-a-linha-do-douro-entre-regua-e-pocinho\/#article\",\"isPartOf\":{\"@id\":\"https:\/\/portaltela.pt\/noticias\/2026\/03\/09\/comboios-voltam-a-linha-do-douro-entre-regua-e-pocinho\/\"},\"author\":{\"name\":\"Telinha\",\"@id\":\"https:\/\/portaltela.pt\/#\/schema\/person\/c4278d4a6028830caff9ee44b42d32ed\"},\"headline\":\"Comboios voltam \u00e0 Linha do Douro entre R\u00e9gua e Pocinho\",\"datePublished\":\"2026-03-09T10:04:00+00:00\",\"mainEntityOfPage\":{\"@id\":\"https:\/\/portaltela.pt\/noticias\/2026\/03\/09\/comboios-voltam-a-linha-do-douro-entre-regua-e-pocinho\/\"},\"wordCount\":176,\"image\":{\"@id\":\"https:\/\/portaltela.pt\/noticias\/2026\/03\/09\/comboios-voltam-a-linha-do-douro-entre-regua-e-pocinho\/#primaryimage\"},\"thumbnailUrl\":\"https:\/\/portaltela.pt\/s.01k8rhncp4jt1\/2026\/03\/image-554.jpg\",\"keywords\":[\"Beira Baixa\",\"cat\u00e1strofes naturais\",\"Infraestruturas de Portugal\",\"meteorologia\",\"R\u00e9gua\",\"transportes\"],\"articleSection\":[\"Not\u00edcias\"],\"inLanguage\":\"pt-PT\"},{\"@type\":\"WebPage\",\"@id\":\"https:\/\/portaltela.pt\/noticias\/2026\/03\/09\/comboios-voltam-a-linha-do-douro-entre-regua-e-pocinho\/\",\"url\":\"https:\/\/portaltela.pt\/noticias\/2026\/03\/09\/comboios-voltam-a-linha-do-douro-entre-regua-e-pocinho\/\",\"name\":\"Comboios voltam \u00e0 Linha do Douro entre R\u00e9gua e Pocinho - Portal Tela Portugal\",\"isPartOf\":{\"@id\":\"https:\/\/portaltela.pt\/#website\"},\"primaryImageOfPage\":{\"@id\":\"https:\/\/portaltela.pt\/noticias\/2026\/03\/09\/comboios-voltam-a-linha-do-douro-entre-regua-e-pocinho\/#primaryimage\"},\"image\":{\"@id\":\"https:\/\/portaltela.pt\/noticias\/2026\/03\/09\/comboios-voltam-a-linha-do-douro-entre-regua-e-pocinho\/#primaryimage\"},\"thumbnailUrl\":\"https:\/\/portaltela.pt\/s.01k8rhncp4jt1\/2026\/03\/image-554.jpg\",\"datePublished\":\"2026-03-09T10:04:00+00:00\",\"author\":{\"@id\":\"https:\/\/portaltela.pt\/#\/schema\/person\/c4278d4a6028830caff9ee44b42d32ed\"},\"breadcrumb\":{\"@id\":\"https:\/\/portaltela.pt\/noticias\/2026\/03\/09\/comboios-voltam-a-linha-do-douro-entre-regua-e-pocinho\/#breadcrumb\"},\"inLanguage\":\"pt-PT\",\"potentialAction\":[{\"@type\":\"ReadAction\",\"target\":[\"https:\/\/portaltela.pt\/noticias\/2026\/03\/09\/comboios-voltam-a-linha-do-douro-entre-regua-e-pocinho\/\"]}]},{\"@type\":\"ImageObject\",\"inLanguage\":\"pt-PT\",\"@id\":\"https:\/\/portaltela.pt\/noticias\/2026\/03\/09\/comboios-voltam-a-linha-do-douro-entre-regua-e-pocinho\/#primaryimage\",\"url\":\"https:\/\/portaltela.pt\/s.01k8rhncp4jt1\/2026\/03\/image-554.jpg\",\"contentUrl\":\"https:\/\/portaltela.pt\/s.01k8rhncp4jt1\/2026\/03\/image-554.jpg\",\"width\":796,\"height\":448,\"caption\":\"Mais de um m\u00eas depois, comboios voltam \u00e0 Linha do Douro entre a R\u00e9gua e o Pocinho\"},{\"@type\":\"BreadcrumbList\",\"@id\":\"https:\/\/portaltela.pt\/noticias\/2026\/03\/09\/comboios-voltam-a-linha-do-douro-entre-regua-e-pocinho\/#breadcrumb\",\"itemListElement\":[{\"@type\":\"ListItem\",\"position\":1,\"name\":\"In\u00edcio\",\"item\":\"https:\/\/portaltela.pt\/\"},{\"@type\":\"ListItem\",\"position\":2,\"name\":\"Comboios voltam \u00e0 Linha do Douro entre R\u00e9gua e Pocinho\"}]},{\"@type\":\"WebSite\",\"@id\":\"https:\/\/portaltela.pt\/#website\",\"url\":\"https:\/\/portaltela.pt\/\",\"name\":\"Portal Tela Portugal\",\"description\":\"\",\"potentialAction\":[{\"@type\":\"SearchAction\",\"target\":{\"@type\":\"EntryPoint\",\"urlTemplate\":\"https:\/\/portaltela.pt\/?s={search_term_string}\"},\"query-input\":{\"@type\":\"PropertyValueSpecification\",\"valueRequired\":true,\"valueName\":\"search_term_string\"}}],\"inLanguage\":\"pt-PT\"},{\"@type\":\"Person\",\"@id\":\"https:\/\/portaltela.pt\/#\/schema\/person\/c4278d4a6028830caff9ee44b42d32ed\",\"name\":\"Telinha\",\"image\":{\"@type\":\"ImageObject\",\"inLanguage\":\"pt-PT\",\"@id\":\"https:\/\/portaltela.pt\/s.01k8rhncp4jt1\/2025\/11\/talking-bot-125x125.png\",\"url\":\"https:\/\/portaltela.pt\/s.01k8rhncp4jt1\/2025\/11\/talking-bot-125x125.png\",\"contentUrl\":\"https:\/\/portaltela.pt\/s.01k8rhncp4jt1\/2025\/11\/talking-bot-125x125.png\",\"caption\":\"Telinha\"},\"sameAs\":[\"https:\/\/portaltela.pt\/\"],\"url\":\"https:\/\/portaltela.pt\/por\/367410592786\/\"}]}<\/script>\n<!-- \/ Yoast SEO plugin. -->","yoast_head_json":{"title":"Comboios voltam \u00e0 Linha do Douro entre R\u00e9gua e Pocinho - Portal Tela Portugal","robots":{"index":"index","follow":"follow","max-snippet":"max-snippet:-1","max-image-preview":"max-image-preview:large","max-video-preview":"max-video-preview:-1"},"og_locale":"pt_PT","og_type":"article","og_title":"Comboios voltam \u00e0 Linha do Douro entre R\u00e9gua e Pocinho - Portal Tela Portugal","og_description":"A circula\u00e7\u00e3o na Linha do Douro, entre a R\u00e9gua e o Pocinho, foi retomada nesta segunda-feira, mais de um m\u00eas depois da suspens\u00e3o causada pela tempestade Kristin, a 28 de janeiro. Entre Marco de Canaveses e R\u00e9gua continua a vigorar o servi\u00e7o rodovi\u00e1rio de substitui\u00e7\u00e3o, devido a obras de moderniza\u00e7\u00e3o a cargo da Infraestruturas de Portugal. As tempestades que afetaram Portugal desde 28 de janeiro mant\u00eam suspensa a circula\u00e7\u00e3o na Linha do Oeste e na Linha da Beira Baixa; realizam-se apenas comboios regionais entre Castelo Branco e Guarda e entre Entroncamento e Abrantes. Dezanove pessoas morreram no pa\u00eds na sequ\u00eancia das depress\u00f5es Kristin, Leonardo e Marta, com centenas de feridos e desalojados, sendo mais da metade as mortes ocorridas durante trabalhos de recupera\u00e7\u00e3o.","og_url":"https:\/\/portaltela.pt\/noticias\/2026\/03\/09\/comboios-voltam-a-linha-do-douro-entre-regua-e-pocinho\/","og_site_name":"Portal Tela Portugal","article_published_time":"2026-03-09T10:04:00+00:00","author":"Telinha","twitter_card":"summary_large_image","twitter_misc":{"Escrito por":"Telinha","Tempo estimado de leitura":"1 minuto"},"schema":{"@context":"https:\/\/schema.org","@graph":[{"@type":"Article","@id":"https:\/\/portaltela.pt\/noticias\/2026\/03\/09\/comboios-voltam-a-linha-do-douro-entre-regua-e-pocinho\/#article","isPartOf":{"@id":"https:\/\/portaltela.pt\/noticias\/2026\/03\/09\/comboios-voltam-a-linha-do-douro-entre-regua-e-pocinho\/"},"author":{"name":"Telinha","@id":"https:\/\/portaltela.pt\/#\/schema\/person\/c4278d4a6028830caff9ee44b42d32ed"},"headline":"Comboios voltam \u00e0 Linha do Douro entre R\u00e9gua e Pocinho","datePublished":"2026-03-09T10:04:00+00:00","mainEntityOfPage":{"@id":"https:\/\/portaltela.pt\/noticias\/2026\/03\/09\/comboios-voltam-a-linha-do-douro-entre-regua-e-pocinho\/"},"wordCount":176,"image":{"@id":"https:\/\/portaltela.pt\/noticias\/2026\/03\/09\/comboios-voltam-a-linha-do-douro-entre-regua-e-pocinho\/#primaryimage"},"thumbnailUrl":"https:\/\/portaltela.pt\/s.01k8rhncp4jt1\/2026\/03\/image-554.jpg","keywords":["Beira Baixa","cat\u00e1strofes naturais","Infraestruturas de Portugal","meteorologia","R\u00e9gua","transportes"],"articleSection":["Not\u00edcias"],"inLanguage":"pt-PT"},{"@type":"WebPage","@id":"https:\/\/portaltela.pt\/noticias\/2026\/03\/09\/comboios-voltam-a-linha-do-douro-entre-regua-e-pocinho\/","url":"https:\/\/portaltela.pt\/noticias\/2026\/03\/09\/comboios-voltam-a-linha-do-douro-entre-regua-e-pocinho\/","name":"Comboios voltam \u00e0 Linha do Douro entre R\u00e9gua e Pocinho - Portal Tela Portugal","isPartOf":{"@id":"https:\/\/portaltela.pt\/#website"},"primaryImageOfPage":{"@id":"https:\/\/portaltela.pt\/noticias\/2026\/03\/09\/comboios-voltam-a-linha-do-douro-entre-regua-e-pocinho\/#primaryimage"},"image":{"@id":"https:\/\/portaltela.pt\/noticias\/2026\/03\/09\/comboios-voltam-a-linha-do-douro-entre-regua-e-pocinho\/#primaryimage"},"thumbnailUrl":"https:\/\/portaltela.pt\/s.01k8rhncp4jt1\/2026\/03\/image-554.jpg","datePublished":"2026-03-09T10:04:00+00:00","author":{"@id":"https:\/\/portaltela.pt\/#\/schema\/person\/c4278d4a6028830caff9ee44b42d32ed"},"breadcrumb":{"@id":"https:\/\/portaltela.pt\/noticias\/2026\/03\/09\/comboios-voltam-a-linha-do-douro-entre-regua-e-pocinho\/#breadcrumb"},"inLanguage":"pt-PT","potentialAction":[{"@type":"ReadAction","target":["https:\/\/portaltela.pt\/noticias\/2026\/03\/09\/comboios-voltam-a-linha-do-douro-entre-regua-e-pocinho\/"]}]},{"@type":"ImageObject","inLanguage":"pt-PT","@id":"https:\/\/portaltela.pt\/noticias\/2026\/03\/09\/comboios-voltam-a-linha-do-douro-entre-regua-e-pocinho\/#primaryimage","url":"https:\/\/portaltela.pt\/s.01k8rhncp4jt1\/2026\/03\/image-554.jpg","contentUrl":"https:\/\/portaltela.pt\/s.01k8rhncp4jt1\/2026\/03\/image-554.jpg","width":796,"height":448,"caption":"Mais de um m\u00eas depois, comboios voltam \u00e0 Linha do Douro entre a R\u00e9gua e o Pocinho"},{"@type":"BreadcrumbList","@id":"https:\/\/portaltela.pt\/noticias\/2026\/03\/09\/comboios-voltam-a-linha-do-douro-entre-regua-e-pocinho\/#breadcrumb","itemListElement":[{"@type":"ListItem","position":1,"name":"In\u00edcio","item":"https:\/\/portaltela.pt\/"},{"@type":"ListItem","position":2,"name":"Comboios voltam \u00e0 Linha do Douro entre R\u00e9gua e Pocinho"}]},{"@type":"WebSite","@id":"https:\/\/portaltela.pt\/#website","url":"https:\/\/portaltela.pt\/","name":"Portal Tela Portugal","description":"","potentialAction":[{"@type":"SearchAction","target":{"@type":"EntryPoint","urlTemplate":"https:\/\/portaltela.pt\/?s={search_term_string}"},"query-input":{"@type":"PropertyValueSpecification","valueRequired":true,"valueName":"search_term_string"}}],"inLanguage":"pt-PT"},{"@type":"Person","@id":"https:\/\/portaltela.pt\/#\/schema\/person\/c4278d4a6028830caff9ee44b42d32ed","name":"Telinha","image":{"@type":"ImageObject","inLanguage":"pt-PT","@id":"https:\/\/portaltela.pt\/s.01k8rhncp4jt1\/2025\/11\/talking-bot-125x125.png","url":"https:\/\/portaltela.pt\/s.01k8rhncp4jt1\/2025\/11\/talking-bot-125x125.png","contentUrl":"https:\/\/portaltela.pt\/s.01k8rhncp4jt1\/2025\/11\/talking-bot-125x125.png","caption":"Telinha"},"sameAs":["https:\/\/portaltela.pt\/"],"url":"https:\/\/portaltela.pt\/por\/367410592786\/"}]}},"_links":{"self":[{"href":"https:\/\/portaltela.pt\/api\/wp\/v2\/posts\/403113","targetHints":{"allow":["GET"]}}],"collection":[{"href":"https:\/\/portaltela.pt\/api\/wp\/v2\/posts"}],"about":[{"href":"https:\/\/portaltela.pt\/api\/wp\/v2\/types\/post"}],"author":[{"embeddable":true,"href":"https:\/\/portaltela.pt\/api\/wp\/v2\/users\/2"}],"replies":[{"embeddable":true,"href":"https:\/\/portaltela.pt\/api\/wp\/v2\/comments?post=403113"}],"version-history":[{"count":0,"href":"https:\/\/portaltela.pt\/api\/wp\/v2\/posts\/403113\/revisions"}],"wp:featuredmedia":[{"embeddable":true,"href":"https:\/\/portaltela.pt\/api\/wp\/v2\/media\/403122"}],"wp:attachment":[{"href":"https:\/\/portaltela.pt\/api\/wp\/v2\/media?parent=403113"}],"wp:term":[{"taxonomy":"category","embeddable":true,"href":"https:\/\/portaltela.pt\/api\/wp\/v2\/categories?post=403113"},{"taxonomy":"post_tag","embeddable":true,"href":"https:\/\/portaltela.pt\/api\/wp\/v2\/tags?post=403113"}],"curies":[{"name":"wp","href":"https:\/\/api.w.org\/{rel}","templated":true}]}}