{"id":403110,"date":"2026-03-09T07:06:00","date_gmt":"2026-03-09T10:06:00","guid":{"rendered":"https:\/\/portaltela.pt\/noticias\/2026\/03\/09\/dez-distritos-do-continente-em-aviso-amarelo-por-queda-de-neve\/"},"modified":"2026-03-09T07:06:00","modified_gmt":"2026-03-09T10:06:00","slug":"dez-distritos-do-continente-em-aviso-amarelo-por-queda-de-neve","status":"publish","type":"post","link":"https:\/\/portaltela.pt\/noticias\/2026\/03\/09\/dez-distritos-do-continente-em-aviso-amarelo-por-queda-de-neve\/","title":{"rendered":"Dez distritos do continente em aviso amarelo por queda de neve"},"content":{"rendered":"<p>O Instituto Portugu\u00eas do Mar e da Atmosfera (IPMA) emitiu este segunda-feira avisos amarelos para neve e agita\u00e7\u00e3o mar\u00edtima no continente. O documento meteorol\u00f3gico aponta queda de neve entre as 09:00 e as 21:00 de hoje em 10 distritos, com impacto previsto na circula\u00e7\u00e3o e nas atividades locais.<\/p>\n<p>Al\u00e9m da neve, o IPMA alerta para agita\u00e7\u00e3o mar\u00edtima em v\u00e1rias regi\u00f5es entre hoje e amanh\u00e3. O aviso abrange os distritos do Porto, Viana do Castelo, Aveiro, Braga, Coimbra, Lisboa, Leiria e Set\u00fabal a partir das 21:00 de hoje, com previs\u00e3o de ondula\u00e7\u00e3o significativa.<\/p>\n<h3>Aviso de neve<\/h3>\n<p>Bragan\u00e7a, Viseu, Porto, Vila Real, Viana do Castelo, Aveiro, Coimbra e Braga constam entre os distritos sob aviso amarelo pela neve, entre as 09:00 e as 21:00 de hoje. Tamb\u00e9m Guarda e Castelo Branco ficam sob o mesmo alerta, entre as 09:00 de hoje e as 03:00 de ter\u00e7a-feira.<\/p>\n<h3>Aviso de agita\u00e7\u00e3o mar\u00edtima<\/h3>\n<p>O IPMA amplia o aviso amarelo para agita\u00e7\u00e3o mar\u00edtima nos distritos mencionados (Porto, Viana do Castelo, Aveiro, Braga, Coimbra, Lisboa, Leiria e Set\u00fabal) a partir das 21:00 de hoje, at\u00e9 ter\u00e7a-feira. Faro e Beja ficam sob o mesmo alerta, entre as 03:00 e as 15:00 de ter\u00e7a-feira, com ondas de noroeste entre 4 e 4,5 metros.<\/p>\n<p>As previs\u00f5es apontam c\u00e9u muito nublado, per\u00edodos de chuva, sobretudo no norte e centro, queda de neve e forma\u00e7\u00e3o de gelo. A temperatura m\u00ednima dever\u00e1 ficar entre -2\u00b0C (Guarda) e 9\u00b0C (Faro), com m\u00e1ximas entre 5\u00b0C (Guarda) e 17\u00b0C (Faro).<\/p>\n<p>O IPMA designa o aviso amarelo como indica\u00e7\u00e3o de risco para atividades dependentes da meteorologia, devendo as popula\u00e7\u00f5es manter cautela e acompanhar atualiza\u00e7\u00f5es oficiais.<\/p>\n","protected":false},"excerpt":{"rendered":"<ul>\n<li>Dez distritos do continente est\u00e3o sob aviso amarelo devido \u00e0 queda de neve, entre eles Bragan\u00e7a, Viseu, Porto, Vila Real, Viana do Castelo, Aveiro, Coimbra, Braga, Guarda e Castelo Branco, das 09:00 \u00e0s 21:00 de hoje.<\/li>\n<li>O mesmo aviso amarelo pela neve envolve os distritos da Guarda e Castelo Branco, entre as 09:00 de hoje e as 03:00 de ter\u00e7a-feira.<\/li>\n<li>Horas depois, h\u00e1 aviso amarelo por agita\u00e7\u00e3o mar\u00edtima nos distritos Porto, Viana do Castelo, Aveiro, Braga, Coimbra, Lisboa, Leiria e Set\u00fabal a partir das 21:00 de hoje at\u00e9 ter\u00e7a-feira.<\/li>\n<li>Faro e Beja tamb\u00e9m ficam sob aviso amarelo por agita\u00e7\u00e3o mar\u00edtima, entre as 03:00 e as 15:00 de ter\u00e7a-feira, com ondas de noroeste entre quatro e 4,5 metros.<\/li>\n<li>O IPMA antecipa c\u00e9u muito nublado, chuva e aguaceiros, neve e forma\u00e7\u00e3o de gelo, queda da temperatura e agita\u00e7\u00e3o mar\u00edtima forte a norte do cabo Espichel; m\u00ednimas entre -2 graus (Guarda) e 9 graus (Faro), e m\u00e1ximas entre 5 graus (Guarda) e 17 graus (Faro).<\/li>\n<\/ul>\n","protected":false},"author":2,"featured_media":403118,"comment_status":"closed","ping_status":"closed","sticky":false,"template":"","format":"standard","meta":{"footnotes":""},"categories":[1],"tags":[3658,5159,5329,5224,45,5045],"class_list":["post-403110","post","type-post","status-publish","format-standard","has-post-thumbnail","hentry","category-noticias","tag-aviso-amarelo","tag-aviso-de-mau-tempo","tag-chuva","tag-clima","tag-meio-ambiente","tag-precipitacao"],"yoast_head":"<!-- This site is optimized with the Yoast SEO plugin v27.2 - https:\/\/yoast.com\/product\/yoast-seo-wordpress\/ -->\n<title>Dez distritos do continente em aviso amarelo por queda de neve - Portal Tela Portugal<\/title>\n<meta name=\"robots\" content=\"index, follow, max-snippet:-1, max-image-preview:large, max-video-preview:-1\" \/>\n<meta property=\"og:locale\" content=\"pt_PT\" \/>\n<meta property=\"og:type\" content=\"article\" \/>\n<meta property=\"og:title\" content=\"Dez distritos do continente em aviso amarelo por queda de neve - Portal Tela Portugal\" \/>\n<meta property=\"og:description\" content=\"Dez distritos do continente est\u00e3o sob aviso amarelo devido \u00e0 queda de neve, entre eles Bragan\u00e7a, Viseu, Porto, Vila Real, Viana do Castelo, Aveiro, Coimbra, Braga, Guarda e Castelo Branco, das 09:00 \u00e0s 21:00 de hoje. O mesmo aviso amarelo pela neve envolve os distritos da Guarda e Castelo Branco, entre as 09:00 de hoje e as 03:00 de ter\u00e7a-feira. Horas depois, h\u00e1 aviso amarelo por agita\u00e7\u00e3o mar\u00edtima nos distritos Porto, Viana do Castelo, Aveiro, Braga, Coimbra, Lisboa, Leiria e Set\u00fabal a partir das 21:00 de hoje at\u00e9 ter\u00e7a-feira. Faro e Beja tamb\u00e9m ficam sob aviso amarelo por agita\u00e7\u00e3o mar\u00edtima, entre as 03:00 e as 15:00 de ter\u00e7a-feira, com ondas de noroeste entre quatro e 4,5 metros. O IPMA antecipa c\u00e9u muito nublado, chuva e aguaceiros, neve e forma\u00e7\u00e3o de gelo, queda da temperatura e agita\u00e7\u00e3o mar\u00edtima forte a norte do cabo Espichel; m\u00ednimas entre -2 graus (Guarda) e 9 graus (Faro), e m\u00e1ximas entre 5 graus (Guarda) e 17 graus (Faro).\" \/>\n<meta property=\"og:url\" content=\"https:\/\/portaltela.pt\/noticias\/2026\/03\/09\/dez-distritos-do-continente-em-aviso-amarelo-por-queda-de-neve\/\" \/>\n<meta property=\"og:site_name\" content=\"Portal Tela Portugal\" \/>\n<meta property=\"article:published_time\" content=\"2026-03-09T10:06:00+00:00\" \/>\n<meta name=\"author\" content=\"Telinha\" \/>\n<meta name=\"twitter:card\" content=\"summary_large_image\" \/>\n<meta name=\"twitter:label1\" content=\"Escrito por\" \/>\n\t<meta name=\"twitter:data1\" content=\"Telinha\" \/>\n\t<meta name=\"twitter:label2\" content=\"Tempo estimado de leitura\" \/>\n\t<meta name=\"twitter:data2\" content=\"1 minuto\" \/>\n<script type=\"application\/ld+json\" class=\"yoast-schema-graph\">{\"@context\":\"https:\/\/schema.org\",\"@graph\":[{\"@type\":\"Article\",\"@id\":\"https:\/\/portaltela.pt\/noticias\/2026\/03\/09\/dez-distritos-do-continente-em-aviso-amarelo-por-queda-de-neve\/#article\",\"isPartOf\":{\"@id\":\"https:\/\/portaltela.pt\/noticias\/2026\/03\/09\/dez-distritos-do-continente-em-aviso-amarelo-por-queda-de-neve\/\"},\"author\":{\"name\":\"Telinha\",\"@id\":\"https:\/\/portaltela.pt\/#\/schema\/person\/c4278d4a6028830caff9ee44b42d32ed\"},\"headline\":\"Dez distritos do continente em aviso amarelo por queda de neve\",\"datePublished\":\"2026-03-09T10:06:00+00:00\",\"mainEntityOfPage\":{\"@id\":\"https:\/\/portaltela.pt\/noticias\/2026\/03\/09\/dez-distritos-do-continente-em-aviso-amarelo-por-queda-de-neve\/\"},\"wordCount\":299,\"image\":{\"@id\":\"https:\/\/portaltela.pt\/noticias\/2026\/03\/09\/dez-distritos-do-continente-em-aviso-amarelo-por-queda-de-neve\/#primaryimage\"},\"thumbnailUrl\":\"https:\/\/portaltela.pt\/s.01k8rhncp4jt1\/2026\/03\/2072705.jpg\",\"keywords\":[\"aviso amarelo\",\"aviso de mau tempo\",\"chuva\",\"clima\",\"meio-ambiente\",\"precipita\u00e7\u00e3o\"],\"articleSection\":[\"Not\u00edcias\"],\"inLanguage\":\"pt-PT\"},{\"@type\":\"WebPage\",\"@id\":\"https:\/\/portaltela.pt\/noticias\/2026\/03\/09\/dez-distritos-do-continente-em-aviso-amarelo-por-queda-de-neve\/\",\"url\":\"https:\/\/portaltela.pt\/noticias\/2026\/03\/09\/dez-distritos-do-continente-em-aviso-amarelo-por-queda-de-neve\/\",\"name\":\"Dez distritos do continente em aviso amarelo por queda de neve - Portal Tela Portugal\",\"isPartOf\":{\"@id\":\"https:\/\/portaltela.pt\/#website\"},\"primaryImageOfPage\":{\"@id\":\"https:\/\/portaltela.pt\/noticias\/2026\/03\/09\/dez-distritos-do-continente-em-aviso-amarelo-por-queda-de-neve\/#primaryimage\"},\"image\":{\"@id\":\"https:\/\/portaltela.pt\/noticias\/2026\/03\/09\/dez-distritos-do-continente-em-aviso-amarelo-por-queda-de-neve\/#primaryimage\"},\"thumbnailUrl\":\"https:\/\/portaltela.pt\/s.01k8rhncp4jt1\/2026\/03\/2072705.jpg\",\"datePublished\":\"2026-03-09T10:06:00+00:00\",\"author\":{\"@id\":\"https:\/\/portaltela.pt\/#\/schema\/person\/c4278d4a6028830caff9ee44b42d32ed\"},\"breadcrumb\":{\"@id\":\"https:\/\/portaltela.pt\/noticias\/2026\/03\/09\/dez-distritos-do-continente-em-aviso-amarelo-por-queda-de-neve\/#breadcrumb\"},\"inLanguage\":\"pt-PT\",\"potentialAction\":[{\"@type\":\"ReadAction\",\"target\":[\"https:\/\/portaltela.pt\/noticias\/2026\/03\/09\/dez-distritos-do-continente-em-aviso-amarelo-por-queda-de-neve\/\"]}]},{\"@type\":\"ImageObject\",\"inLanguage\":\"pt-PT\",\"@id\":\"https:\/\/portaltela.pt\/noticias\/2026\/03\/09\/dez-distritos-do-continente-em-aviso-amarelo-por-queda-de-neve\/#primaryimage\",\"url\":\"https:\/\/portaltela.pt\/s.01k8rhncp4jt1\/2026\/03\/2072705.jpg\",\"contentUrl\":\"https:\/\/portaltela.pt\/s.01k8rhncp4jt1\/2026\/03\/2072705.jpg\",\"width\":796,\"height\":448,\"caption\":\"Aldeia do Castelo, concelho de Vila Pouca de Aguiar no distrito de Vila Real, no \u00faltimo Dezembro\"},{\"@type\":\"BreadcrumbList\",\"@id\":\"https:\/\/portaltela.pt\/noticias\/2026\/03\/09\/dez-distritos-do-continente-em-aviso-amarelo-por-queda-de-neve\/#breadcrumb\",\"itemListElement\":[{\"@type\":\"ListItem\",\"position\":1,\"name\":\"In\u00edcio\",\"item\":\"https:\/\/portaltela.pt\/\"},{\"@type\":\"ListItem\",\"position\":2,\"name\":\"Dez distritos do continente em aviso amarelo por queda de neve\"}]},{\"@type\":\"WebSite\",\"@id\":\"https:\/\/portaltela.pt\/#website\",\"url\":\"https:\/\/portaltela.pt\/\",\"name\":\"Portal Tela Portugal\",\"description\":\"\",\"potentialAction\":[{\"@type\":\"SearchAction\",\"target\":{\"@type\":\"EntryPoint\",\"urlTemplate\":\"https:\/\/portaltela.pt\/?s={search_term_string}\"},\"query-input\":{\"@type\":\"PropertyValueSpecification\",\"valueRequired\":true,\"valueName\":\"search_term_string\"}}],\"inLanguage\":\"pt-PT\"},{\"@type\":\"Person\",\"@id\":\"https:\/\/portaltela.pt\/#\/schema\/person\/c4278d4a6028830caff9ee44b42d32ed\",\"name\":\"Telinha\",\"image\":{\"@type\":\"ImageObject\",\"inLanguage\":\"pt-PT\",\"@id\":\"https:\/\/portaltela.pt\/s.01k8rhncp4jt1\/2025\/11\/talking-bot-125x125.png\",\"url\":\"https:\/\/portaltela.pt\/s.01k8rhncp4jt1\/2025\/11\/talking-bot-125x125.png\",\"contentUrl\":\"https:\/\/portaltela.pt\/s.01k8rhncp4jt1\/2025\/11\/talking-bot-125x125.png\",\"caption\":\"Telinha\"},\"sameAs\":[\"https:\/\/portaltela.pt\/\"],\"url\":\"https:\/\/portaltela.pt\/por\/367410592786\/\"}]}<\/script>\n<!-- \/ Yoast SEO plugin. -->","yoast_head_json":{"title":"Dez distritos do continente em aviso amarelo por queda de neve - Portal Tela Portugal","robots":{"index":"index","follow":"follow","max-snippet":"max-snippet:-1","max-image-preview":"max-image-preview:large","max-video-preview":"max-video-preview:-1"},"og_locale":"pt_PT","og_type":"article","og_title":"Dez distritos do continente em aviso amarelo por queda de neve - Portal Tela Portugal","og_description":"Dez distritos do continente est\u00e3o sob aviso amarelo devido \u00e0 queda de neve, entre eles Bragan\u00e7a, Viseu, Porto, Vila Real, Viana do Castelo, Aveiro, Coimbra, Braga, Guarda e Castelo Branco, das 09:00 \u00e0s 21:00 de hoje. O mesmo aviso amarelo pela neve envolve os distritos da Guarda e Castelo Branco, entre as 09:00 de hoje e as 03:00 de ter\u00e7a-feira. Horas depois, h\u00e1 aviso amarelo por agita\u00e7\u00e3o mar\u00edtima nos distritos Porto, Viana do Castelo, Aveiro, Braga, Coimbra, Lisboa, Leiria e Set\u00fabal a partir das 21:00 de hoje at\u00e9 ter\u00e7a-feira. Faro e Beja tamb\u00e9m ficam sob aviso amarelo por agita\u00e7\u00e3o mar\u00edtima, entre as 03:00 e as 15:00 de ter\u00e7a-feira, com ondas de noroeste entre quatro e 4,5 metros. O IPMA antecipa c\u00e9u muito nublado, chuva e aguaceiros, neve e forma\u00e7\u00e3o de gelo, queda da temperatura e agita\u00e7\u00e3o mar\u00edtima forte a norte do cabo Espichel; m\u00ednimas entre -2 graus (Guarda) e 9 graus (Faro), e m\u00e1ximas entre 5 graus (Guarda) e 17 graus (Faro).","og_url":"https:\/\/portaltela.pt\/noticias\/2026\/03\/09\/dez-distritos-do-continente-em-aviso-amarelo-por-queda-de-neve\/","og_site_name":"Portal Tela Portugal","article_published_time":"2026-03-09T10:06:00+00:00","author":"Telinha","twitter_card":"summary_large_image","twitter_misc":{"Escrito por":"Telinha","Tempo estimado de leitura":"1 minuto"},"schema":{"@context":"https:\/\/schema.org","@graph":[{"@type":"Article","@id":"https:\/\/portaltela.pt\/noticias\/2026\/03\/09\/dez-distritos-do-continente-em-aviso-amarelo-por-queda-de-neve\/#article","isPartOf":{"@id":"https:\/\/portaltela.pt\/noticias\/2026\/03\/09\/dez-distritos-do-continente-em-aviso-amarelo-por-queda-de-neve\/"},"author":{"name":"Telinha","@id":"https:\/\/portaltela.pt\/#\/schema\/person\/c4278d4a6028830caff9ee44b42d32ed"},"headline":"Dez distritos do continente em aviso amarelo por queda de neve","datePublished":"2026-03-09T10:06:00+00:00","mainEntityOfPage":{"@id":"https:\/\/portaltela.pt\/noticias\/2026\/03\/09\/dez-distritos-do-continente-em-aviso-amarelo-por-queda-de-neve\/"},"wordCount":299,"image":{"@id":"https:\/\/portaltela.pt\/noticias\/2026\/03\/09\/dez-distritos-do-continente-em-aviso-amarelo-por-queda-de-neve\/#primaryimage"},"thumbnailUrl":"https:\/\/portaltela.pt\/s.01k8rhncp4jt1\/2026\/03\/2072705.jpg","keywords":["aviso amarelo","aviso de mau tempo","chuva","clima","meio-ambiente","precipita\u00e7\u00e3o"],"articleSection":["Not\u00edcias"],"inLanguage":"pt-PT"},{"@type":"WebPage","@id":"https:\/\/portaltela.pt\/noticias\/2026\/03\/09\/dez-distritos-do-continente-em-aviso-amarelo-por-queda-de-neve\/","url":"https:\/\/portaltela.pt\/noticias\/2026\/03\/09\/dez-distritos-do-continente-em-aviso-amarelo-por-queda-de-neve\/","name":"Dez distritos do continente em aviso amarelo por queda de neve - Portal Tela Portugal","isPartOf":{"@id":"https:\/\/portaltela.pt\/#website"},"primaryImageOfPage":{"@id":"https:\/\/portaltela.pt\/noticias\/2026\/03\/09\/dez-distritos-do-continente-em-aviso-amarelo-por-queda-de-neve\/#primaryimage"},"image":{"@id":"https:\/\/portaltela.pt\/noticias\/2026\/03\/09\/dez-distritos-do-continente-em-aviso-amarelo-por-queda-de-neve\/#primaryimage"},"thumbnailUrl":"https:\/\/portaltela.pt\/s.01k8rhncp4jt1\/2026\/03\/2072705.jpg","datePublished":"2026-03-09T10:06:00+00:00","author":{"@id":"https:\/\/portaltela.pt\/#\/schema\/person\/c4278d4a6028830caff9ee44b42d32ed"},"breadcrumb":{"@id":"https:\/\/portaltela.pt\/noticias\/2026\/03\/09\/dez-distritos-do-continente-em-aviso-amarelo-por-queda-de-neve\/#breadcrumb"},"inLanguage":"pt-PT","potentialAction":[{"@type":"ReadAction","target":["https:\/\/portaltela.pt\/noticias\/2026\/03\/09\/dez-distritos-do-continente-em-aviso-amarelo-por-queda-de-neve\/"]}]},{"@type":"ImageObject","inLanguage":"pt-PT","@id":"https:\/\/portaltela.pt\/noticias\/2026\/03\/09\/dez-distritos-do-continente-em-aviso-amarelo-por-queda-de-neve\/#primaryimage","url":"https:\/\/portaltela.pt\/s.01k8rhncp4jt1\/2026\/03\/2072705.jpg","contentUrl":"https:\/\/portaltela.pt\/s.01k8rhncp4jt1\/2026\/03\/2072705.jpg","width":796,"height":448,"caption":"Aldeia do Castelo, concelho de Vila Pouca de Aguiar no distrito de Vila Real, no \u00faltimo Dezembro"},{"@type":"BreadcrumbList","@id":"https:\/\/portaltela.pt\/noticias\/2026\/03\/09\/dez-distritos-do-continente-em-aviso-amarelo-por-queda-de-neve\/#breadcrumb","itemListElement":[{"@type":"ListItem","position":1,"name":"In\u00edcio","item":"https:\/\/portaltela.pt\/"},{"@type":"ListItem","position":2,"name":"Dez distritos do continente em aviso amarelo por queda de neve"}]},{"@type":"WebSite","@id":"https:\/\/portaltela.pt\/#website","url":"https:\/\/portaltela.pt\/","name":"Portal Tela Portugal","description":"","potentialAction":[{"@type":"SearchAction","target":{"@type":"EntryPoint","urlTemplate":"https:\/\/portaltela.pt\/?s={search_term_string}"},"query-input":{"@type":"PropertyValueSpecification","valueRequired":true,"valueName":"search_term_string"}}],"inLanguage":"pt-PT"},{"@type":"Person","@id":"https:\/\/portaltela.pt\/#\/schema\/person\/c4278d4a6028830caff9ee44b42d32ed","name":"Telinha","image":{"@type":"ImageObject","inLanguage":"pt-PT","@id":"https:\/\/portaltela.pt\/s.01k8rhncp4jt1\/2025\/11\/talking-bot-125x125.png","url":"https:\/\/portaltela.pt\/s.01k8rhncp4jt1\/2025\/11\/talking-bot-125x125.png","contentUrl":"https:\/\/portaltela.pt\/s.01k8rhncp4jt1\/2025\/11\/talking-bot-125x125.png","caption":"Telinha"},"sameAs":["https:\/\/portaltela.pt\/"],"url":"https:\/\/portaltela.pt\/por\/367410592786\/"}]}},"_links":{"self":[{"href":"https:\/\/portaltela.pt\/api\/wp\/v2\/posts\/403110","targetHints":{"allow":["GET"]}}],"collection":[{"href":"https:\/\/portaltela.pt\/api\/wp\/v2\/posts"}],"about":[{"href":"https:\/\/portaltela.pt\/api\/wp\/v2\/types\/post"}],"author":[{"embeddable":true,"href":"https:\/\/portaltela.pt\/api\/wp\/v2\/users\/2"}],"replies":[{"embeddable":true,"href":"https:\/\/portaltela.pt\/api\/wp\/v2\/comments?post=403110"}],"version-history":[{"count":0,"href":"https:\/\/portaltela.pt\/api\/wp\/v2\/posts\/403110\/revisions"}],"wp:featuredmedia":[{"embeddable":true,"href":"https:\/\/portaltela.pt\/api\/wp\/v2\/media\/403118"}],"wp:attachment":[{"href":"https:\/\/portaltela.pt\/api\/wp\/v2\/media?parent=403110"}],"wp:term":[{"taxonomy":"category","embeddable":true,"href":"https:\/\/portaltela.pt\/api\/wp\/v2\/categories?post=403110"},{"taxonomy":"post_tag","embeddable":true,"href":"https:\/\/portaltela.pt\/api\/wp\/v2\/tags?post=403110"}],"curies":[{"name":"wp","href":"https:\/\/api.w.org\/{rel}","templated":true}]}}