{"id":403100,"date":"2026-03-09T07:10:00","date_gmt":"2026-03-09T10:10:00","guid":{"rendered":"https:\/\/portaltela.pt\/noticias\/2026\/03\/09\/modric-dedica-vitoria-a-sergio-ramos-no-derbi-de-milao\/"},"modified":"2026-03-09T07:10:00","modified_gmt":"2026-03-09T10:10:00","slug":"modric-dedica-vitoria-a-sergio-ramos-no-derbi-de-milao","status":"publish","type":"post","link":"https:\/\/portaltela.pt\/desporto\/futebol\/2026\/03\/09\/modric-dedica-vitoria-a-sergio-ramos-no-derbi-de-milao\/","title":{"rendered":"Modric dedica vit\u00f3ria a Sergio Ramos no d\u00e9rbi de Mil\u00e3o"},"content":{"rendered":"<p>O AC Milan venceu o d\u00e9rbi de Mil\u00e3o frente ao Inter por 1-0, no Est\u00e1dio San Siro. O resultado confirmou o favoritismo da equipa rossonera e deixou o jogo com um momento \u00e0 parte: a presen\u00e7a de Sergio Ramos na tribuna, captada em v\u00e1rias fotografias que circularam nas redes sociais.<\/p>\n<p>Na an\u00e1lise p\u00f3s-jogo, Luka Modric, antigo colega de Ramos no Real Madrid, comentou \u00e0 CBS que diante do capit\u00e3o era necess\u00e1rio vencer. A resposta de Ramos chegou pelas redes sociais, com reconhecimento ao gesto do ex-companheiro. O foco da conversa centrou-se ainda na persegui\u00e7\u00e3o ao t\u00edtulo italiano.<\/p>\n<h3>D\u00e9rbi e impacto no campeonato<\/h3>\n<p>Com o triunfo, o Milan consolidou o 2.\u00ba lugar na Serie A e reduziu a dist\u00e2ncia para o Inter de 10 para 7 pontos. Analistas indicam que a luta pelo Scudetto continua dif\u00edcil, tendo em conta os pontos perdidos em jogos menores. O Milan mant\u00e9m a press\u00e3o na dist\u00e2ncia para o liderato.<\/p>\n","protected":false},"excerpt":{"rendered":"<ul>\n<li>O AC Milan venceu o Inter por 1-0 no d\u00e9rbi de Mil\u00e3o.<\/li>\n<li>Sergio Ramos foi visto na tribuna do San Siro, com v\u00e1rias fotos a circular nas redes sociais.<\/li>\n<li>Luka Modric dedicou a vit\u00f3ria ao antigo colega: &#8220;Perante o capit\u00e3o tinha de ganhar&#8221;.<\/li>\n<li>O triunfo manteve o Milan no 2.\u00ba lugar e encurtou a dist\u00e2ncia para o Inter de 10 para 7 pontos.<\/li>\n<li>Modric comentou ainda as hip\u00f3teses do Milan no campeonato, reconhecendo a dificuldade de lutar pelo t\u00edtulo ap\u00f3s pontos perdidos.<\/li>\n<\/ul>\n","protected":false},"author":2,"featured_media":403105,"comment_status":"closed","ping_status":"closed","sticky":false,"template":"","format":"standard","meta":{"footnotes":""},"categories":[21,24],"tags":[2120,1367,2887,32,3338,2119],"class_list":["post-403100","post","type-post","status-publish","format-standard","has-post-thumbnail","hentry","category-desporto","category-futebol","tag-ac-milan","tag-clubes","tag-divisao-de-honra-serie-a","tag-futebol","tag-futebol-internacional","tag-inter-de-milao"],"yoast_head":"<!-- This site is optimized with the Yoast SEO plugin v27.2 - https:\/\/yoast.com\/product\/yoast-seo-wordpress\/ -->\n<title>Modric dedica vit\u00f3ria a Sergio Ramos no d\u00e9rbi de Mil\u00e3o - Portal Tela Portugal<\/title>\n<meta name=\"robots\" content=\"index, follow, max-snippet:-1, max-image-preview:large, max-video-preview:-1\" \/>\n<meta property=\"og:locale\" content=\"pt_PT\" \/>\n<meta property=\"og:type\" content=\"article\" \/>\n<meta property=\"og:title\" content=\"Modric dedica vit\u00f3ria a Sergio Ramos no d\u00e9rbi de Mil\u00e3o - Portal Tela Portugal\" \/>\n<meta property=\"og:description\" content=\"O AC Milan venceu o Inter por 1-0 no d\u00e9rbi de Mil\u00e3o. Sergio Ramos foi visto na tribuna do San Siro, com v\u00e1rias fotos a circular nas redes sociais. Luka Modric dedicou a vit\u00f3ria ao antigo colega: &quot;Perante o capit\u00e3o tinha de ganhar&quot;. O triunfo manteve o Milan no 2.\u00ba lugar e encurtou a dist\u00e2ncia para o Inter de 10 para 7 pontos. Modric comentou ainda as hip\u00f3teses do Milan no campeonato, reconhecendo a dificuldade de lutar pelo t\u00edtulo ap\u00f3s pontos perdidos.\" \/>\n<meta property=\"og:url\" content=\"https:\/\/portaltela.pt\/noticias\/2026\/03\/09\/modric-dedica-vitoria-a-sergio-ramos-no-derbi-de-milao\/\" \/>\n<meta property=\"og:site_name\" content=\"Portal Tela Portugal\" \/>\n<meta property=\"article:published_time\" content=\"2026-03-09T10:10:00+00:00\" \/>\n<meta name=\"author\" content=\"Telinha\" \/>\n<meta name=\"twitter:card\" content=\"summary_large_image\" \/>\n<meta name=\"twitter:label1\" content=\"Escrito por\" \/>\n\t<meta name=\"twitter:data1\" content=\"Telinha\" \/>\n\t<meta name=\"twitter:label2\" content=\"Tempo estimado de leitura\" \/>\n\t<meta name=\"twitter:data2\" content=\"1 minuto\" \/>\n<script type=\"application\/ld+json\" class=\"yoast-schema-graph\">{\"@context\":\"https:\/\/schema.org\",\"@graph\":[{\"@type\":\"Article\",\"@id\":\"https:\/\/portaltela.pt\/noticias\/2026\/03\/09\/modric-dedica-vitoria-a-sergio-ramos-no-derbi-de-milao\/#article\",\"isPartOf\":{\"@id\":\"https:\/\/portaltela.pt\/noticias\/2026\/03\/09\/modric-dedica-vitoria-a-sergio-ramos-no-derbi-de-milao\/\"},\"author\":{\"name\":\"Telinha\",\"@id\":\"https:\/\/portaltela.pt\/#\/schema\/person\/c4278d4a6028830caff9ee44b42d32ed\"},\"headline\":\"Modric dedica vit\u00f3ria a Sergio Ramos no d\u00e9rbi de Mil\u00e3o\",\"datePublished\":\"2026-03-09T10:10:00+00:00\",\"mainEntityOfPage\":{\"@id\":\"https:\/\/portaltela.pt\/noticias\/2026\/03\/09\/modric-dedica-vitoria-a-sergio-ramos-no-derbi-de-milao\/\"},\"wordCount\":179,\"image\":{\"@id\":\"https:\/\/portaltela.pt\/noticias\/2026\/03\/09\/modric-dedica-vitoria-a-sergio-ramos-no-derbi-de-milao\/#primaryimage\"},\"thumbnailUrl\":\"https:\/\/portaltela.pt\/s.01k8rhncp4jt1\/2026\/03\/img_920x518uu2026-03-09-09-55-09-2425805.jpg\",\"keywords\":[\"AC Milan\",\"clubes\",\"Divis\u00e3o de Honra \u2013 S\u00e9rie A\",\"futebol\",\"futebol internacional\",\"Inter de Mil\u00e3o\"],\"articleSection\":[\"Desporto\",\"Futebol\"],\"inLanguage\":\"pt-PT\"},{\"@type\":\"WebPage\",\"@id\":\"https:\/\/portaltela.pt\/noticias\/2026\/03\/09\/modric-dedica-vitoria-a-sergio-ramos-no-derbi-de-milao\/\",\"url\":\"https:\/\/portaltela.pt\/noticias\/2026\/03\/09\/modric-dedica-vitoria-a-sergio-ramos-no-derbi-de-milao\/\",\"name\":\"Modric dedica vit\u00f3ria a Sergio Ramos no d\u00e9rbi de Mil\u00e3o - Portal Tela Portugal\",\"isPartOf\":{\"@id\":\"https:\/\/portaltela.pt\/#website\"},\"primaryImageOfPage\":{\"@id\":\"https:\/\/portaltela.pt\/noticias\/2026\/03\/09\/modric-dedica-vitoria-a-sergio-ramos-no-derbi-de-milao\/#primaryimage\"},\"image\":{\"@id\":\"https:\/\/portaltela.pt\/noticias\/2026\/03\/09\/modric-dedica-vitoria-a-sergio-ramos-no-derbi-de-milao\/#primaryimage\"},\"thumbnailUrl\":\"https:\/\/portaltela.pt\/s.01k8rhncp4jt1\/2026\/03\/img_920x518uu2026-03-09-09-55-09-2425805.jpg\",\"datePublished\":\"2026-03-09T10:10:00+00:00\",\"author\":{\"@id\":\"https:\/\/portaltela.pt\/#\/schema\/person\/c4278d4a6028830caff9ee44b42d32ed\"},\"breadcrumb\":{\"@id\":\"https:\/\/portaltela.pt\/noticias\/2026\/03\/09\/modric-dedica-vitoria-a-sergio-ramos-no-derbi-de-milao\/#breadcrumb\"},\"inLanguage\":\"pt-PT\",\"potentialAction\":[{\"@type\":\"ReadAction\",\"target\":[\"https:\/\/portaltela.pt\/noticias\/2026\/03\/09\/modric-dedica-vitoria-a-sergio-ramos-no-derbi-de-milao\/\"]}]},{\"@type\":\"ImageObject\",\"inLanguage\":\"pt-PT\",\"@id\":\"https:\/\/portaltela.pt\/noticias\/2026\/03\/09\/modric-dedica-vitoria-a-sergio-ramos-no-derbi-de-milao\/#primaryimage\",\"url\":\"https:\/\/portaltela.pt\/s.01k8rhncp4jt1\/2026\/03\/img_920x518uu2026-03-09-09-55-09-2425805.jpg\",\"contentUrl\":\"https:\/\/portaltela.pt\/s.01k8rhncp4jt1\/2026\/03\/img_920x518uu2026-03-09-09-55-09-2425805.jpg\",\"width\":796,\"height\":448,\"caption\":\"Luka Modric na vit\u00f3ria do AC Milan frente ao Inter\"},{\"@type\":\"BreadcrumbList\",\"@id\":\"https:\/\/portaltela.pt\/noticias\/2026\/03\/09\/modric-dedica-vitoria-a-sergio-ramos-no-derbi-de-milao\/#breadcrumb\",\"itemListElement\":[{\"@type\":\"ListItem\",\"position\":1,\"name\":\"In\u00edcio\",\"item\":\"https:\/\/portaltela.pt\/\"},{\"@type\":\"ListItem\",\"position\":2,\"name\":\"Modric dedica vit\u00f3ria a Sergio Ramos no d\u00e9rbi de Mil\u00e3o\"}]},{\"@type\":\"WebSite\",\"@id\":\"https:\/\/portaltela.pt\/#website\",\"url\":\"https:\/\/portaltela.pt\/\",\"name\":\"Portal Tela Portugal\",\"description\":\"\",\"potentialAction\":[{\"@type\":\"SearchAction\",\"target\":{\"@type\":\"EntryPoint\",\"urlTemplate\":\"https:\/\/portaltela.pt\/?s={search_term_string}\"},\"query-input\":{\"@type\":\"PropertyValueSpecification\",\"valueRequired\":true,\"valueName\":\"search_term_string\"}}],\"inLanguage\":\"pt-PT\"},{\"@type\":\"Person\",\"@id\":\"https:\/\/portaltela.pt\/#\/schema\/person\/c4278d4a6028830caff9ee44b42d32ed\",\"name\":\"Telinha\",\"image\":{\"@type\":\"ImageObject\",\"inLanguage\":\"pt-PT\",\"@id\":\"https:\/\/portaltela.pt\/s.01k8rhncp4jt1\/2025\/11\/talking-bot-125x125.png\",\"url\":\"https:\/\/portaltela.pt\/s.01k8rhncp4jt1\/2025\/11\/talking-bot-125x125.png\",\"contentUrl\":\"https:\/\/portaltela.pt\/s.01k8rhncp4jt1\/2025\/11\/talking-bot-125x125.png\",\"caption\":\"Telinha\"},\"sameAs\":[\"https:\/\/portaltela.pt\/\"],\"url\":\"https:\/\/portaltela.pt\/por\/367410592786\/\"}]}<\/script>\n<!-- \/ Yoast SEO plugin. -->","yoast_head_json":{"title":"Modric dedica vit\u00f3ria a Sergio Ramos no d\u00e9rbi de Mil\u00e3o - Portal Tela Portugal","robots":{"index":"index","follow":"follow","max-snippet":"max-snippet:-1","max-image-preview":"max-image-preview:large","max-video-preview":"max-video-preview:-1"},"og_locale":"pt_PT","og_type":"article","og_title":"Modric dedica vit\u00f3ria a Sergio Ramos no d\u00e9rbi de Mil\u00e3o - Portal Tela Portugal","og_description":"O AC Milan venceu o Inter por 1-0 no d\u00e9rbi de Mil\u00e3o. Sergio Ramos foi visto na tribuna do San Siro, com v\u00e1rias fotos a circular nas redes sociais. Luka Modric dedicou a vit\u00f3ria ao antigo colega: \"Perante o capit\u00e3o tinha de ganhar\". O triunfo manteve o Milan no 2.\u00ba lugar e encurtou a dist\u00e2ncia para o Inter de 10 para 7 pontos. Modric comentou ainda as hip\u00f3teses do Milan no campeonato, reconhecendo a dificuldade de lutar pelo t\u00edtulo ap\u00f3s pontos perdidos.","og_url":"https:\/\/portaltela.pt\/noticias\/2026\/03\/09\/modric-dedica-vitoria-a-sergio-ramos-no-derbi-de-milao\/","og_site_name":"Portal Tela Portugal","article_published_time":"2026-03-09T10:10:00+00:00","author":"Telinha","twitter_card":"summary_large_image","twitter_misc":{"Escrito por":"Telinha","Tempo estimado de leitura":"1 minuto"},"schema":{"@context":"https:\/\/schema.org","@graph":[{"@type":"Article","@id":"https:\/\/portaltela.pt\/noticias\/2026\/03\/09\/modric-dedica-vitoria-a-sergio-ramos-no-derbi-de-milao\/#article","isPartOf":{"@id":"https:\/\/portaltela.pt\/noticias\/2026\/03\/09\/modric-dedica-vitoria-a-sergio-ramos-no-derbi-de-milao\/"},"author":{"name":"Telinha","@id":"https:\/\/portaltela.pt\/#\/schema\/person\/c4278d4a6028830caff9ee44b42d32ed"},"headline":"Modric dedica vit\u00f3ria a Sergio Ramos no d\u00e9rbi de Mil\u00e3o","datePublished":"2026-03-09T10:10:00+00:00","mainEntityOfPage":{"@id":"https:\/\/portaltela.pt\/noticias\/2026\/03\/09\/modric-dedica-vitoria-a-sergio-ramos-no-derbi-de-milao\/"},"wordCount":179,"image":{"@id":"https:\/\/portaltela.pt\/noticias\/2026\/03\/09\/modric-dedica-vitoria-a-sergio-ramos-no-derbi-de-milao\/#primaryimage"},"thumbnailUrl":"https:\/\/portaltela.pt\/s.01k8rhncp4jt1\/2026\/03\/img_920x518uu2026-03-09-09-55-09-2425805.jpg","keywords":["AC Milan","clubes","Divis\u00e3o de Honra \u2013 S\u00e9rie A","futebol","futebol internacional","Inter de Mil\u00e3o"],"articleSection":["Desporto","Futebol"],"inLanguage":"pt-PT"},{"@type":"WebPage","@id":"https:\/\/portaltela.pt\/noticias\/2026\/03\/09\/modric-dedica-vitoria-a-sergio-ramos-no-derbi-de-milao\/","url":"https:\/\/portaltela.pt\/noticias\/2026\/03\/09\/modric-dedica-vitoria-a-sergio-ramos-no-derbi-de-milao\/","name":"Modric dedica vit\u00f3ria a Sergio Ramos no d\u00e9rbi de Mil\u00e3o - Portal Tela Portugal","isPartOf":{"@id":"https:\/\/portaltela.pt\/#website"},"primaryImageOfPage":{"@id":"https:\/\/portaltela.pt\/noticias\/2026\/03\/09\/modric-dedica-vitoria-a-sergio-ramos-no-derbi-de-milao\/#primaryimage"},"image":{"@id":"https:\/\/portaltela.pt\/noticias\/2026\/03\/09\/modric-dedica-vitoria-a-sergio-ramos-no-derbi-de-milao\/#primaryimage"},"thumbnailUrl":"https:\/\/portaltela.pt\/s.01k8rhncp4jt1\/2026\/03\/img_920x518uu2026-03-09-09-55-09-2425805.jpg","datePublished":"2026-03-09T10:10:00+00:00","author":{"@id":"https:\/\/portaltela.pt\/#\/schema\/person\/c4278d4a6028830caff9ee44b42d32ed"},"breadcrumb":{"@id":"https:\/\/portaltela.pt\/noticias\/2026\/03\/09\/modric-dedica-vitoria-a-sergio-ramos-no-derbi-de-milao\/#breadcrumb"},"inLanguage":"pt-PT","potentialAction":[{"@type":"ReadAction","target":["https:\/\/portaltela.pt\/noticias\/2026\/03\/09\/modric-dedica-vitoria-a-sergio-ramos-no-derbi-de-milao\/"]}]},{"@type":"ImageObject","inLanguage":"pt-PT","@id":"https:\/\/portaltela.pt\/noticias\/2026\/03\/09\/modric-dedica-vitoria-a-sergio-ramos-no-derbi-de-milao\/#primaryimage","url":"https:\/\/portaltela.pt\/s.01k8rhncp4jt1\/2026\/03\/img_920x518uu2026-03-09-09-55-09-2425805.jpg","contentUrl":"https:\/\/portaltela.pt\/s.01k8rhncp4jt1\/2026\/03\/img_920x518uu2026-03-09-09-55-09-2425805.jpg","width":796,"height":448,"caption":"Luka Modric na vit\u00f3ria do AC Milan frente ao Inter"},{"@type":"BreadcrumbList","@id":"https:\/\/portaltela.pt\/noticias\/2026\/03\/09\/modric-dedica-vitoria-a-sergio-ramos-no-derbi-de-milao\/#breadcrumb","itemListElement":[{"@type":"ListItem","position":1,"name":"In\u00edcio","item":"https:\/\/portaltela.pt\/"},{"@type":"ListItem","position":2,"name":"Modric dedica vit\u00f3ria a Sergio Ramos no d\u00e9rbi de Mil\u00e3o"}]},{"@type":"WebSite","@id":"https:\/\/portaltela.pt\/#website","url":"https:\/\/portaltela.pt\/","name":"Portal Tela Portugal","description":"","potentialAction":[{"@type":"SearchAction","target":{"@type":"EntryPoint","urlTemplate":"https:\/\/portaltela.pt\/?s={search_term_string}"},"query-input":{"@type":"PropertyValueSpecification","valueRequired":true,"valueName":"search_term_string"}}],"inLanguage":"pt-PT"},{"@type":"Person","@id":"https:\/\/portaltela.pt\/#\/schema\/person\/c4278d4a6028830caff9ee44b42d32ed","name":"Telinha","image":{"@type":"ImageObject","inLanguage":"pt-PT","@id":"https:\/\/portaltela.pt\/s.01k8rhncp4jt1\/2025\/11\/talking-bot-125x125.png","url":"https:\/\/portaltela.pt\/s.01k8rhncp4jt1\/2025\/11\/talking-bot-125x125.png","contentUrl":"https:\/\/portaltela.pt\/s.01k8rhncp4jt1\/2025\/11\/talking-bot-125x125.png","caption":"Telinha"},"sameAs":["https:\/\/portaltela.pt\/"],"url":"https:\/\/portaltela.pt\/por\/367410592786\/"}]}},"_links":{"self":[{"href":"https:\/\/portaltela.pt\/api\/wp\/v2\/posts\/403100","targetHints":{"allow":["GET"]}}],"collection":[{"href":"https:\/\/portaltela.pt\/api\/wp\/v2\/posts"}],"about":[{"href":"https:\/\/portaltela.pt\/api\/wp\/v2\/types\/post"}],"author":[{"embeddable":true,"href":"https:\/\/portaltela.pt\/api\/wp\/v2\/users\/2"}],"replies":[{"embeddable":true,"href":"https:\/\/portaltela.pt\/api\/wp\/v2\/comments?post=403100"}],"version-history":[{"count":0,"href":"https:\/\/portaltela.pt\/api\/wp\/v2\/posts\/403100\/revisions"}],"wp:featuredmedia":[{"embeddable":true,"href":"https:\/\/portaltela.pt\/api\/wp\/v2\/media\/403105"}],"wp:attachment":[{"href":"https:\/\/portaltela.pt\/api\/wp\/v2\/media?parent=403100"}],"wp:term":[{"taxonomy":"category","embeddable":true,"href":"https:\/\/portaltela.pt\/api\/wp\/v2\/categories?post=403100"},{"taxonomy":"post_tag","embeddable":true,"href":"https:\/\/portaltela.pt\/api\/wp\/v2\/tags?post=403100"}],"curies":[{"name":"wp","href":"https:\/\/api.w.org\/{rel}","templated":true}]}}