{"id":403092,"date":"2026-03-09T07:12:38","date_gmt":"2026-03-09T10:12:38","guid":{"rendered":"https:\/\/portaltela.pt\/noticias\/2026\/03\/09\/incendio-junto-a-glasgow-central-provoca-cancelamento-de-varios-comboios\/"},"modified":"2026-03-09T07:12:38","modified_gmt":"2026-03-09T10:12:38","slug":"incendio-junto-a-glasgow-central-provoca-cancelamento-de-varios-comboios","status":"publish","type":"post","link":"https:\/\/portaltela.pt\/noticias\/2026\/03\/09\/incendio-junto-a-glasgow-central-provoca-cancelamento-de-varios-comboios\/","title":{"rendered":"Inc\u00eandio junto \u00e0 Glasgow Central provoca cancelamento de v\u00e1rios comboios"},"content":{"rendered":"<p>A esta\u00e7\u00e3o Glasgow Central, a mais movimentada da Esc\u00f3cia, fechou na segunda-feira ap\u00f3s um inc\u00eandio de grandes dimens\u00f5es que deflagrou no domingo \u00e0 noite numa loja nas proximidades.<\/p>\n<p>As autoridades informam que o fogo levou ao encerramento da opera\u00e7\u00e3o da esta\u00e7\u00e3o, com a circula\u00e7\u00e3o de comboios suspensa e sem previs\u00e3o de reabertura.<\/p>\n<p>N\u00e3o foram dadas informa\u00e7\u00f5es sobre feridos; as causas do inc\u00eandio est\u00e3o a ser apuradas pela pol\u00edcia e pelos bombeiros.<\/p>\n<h3>Impacto nos servi\u00e7os de transporte<\/h3>\n<p>A suspens\u00e3o de servi\u00e7os provocou atrasos e cancelamentos de v\u00e1rias linhas na rede ferrovi\u00e1ria da Esc\u00f3cia, afetando passageiros.<\/p>\n<p>As autoridades recomendam aos passageiros que consultem hor\u00e1rios oficiais e planeiem rotas alternativas.<\/p>\n","protected":false},"excerpt":{"rendered":"<ul>\n<li>A esta\u00e7\u00e3o Glasgow Central, na Esc\u00f3cia, fechou na segunda-feira devido a um grande inc\u00eandio que deflagrou no domingo \u00e0 noite numa loja nas proximidades.<\/li>\n<li>Autoridades dizem que n\u00e3o h\u00e1 previs\u00e3o para a reabertura da esta\u00e7\u00e3o mais movimentada do pa\u00eds.<\/li>\n<li>O encerramento levou ao cancelamento de v\u00e1rios comboios na regi\u00e3o.<\/li>\n<li>A situa\u00e7\u00e3o continua sob avalia\u00e7\u00e3o pelas autoridades competentes.<\/li>\n<\/ul>\n","protected":false},"author":2,"featured_media":403093,"comment_status":"closed","ping_status":"closed","sticky":false,"template":"","format":"standard","meta":{"footnotes":""},"categories":[1],"tags":[5596,6576,3683,1438,2617,192],"class_list":["post-403092","post","type-post","status-publish","format-standard","has-post-thumbnail","hentry","category-noticias","tag-atrasos","tag-cancelamentos","tag-comboios","tag-incendio","tag-incendios","tag-transporte"],"yoast_head":"<!-- This site is optimized with the Yoast SEO plugin v27.2 - https:\/\/yoast.com\/product\/yoast-seo-wordpress\/ -->\n<title>Inc\u00eandio junto \u00e0 Glasgow Central provoca cancelamento de v\u00e1rios comboios - Portal Tela Portugal<\/title>\n<meta name=\"robots\" content=\"index, follow, max-snippet:-1, max-image-preview:large, max-video-preview:-1\" \/>\n<meta property=\"og:locale\" content=\"pt_PT\" \/>\n<meta property=\"og:type\" content=\"article\" \/>\n<meta property=\"og:title\" content=\"Inc\u00eandio junto \u00e0 Glasgow Central provoca cancelamento de v\u00e1rios comboios - Portal Tela Portugal\" \/>\n<meta property=\"og:description\" content=\"A esta\u00e7\u00e3o Glasgow Central, na Esc\u00f3cia, fechou na segunda-feira devido a um grande inc\u00eandio que deflagrou no domingo \u00e0 noite numa loja nas proximidades. Autoridades dizem que n\u00e3o h\u00e1 previs\u00e3o para a reabertura da esta\u00e7\u00e3o mais movimentada do pa\u00eds. O encerramento levou ao cancelamento de v\u00e1rios comboios na regi\u00e3o. A situa\u00e7\u00e3o continua sob avalia\u00e7\u00e3o pelas autoridades competentes.\" \/>\n<meta property=\"og:url\" content=\"https:\/\/portaltela.pt\/noticias\/2026\/03\/09\/incendio-junto-a-glasgow-central-provoca-cancelamento-de-varios-comboios\/\" \/>\n<meta property=\"og:site_name\" content=\"Portal Tela Portugal\" \/>\n<meta property=\"article:published_time\" content=\"2026-03-09T10:12:38+00:00\" \/>\n<meta name=\"author\" content=\"Telinha\" \/>\n<meta name=\"twitter:card\" content=\"summary_large_image\" \/>\n<meta name=\"twitter:label1\" content=\"Escrito por\" \/>\n\t<meta name=\"twitter:data1\" content=\"Telinha\" \/>\n\t<meta name=\"twitter:label2\" content=\"Tempo estimado de leitura\" \/>\n\t<meta name=\"twitter:data2\" content=\"1 minuto\" \/>\n<script type=\"application\/ld+json\" class=\"yoast-schema-graph\">{\"@context\":\"https:\/\/schema.org\",\"@graph\":[{\"@type\":\"Article\",\"@id\":\"https:\/\/portaltela.pt\/noticias\/2026\/03\/09\/incendio-junto-a-glasgow-central-provoca-cancelamento-de-varios-comboios\/#article\",\"isPartOf\":{\"@id\":\"https:\/\/portaltela.pt\/noticias\/2026\/03\/09\/incendio-junto-a-glasgow-central-provoca-cancelamento-de-varios-comboios\/\"},\"author\":{\"name\":\"Telinha\",\"@id\":\"https:\/\/portaltela.pt\/#\/schema\/person\/c4278d4a6028830caff9ee44b42d32ed\"},\"headline\":\"Inc\u00eandio junto \u00e0 Glasgow Central provoca cancelamento de v\u00e1rios comboios\",\"datePublished\":\"2026-03-09T10:12:38+00:00\",\"mainEntityOfPage\":{\"@id\":\"https:\/\/portaltela.pt\/noticias\/2026\/03\/09\/incendio-junto-a-glasgow-central-provoca-cancelamento-de-varios-comboios\/\"},\"wordCount\":138,\"image\":{\"@id\":\"https:\/\/portaltela.pt\/noticias\/2026\/03\/09\/incendio-junto-a-glasgow-central-provoca-cancelamento-de-varios-comboios\/#primaryimage\"},\"thumbnailUrl\":\"https:\/\/portaltela.pt\/s.01k8rhncp4jt1\/2026\/03\/img_1280x722uu2026-03-09-10-10-52-2271233.jpg\",\"keywords\":[\"atrasos\",\"cancelamentos\",\"comboios\",\"inc\u00eandio\",\"inc\u00eandios\",\"transporte\"],\"articleSection\":[\"Not\u00edcias\"],\"inLanguage\":\"pt-PT\"},{\"@type\":\"WebPage\",\"@id\":\"https:\/\/portaltela.pt\/noticias\/2026\/03\/09\/incendio-junto-a-glasgow-central-provoca-cancelamento-de-varios-comboios\/\",\"url\":\"https:\/\/portaltela.pt\/noticias\/2026\/03\/09\/incendio-junto-a-glasgow-central-provoca-cancelamento-de-varios-comboios\/\",\"name\":\"Inc\u00eandio junto \u00e0 Glasgow Central provoca cancelamento de v\u00e1rios comboios - Portal Tela Portugal\",\"isPartOf\":{\"@id\":\"https:\/\/portaltela.pt\/#website\"},\"primaryImageOfPage\":{\"@id\":\"https:\/\/portaltela.pt\/noticias\/2026\/03\/09\/incendio-junto-a-glasgow-central-provoca-cancelamento-de-varios-comboios\/#primaryimage\"},\"image\":{\"@id\":\"https:\/\/portaltela.pt\/noticias\/2026\/03\/09\/incendio-junto-a-glasgow-central-provoca-cancelamento-de-varios-comboios\/#primaryimage\"},\"thumbnailUrl\":\"https:\/\/portaltela.pt\/s.01k8rhncp4jt1\/2026\/03\/img_1280x722uu2026-03-09-10-10-52-2271233.jpg\",\"datePublished\":\"2026-03-09T10:12:38+00:00\",\"author\":{\"@id\":\"https:\/\/portaltela.pt\/#\/schema\/person\/c4278d4a6028830caff9ee44b42d32ed\"},\"breadcrumb\":{\"@id\":\"https:\/\/portaltela.pt\/noticias\/2026\/03\/09\/incendio-junto-a-glasgow-central-provoca-cancelamento-de-varios-comboios\/#breadcrumb\"},\"inLanguage\":\"pt-PT\",\"potentialAction\":[{\"@type\":\"ReadAction\",\"target\":[\"https:\/\/portaltela.pt\/noticias\/2026\/03\/09\/incendio-junto-a-glasgow-central-provoca-cancelamento-de-varios-comboios\/\"]}]},{\"@type\":\"ImageObject\",\"inLanguage\":\"pt-PT\",\"@id\":\"https:\/\/portaltela.pt\/noticias\/2026\/03\/09\/incendio-junto-a-glasgow-central-provoca-cancelamento-de-varios-comboios\/#primaryimage\",\"url\":\"https:\/\/portaltela.pt\/s.01k8rhncp4jt1\/2026\/03\/img_1280x722uu2026-03-09-10-10-52-2271233.jpg\",\"contentUrl\":\"https:\/\/portaltela.pt\/s.01k8rhncp4jt1\/2026\/03\/img_1280x722uu2026-03-09-10-10-52-2271233.jpg\",\"width\":796,\"height\":448,\"caption\":\"Photo\"},{\"@type\":\"BreadcrumbList\",\"@id\":\"https:\/\/portaltela.pt\/noticias\/2026\/03\/09\/incendio-junto-a-glasgow-central-provoca-cancelamento-de-varios-comboios\/#breadcrumb\",\"itemListElement\":[{\"@type\":\"ListItem\",\"position\":1,\"name\":\"In\u00edcio\",\"item\":\"https:\/\/portaltela.pt\/\"},{\"@type\":\"ListItem\",\"position\":2,\"name\":\"Inc\u00eandio junto \u00e0 Glasgow Central provoca cancelamento de v\u00e1rios comboios\"}]},{\"@type\":\"WebSite\",\"@id\":\"https:\/\/portaltela.pt\/#website\",\"url\":\"https:\/\/portaltela.pt\/\",\"name\":\"Portal Tela Portugal\",\"description\":\"\",\"potentialAction\":[{\"@type\":\"SearchAction\",\"target\":{\"@type\":\"EntryPoint\",\"urlTemplate\":\"https:\/\/portaltela.pt\/?s={search_term_string}\"},\"query-input\":{\"@type\":\"PropertyValueSpecification\",\"valueRequired\":true,\"valueName\":\"search_term_string\"}}],\"inLanguage\":\"pt-PT\"},{\"@type\":\"Person\",\"@id\":\"https:\/\/portaltela.pt\/#\/schema\/person\/c4278d4a6028830caff9ee44b42d32ed\",\"name\":\"Telinha\",\"image\":{\"@type\":\"ImageObject\",\"inLanguage\":\"pt-PT\",\"@id\":\"https:\/\/portaltela.pt\/s.01k8rhncp4jt1\/2025\/11\/talking-bot-125x125.png\",\"url\":\"https:\/\/portaltela.pt\/s.01k8rhncp4jt1\/2025\/11\/talking-bot-125x125.png\",\"contentUrl\":\"https:\/\/portaltela.pt\/s.01k8rhncp4jt1\/2025\/11\/talking-bot-125x125.png\",\"caption\":\"Telinha\"},\"sameAs\":[\"https:\/\/portaltela.pt\/\"],\"url\":\"https:\/\/portaltela.pt\/por\/367410592786\/\"}]}<\/script>\n<!-- \/ Yoast SEO plugin. -->","yoast_head_json":{"title":"Inc\u00eandio junto \u00e0 Glasgow Central provoca cancelamento de v\u00e1rios comboios - Portal Tela Portugal","robots":{"index":"index","follow":"follow","max-snippet":"max-snippet:-1","max-image-preview":"max-image-preview:large","max-video-preview":"max-video-preview:-1"},"og_locale":"pt_PT","og_type":"article","og_title":"Inc\u00eandio junto \u00e0 Glasgow Central provoca cancelamento de v\u00e1rios comboios - Portal Tela Portugal","og_description":"A esta\u00e7\u00e3o Glasgow Central, na Esc\u00f3cia, fechou na segunda-feira devido a um grande inc\u00eandio que deflagrou no domingo \u00e0 noite numa loja nas proximidades. Autoridades dizem que n\u00e3o h\u00e1 previs\u00e3o para a reabertura da esta\u00e7\u00e3o mais movimentada do pa\u00eds. O encerramento levou ao cancelamento de v\u00e1rios comboios na regi\u00e3o. A situa\u00e7\u00e3o continua sob avalia\u00e7\u00e3o pelas autoridades competentes.","og_url":"https:\/\/portaltela.pt\/noticias\/2026\/03\/09\/incendio-junto-a-glasgow-central-provoca-cancelamento-de-varios-comboios\/","og_site_name":"Portal Tela Portugal","article_published_time":"2026-03-09T10:12:38+00:00","author":"Telinha","twitter_card":"summary_large_image","twitter_misc":{"Escrito por":"Telinha","Tempo estimado de leitura":"1 minuto"},"schema":{"@context":"https:\/\/schema.org","@graph":[{"@type":"Article","@id":"https:\/\/portaltela.pt\/noticias\/2026\/03\/09\/incendio-junto-a-glasgow-central-provoca-cancelamento-de-varios-comboios\/#article","isPartOf":{"@id":"https:\/\/portaltela.pt\/noticias\/2026\/03\/09\/incendio-junto-a-glasgow-central-provoca-cancelamento-de-varios-comboios\/"},"author":{"name":"Telinha","@id":"https:\/\/portaltela.pt\/#\/schema\/person\/c4278d4a6028830caff9ee44b42d32ed"},"headline":"Inc\u00eandio junto \u00e0 Glasgow Central provoca cancelamento de v\u00e1rios comboios","datePublished":"2026-03-09T10:12:38+00:00","mainEntityOfPage":{"@id":"https:\/\/portaltela.pt\/noticias\/2026\/03\/09\/incendio-junto-a-glasgow-central-provoca-cancelamento-de-varios-comboios\/"},"wordCount":138,"image":{"@id":"https:\/\/portaltela.pt\/noticias\/2026\/03\/09\/incendio-junto-a-glasgow-central-provoca-cancelamento-de-varios-comboios\/#primaryimage"},"thumbnailUrl":"https:\/\/portaltela.pt\/s.01k8rhncp4jt1\/2026\/03\/img_1280x722uu2026-03-09-10-10-52-2271233.jpg","keywords":["atrasos","cancelamentos","comboios","inc\u00eandio","inc\u00eandios","transporte"],"articleSection":["Not\u00edcias"],"inLanguage":"pt-PT"},{"@type":"WebPage","@id":"https:\/\/portaltela.pt\/noticias\/2026\/03\/09\/incendio-junto-a-glasgow-central-provoca-cancelamento-de-varios-comboios\/","url":"https:\/\/portaltela.pt\/noticias\/2026\/03\/09\/incendio-junto-a-glasgow-central-provoca-cancelamento-de-varios-comboios\/","name":"Inc\u00eandio junto \u00e0 Glasgow Central provoca cancelamento de v\u00e1rios comboios - Portal Tela Portugal","isPartOf":{"@id":"https:\/\/portaltela.pt\/#website"},"primaryImageOfPage":{"@id":"https:\/\/portaltela.pt\/noticias\/2026\/03\/09\/incendio-junto-a-glasgow-central-provoca-cancelamento-de-varios-comboios\/#primaryimage"},"image":{"@id":"https:\/\/portaltela.pt\/noticias\/2026\/03\/09\/incendio-junto-a-glasgow-central-provoca-cancelamento-de-varios-comboios\/#primaryimage"},"thumbnailUrl":"https:\/\/portaltela.pt\/s.01k8rhncp4jt1\/2026\/03\/img_1280x722uu2026-03-09-10-10-52-2271233.jpg","datePublished":"2026-03-09T10:12:38+00:00","author":{"@id":"https:\/\/portaltela.pt\/#\/schema\/person\/c4278d4a6028830caff9ee44b42d32ed"},"breadcrumb":{"@id":"https:\/\/portaltela.pt\/noticias\/2026\/03\/09\/incendio-junto-a-glasgow-central-provoca-cancelamento-de-varios-comboios\/#breadcrumb"},"inLanguage":"pt-PT","potentialAction":[{"@type":"ReadAction","target":["https:\/\/portaltela.pt\/noticias\/2026\/03\/09\/incendio-junto-a-glasgow-central-provoca-cancelamento-de-varios-comboios\/"]}]},{"@type":"ImageObject","inLanguage":"pt-PT","@id":"https:\/\/portaltela.pt\/noticias\/2026\/03\/09\/incendio-junto-a-glasgow-central-provoca-cancelamento-de-varios-comboios\/#primaryimage","url":"https:\/\/portaltela.pt\/s.01k8rhncp4jt1\/2026\/03\/img_1280x722uu2026-03-09-10-10-52-2271233.jpg","contentUrl":"https:\/\/portaltela.pt\/s.01k8rhncp4jt1\/2026\/03\/img_1280x722uu2026-03-09-10-10-52-2271233.jpg","width":796,"height":448,"caption":"Photo"},{"@type":"BreadcrumbList","@id":"https:\/\/portaltela.pt\/noticias\/2026\/03\/09\/incendio-junto-a-glasgow-central-provoca-cancelamento-de-varios-comboios\/#breadcrumb","itemListElement":[{"@type":"ListItem","position":1,"name":"In\u00edcio","item":"https:\/\/portaltela.pt\/"},{"@type":"ListItem","position":2,"name":"Inc\u00eandio junto \u00e0 Glasgow Central provoca cancelamento de v\u00e1rios comboios"}]},{"@type":"WebSite","@id":"https:\/\/portaltela.pt\/#website","url":"https:\/\/portaltela.pt\/","name":"Portal Tela Portugal","description":"","potentialAction":[{"@type":"SearchAction","target":{"@type":"EntryPoint","urlTemplate":"https:\/\/portaltela.pt\/?s={search_term_string}"},"query-input":{"@type":"PropertyValueSpecification","valueRequired":true,"valueName":"search_term_string"}}],"inLanguage":"pt-PT"},{"@type":"Person","@id":"https:\/\/portaltela.pt\/#\/schema\/person\/c4278d4a6028830caff9ee44b42d32ed","name":"Telinha","image":{"@type":"ImageObject","inLanguage":"pt-PT","@id":"https:\/\/portaltela.pt\/s.01k8rhncp4jt1\/2025\/11\/talking-bot-125x125.png","url":"https:\/\/portaltela.pt\/s.01k8rhncp4jt1\/2025\/11\/talking-bot-125x125.png","contentUrl":"https:\/\/portaltela.pt\/s.01k8rhncp4jt1\/2025\/11\/talking-bot-125x125.png","caption":"Telinha"},"sameAs":["https:\/\/portaltela.pt\/"],"url":"https:\/\/portaltela.pt\/por\/367410592786\/"}]}},"_links":{"self":[{"href":"https:\/\/portaltela.pt\/api\/wp\/v2\/posts\/403092","targetHints":{"allow":["GET"]}}],"collection":[{"href":"https:\/\/portaltela.pt\/api\/wp\/v2\/posts"}],"about":[{"href":"https:\/\/portaltela.pt\/api\/wp\/v2\/types\/post"}],"author":[{"embeddable":true,"href":"https:\/\/portaltela.pt\/api\/wp\/v2\/users\/2"}],"replies":[{"embeddable":true,"href":"https:\/\/portaltela.pt\/api\/wp\/v2\/comments?post=403092"}],"version-history":[{"count":0,"href":"https:\/\/portaltela.pt\/api\/wp\/v2\/posts\/403092\/revisions"}],"wp:featuredmedia":[{"embeddable":true,"href":"https:\/\/portaltela.pt\/api\/wp\/v2\/media\/403093"}],"wp:attachment":[{"href":"https:\/\/portaltela.pt\/api\/wp\/v2\/media?parent=403092"}],"wp:term":[{"taxonomy":"category","embeddable":true,"href":"https:\/\/portaltela.pt\/api\/wp\/v2\/categories?post=403092"},{"taxonomy":"post_tag","embeddable":true,"href":"https:\/\/portaltela.pt\/api\/wp\/v2\/tags?post=403092"}],"curies":[{"name":"wp","href":"https:\/\/api.w.org\/{rel}","templated":true}]}}