{"id":403053,"date":"2026-03-09T06:17:00","date_gmt":"2026-03-09T09:17:00","guid":{"rendered":"https:\/\/portaltela.pt\/noticias\/2026\/03\/09\/acao-climatica-promessas-nao-bastam-sao-necessarias-medidas-concretas\/"},"modified":"2026-03-09T06:17:00","modified_gmt":"2026-03-09T09:17:00","slug":"acao-climatica-promessas-nao-bastam-sao-necessarias-medidas-concretas","status":"publish","type":"post","link":"https:\/\/portaltela.pt\/noticias\/2026\/03\/09\/acao-climatica-promessas-nao-bastam-sao-necessarias-medidas-concretas\/","title":{"rendered":"A\u00e7\u00e3o clim\u00e1tica: promessas n\u00e3o bastam; s\u00e3o necess\u00e1rias medidas concretas"},"content":{"rendered":"<p>O texto analisa a diferen\u00e7a entre ac\u00e7\u00e3o clim\u00e1tica e ativismo, defendendo que pol\u00edticas p\u00fablicas eficazes devem ultrapassar a ret\u00f3rica. Em Portugal, assinala-se a necessidade de medidas concretas para reduzir emiss\u00f5es e melhorar a resili\u00eancia, face aos riscos clim\u00e1ticos.<\/p>\n<p>Critica a suposta ades\u00e3o ao Quadro de Sendai pela Estrat\u00e9gia Nacional para uma Protec\u00e7\u00e3o Civil Preventiva 2030, aprovada em 2021. O argumento central \u00e9 que o alinhamento ret\u00f3rico n\u00e3o se traduz em execu\u00e7\u00e3o, financiamento est\u00e1vel ou participa\u00e7\u00e3o comunit\u00e1ria efetiva.<\/p>\n<p>A pe\u00e7a sustenta que o Quadro de Sendai exige mecanismos exequ\u00edveis, responsabilidades claras e financiamento definido. Em oposi\u00e7\u00e3o, a Estrat\u00e9gia 2030 \u00e9 descrita como vaga, com planos de financiamento gen\u00e9ricos e participa\u00e7\u00e3o dos cidad\u00e3os sem metodologias ou estruturas definidas.<\/p>\n<h3>Aprofundar o enquadramento internacional<\/h3>\n<p>Segundo a an\u00e1lise, o quadro internacional de Sendai exige envolvimento ativo de comunidades, grupos vulner\u00e1veis e sistemas de alerta orientados para a popula\u00e7\u00e3o. A Estrat\u00e9gia 2030 \u00e9 acusada de limitar-se a mencionar participa\u00e7\u00e3o, sem modelo operativo.<\/p>\n<h3>Financiamento e implementa\u00e7\u00e3o<\/h3>\n<p>O texto aponta que o Sendai integra investimento p\u00fablico e privado, com incentivos econ\u00f3micos. Em contraste, a Estrat\u00e9gia 2030 n\u00e3o detalha fontes de receita nem metas or\u00e7amentais, o que fragiliza a capacidade de redu\u00e7\u00e3o de risco.<\/p>\n<h3>Cen\u00e1rio portugu\u00eas e consequ\u00eancias<\/h3>\n<p>Relata-se que os fen\u00f3menos clim\u00e1ticos extremos j\u00e1 impactaram Portugal, incluindo a regi\u00e3o de Leiria, e que o Governo persiste numa sequ\u00eancia de normativos sem transformar palavras em ac\u00e7\u00e3o concreta.<\/p>\n<h3>Conclus\u00f5es operacionais<\/h3>\n<p>A pe\u00e7a afirma que a verdadeira gest\u00e3o do risco exige governan\u00e7a, investimento e transforma\u00e7\u00e3o pr\u00e1tica, n\u00e3o apenas narrativa. A direc\u00e7\u00e3o pol\u00edtica \u00e9 respons\u00e1vel por converter alinhamentos internacionais em pol\u00edticas p\u00fablicas robustas.<\/p>\n","protected":false},"excerpt":{"rendered":"<ul>\n<li>A not\u00edcia distingue ac\u00e7\u00e3o clim\u00e1tica de ativismo, defendendo pol\u00edticas p\u00fablicas integradas para reduzir emiss\u00f5es, adaptar-se e gerir riscos clim\u00e1ticos.<\/li>\n<li>Em Portugal, destaca-se a Estrat\u00e9gia Nacional para uma Prote\u00e7\u00e3o Civil Preventiva 2030 (aprovada em 2021) e o Quadro de Sendai para Redu\u00e7\u00e3o de Desastres, com cr\u00edticas \u00e0 separa\u00e7\u00e3o entre alinhamento te\u00f3rico e execu\u00e7\u00e3o pr\u00e1tica.<\/li>\n<li>O texto acusa o Estado de ficar pela ret\u00f3rica, com planos que carecem de financiamento, metodologias participativas concretas e de fontes de receita definidas.<\/li>\n<li>O Quadro de Sendai exige participa\u00e7\u00e3o comunit\u00e1ria e financiamento p\u00fablico e privado; a Estrat\u00e9gia 2030 \u00e9 considerada gen\u00e9rica, sem modelos de implementa\u00e7\u00e3o ou metas or\u00e7amentais.<\/li>\n<li>O artigo aponta que, apesar de prometer alinhamento com Sendai, Portugal n\u00e3o tem transformado promessas em a\u00e7\u00f5es concretas, evidenciando falhas refor\u00e7adas por fen\u00f3menos clim\u00e1ticos recentes, especialmente na regi\u00e3o de Leiria.<\/li>\n<\/ul>\n","protected":false},"author":2,"featured_media":403060,"comment_status":"closed","ping_status":"closed","sticky":false,"template":"","format":"standard","meta":{"footnotes":""},"categories":[6725,1],"tags":[2053,2665,733,1274,316,320],"class_list":["post-403053","post","type-post","status-publish","format-standard","has-post-thumbnail","hentry","category-meio-ambiente","category-noticias","tag-acao-climatica","tag-alteracoes-climaticas","tag-financas-publicas","tag-governanca","tag-investimento","tag-protecao-civil"],"yoast_head":"<!-- This site is optimized with the Yoast SEO plugin v27.2 - https:\/\/yoast.com\/product\/yoast-seo-wordpress\/ -->\n<title>A\u00e7\u00e3o clim\u00e1tica: promessas n\u00e3o bastam; s\u00e3o necess\u00e1rias medidas concretas - Portal Tela Portugal<\/title>\n<meta name=\"robots\" content=\"index, follow, max-snippet:-1, max-image-preview:large, max-video-preview:-1\" \/>\n<meta property=\"og:locale\" content=\"pt_PT\" \/>\n<meta property=\"og:type\" content=\"article\" \/>\n<meta property=\"og:title\" content=\"A\u00e7\u00e3o clim\u00e1tica: promessas n\u00e3o bastam; s\u00e3o necess\u00e1rias medidas concretas - Portal Tela Portugal\" \/>\n<meta property=\"og:description\" content=\"A not\u00edcia distingue ac\u00e7\u00e3o clim\u00e1tica de ativismo, defendendo pol\u00edticas p\u00fablicas integradas para reduzir emiss\u00f5es, adaptar-se e gerir riscos clim\u00e1ticos. Em Portugal, destaca-se a Estrat\u00e9gia Nacional para uma Prote\u00e7\u00e3o Civil Preventiva 2030 (aprovada em 2021) e o Quadro de Sendai para Redu\u00e7\u00e3o de Desastres, com cr\u00edticas \u00e0 separa\u00e7\u00e3o entre alinhamento te\u00f3rico e execu\u00e7\u00e3o pr\u00e1tica. O texto acusa o Estado de ficar pela ret\u00f3rica, com planos que carecem de financiamento, metodologias participativas concretas e de fontes de receita definidas. O Quadro de Sendai exige participa\u00e7\u00e3o comunit\u00e1ria e financiamento p\u00fablico e privado; a Estrat\u00e9gia 2030 \u00e9 considerada gen\u00e9rica, sem modelos de implementa\u00e7\u00e3o ou metas or\u00e7amentais. O artigo aponta que, apesar de prometer alinhamento com Sendai, Portugal n\u00e3o tem transformado promessas em a\u00e7\u00f5es concretas, evidenciando falhas refor\u00e7adas por fen\u00f3menos clim\u00e1ticos recentes, especialmente na regi\u00e3o de Leiria.\" \/>\n<meta property=\"og:url\" content=\"https:\/\/portaltela.pt\/noticias\/2026\/03\/09\/acao-climatica-promessas-nao-bastam-sao-necessarias-medidas-concretas\/\" \/>\n<meta property=\"og:site_name\" content=\"Portal Tela Portugal\" \/>\n<meta property=\"article:published_time\" content=\"2026-03-09T09:17:00+00:00\" \/>\n<meta name=\"author\" content=\"Telinha\" \/>\n<meta name=\"twitter:card\" content=\"summary_large_image\" \/>\n<meta name=\"twitter:label1\" content=\"Escrito por\" \/>\n\t<meta name=\"twitter:data1\" content=\"Telinha\" \/>\n\t<meta name=\"twitter:label2\" content=\"Tempo estimado de leitura\" \/>\n\t<meta name=\"twitter:data2\" content=\"2 minutos\" \/>\n<script type=\"application\/ld+json\" class=\"yoast-schema-graph\">{\"@context\":\"https:\/\/schema.org\",\"@graph\":[{\"@type\":\"Article\",\"@id\":\"https:\/\/portaltela.pt\/noticias\/2026\/03\/09\/acao-climatica-promessas-nao-bastam-sao-necessarias-medidas-concretas\/#article\",\"isPartOf\":{\"@id\":\"https:\/\/portaltela.pt\/noticias\/2026\/03\/09\/acao-climatica-promessas-nao-bastam-sao-necessarias-medidas-concretas\/\"},\"author\":{\"name\":\"Telinha\",\"@id\":\"https:\/\/portaltela.pt\/#\/schema\/person\/c4278d4a6028830caff9ee44b42d32ed\"},\"headline\":\"A\u00e7\u00e3o clim\u00e1tica: promessas n\u00e3o bastam; s\u00e3o necess\u00e1rias medidas concretas\",\"datePublished\":\"2026-03-09T09:17:00+00:00\",\"mainEntityOfPage\":{\"@id\":\"https:\/\/portaltela.pt\/noticias\/2026\/03\/09\/acao-climatica-promessas-nao-bastam-sao-necessarias-medidas-concretas\/\"},\"wordCount\":323,\"image\":{\"@id\":\"https:\/\/portaltela.pt\/noticias\/2026\/03\/09\/acao-climatica-promessas-nao-bastam-sao-necessarias-medidas-concretas\/#primaryimage\"},\"thumbnailUrl\":\"https:\/\/portaltela.pt\/s.01k8rhncp4jt1\/2026\/03\/1996645.jpg\",\"keywords\":[\"A\u00e7\u00e3o Clim\u00e1tica\",\"Altera\u00e7\u00f5es Clim\u00e1ticas\",\"finan\u00e7as p\u00fablicas\",\"governan\u00e7a\",\"investimento\",\"prote\u00e7\u00e3o civil\"],\"articleSection\":[\"Meio Ambiente\",\"Not\u00edcias\"],\"inLanguage\":\"pt-PT\"},{\"@type\":\"WebPage\",\"@id\":\"https:\/\/portaltela.pt\/noticias\/2026\/03\/09\/acao-climatica-promessas-nao-bastam-sao-necessarias-medidas-concretas\/\",\"url\":\"https:\/\/portaltela.pt\/noticias\/2026\/03\/09\/acao-climatica-promessas-nao-bastam-sao-necessarias-medidas-concretas\/\",\"name\":\"A\u00e7\u00e3o clim\u00e1tica: promessas n\u00e3o bastam; s\u00e3o necess\u00e1rias medidas concretas - Portal Tela Portugal\",\"isPartOf\":{\"@id\":\"https:\/\/portaltela.pt\/#website\"},\"primaryImageOfPage\":{\"@id\":\"https:\/\/portaltela.pt\/noticias\/2026\/03\/09\/acao-climatica-promessas-nao-bastam-sao-necessarias-medidas-concretas\/#primaryimage\"},\"image\":{\"@id\":\"https:\/\/portaltela.pt\/noticias\/2026\/03\/09\/acao-climatica-promessas-nao-bastam-sao-necessarias-medidas-concretas\/#primaryimage\"},\"thumbnailUrl\":\"https:\/\/portaltela.pt\/s.01k8rhncp4jt1\/2026\/03\/1996645.jpg\",\"datePublished\":\"2026-03-09T09:17:00+00:00\",\"author\":{\"@id\":\"https:\/\/portaltela.pt\/#\/schema\/person\/c4278d4a6028830caff9ee44b42d32ed\"},\"breadcrumb\":{\"@id\":\"https:\/\/portaltela.pt\/noticias\/2026\/03\/09\/acao-climatica-promessas-nao-bastam-sao-necessarias-medidas-concretas\/#breadcrumb\"},\"inLanguage\":\"pt-PT\",\"potentialAction\":[{\"@type\":\"ReadAction\",\"target\":[\"https:\/\/portaltela.pt\/noticias\/2026\/03\/09\/acao-climatica-promessas-nao-bastam-sao-necessarias-medidas-concretas\/\"]}]},{\"@type\":\"ImageObject\",\"inLanguage\":\"pt-PT\",\"@id\":\"https:\/\/portaltela.pt\/noticias\/2026\/03\/09\/acao-climatica-promessas-nao-bastam-sao-necessarias-medidas-concretas\/#primaryimage\",\"url\":\"https:\/\/portaltela.pt\/s.01k8rhncp4jt1\/2026\/03\/1996645.jpg\",\"contentUrl\":\"https:\/\/portaltela.pt\/s.01k8rhncp4jt1\/2026\/03\/1996645.jpg\",\"width\":796,\"height\":448,\"caption\":\"Photo\"},{\"@type\":\"BreadcrumbList\",\"@id\":\"https:\/\/portaltela.pt\/noticias\/2026\/03\/09\/acao-climatica-promessas-nao-bastam-sao-necessarias-medidas-concretas\/#breadcrumb\",\"itemListElement\":[{\"@type\":\"ListItem\",\"position\":1,\"name\":\"In\u00edcio\",\"item\":\"https:\/\/portaltela.pt\/\"},{\"@type\":\"ListItem\",\"position\":2,\"name\":\"A\u00e7\u00e3o clim\u00e1tica: promessas n\u00e3o bastam; s\u00e3o necess\u00e1rias medidas concretas\"}]},{\"@type\":\"WebSite\",\"@id\":\"https:\/\/portaltela.pt\/#website\",\"url\":\"https:\/\/portaltela.pt\/\",\"name\":\"Portal Tela Portugal\",\"description\":\"\",\"potentialAction\":[{\"@type\":\"SearchAction\",\"target\":{\"@type\":\"EntryPoint\",\"urlTemplate\":\"https:\/\/portaltela.pt\/?s={search_term_string}\"},\"query-input\":{\"@type\":\"PropertyValueSpecification\",\"valueRequired\":true,\"valueName\":\"search_term_string\"}}],\"inLanguage\":\"pt-PT\"},{\"@type\":\"Person\",\"@id\":\"https:\/\/portaltela.pt\/#\/schema\/person\/c4278d4a6028830caff9ee44b42d32ed\",\"name\":\"Telinha\",\"image\":{\"@type\":\"ImageObject\",\"inLanguage\":\"pt-PT\",\"@id\":\"https:\/\/portaltela.pt\/s.01k8rhncp4jt1\/2025\/11\/talking-bot-125x125.png\",\"url\":\"https:\/\/portaltela.pt\/s.01k8rhncp4jt1\/2025\/11\/talking-bot-125x125.png\",\"contentUrl\":\"https:\/\/portaltela.pt\/s.01k8rhncp4jt1\/2025\/11\/talking-bot-125x125.png\",\"caption\":\"Telinha\"},\"sameAs\":[\"https:\/\/portaltela.pt\/\"],\"url\":\"https:\/\/portaltela.pt\/por\/367410592786\/\"}]}<\/script>\n<!-- \/ Yoast SEO plugin. -->","yoast_head_json":{"title":"A\u00e7\u00e3o clim\u00e1tica: promessas n\u00e3o bastam; s\u00e3o necess\u00e1rias medidas concretas - Portal Tela Portugal","robots":{"index":"index","follow":"follow","max-snippet":"max-snippet:-1","max-image-preview":"max-image-preview:large","max-video-preview":"max-video-preview:-1"},"og_locale":"pt_PT","og_type":"article","og_title":"A\u00e7\u00e3o clim\u00e1tica: promessas n\u00e3o bastam; s\u00e3o necess\u00e1rias medidas concretas - Portal Tela Portugal","og_description":"A not\u00edcia distingue ac\u00e7\u00e3o clim\u00e1tica de ativismo, defendendo pol\u00edticas p\u00fablicas integradas para reduzir emiss\u00f5es, adaptar-se e gerir riscos clim\u00e1ticos. Em Portugal, destaca-se a Estrat\u00e9gia Nacional para uma Prote\u00e7\u00e3o Civil Preventiva 2030 (aprovada em 2021) e o Quadro de Sendai para Redu\u00e7\u00e3o de Desastres, com cr\u00edticas \u00e0 separa\u00e7\u00e3o entre alinhamento te\u00f3rico e execu\u00e7\u00e3o pr\u00e1tica. O texto acusa o Estado de ficar pela ret\u00f3rica, com planos que carecem de financiamento, metodologias participativas concretas e de fontes de receita definidas. O Quadro de Sendai exige participa\u00e7\u00e3o comunit\u00e1ria e financiamento p\u00fablico e privado; a Estrat\u00e9gia 2030 \u00e9 considerada gen\u00e9rica, sem modelos de implementa\u00e7\u00e3o ou metas or\u00e7amentais. O artigo aponta que, apesar de prometer alinhamento com Sendai, Portugal n\u00e3o tem transformado promessas em a\u00e7\u00f5es concretas, evidenciando falhas refor\u00e7adas por fen\u00f3menos clim\u00e1ticos recentes, especialmente na regi\u00e3o de Leiria.","og_url":"https:\/\/portaltela.pt\/noticias\/2026\/03\/09\/acao-climatica-promessas-nao-bastam-sao-necessarias-medidas-concretas\/","og_site_name":"Portal Tela Portugal","article_published_time":"2026-03-09T09:17:00+00:00","author":"Telinha","twitter_card":"summary_large_image","twitter_misc":{"Escrito por":"Telinha","Tempo estimado de leitura":"2 minutos"},"schema":{"@context":"https:\/\/schema.org","@graph":[{"@type":"Article","@id":"https:\/\/portaltela.pt\/noticias\/2026\/03\/09\/acao-climatica-promessas-nao-bastam-sao-necessarias-medidas-concretas\/#article","isPartOf":{"@id":"https:\/\/portaltela.pt\/noticias\/2026\/03\/09\/acao-climatica-promessas-nao-bastam-sao-necessarias-medidas-concretas\/"},"author":{"name":"Telinha","@id":"https:\/\/portaltela.pt\/#\/schema\/person\/c4278d4a6028830caff9ee44b42d32ed"},"headline":"A\u00e7\u00e3o clim\u00e1tica: promessas n\u00e3o bastam; s\u00e3o necess\u00e1rias medidas concretas","datePublished":"2026-03-09T09:17:00+00:00","mainEntityOfPage":{"@id":"https:\/\/portaltela.pt\/noticias\/2026\/03\/09\/acao-climatica-promessas-nao-bastam-sao-necessarias-medidas-concretas\/"},"wordCount":323,"image":{"@id":"https:\/\/portaltela.pt\/noticias\/2026\/03\/09\/acao-climatica-promessas-nao-bastam-sao-necessarias-medidas-concretas\/#primaryimage"},"thumbnailUrl":"https:\/\/portaltela.pt\/s.01k8rhncp4jt1\/2026\/03\/1996645.jpg","keywords":["A\u00e7\u00e3o Clim\u00e1tica","Altera\u00e7\u00f5es Clim\u00e1ticas","finan\u00e7as p\u00fablicas","governan\u00e7a","investimento","prote\u00e7\u00e3o civil"],"articleSection":["Meio Ambiente","Not\u00edcias"],"inLanguage":"pt-PT"},{"@type":"WebPage","@id":"https:\/\/portaltela.pt\/noticias\/2026\/03\/09\/acao-climatica-promessas-nao-bastam-sao-necessarias-medidas-concretas\/","url":"https:\/\/portaltela.pt\/noticias\/2026\/03\/09\/acao-climatica-promessas-nao-bastam-sao-necessarias-medidas-concretas\/","name":"A\u00e7\u00e3o clim\u00e1tica: promessas n\u00e3o bastam; s\u00e3o necess\u00e1rias medidas concretas - Portal Tela Portugal","isPartOf":{"@id":"https:\/\/portaltela.pt\/#website"},"primaryImageOfPage":{"@id":"https:\/\/portaltela.pt\/noticias\/2026\/03\/09\/acao-climatica-promessas-nao-bastam-sao-necessarias-medidas-concretas\/#primaryimage"},"image":{"@id":"https:\/\/portaltela.pt\/noticias\/2026\/03\/09\/acao-climatica-promessas-nao-bastam-sao-necessarias-medidas-concretas\/#primaryimage"},"thumbnailUrl":"https:\/\/portaltela.pt\/s.01k8rhncp4jt1\/2026\/03\/1996645.jpg","datePublished":"2026-03-09T09:17:00+00:00","author":{"@id":"https:\/\/portaltela.pt\/#\/schema\/person\/c4278d4a6028830caff9ee44b42d32ed"},"breadcrumb":{"@id":"https:\/\/portaltela.pt\/noticias\/2026\/03\/09\/acao-climatica-promessas-nao-bastam-sao-necessarias-medidas-concretas\/#breadcrumb"},"inLanguage":"pt-PT","potentialAction":[{"@type":"ReadAction","target":["https:\/\/portaltela.pt\/noticias\/2026\/03\/09\/acao-climatica-promessas-nao-bastam-sao-necessarias-medidas-concretas\/"]}]},{"@type":"ImageObject","inLanguage":"pt-PT","@id":"https:\/\/portaltela.pt\/noticias\/2026\/03\/09\/acao-climatica-promessas-nao-bastam-sao-necessarias-medidas-concretas\/#primaryimage","url":"https:\/\/portaltela.pt\/s.01k8rhncp4jt1\/2026\/03\/1996645.jpg","contentUrl":"https:\/\/portaltela.pt\/s.01k8rhncp4jt1\/2026\/03\/1996645.jpg","width":796,"height":448,"caption":"Photo"},{"@type":"BreadcrumbList","@id":"https:\/\/portaltela.pt\/noticias\/2026\/03\/09\/acao-climatica-promessas-nao-bastam-sao-necessarias-medidas-concretas\/#breadcrumb","itemListElement":[{"@type":"ListItem","position":1,"name":"In\u00edcio","item":"https:\/\/portaltela.pt\/"},{"@type":"ListItem","position":2,"name":"A\u00e7\u00e3o clim\u00e1tica: promessas n\u00e3o bastam; s\u00e3o necess\u00e1rias medidas concretas"}]},{"@type":"WebSite","@id":"https:\/\/portaltela.pt\/#website","url":"https:\/\/portaltela.pt\/","name":"Portal Tela Portugal","description":"","potentialAction":[{"@type":"SearchAction","target":{"@type":"EntryPoint","urlTemplate":"https:\/\/portaltela.pt\/?s={search_term_string}"},"query-input":{"@type":"PropertyValueSpecification","valueRequired":true,"valueName":"search_term_string"}}],"inLanguage":"pt-PT"},{"@type":"Person","@id":"https:\/\/portaltela.pt\/#\/schema\/person\/c4278d4a6028830caff9ee44b42d32ed","name":"Telinha","image":{"@type":"ImageObject","inLanguage":"pt-PT","@id":"https:\/\/portaltela.pt\/s.01k8rhncp4jt1\/2025\/11\/talking-bot-125x125.png","url":"https:\/\/portaltela.pt\/s.01k8rhncp4jt1\/2025\/11\/talking-bot-125x125.png","contentUrl":"https:\/\/portaltela.pt\/s.01k8rhncp4jt1\/2025\/11\/talking-bot-125x125.png","caption":"Telinha"},"sameAs":["https:\/\/portaltela.pt\/"],"url":"https:\/\/portaltela.pt\/por\/367410592786\/"}]}},"_links":{"self":[{"href":"https:\/\/portaltela.pt\/api\/wp\/v2\/posts\/403053","targetHints":{"allow":["GET"]}}],"collection":[{"href":"https:\/\/portaltela.pt\/api\/wp\/v2\/posts"}],"about":[{"href":"https:\/\/portaltela.pt\/api\/wp\/v2\/types\/post"}],"author":[{"embeddable":true,"href":"https:\/\/portaltela.pt\/api\/wp\/v2\/users\/2"}],"replies":[{"embeddable":true,"href":"https:\/\/portaltela.pt\/api\/wp\/v2\/comments?post=403053"}],"version-history":[{"count":0,"href":"https:\/\/portaltela.pt\/api\/wp\/v2\/posts\/403053\/revisions"}],"wp:featuredmedia":[{"embeddable":true,"href":"https:\/\/portaltela.pt\/api\/wp\/v2\/media\/403060"}],"wp:attachment":[{"href":"https:\/\/portaltela.pt\/api\/wp\/v2\/media?parent=403053"}],"wp:term":[{"taxonomy":"category","embeddable":true,"href":"https:\/\/portaltela.pt\/api\/wp\/v2\/categories?post=403053"},{"taxonomy":"post_tag","embeddable":true,"href":"https:\/\/portaltela.pt\/api\/wp\/v2\/tags?post=403053"}],"curies":[{"name":"wp","href":"https:\/\/api.w.org\/{rel}","templated":true}]}}