{"id":403049,"date":"2026-03-09T06:32:05","date_gmt":"2026-03-09T09:32:05","guid":{"rendered":"https:\/\/portaltela.pt\/noticias\/2026\/03\/09\/antonio-jose-seguro-toma-posse-como-presidente-da-republica-cerimonias-divulgadas\/"},"modified":"2026-03-09T06:32:05","modified_gmt":"2026-03-09T09:32:05","slug":"antonio-jose-seguro-toma-posse-como-presidente-da-republica-cerimonias-divulgadas","status":"publish","type":"post","link":"https:\/\/portaltela.pt\/noticias\/politica\/2026\/03\/09\/antonio-jose-seguro-toma-posse-como-presidente-da-republica-cerimonias-divulgadas\/","title":{"rendered":"Ant\u00f3nio Jos\u00e9 Seguro toma posse como Presidente da Rep\u00fablica; cerim\u00f3nias divulgadas"},"content":{"rendered":"<p>Ant\u00f3nio Jos\u00e9 Seguro toma posse como Presidente da Rep\u00fablica na manh\u00e3 desta segunda-feira, na Assembleia da Rep\u00fablica, sucedendo a Marcelo Rebelo de Sousa, que cumpriu dois mandatos e deixou o cargo. A sess\u00e3o solene come\u00e7a \u00e0s 10:00, com in\u00edcio da abertura \u00e0s 9:00 pelo Presidente da Assembleia.<\/p>\n<p>O programa da cerim\u00f3nia prolonga-se por dois dias. Na segunda-feira, o novo chefe de Estado desloca-se a Arganil, Guimar\u00e3es e Porto, numa \u201cpresid\u00eancia de proximidade\u201d prometida durante a campanha. A cerim\u00f3nia inclui juramento sobre a Constitui\u00e7\u00e3o.<\/p>\n<p>Na Assembleia da Rep\u00fablica dever\u00e3o estar presentes o Presidente cessante, o primeiro-ministro e l\u00edderes de outros pa\u00edses, incluindo chefes de Estado lus\u00f3fonos e o Rei de Espanha. Segue-se o j\u00fari de posse e uma desloca\u00e7\u00e3o ao Mosteiro dos Jer\u00f3nimos para prestar homenagem a Lu\u00eds de Cam\u00f5es.<\/p>\n<h3>Cerim\u00f3nia e atos oficiais<\/h3>\n<p>Logo depois, Seguro dirige-se ao Pal\u00e1cio de Bel\u00e9m, com chegada prevista para as 13:25. Pelas 15:30, os jardins da resid\u00eancia oficial estar\u00e3o abertos ao p\u00fablico para assinalar a tomada de posse, conforme an\u00fancio do pr\u00f3prio presidente.<\/p>\n<p>\u00c0s 16:30, encontra-se com jovens no ISCSP, onde foi docente. Pelas 18:00, est\u00e1 programada a condecora\u00e7\u00e3o de Marcelo Rebelo de Sousa, pelo seu sucessor, no Pal\u00e1cio Nacional da Ajuda.<\/p>\n<h3>Agenda de ter\u00e7a-feira<\/h3>\n<p>Na ter\u00e7a-feira, \u00e0s 11:00, o programa inclui visita \u00e0 aldeia de Mour\u00edsia, Arganil, afetada por inc\u00eandios. Segue-se uma passagem por Guimar\u00e3es, Capital Verde Europeia 2026, com a ministra do Ambiente e o presidente da C\u00e2mara. \u00c0s 18:30, o p\u00e9riplo encerra no Porto, com visita \u00e0 C\u00e2mara Municipal e assinatura no Livro de Honra.<\/p>\n<p>O concerto de encerramento realiza-se na Casa da M\u00fasica, no Porto, com atua\u00e7\u00f5es de Pedro Abrunhosa, Orquestra Juvenil da Bonj\u00f3ia e um grupo local associativo.<\/p>\n","protected":false},"excerpt":{"rendered":"<ul>\n<li>Ant\u00f3nio Jos\u00e9 Seguro toma posse na manh\u00e3 de segunda-feira na Assembleia da Rep\u00fablica, jurando a Constitui\u00e7\u00e3o e sucedendo Marcelo Rebelo de Sousa no cargo de Presidente da Rep\u00fablica.<\/li>\n<li>O programa decorre ao longo de dois dias, com desloca\u00e7\u00f5es previstas a Arganil, Guimar\u00e3es e Porto.<\/li>\n<li>Comparecem o Presidente cessante, Marcelo Rebelo de Sousa, o primeiro-ministro Lu\u00eds Montenegro e chefes de Estado de Angola, Cabo Verde, Mo\u00e7ambique, S\u00e3o Tom\u00e9 e Pr\u00edncipe, Timor-Leste, al\u00e9m do rei Felipe VI.<\/li>\n<li>\u00c0s 13:00 realiza-se a cerim\u00f3nia no Mosteiro dos Jer\u00f3nimos para coroar o t\u00famulo de Lu\u00eds de Cam\u00f5es; pouco depois segue-se para o Pal\u00e1cio de Bel\u00e9m, com chegada prevista \u00e0s 13:25.<\/li>\n<li>Os jardins das Caldas da Rainha ficam abertos ao p\u00fablico \u00e0s 15:30; \u00e0s 16:30 Seguro re\u00fane-se com jovens no ISCSP; \u00e0s 18:00 tem in\u00edcio a cerim\u00f3nia de condecora\u00e7\u00e3o a Marcelo Rebelo de Sousa; na ter\u00e7a-feira rende-se passagem por Mour\u00edsia, Guimar\u00e3es e Porto, com concerto na Casa da M\u00fasica no final do dia.<\/li>\n<\/ul>\n","protected":false},"author":2,"featured_media":403054,"comment_status":"closed","ping_status":"closed","sticky":false,"template":"","format":"standard","meta":{"footnotes":""},"categories":[1,5],"tags":[1340,6470,1145,982,1014,30],"class_list":["post-403049","post","type-post","status-publish","format-standard","has-post-thumbnail","hentry","category-noticias","category-politica","tag-arganil","tag-capital-verde-europeia-2026","tag-guimaraes","tag-porto","tag-portugal","tag-presidente"],"yoast_head":"<!-- This site is optimized with the Yoast SEO plugin v27.2 - https:\/\/yoast.com\/product\/yoast-seo-wordpress\/ -->\n<title>Ant\u00f3nio Jos\u00e9 Seguro toma posse como Presidente da Rep\u00fablica; cerim\u00f3nias divulgadas - Portal Tela Portugal<\/title>\n<meta name=\"robots\" content=\"index, follow, max-snippet:-1, max-image-preview:large, max-video-preview:-1\" \/>\n<meta property=\"og:locale\" content=\"pt_PT\" \/>\n<meta property=\"og:type\" content=\"article\" \/>\n<meta property=\"og:title\" content=\"Ant\u00f3nio Jos\u00e9 Seguro toma posse como Presidente da Rep\u00fablica; cerim\u00f3nias divulgadas - Portal Tela Portugal\" \/>\n<meta property=\"og:description\" content=\"Ant\u00f3nio Jos\u00e9 Seguro toma posse na manh\u00e3 de segunda-feira na Assembleia da Rep\u00fablica, jurando a Constitui\u00e7\u00e3o e sucedendo Marcelo Rebelo de Sousa no cargo de Presidente da Rep\u00fablica. O programa decorre ao longo de dois dias, com desloca\u00e7\u00f5es previstas a Arganil, Guimar\u00e3es e Porto. Comparecem o Presidente cessante, Marcelo Rebelo de Sousa, o primeiro-ministro Lu\u00eds Montenegro e chefes de Estado de Angola, Cabo Verde, Mo\u00e7ambique, S\u00e3o Tom\u00e9 e Pr\u00edncipe, Timor-Leste, al\u00e9m do rei Felipe VI. \u00c0s 13:00 realiza-se a cerim\u00f3nia no Mosteiro dos Jer\u00f3nimos para coroar o t\u00famulo de Lu\u00eds de Cam\u00f5es; pouco depois segue-se para o Pal\u00e1cio de Bel\u00e9m, com chegada prevista \u00e0s 13:25. Os jardins das Caldas da Rainha ficam abertos ao p\u00fablico \u00e0s 15:30; \u00e0s 16:30 Seguro re\u00fane-se com jovens no ISCSP; \u00e0s 18:00 tem in\u00edcio a cerim\u00f3nia de condecora\u00e7\u00e3o a Marcelo Rebelo de Sousa; na ter\u00e7a-feira rende-se passagem por Mour\u00edsia, Guimar\u00e3es e Porto, com concerto na Casa da M\u00fasica no final do dia.\" \/>\n<meta property=\"og:url\" content=\"https:\/\/portaltela.pt\/noticias\/2026\/03\/09\/antonio-jose-seguro-toma-posse-como-presidente-da-republica-cerimonias-divulgadas\/\" \/>\n<meta property=\"og:site_name\" content=\"Portal Tela Portugal\" \/>\n<meta property=\"article:published_time\" content=\"2026-03-09T09:32:05+00:00\" \/>\n<meta name=\"author\" content=\"Telinha\" \/>\n<meta name=\"twitter:card\" content=\"summary_large_image\" \/>\n<meta name=\"twitter:label1\" content=\"Escrito por\" \/>\n\t<meta name=\"twitter:data1\" content=\"Telinha\" \/>\n\t<meta name=\"twitter:label2\" content=\"Tempo estimado de leitura\" \/>\n\t<meta name=\"twitter:data2\" content=\"2 minutos\" \/>\n<script type=\"application\/ld+json\" class=\"yoast-schema-graph\">{\"@context\":\"https:\/\/schema.org\",\"@graph\":[{\"@type\":\"Article\",\"@id\":\"https:\/\/portaltela.pt\/noticias\/2026\/03\/09\/antonio-jose-seguro-toma-posse-como-presidente-da-republica-cerimonias-divulgadas\/#article\",\"isPartOf\":{\"@id\":\"https:\/\/portaltela.pt\/noticias\/2026\/03\/09\/antonio-jose-seguro-toma-posse-como-presidente-da-republica-cerimonias-divulgadas\/\"},\"author\":{\"name\":\"Telinha\",\"@id\":\"https:\/\/portaltela.pt\/#\/schema\/person\/c4278d4a6028830caff9ee44b42d32ed\"},\"headline\":\"Ant\u00f3nio Jos\u00e9 Seguro toma posse como Presidente da Rep\u00fablica; cerim\u00f3nias divulgadas\",\"datePublished\":\"2026-03-09T09:32:05+00:00\",\"mainEntityOfPage\":{\"@id\":\"https:\/\/portaltela.pt\/noticias\/2026\/03\/09\/antonio-jose-seguro-toma-posse-como-presidente-da-republica-cerimonias-divulgadas\/\"},\"wordCount\":324,\"image\":{\"@id\":\"https:\/\/portaltela.pt\/noticias\/2026\/03\/09\/antonio-jose-seguro-toma-posse-como-presidente-da-republica-cerimonias-divulgadas\/#primaryimage\"},\"thumbnailUrl\":\"https:\/\/portaltela.pt\/s.01k8rhncp4jt1\/2026\/03\/1536x864_cmsv2_bc8e9869-ef23-56c4-a0fc-3b511a46bd4b-9678710.jpg\",\"keywords\":[\"Arganil\",\"Capital Verde Europeia 2026\",\"Guimar\u00e3es\",\"Porto\",\"Portugal\",\"presidente\"],\"articleSection\":[\"Not\u00edcias\",\"Pol\u00edtica\"],\"inLanguage\":\"pt-PT\"},{\"@type\":\"WebPage\",\"@id\":\"https:\/\/portaltela.pt\/noticias\/2026\/03\/09\/antonio-jose-seguro-toma-posse-como-presidente-da-republica-cerimonias-divulgadas\/\",\"url\":\"https:\/\/portaltela.pt\/noticias\/2026\/03\/09\/antonio-jose-seguro-toma-posse-como-presidente-da-republica-cerimonias-divulgadas\/\",\"name\":\"Ant\u00f3nio Jos\u00e9 Seguro toma posse como Presidente da Rep\u00fablica; cerim\u00f3nias divulgadas - Portal Tela Portugal\",\"isPartOf\":{\"@id\":\"https:\/\/portaltela.pt\/#website\"},\"primaryImageOfPage\":{\"@id\":\"https:\/\/portaltela.pt\/noticias\/2026\/03\/09\/antonio-jose-seguro-toma-posse-como-presidente-da-republica-cerimonias-divulgadas\/#primaryimage\"},\"image\":{\"@id\":\"https:\/\/portaltela.pt\/noticias\/2026\/03\/09\/antonio-jose-seguro-toma-posse-como-presidente-da-republica-cerimonias-divulgadas\/#primaryimage\"},\"thumbnailUrl\":\"https:\/\/portaltela.pt\/s.01k8rhncp4jt1\/2026\/03\/1536x864_cmsv2_bc8e9869-ef23-56c4-a0fc-3b511a46bd4b-9678710.jpg\",\"datePublished\":\"2026-03-09T09:32:05+00:00\",\"author\":{\"@id\":\"https:\/\/portaltela.pt\/#\/schema\/person\/c4278d4a6028830caff9ee44b42d32ed\"},\"breadcrumb\":{\"@id\":\"https:\/\/portaltela.pt\/noticias\/2026\/03\/09\/antonio-jose-seguro-toma-posse-como-presidente-da-republica-cerimonias-divulgadas\/#breadcrumb\"},\"inLanguage\":\"pt-PT\",\"potentialAction\":[{\"@type\":\"ReadAction\",\"target\":[\"https:\/\/portaltela.pt\/noticias\/2026\/03\/09\/antonio-jose-seguro-toma-posse-como-presidente-da-republica-cerimonias-divulgadas\/\"]}]},{\"@type\":\"ImageObject\",\"inLanguage\":\"pt-PT\",\"@id\":\"https:\/\/portaltela.pt\/noticias\/2026\/03\/09\/antonio-jose-seguro-toma-posse-como-presidente-da-republica-cerimonias-divulgadas\/#primaryimage\",\"url\":\"https:\/\/portaltela.pt\/s.01k8rhncp4jt1\/2026\/03\/1536x864_cmsv2_bc8e9869-ef23-56c4-a0fc-3b511a46bd4b-9678710.jpg\",\"contentUrl\":\"https:\/\/portaltela.pt\/s.01k8rhncp4jt1\/2026\/03\/1536x864_cmsv2_bc8e9869-ef23-56c4-a0fc-3b511a46bd4b-9678710.jpg\",\"width\":796,\"height\":448,\"caption\":\"AP Photo\/Ana Brigida\"},{\"@type\":\"BreadcrumbList\",\"@id\":\"https:\/\/portaltela.pt\/noticias\/2026\/03\/09\/antonio-jose-seguro-toma-posse-como-presidente-da-republica-cerimonias-divulgadas\/#breadcrumb\",\"itemListElement\":[{\"@type\":\"ListItem\",\"position\":1,\"name\":\"In\u00edcio\",\"item\":\"https:\/\/portaltela.pt\/\"},{\"@type\":\"ListItem\",\"position\":2,\"name\":\"Ant\u00f3nio Jos\u00e9 Seguro toma posse como Presidente da Rep\u00fablica; cerim\u00f3nias divulgadas\"}]},{\"@type\":\"WebSite\",\"@id\":\"https:\/\/portaltela.pt\/#website\",\"url\":\"https:\/\/portaltela.pt\/\",\"name\":\"Portal Tela Portugal\",\"description\":\"\",\"potentialAction\":[{\"@type\":\"SearchAction\",\"target\":{\"@type\":\"EntryPoint\",\"urlTemplate\":\"https:\/\/portaltela.pt\/?s={search_term_string}\"},\"query-input\":{\"@type\":\"PropertyValueSpecification\",\"valueRequired\":true,\"valueName\":\"search_term_string\"}}],\"inLanguage\":\"pt-PT\"},{\"@type\":\"Person\",\"@id\":\"https:\/\/portaltela.pt\/#\/schema\/person\/c4278d4a6028830caff9ee44b42d32ed\",\"name\":\"Telinha\",\"image\":{\"@type\":\"ImageObject\",\"inLanguage\":\"pt-PT\",\"@id\":\"https:\/\/portaltela.pt\/s.01k8rhncp4jt1\/2025\/11\/talking-bot-125x125.png\",\"url\":\"https:\/\/portaltela.pt\/s.01k8rhncp4jt1\/2025\/11\/talking-bot-125x125.png\",\"contentUrl\":\"https:\/\/portaltela.pt\/s.01k8rhncp4jt1\/2025\/11\/talking-bot-125x125.png\",\"caption\":\"Telinha\"},\"sameAs\":[\"https:\/\/portaltela.pt\/\"],\"url\":\"https:\/\/portaltela.pt\/por\/367410592786\/\"}]}<\/script>\n<!-- \/ Yoast SEO plugin. -->","yoast_head_json":{"title":"Ant\u00f3nio Jos\u00e9 Seguro toma posse como Presidente da Rep\u00fablica; cerim\u00f3nias divulgadas - Portal Tela Portugal","robots":{"index":"index","follow":"follow","max-snippet":"max-snippet:-1","max-image-preview":"max-image-preview:large","max-video-preview":"max-video-preview:-1"},"og_locale":"pt_PT","og_type":"article","og_title":"Ant\u00f3nio Jos\u00e9 Seguro toma posse como Presidente da Rep\u00fablica; cerim\u00f3nias divulgadas - Portal Tela Portugal","og_description":"Ant\u00f3nio Jos\u00e9 Seguro toma posse na manh\u00e3 de segunda-feira na Assembleia da Rep\u00fablica, jurando a Constitui\u00e7\u00e3o e sucedendo Marcelo Rebelo de Sousa no cargo de Presidente da Rep\u00fablica. O programa decorre ao longo de dois dias, com desloca\u00e7\u00f5es previstas a Arganil, Guimar\u00e3es e Porto. Comparecem o Presidente cessante, Marcelo Rebelo de Sousa, o primeiro-ministro Lu\u00eds Montenegro e chefes de Estado de Angola, Cabo Verde, Mo\u00e7ambique, S\u00e3o Tom\u00e9 e Pr\u00edncipe, Timor-Leste, al\u00e9m do rei Felipe VI. \u00c0s 13:00 realiza-se a cerim\u00f3nia no Mosteiro dos Jer\u00f3nimos para coroar o t\u00famulo de Lu\u00eds de Cam\u00f5es; pouco depois segue-se para o Pal\u00e1cio de Bel\u00e9m, com chegada prevista \u00e0s 13:25. Os jardins das Caldas da Rainha ficam abertos ao p\u00fablico \u00e0s 15:30; \u00e0s 16:30 Seguro re\u00fane-se com jovens no ISCSP; \u00e0s 18:00 tem in\u00edcio a cerim\u00f3nia de condecora\u00e7\u00e3o a Marcelo Rebelo de Sousa; na ter\u00e7a-feira rende-se passagem por Mour\u00edsia, Guimar\u00e3es e Porto, com concerto na Casa da M\u00fasica no final do dia.","og_url":"https:\/\/portaltela.pt\/noticias\/2026\/03\/09\/antonio-jose-seguro-toma-posse-como-presidente-da-republica-cerimonias-divulgadas\/","og_site_name":"Portal Tela Portugal","article_published_time":"2026-03-09T09:32:05+00:00","author":"Telinha","twitter_card":"summary_large_image","twitter_misc":{"Escrito por":"Telinha","Tempo estimado de leitura":"2 minutos"},"schema":{"@context":"https:\/\/schema.org","@graph":[{"@type":"Article","@id":"https:\/\/portaltela.pt\/noticias\/2026\/03\/09\/antonio-jose-seguro-toma-posse-como-presidente-da-republica-cerimonias-divulgadas\/#article","isPartOf":{"@id":"https:\/\/portaltela.pt\/noticias\/2026\/03\/09\/antonio-jose-seguro-toma-posse-como-presidente-da-republica-cerimonias-divulgadas\/"},"author":{"name":"Telinha","@id":"https:\/\/portaltela.pt\/#\/schema\/person\/c4278d4a6028830caff9ee44b42d32ed"},"headline":"Ant\u00f3nio Jos\u00e9 Seguro toma posse como Presidente da Rep\u00fablica; cerim\u00f3nias divulgadas","datePublished":"2026-03-09T09:32:05+00:00","mainEntityOfPage":{"@id":"https:\/\/portaltela.pt\/noticias\/2026\/03\/09\/antonio-jose-seguro-toma-posse-como-presidente-da-republica-cerimonias-divulgadas\/"},"wordCount":324,"image":{"@id":"https:\/\/portaltela.pt\/noticias\/2026\/03\/09\/antonio-jose-seguro-toma-posse-como-presidente-da-republica-cerimonias-divulgadas\/#primaryimage"},"thumbnailUrl":"https:\/\/portaltela.pt\/s.01k8rhncp4jt1\/2026\/03\/1536x864_cmsv2_bc8e9869-ef23-56c4-a0fc-3b511a46bd4b-9678710.jpg","keywords":["Arganil","Capital Verde Europeia 2026","Guimar\u00e3es","Porto","Portugal","presidente"],"articleSection":["Not\u00edcias","Pol\u00edtica"],"inLanguage":"pt-PT"},{"@type":"WebPage","@id":"https:\/\/portaltela.pt\/noticias\/2026\/03\/09\/antonio-jose-seguro-toma-posse-como-presidente-da-republica-cerimonias-divulgadas\/","url":"https:\/\/portaltela.pt\/noticias\/2026\/03\/09\/antonio-jose-seguro-toma-posse-como-presidente-da-republica-cerimonias-divulgadas\/","name":"Ant\u00f3nio Jos\u00e9 Seguro toma posse como Presidente da Rep\u00fablica; cerim\u00f3nias divulgadas - Portal Tela Portugal","isPartOf":{"@id":"https:\/\/portaltela.pt\/#website"},"primaryImageOfPage":{"@id":"https:\/\/portaltela.pt\/noticias\/2026\/03\/09\/antonio-jose-seguro-toma-posse-como-presidente-da-republica-cerimonias-divulgadas\/#primaryimage"},"image":{"@id":"https:\/\/portaltela.pt\/noticias\/2026\/03\/09\/antonio-jose-seguro-toma-posse-como-presidente-da-republica-cerimonias-divulgadas\/#primaryimage"},"thumbnailUrl":"https:\/\/portaltela.pt\/s.01k8rhncp4jt1\/2026\/03\/1536x864_cmsv2_bc8e9869-ef23-56c4-a0fc-3b511a46bd4b-9678710.jpg","datePublished":"2026-03-09T09:32:05+00:00","author":{"@id":"https:\/\/portaltela.pt\/#\/schema\/person\/c4278d4a6028830caff9ee44b42d32ed"},"breadcrumb":{"@id":"https:\/\/portaltela.pt\/noticias\/2026\/03\/09\/antonio-jose-seguro-toma-posse-como-presidente-da-republica-cerimonias-divulgadas\/#breadcrumb"},"inLanguage":"pt-PT","potentialAction":[{"@type":"ReadAction","target":["https:\/\/portaltela.pt\/noticias\/2026\/03\/09\/antonio-jose-seguro-toma-posse-como-presidente-da-republica-cerimonias-divulgadas\/"]}]},{"@type":"ImageObject","inLanguage":"pt-PT","@id":"https:\/\/portaltela.pt\/noticias\/2026\/03\/09\/antonio-jose-seguro-toma-posse-como-presidente-da-republica-cerimonias-divulgadas\/#primaryimage","url":"https:\/\/portaltela.pt\/s.01k8rhncp4jt1\/2026\/03\/1536x864_cmsv2_bc8e9869-ef23-56c4-a0fc-3b511a46bd4b-9678710.jpg","contentUrl":"https:\/\/portaltela.pt\/s.01k8rhncp4jt1\/2026\/03\/1536x864_cmsv2_bc8e9869-ef23-56c4-a0fc-3b511a46bd4b-9678710.jpg","width":796,"height":448,"caption":"AP Photo\/Ana Brigida"},{"@type":"BreadcrumbList","@id":"https:\/\/portaltela.pt\/noticias\/2026\/03\/09\/antonio-jose-seguro-toma-posse-como-presidente-da-republica-cerimonias-divulgadas\/#breadcrumb","itemListElement":[{"@type":"ListItem","position":1,"name":"In\u00edcio","item":"https:\/\/portaltela.pt\/"},{"@type":"ListItem","position":2,"name":"Ant\u00f3nio Jos\u00e9 Seguro toma posse como Presidente da Rep\u00fablica; cerim\u00f3nias divulgadas"}]},{"@type":"WebSite","@id":"https:\/\/portaltela.pt\/#website","url":"https:\/\/portaltela.pt\/","name":"Portal Tela Portugal","description":"","potentialAction":[{"@type":"SearchAction","target":{"@type":"EntryPoint","urlTemplate":"https:\/\/portaltela.pt\/?s={search_term_string}"},"query-input":{"@type":"PropertyValueSpecification","valueRequired":true,"valueName":"search_term_string"}}],"inLanguage":"pt-PT"},{"@type":"Person","@id":"https:\/\/portaltela.pt\/#\/schema\/person\/c4278d4a6028830caff9ee44b42d32ed","name":"Telinha","image":{"@type":"ImageObject","inLanguage":"pt-PT","@id":"https:\/\/portaltela.pt\/s.01k8rhncp4jt1\/2025\/11\/talking-bot-125x125.png","url":"https:\/\/portaltela.pt\/s.01k8rhncp4jt1\/2025\/11\/talking-bot-125x125.png","contentUrl":"https:\/\/portaltela.pt\/s.01k8rhncp4jt1\/2025\/11\/talking-bot-125x125.png","caption":"Telinha"},"sameAs":["https:\/\/portaltela.pt\/"],"url":"https:\/\/portaltela.pt\/por\/367410592786\/"}]}},"_links":{"self":[{"href":"https:\/\/portaltela.pt\/api\/wp\/v2\/posts\/403049","targetHints":{"allow":["GET"]}}],"collection":[{"href":"https:\/\/portaltela.pt\/api\/wp\/v2\/posts"}],"about":[{"href":"https:\/\/portaltela.pt\/api\/wp\/v2\/types\/post"}],"author":[{"embeddable":true,"href":"https:\/\/portaltela.pt\/api\/wp\/v2\/users\/2"}],"replies":[{"embeddable":true,"href":"https:\/\/portaltela.pt\/api\/wp\/v2\/comments?post=403049"}],"version-history":[{"count":0,"href":"https:\/\/portaltela.pt\/api\/wp\/v2\/posts\/403049\/revisions"}],"wp:featuredmedia":[{"embeddable":true,"href":"https:\/\/portaltela.pt\/api\/wp\/v2\/media\/403054"}],"wp:attachment":[{"href":"https:\/\/portaltela.pt\/api\/wp\/v2\/media?parent=403049"}],"wp:term":[{"taxonomy":"category","embeddable":true,"href":"https:\/\/portaltela.pt\/api\/wp\/v2\/categories?post=403049"},{"taxonomy":"post_tag","embeddable":true,"href":"https:\/\/portaltela.pt\/api\/wp\/v2\/tags?post=403049"}],"curies":[{"name":"wp","href":"https:\/\/api.w.org\/{rel}","templated":true}]}}