{"id":403037,"date":"2026-03-09T06:22:00","date_gmt":"2026-03-09T09:22:00","guid":{"rendered":"https:\/\/portaltela.pt\/noticias\/2026\/03\/09\/oposicao-timorense-quer-plano-do-governo-para-aumentos-do-custo-de-vida\/"},"modified":"2026-03-09T06:22:00","modified_gmt":"2026-03-09T09:22:00","slug":"oposicao-timorense-quer-plano-do-governo-para-aumentos-do-custo-de-vida","status":"publish","type":"post","link":"https:\/\/portaltela.pt\/noticias\/politica\/2026\/03\/09\/oposicao-timorense-quer-plano-do-governo-para-aumentos-do-custo-de-vida\/","title":{"rendered":"Oposi\u00e7\u00e3o timorense quer plano do Governo para aumentos do custo de vida"},"content":{"rendered":"<p>A Frente Revolucion\u00e1ria do Timor-Leste Independente (Fretilin) pediu hoje, no parlamento timorense, que o Governo explique o plano para enfrentar os aumentos de pre\u00e7os dos combust\u00edveis e de outros bens destacados pela atual crise no M\u00e9dio Oriente.<\/p>\n<p>A oposi\u00e7\u00e3o pretende conhecer as medidas previstas pelo Executivo para mitigar impactos econ\u00f3micos junto da popula\u00e7\u00e3o, incluindo fam\u00edlias e pequenas empresas, face \u00e0 escalada de custos.<\/p>\n<p>O pedido foi apresentado durante a sess\u00e3o parlamentar de hoje, sem indicar prazos ou detalhar fontes, mas visando esclarecer como o Governo pretende responder ao risco de infla\u00e7\u00e3o gerado pelo conflito regional.<\/p>\n","protected":false},"excerpt":{"rendered":"<ul>\n<li>A Frente Revolucion\u00e1ria do Timor-Leste Independente (Fretilin) pediu ao Governo, em parlamento, que explique o plano para os aumentos no custo de vida.<\/li>\n<li>O foco \u00e9 nos aumentos dos pre\u00e7os dos combust\u00edveis e de outros bens, associados ao conflito no M\u00e9dio Oriente.<\/li>\n<li>A solicita\u00e7\u00e3o ocorreu durante a sess\u00e3o parlamentar.<\/li>\n<li>A not\u00edcia original n\u00e3o detalha medidas espec\u00edficas apresentadas pelo Governo.<\/li>\n<\/ul>\n","protected":false},"author":2,"featured_media":403040,"comment_status":"closed","ping_status":"closed","sticky":false,"template":"","format":"standard","meta":{"footnotes":""},"categories":[1,5],"tags":[5508,2358,28,1676,229,2727],"class_list":["post-403037","post","type-post","status-publish","format-standard","has-post-thumbnail","hentry","category-noticias","category-politica","tag-abastecimento-de-combustivel","tag-crises-internacionais","tag-economia","tag-inflacao","tag-politica-publica","tag-timor-leste"],"yoast_head":"<!-- This site is optimized with the Yoast SEO plugin v27.2 - https:\/\/yoast.com\/product\/yoast-seo-wordpress\/ -->\n<title>Oposi\u00e7\u00e3o timorense quer plano do Governo para aumentos do custo de vida - Portal Tela Portugal<\/title>\n<meta name=\"robots\" content=\"index, follow, max-snippet:-1, max-image-preview:large, max-video-preview:-1\" \/>\n<meta property=\"og:locale\" content=\"pt_PT\" \/>\n<meta property=\"og:type\" content=\"article\" \/>\n<meta property=\"og:title\" content=\"Oposi\u00e7\u00e3o timorense quer plano do Governo para aumentos do custo de vida - Portal Tela Portugal\" \/>\n<meta property=\"og:description\" content=\"A Frente Revolucion\u00e1ria do Timor-Leste Independente (Fretilin) pediu ao Governo, em parlamento, que explique o plano para os aumentos no custo de vida. O foco \u00e9 nos aumentos dos pre\u00e7os dos combust\u00edveis e de outros bens, associados ao conflito no M\u00e9dio Oriente. A solicita\u00e7\u00e3o ocorreu durante a sess\u00e3o parlamentar. A not\u00edcia original n\u00e3o detalha medidas espec\u00edficas apresentadas pelo Governo.\" \/>\n<meta property=\"og:url\" content=\"https:\/\/portaltela.pt\/noticias\/2026\/03\/09\/oposicao-timorense-quer-plano-do-governo-para-aumentos-do-custo-de-vida\/\" \/>\n<meta property=\"og:site_name\" content=\"Portal Tela Portugal\" \/>\n<meta property=\"article:published_time\" content=\"2026-03-09T09:22:00+00:00\" \/>\n<meta name=\"author\" content=\"Telinha\" \/>\n<meta name=\"twitter:card\" content=\"summary_large_image\" \/>\n<meta name=\"twitter:label1\" content=\"Escrito por\" \/>\n\t<meta name=\"twitter:data1\" content=\"Telinha\" \/>\n\t<meta name=\"twitter:label2\" content=\"Tempo estimado de leitura\" \/>\n\t<meta name=\"twitter:data2\" content=\"1 minuto\" \/>\n<script type=\"application\/ld+json\" class=\"yoast-schema-graph\">{\"@context\":\"https:\/\/schema.org\",\"@graph\":[{\"@type\":\"Article\",\"@id\":\"https:\/\/portaltela.pt\/noticias\/2026\/03\/09\/oposicao-timorense-quer-plano-do-governo-para-aumentos-do-custo-de-vida\/#article\",\"isPartOf\":{\"@id\":\"https:\/\/portaltela.pt\/noticias\/2026\/03\/09\/oposicao-timorense-quer-plano-do-governo-para-aumentos-do-custo-de-vida\/\"},\"author\":{\"name\":\"Telinha\",\"@id\":\"https:\/\/portaltela.pt\/#\/schema\/person\/c4278d4a6028830caff9ee44b42d32ed\"},\"headline\":\"Oposi\u00e7\u00e3o timorense quer plano do Governo para aumentos do custo de vida\",\"datePublished\":\"2026-03-09T09:22:00+00:00\",\"mainEntityOfPage\":{\"@id\":\"https:\/\/portaltela.pt\/noticias\/2026\/03\/09\/oposicao-timorense-quer-plano-do-governo-para-aumentos-do-custo-de-vida\/\"},\"wordCount\":117,\"image\":{\"@id\":\"https:\/\/portaltela.pt\/noticias\/2026\/03\/09\/oposicao-timorense-quer-plano-do-governo-para-aumentos-do-custo-de-vida\/#primaryimage\"},\"thumbnailUrl\":\"https:\/\/portaltela.pt\/s.01k8rhncp4jt1\/2026\/03\/CACHE_780X1200_ANALOG_WATERMARKED_36105560_347315915749513.jpg\",\"keywords\":[\"abastecimento de combust\u00edvel\",\"crises internacionais\",\"economia\",\"infla\u00e7\u00e3o\",\"pol\u00edtica p\u00fablica\",\"Timor-Leste\"],\"articleSection\":[\"Not\u00edcias\",\"Pol\u00edtica\"],\"inLanguage\":\"pt-PT\"},{\"@type\":\"WebPage\",\"@id\":\"https:\/\/portaltela.pt\/noticias\/2026\/03\/09\/oposicao-timorense-quer-plano-do-governo-para-aumentos-do-custo-de-vida\/\",\"url\":\"https:\/\/portaltela.pt\/noticias\/2026\/03\/09\/oposicao-timorense-quer-plano-do-governo-para-aumentos-do-custo-de-vida\/\",\"name\":\"Oposi\u00e7\u00e3o timorense quer plano do Governo para aumentos do custo de vida - Portal Tela Portugal\",\"isPartOf\":{\"@id\":\"https:\/\/portaltela.pt\/#website\"},\"primaryImageOfPage\":{\"@id\":\"https:\/\/portaltela.pt\/noticias\/2026\/03\/09\/oposicao-timorense-quer-plano-do-governo-para-aumentos-do-custo-de-vida\/#primaryimage\"},\"image\":{\"@id\":\"https:\/\/portaltela.pt\/noticias\/2026\/03\/09\/oposicao-timorense-quer-plano-do-governo-para-aumentos-do-custo-de-vida\/#primaryimage\"},\"thumbnailUrl\":\"https:\/\/portaltela.pt\/s.01k8rhncp4jt1\/2026\/03\/CACHE_780X1200_ANALOG_WATERMARKED_36105560_347315915749513.jpg\",\"datePublished\":\"2026-03-09T09:22:00+00:00\",\"author\":{\"@id\":\"https:\/\/portaltela.pt\/#\/schema\/person\/c4278d4a6028830caff9ee44b42d32ed\"},\"breadcrumb\":{\"@id\":\"https:\/\/portaltela.pt\/noticias\/2026\/03\/09\/oposicao-timorense-quer-plano-do-governo-para-aumentos-do-custo-de-vida\/#breadcrumb\"},\"inLanguage\":\"pt-PT\",\"potentialAction\":[{\"@type\":\"ReadAction\",\"target\":[\"https:\/\/portaltela.pt\/noticias\/2026\/03\/09\/oposicao-timorense-quer-plano-do-governo-para-aumentos-do-custo-de-vida\/\"]}]},{\"@type\":\"ImageObject\",\"inLanguage\":\"pt-PT\",\"@id\":\"https:\/\/portaltela.pt\/noticias\/2026\/03\/09\/oposicao-timorense-quer-plano-do-governo-para-aumentos-do-custo-de-vida\/#primaryimage\",\"url\":\"https:\/\/portaltela.pt\/s.01k8rhncp4jt1\/2026\/03\/CACHE_780X1200_ANALOG_WATERMARKED_36105560_347315915749513.jpg\",\"contentUrl\":\"https:\/\/portaltela.pt\/s.01k8rhncp4jt1\/2026\/03\/CACHE_780X1200_ANALOG_WATERMARKED_36105560_347315915749513.jpg\",\"width\":796,\"height\":448,\"caption\":\"Oposi\u00e7\u00e3o timorense quer saber plano do Governo para aumentos no custo de vida\"},{\"@type\":\"BreadcrumbList\",\"@id\":\"https:\/\/portaltela.pt\/noticias\/2026\/03\/09\/oposicao-timorense-quer-plano-do-governo-para-aumentos-do-custo-de-vida\/#breadcrumb\",\"itemListElement\":[{\"@type\":\"ListItem\",\"position\":1,\"name\":\"In\u00edcio\",\"item\":\"https:\/\/portaltela.pt\/\"},{\"@type\":\"ListItem\",\"position\":2,\"name\":\"Oposi\u00e7\u00e3o timorense quer plano do Governo para aumentos do custo de vida\"}]},{\"@type\":\"WebSite\",\"@id\":\"https:\/\/portaltela.pt\/#website\",\"url\":\"https:\/\/portaltela.pt\/\",\"name\":\"Portal Tela Portugal\",\"description\":\"\",\"potentialAction\":[{\"@type\":\"SearchAction\",\"target\":{\"@type\":\"EntryPoint\",\"urlTemplate\":\"https:\/\/portaltela.pt\/?s={search_term_string}\"},\"query-input\":{\"@type\":\"PropertyValueSpecification\",\"valueRequired\":true,\"valueName\":\"search_term_string\"}}],\"inLanguage\":\"pt-PT\"},{\"@type\":\"Person\",\"@id\":\"https:\/\/portaltela.pt\/#\/schema\/person\/c4278d4a6028830caff9ee44b42d32ed\",\"name\":\"Telinha\",\"image\":{\"@type\":\"ImageObject\",\"inLanguage\":\"pt-PT\",\"@id\":\"https:\/\/portaltela.pt\/s.01k8rhncp4jt1\/2025\/11\/talking-bot-125x125.png\",\"url\":\"https:\/\/portaltela.pt\/s.01k8rhncp4jt1\/2025\/11\/talking-bot-125x125.png\",\"contentUrl\":\"https:\/\/portaltela.pt\/s.01k8rhncp4jt1\/2025\/11\/talking-bot-125x125.png\",\"caption\":\"Telinha\"},\"sameAs\":[\"https:\/\/portaltela.pt\/\"],\"url\":\"https:\/\/portaltela.pt\/por\/367410592786\/\"}]}<\/script>\n<!-- \/ Yoast SEO plugin. -->","yoast_head_json":{"title":"Oposi\u00e7\u00e3o timorense quer plano do Governo para aumentos do custo de vida - Portal Tela Portugal","robots":{"index":"index","follow":"follow","max-snippet":"max-snippet:-1","max-image-preview":"max-image-preview:large","max-video-preview":"max-video-preview:-1"},"og_locale":"pt_PT","og_type":"article","og_title":"Oposi\u00e7\u00e3o timorense quer plano do Governo para aumentos do custo de vida - Portal Tela Portugal","og_description":"A Frente Revolucion\u00e1ria do Timor-Leste Independente (Fretilin) pediu ao Governo, em parlamento, que explique o plano para os aumentos no custo de vida. O foco \u00e9 nos aumentos dos pre\u00e7os dos combust\u00edveis e de outros bens, associados ao conflito no M\u00e9dio Oriente. A solicita\u00e7\u00e3o ocorreu durante a sess\u00e3o parlamentar. A not\u00edcia original n\u00e3o detalha medidas espec\u00edficas apresentadas pelo Governo.","og_url":"https:\/\/portaltela.pt\/noticias\/2026\/03\/09\/oposicao-timorense-quer-plano-do-governo-para-aumentos-do-custo-de-vida\/","og_site_name":"Portal Tela Portugal","article_published_time":"2026-03-09T09:22:00+00:00","author":"Telinha","twitter_card":"summary_large_image","twitter_misc":{"Escrito por":"Telinha","Tempo estimado de leitura":"1 minuto"},"schema":{"@context":"https:\/\/schema.org","@graph":[{"@type":"Article","@id":"https:\/\/portaltela.pt\/noticias\/2026\/03\/09\/oposicao-timorense-quer-plano-do-governo-para-aumentos-do-custo-de-vida\/#article","isPartOf":{"@id":"https:\/\/portaltela.pt\/noticias\/2026\/03\/09\/oposicao-timorense-quer-plano-do-governo-para-aumentos-do-custo-de-vida\/"},"author":{"name":"Telinha","@id":"https:\/\/portaltela.pt\/#\/schema\/person\/c4278d4a6028830caff9ee44b42d32ed"},"headline":"Oposi\u00e7\u00e3o timorense quer plano do Governo para aumentos do custo de vida","datePublished":"2026-03-09T09:22:00+00:00","mainEntityOfPage":{"@id":"https:\/\/portaltela.pt\/noticias\/2026\/03\/09\/oposicao-timorense-quer-plano-do-governo-para-aumentos-do-custo-de-vida\/"},"wordCount":117,"image":{"@id":"https:\/\/portaltela.pt\/noticias\/2026\/03\/09\/oposicao-timorense-quer-plano-do-governo-para-aumentos-do-custo-de-vida\/#primaryimage"},"thumbnailUrl":"https:\/\/portaltela.pt\/s.01k8rhncp4jt1\/2026\/03\/CACHE_780X1200_ANALOG_WATERMARKED_36105560_347315915749513.jpg","keywords":["abastecimento de combust\u00edvel","crises internacionais","economia","infla\u00e7\u00e3o","pol\u00edtica p\u00fablica","Timor-Leste"],"articleSection":["Not\u00edcias","Pol\u00edtica"],"inLanguage":"pt-PT"},{"@type":"WebPage","@id":"https:\/\/portaltela.pt\/noticias\/2026\/03\/09\/oposicao-timorense-quer-plano-do-governo-para-aumentos-do-custo-de-vida\/","url":"https:\/\/portaltela.pt\/noticias\/2026\/03\/09\/oposicao-timorense-quer-plano-do-governo-para-aumentos-do-custo-de-vida\/","name":"Oposi\u00e7\u00e3o timorense quer plano do Governo para aumentos do custo de vida - Portal Tela Portugal","isPartOf":{"@id":"https:\/\/portaltela.pt\/#website"},"primaryImageOfPage":{"@id":"https:\/\/portaltela.pt\/noticias\/2026\/03\/09\/oposicao-timorense-quer-plano-do-governo-para-aumentos-do-custo-de-vida\/#primaryimage"},"image":{"@id":"https:\/\/portaltela.pt\/noticias\/2026\/03\/09\/oposicao-timorense-quer-plano-do-governo-para-aumentos-do-custo-de-vida\/#primaryimage"},"thumbnailUrl":"https:\/\/portaltela.pt\/s.01k8rhncp4jt1\/2026\/03\/CACHE_780X1200_ANALOG_WATERMARKED_36105560_347315915749513.jpg","datePublished":"2026-03-09T09:22:00+00:00","author":{"@id":"https:\/\/portaltela.pt\/#\/schema\/person\/c4278d4a6028830caff9ee44b42d32ed"},"breadcrumb":{"@id":"https:\/\/portaltela.pt\/noticias\/2026\/03\/09\/oposicao-timorense-quer-plano-do-governo-para-aumentos-do-custo-de-vida\/#breadcrumb"},"inLanguage":"pt-PT","potentialAction":[{"@type":"ReadAction","target":["https:\/\/portaltela.pt\/noticias\/2026\/03\/09\/oposicao-timorense-quer-plano-do-governo-para-aumentos-do-custo-de-vida\/"]}]},{"@type":"ImageObject","inLanguage":"pt-PT","@id":"https:\/\/portaltela.pt\/noticias\/2026\/03\/09\/oposicao-timorense-quer-plano-do-governo-para-aumentos-do-custo-de-vida\/#primaryimage","url":"https:\/\/portaltela.pt\/s.01k8rhncp4jt1\/2026\/03\/CACHE_780X1200_ANALOG_WATERMARKED_36105560_347315915749513.jpg","contentUrl":"https:\/\/portaltela.pt\/s.01k8rhncp4jt1\/2026\/03\/CACHE_780X1200_ANALOG_WATERMARKED_36105560_347315915749513.jpg","width":796,"height":448,"caption":"Oposi\u00e7\u00e3o timorense quer saber plano do Governo para aumentos no custo de vida"},{"@type":"BreadcrumbList","@id":"https:\/\/portaltela.pt\/noticias\/2026\/03\/09\/oposicao-timorense-quer-plano-do-governo-para-aumentos-do-custo-de-vida\/#breadcrumb","itemListElement":[{"@type":"ListItem","position":1,"name":"In\u00edcio","item":"https:\/\/portaltela.pt\/"},{"@type":"ListItem","position":2,"name":"Oposi\u00e7\u00e3o timorense quer plano do Governo para aumentos do custo de vida"}]},{"@type":"WebSite","@id":"https:\/\/portaltela.pt\/#website","url":"https:\/\/portaltela.pt\/","name":"Portal Tela Portugal","description":"","potentialAction":[{"@type":"SearchAction","target":{"@type":"EntryPoint","urlTemplate":"https:\/\/portaltela.pt\/?s={search_term_string}"},"query-input":{"@type":"PropertyValueSpecification","valueRequired":true,"valueName":"search_term_string"}}],"inLanguage":"pt-PT"},{"@type":"Person","@id":"https:\/\/portaltela.pt\/#\/schema\/person\/c4278d4a6028830caff9ee44b42d32ed","name":"Telinha","image":{"@type":"ImageObject","inLanguage":"pt-PT","@id":"https:\/\/portaltela.pt\/s.01k8rhncp4jt1\/2025\/11\/talking-bot-125x125.png","url":"https:\/\/portaltela.pt\/s.01k8rhncp4jt1\/2025\/11\/talking-bot-125x125.png","contentUrl":"https:\/\/portaltela.pt\/s.01k8rhncp4jt1\/2025\/11\/talking-bot-125x125.png","caption":"Telinha"},"sameAs":["https:\/\/portaltela.pt\/"],"url":"https:\/\/portaltela.pt\/por\/367410592786\/"}]}},"_links":{"self":[{"href":"https:\/\/portaltela.pt\/api\/wp\/v2\/posts\/403037","targetHints":{"allow":["GET"]}}],"collection":[{"href":"https:\/\/portaltela.pt\/api\/wp\/v2\/posts"}],"about":[{"href":"https:\/\/portaltela.pt\/api\/wp\/v2\/types\/post"}],"author":[{"embeddable":true,"href":"https:\/\/portaltela.pt\/api\/wp\/v2\/users\/2"}],"replies":[{"embeddable":true,"href":"https:\/\/portaltela.pt\/api\/wp\/v2\/comments?post=403037"}],"version-history":[{"count":0,"href":"https:\/\/portaltela.pt\/api\/wp\/v2\/posts\/403037\/revisions"}],"wp:featuredmedia":[{"embeddable":true,"href":"https:\/\/portaltela.pt\/api\/wp\/v2\/media\/403040"}],"wp:attachment":[{"href":"https:\/\/portaltela.pt\/api\/wp\/v2\/media?parent=403037"}],"wp:term":[{"taxonomy":"category","embeddable":true,"href":"https:\/\/portaltela.pt\/api\/wp\/v2\/categories?post=403037"},{"taxonomy":"post_tag","embeddable":true,"href":"https:\/\/portaltela.pt\/api\/wp\/v2\/tags?post=403037"}],"curies":[{"name":"wp","href":"https:\/\/api.w.org\/{rel}","templated":true}]}}