{"id":403003,"date":"2026-03-09T05:55:00","date_gmt":"2026-03-09T08:55:00","guid":{"rendered":"https:\/\/portaltela.pt\/noticias\/2026\/03\/09\/explosao-junto-a-sinagoga-em-liege-nao-causou-feridos-diz-policia\/"},"modified":"2026-03-09T05:55:00","modified_gmt":"2026-03-09T08:55:00","slug":"explosao-junto-a-sinagoga-em-liege-nao-causou-feridos-diz-policia","status":"publish","type":"post","link":"https:\/\/portaltela.pt\/conflitos\/2026\/03\/09\/explosao-junto-a-sinagoga-em-liege-nao-causou-feridos-diz-policia\/","title":{"rendered":"Explos\u00e3o junto \u00e0 sinagoga em Li\u00e8ge n\u00e3o causou feridos, diz pol\u00edcia"},"content":{"rendered":"<p>Uma explos\u00e3o foi sentida junto a uma sinagoga em Li\u00e8ge, B\u00e9lgica, na madrugada de segunda-feira. N\u00e3o houve feridos, apenas danos materiais.<\/p>\n<p>O incidente ocorreu junto \u00e0 sinagoga da rua L\u00e9on Fr\u00e9d\u00e9ricq, \u00e0s 4h (3h em Lisboa). Janelas dos edif\u00edcios em frente ficaram estilha\u00e7adas e foi estabelecido um per\u00edmetro de seguran\u00e7a para a investiga\u00e7\u00e3o inicial.<\/p>\n<p>Segundo fontes da RTBF, o presidente da c\u00e2mara de Li\u00e8ge, Willy Demeyer, afirma que a explos\u00e3o teve origem criminosa e classifica o ato como antissemita. Demeyer descreveu o ocorrido como extremamente violento e contr\u00e1rio \u00e0 tradi\u00e7\u00e3o da cidade.<\/p>\n<h3>Investiga\u00e7\u00e3o e rea\u00e7\u00e3o<\/h3>\n<p>A pol\u00edcia mant\u00e9m a linha de investiga\u00e7\u00e3o centrada em um ato criminoso com poss\u00edvel motiva\u00e7\u00e3o antissemita. As autoridades ainda n\u00e3o divulgaram detalhes sobre poss\u00edveis suspeitos ou motiva\u00e7\u00f5es espec\u00edficas, nem sobre a natureza exata do explosivo.<\/p>\n","protected":false},"excerpt":{"rendered":"<ul>\n<li>Explos\u00e3o foi sentida junto \u00e0 sinagoga da rua L\u00e9on Fr\u00e9d\u00e9ricq, em Li\u00e8ge, na madrugada desta segunda-feira; n\u00e3o houve feridos.<\/li>\n<li>O incidente ocorreu \u00e0s quatro da manh\u00e3, causando danos materiais e estilha\u00e7amento de janelas em edif\u00edcios em frente.<\/li>\n<li>Foi criado um per\u00edmetro de seguran\u00e7a para permitir a investiga\u00e7\u00e3o em curso.<\/li>\n<li>O presidente da c\u00e2mara de Li\u00e8ge, Willy Demeyer, disse que a explos\u00e3o teve origem criminosa e classificou o ato como anti-semitismo.<\/li>\n<li>Demeyer repudiou veementemente o ato, descrevendo-o como violento e contr\u00e1rio \u00e0 tradi\u00e7\u00e3o de Li\u00e8ge de respeito pelo pr\u00f3ximo.<\/li>\n<\/ul>\n","protected":false},"author":2,"featured_media":403004,"comment_status":"closed","ping_status":"closed","sticky":false,"template":"","format":"standard","meta":{"footnotes":""},"categories":[6790],"tags":[1617,1599,147,3696,2487,3571],"class_list":["post-403003","post","type-post","status-publish","format-standard","has-post-thumbnail","hentry","category-conflitos","tag-antisemitismo","tag-belgica","tag-crime","tag-crime-de-odio","tag-europa","tag-explosoes"],"yoast_head":"<!-- This site is optimized with the Yoast SEO plugin v27.2 - https:\/\/yoast.com\/product\/yoast-seo-wordpress\/ -->\n<title>Explos\u00e3o junto \u00e0 sinagoga em Li\u00e8ge n\u00e3o causou feridos, diz pol\u00edcia - Portal Tela Portugal<\/title>\n<meta name=\"robots\" content=\"index, follow, max-snippet:-1, max-image-preview:large, max-video-preview:-1\" \/>\n<meta property=\"og:locale\" content=\"pt_PT\" \/>\n<meta property=\"og:type\" content=\"article\" \/>\n<meta property=\"og:title\" content=\"Explos\u00e3o junto \u00e0 sinagoga em Li\u00e8ge n\u00e3o causou feridos, diz pol\u00edcia - Portal Tela Portugal\" \/>\n<meta property=\"og:description\" content=\"Explos\u00e3o foi sentida junto \u00e0 sinagoga da rua L\u00e9on Fr\u00e9d\u00e9ricq, em Li\u00e8ge, na madrugada desta segunda-feira; n\u00e3o houve feridos. O incidente ocorreu \u00e0s quatro da manh\u00e3, causando danos materiais e estilha\u00e7amento de janelas em edif\u00edcios em frente. Foi criado um per\u00edmetro de seguran\u00e7a para permitir a investiga\u00e7\u00e3o em curso. O presidente da c\u00e2mara de Li\u00e8ge, Willy Demeyer, disse que a explos\u00e3o teve origem criminosa e classificou o ato como anti-semitismo. Demeyer repudiou veementemente o ato, descrevendo-o como violento e contr\u00e1rio \u00e0 tradi\u00e7\u00e3o de Li\u00e8ge de respeito pelo pr\u00f3ximo.\" \/>\n<meta property=\"og:url\" content=\"https:\/\/portaltela.pt\/noticias\/2026\/03\/09\/explosao-junto-a-sinagoga-em-liege-nao-causou-feridos-diz-policia\/\" \/>\n<meta property=\"og:site_name\" content=\"Portal Tela Portugal\" \/>\n<meta property=\"article:published_time\" content=\"2026-03-09T08:55:00+00:00\" \/>\n<meta name=\"author\" content=\"Telinha\" \/>\n<meta name=\"twitter:card\" content=\"summary_large_image\" \/>\n<meta name=\"twitter:label1\" content=\"Escrito por\" \/>\n\t<meta name=\"twitter:data1\" content=\"Telinha\" \/>\n\t<meta name=\"twitter:label2\" content=\"Tempo estimado de leitura\" \/>\n\t<meta name=\"twitter:data2\" content=\"1 minuto\" \/>\n<script type=\"application\/ld+json\" class=\"yoast-schema-graph\">{\"@context\":\"https:\/\/schema.org\",\"@graph\":[{\"@type\":\"Article\",\"@id\":\"https:\/\/portaltela.pt\/noticias\/2026\/03\/09\/explosao-junto-a-sinagoga-em-liege-nao-causou-feridos-diz-policia\/#article\",\"isPartOf\":{\"@id\":\"https:\/\/portaltela.pt\/noticias\/2026\/03\/09\/explosao-junto-a-sinagoga-em-liege-nao-causou-feridos-diz-policia\/\"},\"author\":{\"name\":\"Telinha\",\"@id\":\"https:\/\/portaltela.pt\/#\/schema\/person\/c4278d4a6028830caff9ee44b42d32ed\"},\"headline\":\"Explos\u00e3o junto \u00e0 sinagoga em Li\u00e8ge n\u00e3o causou feridos, diz pol\u00edcia\",\"datePublished\":\"2026-03-09T08:55:00+00:00\",\"mainEntityOfPage\":{\"@id\":\"https:\/\/portaltela.pt\/noticias\/2026\/03\/09\/explosao-junto-a-sinagoga-em-liege-nao-causou-feridos-diz-policia\/\"},\"wordCount\":170,\"image\":{\"@id\":\"https:\/\/portaltela.pt\/noticias\/2026\/03\/09\/explosao-junto-a-sinagoga-em-liege-nao-causou-feridos-diz-policia\/#primaryimage\"},\"thumbnailUrl\":\"https:\/\/portaltela.pt\/s.01k8rhncp4jt1\/2026\/03\/2072689.jpg\",\"keywords\":[\"antisemitismo\",\"B\u00e9lgica\",\"crime\",\"crime de \u00f3dio\",\"Europa\",\"explos\u00f5es\"],\"articleSection\":[\"Conflitos\"],\"inLanguage\":\"pt-PT\"},{\"@type\":\"WebPage\",\"@id\":\"https:\/\/portaltela.pt\/noticias\/2026\/03\/09\/explosao-junto-a-sinagoga-em-liege-nao-causou-feridos-diz-policia\/\",\"url\":\"https:\/\/portaltela.pt\/noticias\/2026\/03\/09\/explosao-junto-a-sinagoga-em-liege-nao-causou-feridos-diz-policia\/\",\"name\":\"Explos\u00e3o junto \u00e0 sinagoga em Li\u00e8ge n\u00e3o causou feridos, diz pol\u00edcia - Portal Tela Portugal\",\"isPartOf\":{\"@id\":\"https:\/\/portaltela.pt\/#website\"},\"primaryImageOfPage\":{\"@id\":\"https:\/\/portaltela.pt\/noticias\/2026\/03\/09\/explosao-junto-a-sinagoga-em-liege-nao-causou-feridos-diz-policia\/#primaryimage\"},\"image\":{\"@id\":\"https:\/\/portaltela.pt\/noticias\/2026\/03\/09\/explosao-junto-a-sinagoga-em-liege-nao-causou-feridos-diz-policia\/#primaryimage\"},\"thumbnailUrl\":\"https:\/\/portaltela.pt\/s.01k8rhncp4jt1\/2026\/03\/2072689.jpg\",\"datePublished\":\"2026-03-09T08:55:00+00:00\",\"author\":{\"@id\":\"https:\/\/portaltela.pt\/#\/schema\/person\/c4278d4a6028830caff9ee44b42d32ed\"},\"breadcrumb\":{\"@id\":\"https:\/\/portaltela.pt\/noticias\/2026\/03\/09\/explosao-junto-a-sinagoga-em-liege-nao-causou-feridos-diz-policia\/#breadcrumb\"},\"inLanguage\":\"pt-PT\",\"potentialAction\":[{\"@type\":\"ReadAction\",\"target\":[\"https:\/\/portaltela.pt\/noticias\/2026\/03\/09\/explosao-junto-a-sinagoga-em-liege-nao-causou-feridos-diz-policia\/\"]}]},{\"@type\":\"ImageObject\",\"inLanguage\":\"pt-PT\",\"@id\":\"https:\/\/portaltela.pt\/noticias\/2026\/03\/09\/explosao-junto-a-sinagoga-em-liege-nao-causou-feridos-diz-policia\/#primaryimage\",\"url\":\"https:\/\/portaltela.pt\/s.01k8rhncp4jt1\/2026\/03\/2072689.jpg\",\"contentUrl\":\"https:\/\/portaltela.pt\/s.01k8rhncp4jt1\/2026\/03\/2072689.jpg\",\"width\":796,\"height\":448,\"caption\":\"Agentes junto \u00e0 sinagoga atingida pela explos\u00e3o da madrugada desta segunda-feira, 9 de Mar\u00e7o\"},{\"@type\":\"BreadcrumbList\",\"@id\":\"https:\/\/portaltela.pt\/noticias\/2026\/03\/09\/explosao-junto-a-sinagoga-em-liege-nao-causou-feridos-diz-policia\/#breadcrumb\",\"itemListElement\":[{\"@type\":\"ListItem\",\"position\":1,\"name\":\"In\u00edcio\",\"item\":\"https:\/\/portaltela.pt\/\"},{\"@type\":\"ListItem\",\"position\":2,\"name\":\"Explos\u00e3o junto \u00e0 sinagoga em Li\u00e8ge n\u00e3o causou feridos, diz pol\u00edcia\"}]},{\"@type\":\"WebSite\",\"@id\":\"https:\/\/portaltela.pt\/#website\",\"url\":\"https:\/\/portaltela.pt\/\",\"name\":\"Portal Tela Portugal\",\"description\":\"\",\"potentialAction\":[{\"@type\":\"SearchAction\",\"target\":{\"@type\":\"EntryPoint\",\"urlTemplate\":\"https:\/\/portaltela.pt\/?s={search_term_string}\"},\"query-input\":{\"@type\":\"PropertyValueSpecification\",\"valueRequired\":true,\"valueName\":\"search_term_string\"}}],\"inLanguage\":\"pt-PT\"},{\"@type\":\"Person\",\"@id\":\"https:\/\/portaltela.pt\/#\/schema\/person\/c4278d4a6028830caff9ee44b42d32ed\",\"name\":\"Telinha\",\"image\":{\"@type\":\"ImageObject\",\"inLanguage\":\"pt-PT\",\"@id\":\"https:\/\/portaltela.pt\/s.01k8rhncp4jt1\/2025\/11\/talking-bot-125x125.png\",\"url\":\"https:\/\/portaltela.pt\/s.01k8rhncp4jt1\/2025\/11\/talking-bot-125x125.png\",\"contentUrl\":\"https:\/\/portaltela.pt\/s.01k8rhncp4jt1\/2025\/11\/talking-bot-125x125.png\",\"caption\":\"Telinha\"},\"sameAs\":[\"https:\/\/portaltela.pt\/\"],\"url\":\"https:\/\/portaltela.pt\/por\/367410592786\/\"}]}<\/script>\n<!-- \/ Yoast SEO plugin. -->","yoast_head_json":{"title":"Explos\u00e3o junto \u00e0 sinagoga em Li\u00e8ge n\u00e3o causou feridos, diz pol\u00edcia - Portal Tela Portugal","robots":{"index":"index","follow":"follow","max-snippet":"max-snippet:-1","max-image-preview":"max-image-preview:large","max-video-preview":"max-video-preview:-1"},"og_locale":"pt_PT","og_type":"article","og_title":"Explos\u00e3o junto \u00e0 sinagoga em Li\u00e8ge n\u00e3o causou feridos, diz pol\u00edcia - Portal Tela Portugal","og_description":"Explos\u00e3o foi sentida junto \u00e0 sinagoga da rua L\u00e9on Fr\u00e9d\u00e9ricq, em Li\u00e8ge, na madrugada desta segunda-feira; n\u00e3o houve feridos. O incidente ocorreu \u00e0s quatro da manh\u00e3, causando danos materiais e estilha\u00e7amento de janelas em edif\u00edcios em frente. Foi criado um per\u00edmetro de seguran\u00e7a para permitir a investiga\u00e7\u00e3o em curso. O presidente da c\u00e2mara de Li\u00e8ge, Willy Demeyer, disse que a explos\u00e3o teve origem criminosa e classificou o ato como anti-semitismo. Demeyer repudiou veementemente o ato, descrevendo-o como violento e contr\u00e1rio \u00e0 tradi\u00e7\u00e3o de Li\u00e8ge de respeito pelo pr\u00f3ximo.","og_url":"https:\/\/portaltela.pt\/noticias\/2026\/03\/09\/explosao-junto-a-sinagoga-em-liege-nao-causou-feridos-diz-policia\/","og_site_name":"Portal Tela Portugal","article_published_time":"2026-03-09T08:55:00+00:00","author":"Telinha","twitter_card":"summary_large_image","twitter_misc":{"Escrito por":"Telinha","Tempo estimado de leitura":"1 minuto"},"schema":{"@context":"https:\/\/schema.org","@graph":[{"@type":"Article","@id":"https:\/\/portaltela.pt\/noticias\/2026\/03\/09\/explosao-junto-a-sinagoga-em-liege-nao-causou-feridos-diz-policia\/#article","isPartOf":{"@id":"https:\/\/portaltela.pt\/noticias\/2026\/03\/09\/explosao-junto-a-sinagoga-em-liege-nao-causou-feridos-diz-policia\/"},"author":{"name":"Telinha","@id":"https:\/\/portaltela.pt\/#\/schema\/person\/c4278d4a6028830caff9ee44b42d32ed"},"headline":"Explos\u00e3o junto \u00e0 sinagoga em Li\u00e8ge n\u00e3o causou feridos, diz pol\u00edcia","datePublished":"2026-03-09T08:55:00+00:00","mainEntityOfPage":{"@id":"https:\/\/portaltela.pt\/noticias\/2026\/03\/09\/explosao-junto-a-sinagoga-em-liege-nao-causou-feridos-diz-policia\/"},"wordCount":170,"image":{"@id":"https:\/\/portaltela.pt\/noticias\/2026\/03\/09\/explosao-junto-a-sinagoga-em-liege-nao-causou-feridos-diz-policia\/#primaryimage"},"thumbnailUrl":"https:\/\/portaltela.pt\/s.01k8rhncp4jt1\/2026\/03\/2072689.jpg","keywords":["antisemitismo","B\u00e9lgica","crime","crime de \u00f3dio","Europa","explos\u00f5es"],"articleSection":["Conflitos"],"inLanguage":"pt-PT"},{"@type":"WebPage","@id":"https:\/\/portaltela.pt\/noticias\/2026\/03\/09\/explosao-junto-a-sinagoga-em-liege-nao-causou-feridos-diz-policia\/","url":"https:\/\/portaltela.pt\/noticias\/2026\/03\/09\/explosao-junto-a-sinagoga-em-liege-nao-causou-feridos-diz-policia\/","name":"Explos\u00e3o junto \u00e0 sinagoga em Li\u00e8ge n\u00e3o causou feridos, diz pol\u00edcia - Portal Tela Portugal","isPartOf":{"@id":"https:\/\/portaltela.pt\/#website"},"primaryImageOfPage":{"@id":"https:\/\/portaltela.pt\/noticias\/2026\/03\/09\/explosao-junto-a-sinagoga-em-liege-nao-causou-feridos-diz-policia\/#primaryimage"},"image":{"@id":"https:\/\/portaltela.pt\/noticias\/2026\/03\/09\/explosao-junto-a-sinagoga-em-liege-nao-causou-feridos-diz-policia\/#primaryimage"},"thumbnailUrl":"https:\/\/portaltela.pt\/s.01k8rhncp4jt1\/2026\/03\/2072689.jpg","datePublished":"2026-03-09T08:55:00+00:00","author":{"@id":"https:\/\/portaltela.pt\/#\/schema\/person\/c4278d4a6028830caff9ee44b42d32ed"},"breadcrumb":{"@id":"https:\/\/portaltela.pt\/noticias\/2026\/03\/09\/explosao-junto-a-sinagoga-em-liege-nao-causou-feridos-diz-policia\/#breadcrumb"},"inLanguage":"pt-PT","potentialAction":[{"@type":"ReadAction","target":["https:\/\/portaltela.pt\/noticias\/2026\/03\/09\/explosao-junto-a-sinagoga-em-liege-nao-causou-feridos-diz-policia\/"]}]},{"@type":"ImageObject","inLanguage":"pt-PT","@id":"https:\/\/portaltela.pt\/noticias\/2026\/03\/09\/explosao-junto-a-sinagoga-em-liege-nao-causou-feridos-diz-policia\/#primaryimage","url":"https:\/\/portaltela.pt\/s.01k8rhncp4jt1\/2026\/03\/2072689.jpg","contentUrl":"https:\/\/portaltela.pt\/s.01k8rhncp4jt1\/2026\/03\/2072689.jpg","width":796,"height":448,"caption":"Agentes junto \u00e0 sinagoga atingida pela explos\u00e3o da madrugada desta segunda-feira, 9 de Mar\u00e7o"},{"@type":"BreadcrumbList","@id":"https:\/\/portaltela.pt\/noticias\/2026\/03\/09\/explosao-junto-a-sinagoga-em-liege-nao-causou-feridos-diz-policia\/#breadcrumb","itemListElement":[{"@type":"ListItem","position":1,"name":"In\u00edcio","item":"https:\/\/portaltela.pt\/"},{"@type":"ListItem","position":2,"name":"Explos\u00e3o junto \u00e0 sinagoga em Li\u00e8ge n\u00e3o causou feridos, diz pol\u00edcia"}]},{"@type":"WebSite","@id":"https:\/\/portaltela.pt\/#website","url":"https:\/\/portaltela.pt\/","name":"Portal Tela Portugal","description":"","potentialAction":[{"@type":"SearchAction","target":{"@type":"EntryPoint","urlTemplate":"https:\/\/portaltela.pt\/?s={search_term_string}"},"query-input":{"@type":"PropertyValueSpecification","valueRequired":true,"valueName":"search_term_string"}}],"inLanguage":"pt-PT"},{"@type":"Person","@id":"https:\/\/portaltela.pt\/#\/schema\/person\/c4278d4a6028830caff9ee44b42d32ed","name":"Telinha","image":{"@type":"ImageObject","inLanguage":"pt-PT","@id":"https:\/\/portaltela.pt\/s.01k8rhncp4jt1\/2025\/11\/talking-bot-125x125.png","url":"https:\/\/portaltela.pt\/s.01k8rhncp4jt1\/2025\/11\/talking-bot-125x125.png","contentUrl":"https:\/\/portaltela.pt\/s.01k8rhncp4jt1\/2025\/11\/talking-bot-125x125.png","caption":"Telinha"},"sameAs":["https:\/\/portaltela.pt\/"],"url":"https:\/\/portaltela.pt\/por\/367410592786\/"}]}},"_links":{"self":[{"href":"https:\/\/portaltela.pt\/api\/wp\/v2\/posts\/403003","targetHints":{"allow":["GET"]}}],"collection":[{"href":"https:\/\/portaltela.pt\/api\/wp\/v2\/posts"}],"about":[{"href":"https:\/\/portaltela.pt\/api\/wp\/v2\/types\/post"}],"author":[{"embeddable":true,"href":"https:\/\/portaltela.pt\/api\/wp\/v2\/users\/2"}],"replies":[{"embeddable":true,"href":"https:\/\/portaltela.pt\/api\/wp\/v2\/comments?post=403003"}],"version-history":[{"count":0,"href":"https:\/\/portaltela.pt\/api\/wp\/v2\/posts\/403003\/revisions"}],"wp:featuredmedia":[{"embeddable":true,"href":"https:\/\/portaltela.pt\/api\/wp\/v2\/media\/403004"}],"wp:attachment":[{"href":"https:\/\/portaltela.pt\/api\/wp\/v2\/media?parent=403003"}],"wp:term":[{"taxonomy":"category","embeddable":true,"href":"https:\/\/portaltela.pt\/api\/wp\/v2\/categories?post=403003"},{"taxonomy":"post_tag","embeddable":true,"href":"https:\/\/portaltela.pt\/api\/wp\/v2\/tags?post=403003"}],"curies":[{"name":"wp","href":"https:\/\/api.w.org\/{rel}","templated":true}]}}