{"id":403002,"date":"2026-03-09T04:11:00","date_gmt":"2026-03-09T07:11:00","guid":{"rendered":"https:\/\/portaltela.pt\/noticias\/2026\/03\/09\/voo-militar-com-61-passageiros-54-portugueses-chega-a-lisboa\/"},"modified":"2026-03-09T04:11:00","modified_gmt":"2026-03-09T07:11:00","slug":"voo-militar-com-61-passageiros-54-portugueses-chega-a-lisboa","status":"publish","type":"post","link":"https:\/\/portaltela.pt\/noticias\/2026\/03\/09\/voo-militar-com-61-passageiros-54-portugueses-chega-a-lisboa\/","title":{"rendered":"Voo militar com 61 passageiros, 54 portugueses, chega a Lisboa"},"content":{"rendered":"<p>O voo militar de repatria\u00e7\u00e3o chegou a Lisboa, trazendo 61 passageiros a bordo, incluindo 54 cidad\u00e3os portugueses e 7 estrangeiros. A aeronave partiu de Riade, Ar\u00e1bia Saudita, no domingo \u00e0 tarde e aterrou no aeroporto de Figo Maduro, em Lisboa.<\/p>\n<p>Entre os passageiros, contaram-se 54 portugueses e sete estrangeiros retidos por raz\u00f5es n\u00e3o especificadas. O objetivo da opera\u00e7\u00e3o foi a repatria\u00e7\u00e3o dos civis e trabalhadores presentes no estrangeiro.<\/p>\n<p>O regresso ocorreu ap\u00f3s a sa\u00edda de Riade, com o planeamento de cumprir os procedimentos habituais de desembarque e encaminhamento para eventuais controles. N\u00e3o foram divulgados detalhes adicionais sobre o itiner\u00e1rio ou sobre o destino final dos passageiros.<\/p>\n<p>Fonte das informa\u00e7\u00f5es oficiais n\u00e3o foi indicada neste comunicado. O Minist\u00e9rio da Defesa ou respetivas autoridades poder\u00e3o divulgar em breve dados complementares sobre o desembara\u00e7o e as medidas log\u00edsticas adotadas.<\/p>\n","protected":false},"excerpt":{"rendered":"<ul>\n<li>Voo militar de repatria\u00e7\u00e3o chegou a Lisboa com 61 passageiros, incluindo 54 portugueses.<\/li>\n<li>A aeronave partiu de Riade, na Ar\u00e1bia Saudita, na tarde de domingo.<\/li>\n<li>Entre os passageiros estavam sete cidad\u00e3os estrangeiros.<\/li>\n<li>A aterragem ocorreu no aeroporto de Figo Maduro, em Lisboa.<\/li>\n<\/ul>\n","protected":false},"author":2,"featured_media":403005,"comment_status":"closed","ping_status":"closed","sticky":false,"template":"","format":"standard","meta":{"footnotes":""},"categories":[1],"tags":[3302,6789,4299,981,1014,4083],"class_list":["post-403002","post","type-post","status-publish","format-standard","has-post-thumbnail","hentry","category-noticias","tag-aeroportos","tag-avioes","tag-forca-aerea","tag-lisboa","tag-portugal","tag-riade"],"yoast_head":"<!-- This site is optimized with the Yoast SEO plugin v27.2 - https:\/\/yoast.com\/product\/yoast-seo-wordpress\/ -->\n<title>Voo militar com 61 passageiros, 54 portugueses, chega a Lisboa - Portal Tela Portugal<\/title>\n<meta name=\"robots\" content=\"index, follow, max-snippet:-1, max-image-preview:large, max-video-preview:-1\" \/>\n<meta property=\"og:locale\" content=\"pt_PT\" \/>\n<meta property=\"og:type\" content=\"article\" \/>\n<meta property=\"og:title\" content=\"Voo militar com 61 passageiros, 54 portugueses, chega a Lisboa - Portal Tela Portugal\" \/>\n<meta property=\"og:description\" content=\"Voo militar de repatria\u00e7\u00e3o chegou a Lisboa com 61 passageiros, incluindo 54 portugueses. A aeronave partiu de Riade, na Ar\u00e1bia Saudita, na tarde de domingo. Entre os passageiros estavam sete cidad\u00e3os estrangeiros. A aterragem ocorreu no aeroporto de Figo Maduro, em Lisboa.\" \/>\n<meta property=\"og:url\" content=\"https:\/\/portaltela.pt\/noticias\/2026\/03\/09\/voo-militar-com-61-passageiros-54-portugueses-chega-a-lisboa\/\" \/>\n<meta property=\"og:site_name\" content=\"Portal Tela Portugal\" \/>\n<meta property=\"article:published_time\" content=\"2026-03-09T07:11:00+00:00\" \/>\n<meta name=\"author\" content=\"Telinha\" \/>\n<meta name=\"twitter:card\" content=\"summary_large_image\" \/>\n<meta name=\"twitter:label1\" content=\"Escrito por\" \/>\n\t<meta name=\"twitter:data1\" content=\"Telinha\" \/>\n\t<meta name=\"twitter:label2\" content=\"Tempo estimado de leitura\" \/>\n\t<meta name=\"twitter:data2\" content=\"1 minuto\" \/>\n<script type=\"application\/ld+json\" class=\"yoast-schema-graph\">{\"@context\":\"https:\/\/schema.org\",\"@graph\":[{\"@type\":\"Article\",\"@id\":\"https:\/\/portaltela.pt\/noticias\/2026\/03\/09\/voo-militar-com-61-passageiros-54-portugueses-chega-a-lisboa\/#article\",\"isPartOf\":{\"@id\":\"https:\/\/portaltela.pt\/noticias\/2026\/03\/09\/voo-militar-com-61-passageiros-54-portugueses-chega-a-lisboa\/\"},\"author\":{\"name\":\"Telinha\",\"@id\":\"https:\/\/portaltela.pt\/#\/schema\/person\/c4278d4a6028830caff9ee44b42d32ed\"},\"headline\":\"Voo militar com 61 passageiros, 54 portugueses, chega a Lisboa\",\"datePublished\":\"2026-03-09T07:11:00+00:00\",\"mainEntityOfPage\":{\"@id\":\"https:\/\/portaltela.pt\/noticias\/2026\/03\/09\/voo-militar-com-61-passageiros-54-portugueses-chega-a-lisboa\/\"},\"wordCount\":156,\"image\":{\"@id\":\"https:\/\/portaltela.pt\/noticias\/2026\/03\/09\/voo-militar-com-61-passageiros-54-portugueses-chega-a-lisboa\/#primaryimage\"},\"thumbnailUrl\":\"https:\/\/portaltela.pt\/s.01k8rhncp4jt1\/2026\/03\/CACHE_780X1200_ANALOG_WATERMARKED_46698738_1915107_06032026120827.jpg\",\"keywords\":[\"aeroportos\",\"avi\u00f5es\",\"For\u00e7a A\u00e9rea\",\"Lisboa\",\"Portugal\",\"Riade\"],\"articleSection\":[\"Not\u00edcias\"],\"inLanguage\":\"pt-PT\"},{\"@type\":\"WebPage\",\"@id\":\"https:\/\/portaltela.pt\/noticias\/2026\/03\/09\/voo-militar-com-61-passageiros-54-portugueses-chega-a-lisboa\/\",\"url\":\"https:\/\/portaltela.pt\/noticias\/2026\/03\/09\/voo-militar-com-61-passageiros-54-portugueses-chega-a-lisboa\/\",\"name\":\"Voo militar com 61 passageiros, 54 portugueses, chega a Lisboa - Portal Tela Portugal\",\"isPartOf\":{\"@id\":\"https:\/\/portaltela.pt\/#website\"},\"primaryImageOfPage\":{\"@id\":\"https:\/\/portaltela.pt\/noticias\/2026\/03\/09\/voo-militar-com-61-passageiros-54-portugueses-chega-a-lisboa\/#primaryimage\"},\"image\":{\"@id\":\"https:\/\/portaltela.pt\/noticias\/2026\/03\/09\/voo-militar-com-61-passageiros-54-portugueses-chega-a-lisboa\/#primaryimage\"},\"thumbnailUrl\":\"https:\/\/portaltela.pt\/s.01k8rhncp4jt1\/2026\/03\/CACHE_780X1200_ANALOG_WATERMARKED_46698738_1915107_06032026120827.jpg\",\"datePublished\":\"2026-03-09T07:11:00+00:00\",\"author\":{\"@id\":\"https:\/\/portaltela.pt\/#\/schema\/person\/c4278d4a6028830caff9ee44b42d32ed\"},\"breadcrumb\":{\"@id\":\"https:\/\/portaltela.pt\/noticias\/2026\/03\/09\/voo-militar-com-61-passageiros-54-portugueses-chega-a-lisboa\/#breadcrumb\"},\"inLanguage\":\"pt-PT\",\"potentialAction\":[{\"@type\":\"ReadAction\",\"target\":[\"https:\/\/portaltela.pt\/noticias\/2026\/03\/09\/voo-militar-com-61-passageiros-54-portugueses-chega-a-lisboa\/\"]}]},{\"@type\":\"ImageObject\",\"inLanguage\":\"pt-PT\",\"@id\":\"https:\/\/portaltela.pt\/noticias\/2026\/03\/09\/voo-militar-com-61-passageiros-54-portugueses-chega-a-lisboa\/#primaryimage\",\"url\":\"https:\/\/portaltela.pt\/s.01k8rhncp4jt1\/2026\/03\/CACHE_780X1200_ANALOG_WATERMARKED_46698738_1915107_06032026120827.jpg\",\"contentUrl\":\"https:\/\/portaltela.pt\/s.01k8rhncp4jt1\/2026\/03\/CACHE_780X1200_ANALOG_WATERMARKED_46698738_1915107_06032026120827.jpg\",\"width\":796,\"height\":448,\"caption\":\"Voo militar com 61 passageiros, incluindo 54 portugueses, chegou a Lisboa\"},{\"@type\":\"BreadcrumbList\",\"@id\":\"https:\/\/portaltela.pt\/noticias\/2026\/03\/09\/voo-militar-com-61-passageiros-54-portugueses-chega-a-lisboa\/#breadcrumb\",\"itemListElement\":[{\"@type\":\"ListItem\",\"position\":1,\"name\":\"In\u00edcio\",\"item\":\"https:\/\/portaltela.pt\/\"},{\"@type\":\"ListItem\",\"position\":2,\"name\":\"Voo militar com 61 passageiros, 54 portugueses, chega a Lisboa\"}]},{\"@type\":\"WebSite\",\"@id\":\"https:\/\/portaltela.pt\/#website\",\"url\":\"https:\/\/portaltela.pt\/\",\"name\":\"Portal Tela Portugal\",\"description\":\"\",\"potentialAction\":[{\"@type\":\"SearchAction\",\"target\":{\"@type\":\"EntryPoint\",\"urlTemplate\":\"https:\/\/portaltela.pt\/?s={search_term_string}\"},\"query-input\":{\"@type\":\"PropertyValueSpecification\",\"valueRequired\":true,\"valueName\":\"search_term_string\"}}],\"inLanguage\":\"pt-PT\"},{\"@type\":\"Person\",\"@id\":\"https:\/\/portaltela.pt\/#\/schema\/person\/c4278d4a6028830caff9ee44b42d32ed\",\"name\":\"Telinha\",\"image\":{\"@type\":\"ImageObject\",\"inLanguage\":\"pt-PT\",\"@id\":\"https:\/\/portaltela.pt\/s.01k8rhncp4jt1\/2025\/11\/talking-bot-125x125.png\",\"url\":\"https:\/\/portaltela.pt\/s.01k8rhncp4jt1\/2025\/11\/talking-bot-125x125.png\",\"contentUrl\":\"https:\/\/portaltela.pt\/s.01k8rhncp4jt1\/2025\/11\/talking-bot-125x125.png\",\"caption\":\"Telinha\"},\"sameAs\":[\"https:\/\/portaltela.pt\/\"],\"url\":\"https:\/\/portaltela.pt\/por\/367410592786\/\"}]}<\/script>\n<!-- \/ Yoast SEO plugin. -->","yoast_head_json":{"title":"Voo militar com 61 passageiros, 54 portugueses, chega a Lisboa - Portal Tela Portugal","robots":{"index":"index","follow":"follow","max-snippet":"max-snippet:-1","max-image-preview":"max-image-preview:large","max-video-preview":"max-video-preview:-1"},"og_locale":"pt_PT","og_type":"article","og_title":"Voo militar com 61 passageiros, 54 portugueses, chega a Lisboa - Portal Tela Portugal","og_description":"Voo militar de repatria\u00e7\u00e3o chegou a Lisboa com 61 passageiros, incluindo 54 portugueses. A aeronave partiu de Riade, na Ar\u00e1bia Saudita, na tarde de domingo. Entre os passageiros estavam sete cidad\u00e3os estrangeiros. A aterragem ocorreu no aeroporto de Figo Maduro, em Lisboa.","og_url":"https:\/\/portaltela.pt\/noticias\/2026\/03\/09\/voo-militar-com-61-passageiros-54-portugueses-chega-a-lisboa\/","og_site_name":"Portal Tela Portugal","article_published_time":"2026-03-09T07:11:00+00:00","author":"Telinha","twitter_card":"summary_large_image","twitter_misc":{"Escrito por":"Telinha","Tempo estimado de leitura":"1 minuto"},"schema":{"@context":"https:\/\/schema.org","@graph":[{"@type":"Article","@id":"https:\/\/portaltela.pt\/noticias\/2026\/03\/09\/voo-militar-com-61-passageiros-54-portugueses-chega-a-lisboa\/#article","isPartOf":{"@id":"https:\/\/portaltela.pt\/noticias\/2026\/03\/09\/voo-militar-com-61-passageiros-54-portugueses-chega-a-lisboa\/"},"author":{"name":"Telinha","@id":"https:\/\/portaltela.pt\/#\/schema\/person\/c4278d4a6028830caff9ee44b42d32ed"},"headline":"Voo militar com 61 passageiros, 54 portugueses, chega a Lisboa","datePublished":"2026-03-09T07:11:00+00:00","mainEntityOfPage":{"@id":"https:\/\/portaltela.pt\/noticias\/2026\/03\/09\/voo-militar-com-61-passageiros-54-portugueses-chega-a-lisboa\/"},"wordCount":156,"image":{"@id":"https:\/\/portaltela.pt\/noticias\/2026\/03\/09\/voo-militar-com-61-passageiros-54-portugueses-chega-a-lisboa\/#primaryimage"},"thumbnailUrl":"https:\/\/portaltela.pt\/s.01k8rhncp4jt1\/2026\/03\/CACHE_780X1200_ANALOG_WATERMARKED_46698738_1915107_06032026120827.jpg","keywords":["aeroportos","avi\u00f5es","For\u00e7a A\u00e9rea","Lisboa","Portugal","Riade"],"articleSection":["Not\u00edcias"],"inLanguage":"pt-PT"},{"@type":"WebPage","@id":"https:\/\/portaltela.pt\/noticias\/2026\/03\/09\/voo-militar-com-61-passageiros-54-portugueses-chega-a-lisboa\/","url":"https:\/\/portaltela.pt\/noticias\/2026\/03\/09\/voo-militar-com-61-passageiros-54-portugueses-chega-a-lisboa\/","name":"Voo militar com 61 passageiros, 54 portugueses, chega a Lisboa - Portal Tela Portugal","isPartOf":{"@id":"https:\/\/portaltela.pt\/#website"},"primaryImageOfPage":{"@id":"https:\/\/portaltela.pt\/noticias\/2026\/03\/09\/voo-militar-com-61-passageiros-54-portugueses-chega-a-lisboa\/#primaryimage"},"image":{"@id":"https:\/\/portaltela.pt\/noticias\/2026\/03\/09\/voo-militar-com-61-passageiros-54-portugueses-chega-a-lisboa\/#primaryimage"},"thumbnailUrl":"https:\/\/portaltela.pt\/s.01k8rhncp4jt1\/2026\/03\/CACHE_780X1200_ANALOG_WATERMARKED_46698738_1915107_06032026120827.jpg","datePublished":"2026-03-09T07:11:00+00:00","author":{"@id":"https:\/\/portaltela.pt\/#\/schema\/person\/c4278d4a6028830caff9ee44b42d32ed"},"breadcrumb":{"@id":"https:\/\/portaltela.pt\/noticias\/2026\/03\/09\/voo-militar-com-61-passageiros-54-portugueses-chega-a-lisboa\/#breadcrumb"},"inLanguage":"pt-PT","potentialAction":[{"@type":"ReadAction","target":["https:\/\/portaltela.pt\/noticias\/2026\/03\/09\/voo-militar-com-61-passageiros-54-portugueses-chega-a-lisboa\/"]}]},{"@type":"ImageObject","inLanguage":"pt-PT","@id":"https:\/\/portaltela.pt\/noticias\/2026\/03\/09\/voo-militar-com-61-passageiros-54-portugueses-chega-a-lisboa\/#primaryimage","url":"https:\/\/portaltela.pt\/s.01k8rhncp4jt1\/2026\/03\/CACHE_780X1200_ANALOG_WATERMARKED_46698738_1915107_06032026120827.jpg","contentUrl":"https:\/\/portaltela.pt\/s.01k8rhncp4jt1\/2026\/03\/CACHE_780X1200_ANALOG_WATERMARKED_46698738_1915107_06032026120827.jpg","width":796,"height":448,"caption":"Voo militar com 61 passageiros, incluindo 54 portugueses, chegou a Lisboa"},{"@type":"BreadcrumbList","@id":"https:\/\/portaltela.pt\/noticias\/2026\/03\/09\/voo-militar-com-61-passageiros-54-portugueses-chega-a-lisboa\/#breadcrumb","itemListElement":[{"@type":"ListItem","position":1,"name":"In\u00edcio","item":"https:\/\/portaltela.pt\/"},{"@type":"ListItem","position":2,"name":"Voo militar com 61 passageiros, 54 portugueses, chega a Lisboa"}]},{"@type":"WebSite","@id":"https:\/\/portaltela.pt\/#website","url":"https:\/\/portaltela.pt\/","name":"Portal Tela Portugal","description":"","potentialAction":[{"@type":"SearchAction","target":{"@type":"EntryPoint","urlTemplate":"https:\/\/portaltela.pt\/?s={search_term_string}"},"query-input":{"@type":"PropertyValueSpecification","valueRequired":true,"valueName":"search_term_string"}}],"inLanguage":"pt-PT"},{"@type":"Person","@id":"https:\/\/portaltela.pt\/#\/schema\/person\/c4278d4a6028830caff9ee44b42d32ed","name":"Telinha","image":{"@type":"ImageObject","inLanguage":"pt-PT","@id":"https:\/\/portaltela.pt\/s.01k8rhncp4jt1\/2025\/11\/talking-bot-125x125.png","url":"https:\/\/portaltela.pt\/s.01k8rhncp4jt1\/2025\/11\/talking-bot-125x125.png","contentUrl":"https:\/\/portaltela.pt\/s.01k8rhncp4jt1\/2025\/11\/talking-bot-125x125.png","caption":"Telinha"},"sameAs":["https:\/\/portaltela.pt\/"],"url":"https:\/\/portaltela.pt\/por\/367410592786\/"}]}},"_links":{"self":[{"href":"https:\/\/portaltela.pt\/api\/wp\/v2\/posts\/403002","targetHints":{"allow":["GET"]}}],"collection":[{"href":"https:\/\/portaltela.pt\/api\/wp\/v2\/posts"}],"about":[{"href":"https:\/\/portaltela.pt\/api\/wp\/v2\/types\/post"}],"author":[{"embeddable":true,"href":"https:\/\/portaltela.pt\/api\/wp\/v2\/users\/2"}],"replies":[{"embeddable":true,"href":"https:\/\/portaltela.pt\/api\/wp\/v2\/comments?post=403002"}],"version-history":[{"count":0,"href":"https:\/\/portaltela.pt\/api\/wp\/v2\/posts\/403002\/revisions"}],"wp:featuredmedia":[{"embeddable":true,"href":"https:\/\/portaltela.pt\/api\/wp\/v2\/media\/403005"}],"wp:attachment":[{"href":"https:\/\/portaltela.pt\/api\/wp\/v2\/media?parent=403002"}],"wp:term":[{"taxonomy":"category","embeddable":true,"href":"https:\/\/portaltela.pt\/api\/wp\/v2\/categories?post=403002"},{"taxonomy":"post_tag","embeddable":true,"href":"https:\/\/portaltela.pt\/api\/wp\/v2\/tags?post=403002"}],"curies":[{"name":"wp","href":"https:\/\/api.w.org\/{rel}","templated":true}]}}