{"id":402983,"date":"2026-03-09T05:14:00","date_gmt":"2026-03-09T08:14:00","guid":{"rendered":"https:\/\/portaltela.pt\/noticias\/2026\/03\/09\/explosao-junto-a-sinagoga-em-liege-nao-provoca-feridos\/"},"modified":"2026-03-09T05:14:00","modified_gmt":"2026-03-09T08:14:00","slug":"explosao-junto-a-sinagoga-em-liege-nao-provoca-feridos","status":"publish","type":"post","link":"https:\/\/portaltela.pt\/policia\/2026\/03\/09\/explosao-junto-a-sinagoga-em-liege-nao-provoca-feridos\/","title":{"rendered":"Explos\u00e3o junto a sinagoga em Li\u00e8ge n\u00e3o provoca feridos"},"content":{"rendered":"<p>Uma explos\u00e3o foi registada esta madrugada em frente \u00e0 sinagoga da rua L\u00e9on Fr\u00e9d\u00e9ricq, em Li\u00e8ge, B\u00e9lgica. A ocorr\u00eancia ocorreu \u00e0s 4:00, com o balan\u00e7o de feridos a ser negativo, segundo a pol\u00edcia.<\/p>\n<p>O incidente causou danos materiais nos edif\u00edcios fronteiros, nomeadamente estilha\u00e7amento de janelas. N\u00e3o h\u00e1 relatos de feridos at\u00e9 ao momento, de acordo com as autoridades.<\/p>\n<p>A pol\u00edcia de Li\u00e8ge informou ter estabelecido um per\u00edmetro de seguran\u00e7a para permitir a investiga\u00e7\u00e3o inicial. O objeto ou causa da explos\u00e3o ainda n\u00e3o \u00e9 conhecido publicamente.<\/p>\n<p>As autoridades v\u00e3o analisar vest\u00edgios e inquirir testemunhas para esclarecer as circunst\u00e2ncias do sucedido. O caso encontra-se em fase de apuramento, com a investiga\u00e7\u00e3o a decorrer.<\/p>\n","protected":false},"excerpt":{"rendered":"<ul>\n<li>Explos\u00e3o ocorreu \u00e0s 4h (3h em Portugal continental) em frente \u00e0 sinagoga da rua L\u00e9on Fr\u00e9d\u00e9ricq, Li\u00e8ge, B\u00e9lgica.<\/li>\n<li>Segundo a pol\u00edcia, n\u00e3o houve feridos.<\/li>\n<li>As janelas dos edif\u00edcios em frente \u00e0 sinagoga ficaram estilha\u00e7adas.<\/li>\n<li>Autoridades estabeleceram um per\u00edmetro de seguran\u00e7a para a investiga\u00e7\u00e3o inicial em curso.<\/li>\n<\/ul>\n","protected":false},"author":2,"featured_media":402988,"comment_status":"closed","ping_status":"closed","sticky":false,"template":"","format":"standard","meta":{"footnotes":""},"categories":[1,6781],"tags":[1599,3571,215,3813,3418,250],"class_list":["post-402983","post","type-post","status-publish","format-standard","has-post-thumbnail","hentry","category-noticias","category-policia","tag-belgica","tag-explosoes","tag-investigacao","tag-pericias","tag-policia-de-seguranca-publica","tag-seguranca-publica"],"yoast_head":"<!-- This site is optimized with the Yoast SEO plugin v27.2 - https:\/\/yoast.com\/product\/yoast-seo-wordpress\/ -->\n<title>Explos\u00e3o junto a sinagoga em Li\u00e8ge n\u00e3o provoca feridos - Portal Tela Portugal<\/title>\n<meta name=\"robots\" content=\"index, follow, max-snippet:-1, max-image-preview:large, max-video-preview:-1\" \/>\n<meta property=\"og:locale\" content=\"pt_PT\" \/>\n<meta property=\"og:type\" content=\"article\" \/>\n<meta property=\"og:title\" content=\"Explos\u00e3o junto a sinagoga em Li\u00e8ge n\u00e3o provoca feridos - Portal Tela Portugal\" \/>\n<meta property=\"og:description\" content=\"Explos\u00e3o ocorreu \u00e0s 4h (3h em Portugal continental) em frente \u00e0 sinagoga da rua L\u00e9on Fr\u00e9d\u00e9ricq, Li\u00e8ge, B\u00e9lgica. Segundo a pol\u00edcia, n\u00e3o houve feridos. As janelas dos edif\u00edcios em frente \u00e0 sinagoga ficaram estilha\u00e7adas. Autoridades estabeleceram um per\u00edmetro de seguran\u00e7a para a investiga\u00e7\u00e3o inicial em curso.\" \/>\n<meta property=\"og:url\" content=\"https:\/\/portaltela.pt\/noticias\/2026\/03\/09\/explosao-junto-a-sinagoga-em-liege-nao-provoca-feridos\/\" \/>\n<meta property=\"og:site_name\" content=\"Portal Tela Portugal\" \/>\n<meta property=\"article:published_time\" content=\"2026-03-09T08:14:00+00:00\" \/>\n<meta name=\"author\" content=\"Telinha\" \/>\n<meta name=\"twitter:card\" content=\"summary_large_image\" \/>\n<meta name=\"twitter:label1\" content=\"Escrito por\" \/>\n\t<meta name=\"twitter:data1\" content=\"Telinha\" \/>\n\t<meta name=\"twitter:label2\" content=\"Tempo estimado de leitura\" \/>\n\t<meta name=\"twitter:data2\" content=\"1 minuto\" \/>\n<script type=\"application\/ld+json\" class=\"yoast-schema-graph\">{\"@context\":\"https:\/\/schema.org\",\"@graph\":[{\"@type\":\"Article\",\"@id\":\"https:\/\/portaltela.pt\/noticias\/2026\/03\/09\/explosao-junto-a-sinagoga-em-liege-nao-provoca-feridos\/#article\",\"isPartOf\":{\"@id\":\"https:\/\/portaltela.pt\/noticias\/2026\/03\/09\/explosao-junto-a-sinagoga-em-liege-nao-provoca-feridos\/\"},\"author\":{\"name\":\"Telinha\",\"@id\":\"https:\/\/portaltela.pt\/#\/schema\/person\/c4278d4a6028830caff9ee44b42d32ed\"},\"headline\":\"Explos\u00e3o junto a sinagoga em Li\u00e8ge n\u00e3o provoca feridos\",\"datePublished\":\"2026-03-09T08:14:00+00:00\",\"mainEntityOfPage\":{\"@id\":\"https:\/\/portaltela.pt\/noticias\/2026\/03\/09\/explosao-junto-a-sinagoga-em-liege-nao-provoca-feridos\/\"},\"wordCount\":143,\"image\":{\"@id\":\"https:\/\/portaltela.pt\/noticias\/2026\/03\/09\/explosao-junto-a-sinagoga-em-liege-nao-provoca-feridos\/#primaryimage\"},\"thumbnailUrl\":\"https:\/\/portaltela.pt\/s.01k8rhncp4jt1\/2026\/03\/image-548.jpg\",\"keywords\":[\"B\u00e9lgica\",\"explos\u00f5es\",\"investiga\u00e7\u00e3o\",\"per\u00edcias\",\"Pol\u00edcia de Seguran\u00e7a P\u00fablica\",\"seguran\u00e7a p\u00fablica\"],\"articleSection\":[\"Not\u00edcias\",\"Pol\u00edcia\"],\"inLanguage\":\"pt-PT\"},{\"@type\":\"WebPage\",\"@id\":\"https:\/\/portaltela.pt\/noticias\/2026\/03\/09\/explosao-junto-a-sinagoga-em-liege-nao-provoca-feridos\/\",\"url\":\"https:\/\/portaltela.pt\/noticias\/2026\/03\/09\/explosao-junto-a-sinagoga-em-liege-nao-provoca-feridos\/\",\"name\":\"Explos\u00e3o junto a sinagoga em Li\u00e8ge n\u00e3o provoca feridos - Portal Tela Portugal\",\"isPartOf\":{\"@id\":\"https:\/\/portaltela.pt\/#website\"},\"primaryImageOfPage\":{\"@id\":\"https:\/\/portaltela.pt\/noticias\/2026\/03\/09\/explosao-junto-a-sinagoga-em-liege-nao-provoca-feridos\/#primaryimage\"},\"image\":{\"@id\":\"https:\/\/portaltela.pt\/noticias\/2026\/03\/09\/explosao-junto-a-sinagoga-em-liege-nao-provoca-feridos\/#primaryimage\"},\"thumbnailUrl\":\"https:\/\/portaltela.pt\/s.01k8rhncp4jt1\/2026\/03\/image-548.jpg\",\"datePublished\":\"2026-03-09T08:14:00+00:00\",\"author\":{\"@id\":\"https:\/\/portaltela.pt\/#\/schema\/person\/c4278d4a6028830caff9ee44b42d32ed\"},\"breadcrumb\":{\"@id\":\"https:\/\/portaltela.pt\/noticias\/2026\/03\/09\/explosao-junto-a-sinagoga-em-liege-nao-provoca-feridos\/#breadcrumb\"},\"inLanguage\":\"pt-PT\",\"potentialAction\":[{\"@type\":\"ReadAction\",\"target\":[\"https:\/\/portaltela.pt\/noticias\/2026\/03\/09\/explosao-junto-a-sinagoga-em-liege-nao-provoca-feridos\/\"]}]},{\"@type\":\"ImageObject\",\"inLanguage\":\"pt-PT\",\"@id\":\"https:\/\/portaltela.pt\/noticias\/2026\/03\/09\/explosao-junto-a-sinagoga-em-liege-nao-provoca-feridos\/#primaryimage\",\"url\":\"https:\/\/portaltela.pt\/s.01k8rhncp4jt1\/2026\/03\/image-548.jpg\",\"contentUrl\":\"https:\/\/portaltela.pt\/s.01k8rhncp4jt1\/2026\/03\/image-548.jpg\",\"width\":796,\"height\":448,\"caption\":\"Explos\u00e3o junto a sinagoga em Li\u00e8ge n\u00e3o causou feridos\"},{\"@type\":\"BreadcrumbList\",\"@id\":\"https:\/\/portaltela.pt\/noticias\/2026\/03\/09\/explosao-junto-a-sinagoga-em-liege-nao-provoca-feridos\/#breadcrumb\",\"itemListElement\":[{\"@type\":\"ListItem\",\"position\":1,\"name\":\"In\u00edcio\",\"item\":\"https:\/\/portaltela.pt\/\"},{\"@type\":\"ListItem\",\"position\":2,\"name\":\"Explos\u00e3o junto a sinagoga em Li\u00e8ge n\u00e3o provoca feridos\"}]},{\"@type\":\"WebSite\",\"@id\":\"https:\/\/portaltela.pt\/#website\",\"url\":\"https:\/\/portaltela.pt\/\",\"name\":\"Portal Tela Portugal\",\"description\":\"\",\"potentialAction\":[{\"@type\":\"SearchAction\",\"target\":{\"@type\":\"EntryPoint\",\"urlTemplate\":\"https:\/\/portaltela.pt\/?s={search_term_string}\"},\"query-input\":{\"@type\":\"PropertyValueSpecification\",\"valueRequired\":true,\"valueName\":\"search_term_string\"}}],\"inLanguage\":\"pt-PT\"},{\"@type\":\"Person\",\"@id\":\"https:\/\/portaltela.pt\/#\/schema\/person\/c4278d4a6028830caff9ee44b42d32ed\",\"name\":\"Telinha\",\"image\":{\"@type\":\"ImageObject\",\"inLanguage\":\"pt-PT\",\"@id\":\"https:\/\/portaltela.pt\/s.01k8rhncp4jt1\/2025\/11\/talking-bot-125x125.png\",\"url\":\"https:\/\/portaltela.pt\/s.01k8rhncp4jt1\/2025\/11\/talking-bot-125x125.png\",\"contentUrl\":\"https:\/\/portaltela.pt\/s.01k8rhncp4jt1\/2025\/11\/talking-bot-125x125.png\",\"caption\":\"Telinha\"},\"sameAs\":[\"https:\/\/portaltela.pt\/\"],\"url\":\"https:\/\/portaltela.pt\/por\/367410592786\/\"}]}<\/script>\n<!-- \/ Yoast SEO plugin. -->","yoast_head_json":{"title":"Explos\u00e3o junto a sinagoga em Li\u00e8ge n\u00e3o provoca feridos - Portal Tela Portugal","robots":{"index":"index","follow":"follow","max-snippet":"max-snippet:-1","max-image-preview":"max-image-preview:large","max-video-preview":"max-video-preview:-1"},"og_locale":"pt_PT","og_type":"article","og_title":"Explos\u00e3o junto a sinagoga em Li\u00e8ge n\u00e3o provoca feridos - Portal Tela Portugal","og_description":"Explos\u00e3o ocorreu \u00e0s 4h (3h em Portugal continental) em frente \u00e0 sinagoga da rua L\u00e9on Fr\u00e9d\u00e9ricq, Li\u00e8ge, B\u00e9lgica. Segundo a pol\u00edcia, n\u00e3o houve feridos. As janelas dos edif\u00edcios em frente \u00e0 sinagoga ficaram estilha\u00e7adas. Autoridades estabeleceram um per\u00edmetro de seguran\u00e7a para a investiga\u00e7\u00e3o inicial em curso.","og_url":"https:\/\/portaltela.pt\/noticias\/2026\/03\/09\/explosao-junto-a-sinagoga-em-liege-nao-provoca-feridos\/","og_site_name":"Portal Tela Portugal","article_published_time":"2026-03-09T08:14:00+00:00","author":"Telinha","twitter_card":"summary_large_image","twitter_misc":{"Escrito por":"Telinha","Tempo estimado de leitura":"1 minuto"},"schema":{"@context":"https:\/\/schema.org","@graph":[{"@type":"Article","@id":"https:\/\/portaltela.pt\/noticias\/2026\/03\/09\/explosao-junto-a-sinagoga-em-liege-nao-provoca-feridos\/#article","isPartOf":{"@id":"https:\/\/portaltela.pt\/noticias\/2026\/03\/09\/explosao-junto-a-sinagoga-em-liege-nao-provoca-feridos\/"},"author":{"name":"Telinha","@id":"https:\/\/portaltela.pt\/#\/schema\/person\/c4278d4a6028830caff9ee44b42d32ed"},"headline":"Explos\u00e3o junto a sinagoga em Li\u00e8ge n\u00e3o provoca feridos","datePublished":"2026-03-09T08:14:00+00:00","mainEntityOfPage":{"@id":"https:\/\/portaltela.pt\/noticias\/2026\/03\/09\/explosao-junto-a-sinagoga-em-liege-nao-provoca-feridos\/"},"wordCount":143,"image":{"@id":"https:\/\/portaltela.pt\/noticias\/2026\/03\/09\/explosao-junto-a-sinagoga-em-liege-nao-provoca-feridos\/#primaryimage"},"thumbnailUrl":"https:\/\/portaltela.pt\/s.01k8rhncp4jt1\/2026\/03\/image-548.jpg","keywords":["B\u00e9lgica","explos\u00f5es","investiga\u00e7\u00e3o","per\u00edcias","Pol\u00edcia de Seguran\u00e7a P\u00fablica","seguran\u00e7a p\u00fablica"],"articleSection":["Not\u00edcias","Pol\u00edcia"],"inLanguage":"pt-PT"},{"@type":"WebPage","@id":"https:\/\/portaltela.pt\/noticias\/2026\/03\/09\/explosao-junto-a-sinagoga-em-liege-nao-provoca-feridos\/","url":"https:\/\/portaltela.pt\/noticias\/2026\/03\/09\/explosao-junto-a-sinagoga-em-liege-nao-provoca-feridos\/","name":"Explos\u00e3o junto a sinagoga em Li\u00e8ge n\u00e3o provoca feridos - Portal Tela Portugal","isPartOf":{"@id":"https:\/\/portaltela.pt\/#website"},"primaryImageOfPage":{"@id":"https:\/\/portaltela.pt\/noticias\/2026\/03\/09\/explosao-junto-a-sinagoga-em-liege-nao-provoca-feridos\/#primaryimage"},"image":{"@id":"https:\/\/portaltela.pt\/noticias\/2026\/03\/09\/explosao-junto-a-sinagoga-em-liege-nao-provoca-feridos\/#primaryimage"},"thumbnailUrl":"https:\/\/portaltela.pt\/s.01k8rhncp4jt1\/2026\/03\/image-548.jpg","datePublished":"2026-03-09T08:14:00+00:00","author":{"@id":"https:\/\/portaltela.pt\/#\/schema\/person\/c4278d4a6028830caff9ee44b42d32ed"},"breadcrumb":{"@id":"https:\/\/portaltela.pt\/noticias\/2026\/03\/09\/explosao-junto-a-sinagoga-em-liege-nao-provoca-feridos\/#breadcrumb"},"inLanguage":"pt-PT","potentialAction":[{"@type":"ReadAction","target":["https:\/\/portaltela.pt\/noticias\/2026\/03\/09\/explosao-junto-a-sinagoga-em-liege-nao-provoca-feridos\/"]}]},{"@type":"ImageObject","inLanguage":"pt-PT","@id":"https:\/\/portaltela.pt\/noticias\/2026\/03\/09\/explosao-junto-a-sinagoga-em-liege-nao-provoca-feridos\/#primaryimage","url":"https:\/\/portaltela.pt\/s.01k8rhncp4jt1\/2026\/03\/image-548.jpg","contentUrl":"https:\/\/portaltela.pt\/s.01k8rhncp4jt1\/2026\/03\/image-548.jpg","width":796,"height":448,"caption":"Explos\u00e3o junto a sinagoga em Li\u00e8ge n\u00e3o causou feridos"},{"@type":"BreadcrumbList","@id":"https:\/\/portaltela.pt\/noticias\/2026\/03\/09\/explosao-junto-a-sinagoga-em-liege-nao-provoca-feridos\/#breadcrumb","itemListElement":[{"@type":"ListItem","position":1,"name":"In\u00edcio","item":"https:\/\/portaltela.pt\/"},{"@type":"ListItem","position":2,"name":"Explos\u00e3o junto a sinagoga em Li\u00e8ge n\u00e3o provoca feridos"}]},{"@type":"WebSite","@id":"https:\/\/portaltela.pt\/#website","url":"https:\/\/portaltela.pt\/","name":"Portal Tela Portugal","description":"","potentialAction":[{"@type":"SearchAction","target":{"@type":"EntryPoint","urlTemplate":"https:\/\/portaltela.pt\/?s={search_term_string}"},"query-input":{"@type":"PropertyValueSpecification","valueRequired":true,"valueName":"search_term_string"}}],"inLanguage":"pt-PT"},{"@type":"Person","@id":"https:\/\/portaltela.pt\/#\/schema\/person\/c4278d4a6028830caff9ee44b42d32ed","name":"Telinha","image":{"@type":"ImageObject","inLanguage":"pt-PT","@id":"https:\/\/portaltela.pt\/s.01k8rhncp4jt1\/2025\/11\/talking-bot-125x125.png","url":"https:\/\/portaltela.pt\/s.01k8rhncp4jt1\/2025\/11\/talking-bot-125x125.png","contentUrl":"https:\/\/portaltela.pt\/s.01k8rhncp4jt1\/2025\/11\/talking-bot-125x125.png","caption":"Telinha"},"sameAs":["https:\/\/portaltela.pt\/"],"url":"https:\/\/portaltela.pt\/por\/367410592786\/"}]}},"_links":{"self":[{"href":"https:\/\/portaltela.pt\/api\/wp\/v2\/posts\/402983","targetHints":{"allow":["GET"]}}],"collection":[{"href":"https:\/\/portaltela.pt\/api\/wp\/v2\/posts"}],"about":[{"href":"https:\/\/portaltela.pt\/api\/wp\/v2\/types\/post"}],"author":[{"embeddable":true,"href":"https:\/\/portaltela.pt\/api\/wp\/v2\/users\/2"}],"replies":[{"embeddable":true,"href":"https:\/\/portaltela.pt\/api\/wp\/v2\/comments?post=402983"}],"version-history":[{"count":0,"href":"https:\/\/portaltela.pt\/api\/wp\/v2\/posts\/402983\/revisions"}],"wp:featuredmedia":[{"embeddable":true,"href":"https:\/\/portaltela.pt\/api\/wp\/v2\/media\/402988"}],"wp:attachment":[{"href":"https:\/\/portaltela.pt\/api\/wp\/v2\/media?parent=402983"}],"wp:term":[{"taxonomy":"category","embeddable":true,"href":"https:\/\/portaltela.pt\/api\/wp\/v2\/categories?post=402983"},{"taxonomy":"post_tag","embeddable":true,"href":"https:\/\/portaltela.pt\/api\/wp\/v2\/tags?post=402983"}],"curies":[{"name":"wp","href":"https:\/\/api.w.org\/{rel}","templated":true}]}}