{"id":402976,"date":"2026-03-09T05:15:00","date_gmt":"2026-03-09T08:15:00","guid":{"rendered":"https:\/\/portaltela.pt\/noticias\/2026\/03\/09\/rsi-menos-beneficiarios-e-janeiro-com-o-valor-mais-baixo-em-20-anos\/"},"modified":"2026-03-09T05:15:00","modified_gmt":"2026-03-09T08:15:00","slug":"rsi-menos-beneficiarios-e-janeiro-com-o-valor-mais-baixo-em-20-anos","status":"publish","type":"post","link":"https:\/\/portaltela.pt\/sociedade\/2026\/03\/09\/rsi-menos-beneficiarios-e-janeiro-com-o-valor-mais-baixo-em-20-anos\/","title":{"rendered":"RSI: menos benefici\u00e1rios e janeiro com o valor mais baixo em 20 anos"},"content":{"rendered":"<p>O RSI registou, em janeiro, o menor n\u00famero de benefici\u00e1rios dos \u00faltimos 20 anos. Entre dezembro de 2025 e janeiro de 2026, 1160 pessoas deixaram de receber o rendimento social de inser\u00e7\u00e3o.<\/p>\n<p>Em termos anuais, a quebra foi de 5,7%. Foram 9864 benefici\u00e1rios a sair do RSI em janeiro, face ao mesmo m\u00eas do ano anterior.<\/p>\n<p>A redu\u00e7\u00e3o resulta de melhorias no contexto econ\u00f3mico, aliadas a pol\u00edticas mais restritivas e a interpreta\u00e7\u00f5es mais rigorosas da lei, que t\u00eam contribu\u00eddo para a diminui\u00e7\u00e3o constante do saldo de benefici\u00e1rios.<\/p>\n","protected":false},"excerpt":{"rendered":"<ul>\n<li>O RSI teve o n\u00famero de benefici\u00e1rios a encolher, atingindo em janeiro o valor mais baixo dos \u00faltimos vinte anos.<\/li>\n<li>Entre dezembro de 2025 e janeiro de 2026, 1160 pessoas deixaram de receber o RSI.<\/li>\n<li>Em rela\u00e7\u00e3o a janeiro de 2025, a quebra foi de 5,7%, com 9864 pessoas a sa\u00edrem do RSI.<\/li>\n<li>A redu\u00e7\u00e3o resulta de op\u00e7\u00f5es pol\u00edticas, leituras mais restritivas da lei e de melhorias no contexto econ\u00f3mico.<\/li>\n<\/ul>\n","protected":false},"author":2,"featured_media":402980,"comment_status":"closed","ping_status":"closed","sticky":false,"template":"","format":"standard","meta":{"footnotes":""},"categories":[6745,6871],"tags":[28,133,2102,243],"class_list":["post-402976","post","type-post","status-publish","format-standard","has-post-thumbnail","hentry","category-saude","category-sociedade","tag-economia","tag-politicas-publicas","tag-rendimento-social-de-insercao","tag-seguranca-social"],"yoast_head":"<!-- This site is optimized with the Yoast SEO plugin v27.2 - https:\/\/yoast.com\/product\/yoast-seo-wordpress\/ -->\n<title>RSI: menos benefici\u00e1rios e janeiro com o valor mais baixo em 20 anos - Portal Tela Portugal<\/title>\n<meta name=\"robots\" content=\"index, follow, max-snippet:-1, max-image-preview:large, max-video-preview:-1\" \/>\n<meta property=\"og:locale\" content=\"pt_PT\" \/>\n<meta property=\"og:type\" content=\"article\" \/>\n<meta property=\"og:title\" content=\"RSI: menos benefici\u00e1rios e janeiro com o valor mais baixo em 20 anos - Portal Tela Portugal\" \/>\n<meta property=\"og:description\" content=\"O RSI teve o n\u00famero de benefici\u00e1rios a encolher, atingindo em janeiro o valor mais baixo dos \u00faltimos vinte anos. Entre dezembro de 2025 e janeiro de 2026, 1160 pessoas deixaram de receber o RSI. Em rela\u00e7\u00e3o a janeiro de 2025, a quebra foi de 5,7%, com 9864 pessoas a sa\u00edrem do RSI. A redu\u00e7\u00e3o resulta de op\u00e7\u00f5es pol\u00edticas, leituras mais restritivas da lei e de melhorias no contexto econ\u00f3mico.\" \/>\n<meta property=\"og:url\" content=\"https:\/\/portaltela.pt\/noticias\/2026\/03\/09\/rsi-menos-beneficiarios-e-janeiro-com-o-valor-mais-baixo-em-20-anos\/\" \/>\n<meta property=\"og:site_name\" content=\"Portal Tela Portugal\" \/>\n<meta property=\"article:published_time\" content=\"2026-03-09T08:15:00+00:00\" \/>\n<meta name=\"author\" content=\"Telinha\" \/>\n<meta name=\"twitter:card\" content=\"summary_large_image\" \/>\n<meta name=\"twitter:label1\" content=\"Escrito por\" \/>\n\t<meta name=\"twitter:data1\" content=\"Telinha\" \/>\n<script type=\"application\/ld+json\" class=\"yoast-schema-graph\">{\"@context\":\"https:\/\/schema.org\",\"@graph\":[{\"@type\":\"Article\",\"@id\":\"https:\/\/portaltela.pt\/noticias\/2026\/03\/09\/rsi-menos-beneficiarios-e-janeiro-com-o-valor-mais-baixo-em-20-anos\/#article\",\"isPartOf\":{\"@id\":\"https:\/\/portaltela.pt\/noticias\/2026\/03\/09\/rsi-menos-beneficiarios-e-janeiro-com-o-valor-mais-baixo-em-20-anos\/\"},\"author\":{\"name\":\"Telinha\",\"@id\":\"https:\/\/portaltela.pt\/#\/schema\/person\/c4278d4a6028830caff9ee44b42d32ed\"},\"headline\":\"RSI: menos benefici\u00e1rios e janeiro com o valor mais baixo em 20 anos\",\"datePublished\":\"2026-03-09T08:15:00+00:00\",\"mainEntityOfPage\":{\"@id\":\"https:\/\/portaltela.pt\/noticias\/2026\/03\/09\/rsi-menos-beneficiarios-e-janeiro-com-o-valor-mais-baixo-em-20-anos\/\"},\"wordCount\":107,\"image\":{\"@id\":\"https:\/\/portaltela.pt\/noticias\/2026\/03\/09\/rsi-menos-beneficiarios-e-janeiro-com-o-valor-mais-baixo-em-20-anos\/#primaryimage\"},\"thumbnailUrl\":\"https:\/\/portaltela.pt\/s.01k8rhncp4jt1\/2026\/03\/2069131.jpg\",\"keywords\":[\"economia\",\"pol\u00edticas p\u00fablicas\",\"Rendimento Social de Inser\u00e7\u00e3o\",\"seguran\u00e7a social\"],\"articleSection\":[\"Sa\u00fade\",\"Sociedade\"],\"inLanguage\":\"pt-PT\"},{\"@type\":\"WebPage\",\"@id\":\"https:\/\/portaltela.pt\/noticias\/2026\/03\/09\/rsi-menos-beneficiarios-e-janeiro-com-o-valor-mais-baixo-em-20-anos\/\",\"url\":\"https:\/\/portaltela.pt\/noticias\/2026\/03\/09\/rsi-menos-beneficiarios-e-janeiro-com-o-valor-mais-baixo-em-20-anos\/\",\"name\":\"RSI: menos benefici\u00e1rios e janeiro com o valor mais baixo em 20 anos - Portal Tela Portugal\",\"isPartOf\":{\"@id\":\"https:\/\/portaltela.pt\/#website\"},\"primaryImageOfPage\":{\"@id\":\"https:\/\/portaltela.pt\/noticias\/2026\/03\/09\/rsi-menos-beneficiarios-e-janeiro-com-o-valor-mais-baixo-em-20-anos\/#primaryimage\"},\"image\":{\"@id\":\"https:\/\/portaltela.pt\/noticias\/2026\/03\/09\/rsi-menos-beneficiarios-e-janeiro-com-o-valor-mais-baixo-em-20-anos\/#primaryimage\"},\"thumbnailUrl\":\"https:\/\/portaltela.pt\/s.01k8rhncp4jt1\/2026\/03\/2069131.jpg\",\"datePublished\":\"2026-03-09T08:15:00+00:00\",\"author\":{\"@id\":\"https:\/\/portaltela.pt\/#\/schema\/person\/c4278d4a6028830caff9ee44b42d32ed\"},\"breadcrumb\":{\"@id\":\"https:\/\/portaltela.pt\/noticias\/2026\/03\/09\/rsi-menos-beneficiarios-e-janeiro-com-o-valor-mais-baixo-em-20-anos\/#breadcrumb\"},\"inLanguage\":\"pt-PT\",\"potentialAction\":[{\"@type\":\"ReadAction\",\"target\":[\"https:\/\/portaltela.pt\/noticias\/2026\/03\/09\/rsi-menos-beneficiarios-e-janeiro-com-o-valor-mais-baixo-em-20-anos\/\"]}]},{\"@type\":\"ImageObject\",\"inLanguage\":\"pt-PT\",\"@id\":\"https:\/\/portaltela.pt\/noticias\/2026\/03\/09\/rsi-menos-beneficiarios-e-janeiro-com-o-valor-mais-baixo-em-20-anos\/#primaryimage\",\"url\":\"https:\/\/portaltela.pt\/s.01k8rhncp4jt1\/2026\/03\/2069131.jpg\",\"contentUrl\":\"https:\/\/portaltela.pt\/s.01k8rhncp4jt1\/2026\/03\/2069131.jpg\",\"width\":796,\"height\":448,\"caption\":\"Idosos, fam\u00edlias monoparentais ou numerosas est\u00e3o entre os que enfrentam maior risco de pobreza\"},{\"@type\":\"BreadcrumbList\",\"@id\":\"https:\/\/portaltela.pt\/noticias\/2026\/03\/09\/rsi-menos-beneficiarios-e-janeiro-com-o-valor-mais-baixo-em-20-anos\/#breadcrumb\",\"itemListElement\":[{\"@type\":\"ListItem\",\"position\":1,\"name\":\"In\u00edcio\",\"item\":\"https:\/\/portaltela.pt\/\"},{\"@type\":\"ListItem\",\"position\":2,\"name\":\"RSI: menos benefici\u00e1rios e janeiro com o valor mais baixo em 20 anos\"}]},{\"@type\":\"WebSite\",\"@id\":\"https:\/\/portaltela.pt\/#website\",\"url\":\"https:\/\/portaltela.pt\/\",\"name\":\"Portal Tela Portugal\",\"description\":\"\",\"potentialAction\":[{\"@type\":\"SearchAction\",\"target\":{\"@type\":\"EntryPoint\",\"urlTemplate\":\"https:\/\/portaltela.pt\/?s={search_term_string}\"},\"query-input\":{\"@type\":\"PropertyValueSpecification\",\"valueRequired\":true,\"valueName\":\"search_term_string\"}}],\"inLanguage\":\"pt-PT\"},{\"@type\":\"Person\",\"@id\":\"https:\/\/portaltela.pt\/#\/schema\/person\/c4278d4a6028830caff9ee44b42d32ed\",\"name\":\"Telinha\",\"image\":{\"@type\":\"ImageObject\",\"inLanguage\":\"pt-PT\",\"@id\":\"https:\/\/portaltela.pt\/s.01k8rhncp4jt1\/2025\/11\/talking-bot-125x125.png\",\"url\":\"https:\/\/portaltela.pt\/s.01k8rhncp4jt1\/2025\/11\/talking-bot-125x125.png\",\"contentUrl\":\"https:\/\/portaltela.pt\/s.01k8rhncp4jt1\/2025\/11\/talking-bot-125x125.png\",\"caption\":\"Telinha\"},\"sameAs\":[\"https:\/\/portaltela.pt\/\"],\"url\":\"https:\/\/portaltela.pt\/por\/367410592786\/\"}]}<\/script>\n<!-- \/ Yoast SEO plugin. -->","yoast_head_json":{"title":"RSI: menos benefici\u00e1rios e janeiro com o valor mais baixo em 20 anos - Portal Tela Portugal","robots":{"index":"index","follow":"follow","max-snippet":"max-snippet:-1","max-image-preview":"max-image-preview:large","max-video-preview":"max-video-preview:-1"},"og_locale":"pt_PT","og_type":"article","og_title":"RSI: menos benefici\u00e1rios e janeiro com o valor mais baixo em 20 anos - Portal Tela Portugal","og_description":"O RSI teve o n\u00famero de benefici\u00e1rios a encolher, atingindo em janeiro o valor mais baixo dos \u00faltimos vinte anos. Entre dezembro de 2025 e janeiro de 2026, 1160 pessoas deixaram de receber o RSI. Em rela\u00e7\u00e3o a janeiro de 2025, a quebra foi de 5,7%, com 9864 pessoas a sa\u00edrem do RSI. A redu\u00e7\u00e3o resulta de op\u00e7\u00f5es pol\u00edticas, leituras mais restritivas da lei e de melhorias no contexto econ\u00f3mico.","og_url":"https:\/\/portaltela.pt\/noticias\/2026\/03\/09\/rsi-menos-beneficiarios-e-janeiro-com-o-valor-mais-baixo-em-20-anos\/","og_site_name":"Portal Tela Portugal","article_published_time":"2026-03-09T08:15:00+00:00","author":"Telinha","twitter_card":"summary_large_image","twitter_misc":{"Escrito por":"Telinha"},"schema":{"@context":"https:\/\/schema.org","@graph":[{"@type":"Article","@id":"https:\/\/portaltela.pt\/noticias\/2026\/03\/09\/rsi-menos-beneficiarios-e-janeiro-com-o-valor-mais-baixo-em-20-anos\/#article","isPartOf":{"@id":"https:\/\/portaltela.pt\/noticias\/2026\/03\/09\/rsi-menos-beneficiarios-e-janeiro-com-o-valor-mais-baixo-em-20-anos\/"},"author":{"name":"Telinha","@id":"https:\/\/portaltela.pt\/#\/schema\/person\/c4278d4a6028830caff9ee44b42d32ed"},"headline":"RSI: menos benefici\u00e1rios e janeiro com o valor mais baixo em 20 anos","datePublished":"2026-03-09T08:15:00+00:00","mainEntityOfPage":{"@id":"https:\/\/portaltela.pt\/noticias\/2026\/03\/09\/rsi-menos-beneficiarios-e-janeiro-com-o-valor-mais-baixo-em-20-anos\/"},"wordCount":107,"image":{"@id":"https:\/\/portaltela.pt\/noticias\/2026\/03\/09\/rsi-menos-beneficiarios-e-janeiro-com-o-valor-mais-baixo-em-20-anos\/#primaryimage"},"thumbnailUrl":"https:\/\/portaltela.pt\/s.01k8rhncp4jt1\/2026\/03\/2069131.jpg","keywords":["economia","pol\u00edticas p\u00fablicas","Rendimento Social de Inser\u00e7\u00e3o","seguran\u00e7a social"],"articleSection":["Sa\u00fade","Sociedade"],"inLanguage":"pt-PT"},{"@type":"WebPage","@id":"https:\/\/portaltela.pt\/noticias\/2026\/03\/09\/rsi-menos-beneficiarios-e-janeiro-com-o-valor-mais-baixo-em-20-anos\/","url":"https:\/\/portaltela.pt\/noticias\/2026\/03\/09\/rsi-menos-beneficiarios-e-janeiro-com-o-valor-mais-baixo-em-20-anos\/","name":"RSI: menos benefici\u00e1rios e janeiro com o valor mais baixo em 20 anos - Portal Tela Portugal","isPartOf":{"@id":"https:\/\/portaltela.pt\/#website"},"primaryImageOfPage":{"@id":"https:\/\/portaltela.pt\/noticias\/2026\/03\/09\/rsi-menos-beneficiarios-e-janeiro-com-o-valor-mais-baixo-em-20-anos\/#primaryimage"},"image":{"@id":"https:\/\/portaltela.pt\/noticias\/2026\/03\/09\/rsi-menos-beneficiarios-e-janeiro-com-o-valor-mais-baixo-em-20-anos\/#primaryimage"},"thumbnailUrl":"https:\/\/portaltela.pt\/s.01k8rhncp4jt1\/2026\/03\/2069131.jpg","datePublished":"2026-03-09T08:15:00+00:00","author":{"@id":"https:\/\/portaltela.pt\/#\/schema\/person\/c4278d4a6028830caff9ee44b42d32ed"},"breadcrumb":{"@id":"https:\/\/portaltela.pt\/noticias\/2026\/03\/09\/rsi-menos-beneficiarios-e-janeiro-com-o-valor-mais-baixo-em-20-anos\/#breadcrumb"},"inLanguage":"pt-PT","potentialAction":[{"@type":"ReadAction","target":["https:\/\/portaltela.pt\/noticias\/2026\/03\/09\/rsi-menos-beneficiarios-e-janeiro-com-o-valor-mais-baixo-em-20-anos\/"]}]},{"@type":"ImageObject","inLanguage":"pt-PT","@id":"https:\/\/portaltela.pt\/noticias\/2026\/03\/09\/rsi-menos-beneficiarios-e-janeiro-com-o-valor-mais-baixo-em-20-anos\/#primaryimage","url":"https:\/\/portaltela.pt\/s.01k8rhncp4jt1\/2026\/03\/2069131.jpg","contentUrl":"https:\/\/portaltela.pt\/s.01k8rhncp4jt1\/2026\/03\/2069131.jpg","width":796,"height":448,"caption":"Idosos, fam\u00edlias monoparentais ou numerosas est\u00e3o entre os que enfrentam maior risco de pobreza"},{"@type":"BreadcrumbList","@id":"https:\/\/portaltela.pt\/noticias\/2026\/03\/09\/rsi-menos-beneficiarios-e-janeiro-com-o-valor-mais-baixo-em-20-anos\/#breadcrumb","itemListElement":[{"@type":"ListItem","position":1,"name":"In\u00edcio","item":"https:\/\/portaltela.pt\/"},{"@type":"ListItem","position":2,"name":"RSI: menos benefici\u00e1rios e janeiro com o valor mais baixo em 20 anos"}]},{"@type":"WebSite","@id":"https:\/\/portaltela.pt\/#website","url":"https:\/\/portaltela.pt\/","name":"Portal Tela Portugal","description":"","potentialAction":[{"@type":"SearchAction","target":{"@type":"EntryPoint","urlTemplate":"https:\/\/portaltela.pt\/?s={search_term_string}"},"query-input":{"@type":"PropertyValueSpecification","valueRequired":true,"valueName":"search_term_string"}}],"inLanguage":"pt-PT"},{"@type":"Person","@id":"https:\/\/portaltela.pt\/#\/schema\/person\/c4278d4a6028830caff9ee44b42d32ed","name":"Telinha","image":{"@type":"ImageObject","inLanguage":"pt-PT","@id":"https:\/\/portaltela.pt\/s.01k8rhncp4jt1\/2025\/11\/talking-bot-125x125.png","url":"https:\/\/portaltela.pt\/s.01k8rhncp4jt1\/2025\/11\/talking-bot-125x125.png","contentUrl":"https:\/\/portaltela.pt\/s.01k8rhncp4jt1\/2025\/11\/talking-bot-125x125.png","caption":"Telinha"},"sameAs":["https:\/\/portaltela.pt\/"],"url":"https:\/\/portaltela.pt\/por\/367410592786\/"}]}},"_links":{"self":[{"href":"https:\/\/portaltela.pt\/api\/wp\/v2\/posts\/402976","targetHints":{"allow":["GET"]}}],"collection":[{"href":"https:\/\/portaltela.pt\/api\/wp\/v2\/posts"}],"about":[{"href":"https:\/\/portaltela.pt\/api\/wp\/v2\/types\/post"}],"author":[{"embeddable":true,"href":"https:\/\/portaltela.pt\/api\/wp\/v2\/users\/2"}],"replies":[{"embeddable":true,"href":"https:\/\/portaltela.pt\/api\/wp\/v2\/comments?post=402976"}],"version-history":[{"count":0,"href":"https:\/\/portaltela.pt\/api\/wp\/v2\/posts\/402976\/revisions"}],"wp:featuredmedia":[{"embeddable":true,"href":"https:\/\/portaltela.pt\/api\/wp\/v2\/media\/402980"}],"wp:attachment":[{"href":"https:\/\/portaltela.pt\/api\/wp\/v2\/media?parent=402976"}],"wp:term":[{"taxonomy":"category","embeddable":true,"href":"https:\/\/portaltela.pt\/api\/wp\/v2\/categories?post=402976"},{"taxonomy":"post_tag","embeddable":true,"href":"https:\/\/portaltela.pt\/api\/wp\/v2\/tags?post=402976"}],"curies":[{"name":"wp","href":"https:\/\/api.w.org\/{rel}","templated":true}]}}