{"id":402946,"date":"2026-03-09T04:45:00","date_gmt":"2026-03-09T07:45:00","guid":{"rendered":"https:\/\/portaltela.pt\/noticias\/2026\/03\/09\/roberta-medina-aposta-em-parcerias-para-fortalecer-o-rock-in-rio-lisboa\/"},"modified":"2026-03-09T04:45:00","modified_gmt":"2026-03-09T07:45:00","slug":"roberta-medina-aposta-em-parcerias-para-fortalecer-o-rock-in-rio-lisboa","status":"publish","type":"post","link":"https:\/\/portaltela.pt\/noticias\/2026\/03\/09\/roberta-medina-aposta-em-parcerias-para-fortalecer-o-rock-in-rio-lisboa\/","title":{"rendered":"Roberta Medina aposta em parcerias para fortalecer o Rock in Rio Lisboa"},"content":{"rendered":"<p>Roberta Medina dirige uma nova fase de expans\u00e3o do Rock in Rio Lisboa, em que o festival refor\u00e7a parcerias com turismo, Embratur e TAP para ampliar o p\u00fablico internacional. A edi\u00e7\u00e3o de 2026 prev\u00ea Lisboa em junho e Rio de Janeiro em setembro, apontando para uma estrat\u00e9gia multiplataforma.<\/p>\n<p>A vice-presidente executiva do Rock in Rio explica que a vis\u00e3o vai al\u00e9m da m\u00fasica, juntando marcas, companhias a\u00e9reas, operadores e entidades p\u00fablicas para dinamizar turismo e turismo de destino. O objetivo \u00e9 transformar o festival num espa\u00e7o de circula\u00e7\u00e3o de pessoas e experi\u00eancias.<\/p>\n<p>A origem do festival \u00e9 associada a uma cidade que precisa de promo\u00e7\u00e3o tur\u00edstica. Roberta destaca que, desde 1985, o Rock in Rio quis dar voz \u00e0 juventude e estimular o turismo, acreditando que o turismo tem impacto econ\u00f4mico relevante para a cidade.<\/p>\n<h3>Turismo<\/h3>\n<p>A parceria com a Entidade Regional de Turismo da Regi\u00e3o de Lisboa visa incentivar a perman\u00eancia dos visitantes no territ\u00f3rio. A ideia \u00e9 promover visitas a Vila Franca, Lisboa, Almada, Sintra e outros locais, criando liga\u00e7\u00f5es diretas entre o festival e o destino.<\/p>\n<p>A estrat\u00e9gia envolve comunica\u00e7\u00e3o direta com o p\u00fablico, oferecendo pacotes regionais aos compradores de ingressos. A ideia \u00e9 que o festival gere consumo tur\u00edstico para al\u00e9m do recinto, articulando-se com a regi\u00e3o de forma ativa.<\/p>\n<p>A Embratur \u00e9 encarada como plataforma para divulgar o Brasil a portugueses e europeus. O plano divide-se em duas fases: antes do festival, com foco cultural e de estilo de vida brasileiro, e depois, com convite direto a visitar o Brasil.<\/p>\n<h3>Pacotes integrados<\/h3>\n<p>A TAP entra como parte de um ecossistema com ganhos m\u00fatuos: promover o Rock in Rio envolve vender voos, ingressos e pacotes que incluam passagem, hotel e transporte. Outros operadores tur\u00edsticos e institui\u00e7\u00f5es locais tamb\u00e9m participam.<\/p>\n<p>A meta \u00e9 criar pacotes que ofere\u00e7am vantagem ao consumidor final, expandindo o alcance do festival para fora de Portugal e fortalecendo o ecossistema comercial em torno do evento.<\/p>\n<h3>Parque Tejo<\/h3>\n<p>A mudan\u00e7a do Rock in Rio Lisboa do Parque da Bela Vista para o Parque Tejo abriu novas possibilidades operacionais e art\u00edsticas. Palcos maiores e melhor log\u00edstica elevam a capacidade e a qualidade da experi\u00eancia.<\/p>\n<p>A nova localiza\u00e7\u00e3o facilita mobilidade, amplia a capacidade de shows e refor\u00e7a a identidade lisboeta do evento, distinguindo a edi\u00e7\u00e3o de Lisboa da vers\u00e3o brasileira.<\/p>\n<p>Roberta Medina sublinha que o balan\u00e7o inicial \u00e9 positivo, com ajustes em \u00e1reas de alimenta\u00e7\u00e3o, banheiros e organiza\u00e7\u00e3o log\u00edstica. A organiza\u00e7\u00e3o busca consolidar uma frente corporativa e tur\u00edstica com \u00e1reas premium para eventos empresariais.<\/p>\n<p>A executiva destaca que o Rock in Rio precisa de tempo para amadurecer a vis\u00e3o integrada entre cidade, marcas e turismo. O objetivo \u00e9 manter o prop\u00f3sito do festival enquanto amplia o seu papel internacional e local.<\/p>\n","protected":false},"excerpt":{"rendered":"<ul>\n<li>Rock in Rio Lisboa refor\u00e7a parcerias com a Entidade Regional de Turismo de Lisboa, Embratur e TAP para ampliar o p\u00fablico internacional.<\/li>\n<li>A edi\u00e7\u00e3o de 2026 vai ocorrer em Lisboa em junho e no Rio de Janeiro em setembro, ampliando o festival para uma \u201cmultiplataforma\u201d que envolve turismo e marcas.<\/li>\n<li>Atualmente, cerca de 60% do p\u00fablico de Rock in Rio Lisboa vem de fora da Grande Lisboa, apontando para oportunidades de impacto regional.<\/li>\n<li>O festival mudou do Parque da Bela Vista para o Parque Tejo, aumentando a capacidade e fortalecendo a identidade lisboeta do evento.<\/li>\n<li>A estrat\u00e9gia passa por pacotes integrados (passagem, ingresso, transporte e hotel) e por aproximar operadores tur\u00edsticos e empresas para venderem conjuntamente produtos do Rock in Rio.<\/li>\n<\/ul>\n","protected":false},"author":2,"featured_media":402948,"comment_status":"closed","ping_status":"closed","sticky":false,"template":"","format":"standard","meta":{"footnotes":""},"categories":[1],"tags":[2547,981,1996,192,169,4301],"class_list":["post-402946","post","type-post","status-publish","format-standard","has-post-thumbnail","hentry","category-noticias","tag-brasil","tag-lisboa","tag-parcerias-internacionais","tag-transporte","tag-turismo","tag-turismo-de-portugal"],"yoast_head":"<!-- This site is optimized with the Yoast SEO plugin v27.2 - https:\/\/yoast.com\/product\/yoast-seo-wordpress\/ -->\n<title>Roberta Medina aposta em parcerias para fortalecer o Rock in Rio Lisboa - Portal Tela Portugal<\/title>\n<meta name=\"robots\" content=\"index, follow, max-snippet:-1, max-image-preview:large, max-video-preview:-1\" \/>\n<meta property=\"og:locale\" content=\"pt_PT\" \/>\n<meta property=\"og:type\" content=\"article\" \/>\n<meta property=\"og:title\" content=\"Roberta Medina aposta em parcerias para fortalecer o Rock in Rio Lisboa - Portal Tela Portugal\" \/>\n<meta property=\"og:description\" content=\"Rock in Rio Lisboa refor\u00e7a parcerias com a Entidade Regional de Turismo de Lisboa, Embratur e TAP para ampliar o p\u00fablico internacional. A edi\u00e7\u00e3o de 2026 vai ocorrer em Lisboa em junho e no Rio de Janeiro em setembro, ampliando o festival para uma \u201cmultiplataforma\u201d que envolve turismo e marcas. Atualmente, cerca de 60% do p\u00fablico de Rock in Rio Lisboa vem de fora da Grande Lisboa, apontando para oportunidades de impacto regional. O festival mudou do Parque da Bela Vista para o Parque Tejo, aumentando a capacidade e fortalecendo a identidade lisboeta do evento. A estrat\u00e9gia passa por pacotes integrados (passagem, ingresso, transporte e hotel) e por aproximar operadores tur\u00edsticos e empresas para venderem conjuntamente produtos do Rock in Rio.\" \/>\n<meta property=\"og:url\" content=\"https:\/\/portaltela.pt\/noticias\/2026\/03\/09\/roberta-medina-aposta-em-parcerias-para-fortalecer-o-rock-in-rio-lisboa\/\" \/>\n<meta property=\"og:site_name\" content=\"Portal Tela Portugal\" \/>\n<meta property=\"article:published_time\" content=\"2026-03-09T07:45:00+00:00\" \/>\n<meta name=\"author\" content=\"Telinha\" \/>\n<meta name=\"twitter:card\" content=\"summary_large_image\" \/>\n<meta name=\"twitter:label1\" content=\"Escrito por\" \/>\n\t<meta name=\"twitter:data1\" content=\"Telinha\" \/>\n\t<meta name=\"twitter:label2\" content=\"Tempo estimado de leitura\" \/>\n\t<meta name=\"twitter:data2\" content=\"2 minutos\" \/>\n<script type=\"application\/ld+json\" class=\"yoast-schema-graph\">{\"@context\":\"https:\/\/schema.org\",\"@graph\":[{\"@type\":\"Article\",\"@id\":\"https:\/\/portaltela.pt\/noticias\/2026\/03\/09\/roberta-medina-aposta-em-parcerias-para-fortalecer-o-rock-in-rio-lisboa\/#article\",\"isPartOf\":{\"@id\":\"https:\/\/portaltela.pt\/noticias\/2026\/03\/09\/roberta-medina-aposta-em-parcerias-para-fortalecer-o-rock-in-rio-lisboa\/\"},\"author\":{\"name\":\"Telinha\",\"@id\":\"https:\/\/portaltela.pt\/#\/schema\/person\/c4278d4a6028830caff9ee44b42d32ed\"},\"headline\":\"Roberta Medina aposta em parcerias para fortalecer o Rock in Rio Lisboa\",\"datePublished\":\"2026-03-09T07:45:00+00:00\",\"mainEntityOfPage\":{\"@id\":\"https:\/\/portaltela.pt\/noticias\/2026\/03\/09\/roberta-medina-aposta-em-parcerias-para-fortalecer-o-rock-in-rio-lisboa\/\"},\"wordCount\":503,\"image\":{\"@id\":\"https:\/\/portaltela.pt\/noticias\/2026\/03\/09\/roberta-medina-aposta-em-parcerias-para-fortalecer-o-rock-in-rio-lisboa\/#primaryimage\"},\"thumbnailUrl\":\"https:\/\/portaltela.pt\/s.01k8rhncp4jt1\/2026\/03\/2072632.jpg\",\"keywords\":[\"Brasil\",\"Lisboa\",\"parcerias internacionais\",\"transporte\",\"turismo\",\"Turismo de Portugal\"],\"articleSection\":[\"Not\u00edcias\"],\"inLanguage\":\"pt-PT\"},{\"@type\":\"WebPage\",\"@id\":\"https:\/\/portaltela.pt\/noticias\/2026\/03\/09\/roberta-medina-aposta-em-parcerias-para-fortalecer-o-rock-in-rio-lisboa\/\",\"url\":\"https:\/\/portaltela.pt\/noticias\/2026\/03\/09\/roberta-medina-aposta-em-parcerias-para-fortalecer-o-rock-in-rio-lisboa\/\",\"name\":\"Roberta Medina aposta em parcerias para fortalecer o Rock in Rio Lisboa - Portal Tela Portugal\",\"isPartOf\":{\"@id\":\"https:\/\/portaltela.pt\/#website\"},\"primaryImageOfPage\":{\"@id\":\"https:\/\/portaltela.pt\/noticias\/2026\/03\/09\/roberta-medina-aposta-em-parcerias-para-fortalecer-o-rock-in-rio-lisboa\/#primaryimage\"},\"image\":{\"@id\":\"https:\/\/portaltela.pt\/noticias\/2026\/03\/09\/roberta-medina-aposta-em-parcerias-para-fortalecer-o-rock-in-rio-lisboa\/#primaryimage\"},\"thumbnailUrl\":\"https:\/\/portaltela.pt\/s.01k8rhncp4jt1\/2026\/03\/2072632.jpg\",\"datePublished\":\"2026-03-09T07:45:00+00:00\",\"author\":{\"@id\":\"https:\/\/portaltela.pt\/#\/schema\/person\/c4278d4a6028830caff9ee44b42d32ed\"},\"breadcrumb\":{\"@id\":\"https:\/\/portaltela.pt\/noticias\/2026\/03\/09\/roberta-medina-aposta-em-parcerias-para-fortalecer-o-rock-in-rio-lisboa\/#breadcrumb\"},\"inLanguage\":\"pt-PT\",\"potentialAction\":[{\"@type\":\"ReadAction\",\"target\":[\"https:\/\/portaltela.pt\/noticias\/2026\/03\/09\/roberta-medina-aposta-em-parcerias-para-fortalecer-o-rock-in-rio-lisboa\/\"]}]},{\"@type\":\"ImageObject\",\"inLanguage\":\"pt-PT\",\"@id\":\"https:\/\/portaltela.pt\/noticias\/2026\/03\/09\/roberta-medina-aposta-em-parcerias-para-fortalecer-o-rock-in-rio-lisboa\/#primaryimage\",\"url\":\"https:\/\/portaltela.pt\/s.01k8rhncp4jt1\/2026\/03\/2072632.jpg\",\"contentUrl\":\"https:\/\/portaltela.pt\/s.01k8rhncp4jt1\/2026\/03\/2072632.jpg\",\"width\":796,\"height\":448,\"caption\":\"Roberta Medina no Parque Tejo, espa\u00e7o do festival desde 2024\"},{\"@type\":\"BreadcrumbList\",\"@id\":\"https:\/\/portaltela.pt\/noticias\/2026\/03\/09\/roberta-medina-aposta-em-parcerias-para-fortalecer-o-rock-in-rio-lisboa\/#breadcrumb\",\"itemListElement\":[{\"@type\":\"ListItem\",\"position\":1,\"name\":\"In\u00edcio\",\"item\":\"https:\/\/portaltela.pt\/\"},{\"@type\":\"ListItem\",\"position\":2,\"name\":\"Roberta Medina aposta em parcerias para fortalecer o Rock in Rio Lisboa\"}]},{\"@type\":\"WebSite\",\"@id\":\"https:\/\/portaltela.pt\/#website\",\"url\":\"https:\/\/portaltela.pt\/\",\"name\":\"Portal Tela Portugal\",\"description\":\"\",\"potentialAction\":[{\"@type\":\"SearchAction\",\"target\":{\"@type\":\"EntryPoint\",\"urlTemplate\":\"https:\/\/portaltela.pt\/?s={search_term_string}\"},\"query-input\":{\"@type\":\"PropertyValueSpecification\",\"valueRequired\":true,\"valueName\":\"search_term_string\"}}],\"inLanguage\":\"pt-PT\"},{\"@type\":\"Person\",\"@id\":\"https:\/\/portaltela.pt\/#\/schema\/person\/c4278d4a6028830caff9ee44b42d32ed\",\"name\":\"Telinha\",\"image\":{\"@type\":\"ImageObject\",\"inLanguage\":\"pt-PT\",\"@id\":\"https:\/\/portaltela.pt\/s.01k8rhncp4jt1\/2025\/11\/talking-bot-125x125.png\",\"url\":\"https:\/\/portaltela.pt\/s.01k8rhncp4jt1\/2025\/11\/talking-bot-125x125.png\",\"contentUrl\":\"https:\/\/portaltela.pt\/s.01k8rhncp4jt1\/2025\/11\/talking-bot-125x125.png\",\"caption\":\"Telinha\"},\"sameAs\":[\"https:\/\/portaltela.pt\/\"],\"url\":\"https:\/\/portaltela.pt\/por\/367410592786\/\"}]}<\/script>\n<!-- \/ Yoast SEO plugin. -->","yoast_head_json":{"title":"Roberta Medina aposta em parcerias para fortalecer o Rock in Rio Lisboa - Portal Tela Portugal","robots":{"index":"index","follow":"follow","max-snippet":"max-snippet:-1","max-image-preview":"max-image-preview:large","max-video-preview":"max-video-preview:-1"},"og_locale":"pt_PT","og_type":"article","og_title":"Roberta Medina aposta em parcerias para fortalecer o Rock in Rio Lisboa - Portal Tela Portugal","og_description":"Rock in Rio Lisboa refor\u00e7a parcerias com a Entidade Regional de Turismo de Lisboa, Embratur e TAP para ampliar o p\u00fablico internacional. A edi\u00e7\u00e3o de 2026 vai ocorrer em Lisboa em junho e no Rio de Janeiro em setembro, ampliando o festival para uma \u201cmultiplataforma\u201d que envolve turismo e marcas. Atualmente, cerca de 60% do p\u00fablico de Rock in Rio Lisboa vem de fora da Grande Lisboa, apontando para oportunidades de impacto regional. O festival mudou do Parque da Bela Vista para o Parque Tejo, aumentando a capacidade e fortalecendo a identidade lisboeta do evento. A estrat\u00e9gia passa por pacotes integrados (passagem, ingresso, transporte e hotel) e por aproximar operadores tur\u00edsticos e empresas para venderem conjuntamente produtos do Rock in Rio.","og_url":"https:\/\/portaltela.pt\/noticias\/2026\/03\/09\/roberta-medina-aposta-em-parcerias-para-fortalecer-o-rock-in-rio-lisboa\/","og_site_name":"Portal Tela Portugal","article_published_time":"2026-03-09T07:45:00+00:00","author":"Telinha","twitter_card":"summary_large_image","twitter_misc":{"Escrito por":"Telinha","Tempo estimado de leitura":"2 minutos"},"schema":{"@context":"https:\/\/schema.org","@graph":[{"@type":"Article","@id":"https:\/\/portaltela.pt\/noticias\/2026\/03\/09\/roberta-medina-aposta-em-parcerias-para-fortalecer-o-rock-in-rio-lisboa\/#article","isPartOf":{"@id":"https:\/\/portaltela.pt\/noticias\/2026\/03\/09\/roberta-medina-aposta-em-parcerias-para-fortalecer-o-rock-in-rio-lisboa\/"},"author":{"name":"Telinha","@id":"https:\/\/portaltela.pt\/#\/schema\/person\/c4278d4a6028830caff9ee44b42d32ed"},"headline":"Roberta Medina aposta em parcerias para fortalecer o Rock in Rio Lisboa","datePublished":"2026-03-09T07:45:00+00:00","mainEntityOfPage":{"@id":"https:\/\/portaltela.pt\/noticias\/2026\/03\/09\/roberta-medina-aposta-em-parcerias-para-fortalecer-o-rock-in-rio-lisboa\/"},"wordCount":503,"image":{"@id":"https:\/\/portaltela.pt\/noticias\/2026\/03\/09\/roberta-medina-aposta-em-parcerias-para-fortalecer-o-rock-in-rio-lisboa\/#primaryimage"},"thumbnailUrl":"https:\/\/portaltela.pt\/s.01k8rhncp4jt1\/2026\/03\/2072632.jpg","keywords":["Brasil","Lisboa","parcerias internacionais","transporte","turismo","Turismo de Portugal"],"articleSection":["Not\u00edcias"],"inLanguage":"pt-PT"},{"@type":"WebPage","@id":"https:\/\/portaltela.pt\/noticias\/2026\/03\/09\/roberta-medina-aposta-em-parcerias-para-fortalecer-o-rock-in-rio-lisboa\/","url":"https:\/\/portaltela.pt\/noticias\/2026\/03\/09\/roberta-medina-aposta-em-parcerias-para-fortalecer-o-rock-in-rio-lisboa\/","name":"Roberta Medina aposta em parcerias para fortalecer o Rock in Rio Lisboa - Portal Tela Portugal","isPartOf":{"@id":"https:\/\/portaltela.pt\/#website"},"primaryImageOfPage":{"@id":"https:\/\/portaltela.pt\/noticias\/2026\/03\/09\/roberta-medina-aposta-em-parcerias-para-fortalecer-o-rock-in-rio-lisboa\/#primaryimage"},"image":{"@id":"https:\/\/portaltela.pt\/noticias\/2026\/03\/09\/roberta-medina-aposta-em-parcerias-para-fortalecer-o-rock-in-rio-lisboa\/#primaryimage"},"thumbnailUrl":"https:\/\/portaltela.pt\/s.01k8rhncp4jt1\/2026\/03\/2072632.jpg","datePublished":"2026-03-09T07:45:00+00:00","author":{"@id":"https:\/\/portaltela.pt\/#\/schema\/person\/c4278d4a6028830caff9ee44b42d32ed"},"breadcrumb":{"@id":"https:\/\/portaltela.pt\/noticias\/2026\/03\/09\/roberta-medina-aposta-em-parcerias-para-fortalecer-o-rock-in-rio-lisboa\/#breadcrumb"},"inLanguage":"pt-PT","potentialAction":[{"@type":"ReadAction","target":["https:\/\/portaltela.pt\/noticias\/2026\/03\/09\/roberta-medina-aposta-em-parcerias-para-fortalecer-o-rock-in-rio-lisboa\/"]}]},{"@type":"ImageObject","inLanguage":"pt-PT","@id":"https:\/\/portaltela.pt\/noticias\/2026\/03\/09\/roberta-medina-aposta-em-parcerias-para-fortalecer-o-rock-in-rio-lisboa\/#primaryimage","url":"https:\/\/portaltela.pt\/s.01k8rhncp4jt1\/2026\/03\/2072632.jpg","contentUrl":"https:\/\/portaltela.pt\/s.01k8rhncp4jt1\/2026\/03\/2072632.jpg","width":796,"height":448,"caption":"Roberta Medina no Parque Tejo, espa\u00e7o do festival desde 2024"},{"@type":"BreadcrumbList","@id":"https:\/\/portaltela.pt\/noticias\/2026\/03\/09\/roberta-medina-aposta-em-parcerias-para-fortalecer-o-rock-in-rio-lisboa\/#breadcrumb","itemListElement":[{"@type":"ListItem","position":1,"name":"In\u00edcio","item":"https:\/\/portaltela.pt\/"},{"@type":"ListItem","position":2,"name":"Roberta Medina aposta em parcerias para fortalecer o Rock in Rio Lisboa"}]},{"@type":"WebSite","@id":"https:\/\/portaltela.pt\/#website","url":"https:\/\/portaltela.pt\/","name":"Portal Tela Portugal","description":"","potentialAction":[{"@type":"SearchAction","target":{"@type":"EntryPoint","urlTemplate":"https:\/\/portaltela.pt\/?s={search_term_string}"},"query-input":{"@type":"PropertyValueSpecification","valueRequired":true,"valueName":"search_term_string"}}],"inLanguage":"pt-PT"},{"@type":"Person","@id":"https:\/\/portaltela.pt\/#\/schema\/person\/c4278d4a6028830caff9ee44b42d32ed","name":"Telinha","image":{"@type":"ImageObject","inLanguage":"pt-PT","@id":"https:\/\/portaltela.pt\/s.01k8rhncp4jt1\/2025\/11\/talking-bot-125x125.png","url":"https:\/\/portaltela.pt\/s.01k8rhncp4jt1\/2025\/11\/talking-bot-125x125.png","contentUrl":"https:\/\/portaltela.pt\/s.01k8rhncp4jt1\/2025\/11\/talking-bot-125x125.png","caption":"Telinha"},"sameAs":["https:\/\/portaltela.pt\/"],"url":"https:\/\/portaltela.pt\/por\/367410592786\/"}]}},"_links":{"self":[{"href":"https:\/\/portaltela.pt\/api\/wp\/v2\/posts\/402946","targetHints":{"allow":["GET"]}}],"collection":[{"href":"https:\/\/portaltela.pt\/api\/wp\/v2\/posts"}],"about":[{"href":"https:\/\/portaltela.pt\/api\/wp\/v2\/types\/post"}],"author":[{"embeddable":true,"href":"https:\/\/portaltela.pt\/api\/wp\/v2\/users\/2"}],"replies":[{"embeddable":true,"href":"https:\/\/portaltela.pt\/api\/wp\/v2\/comments?post=402946"}],"version-history":[{"count":0,"href":"https:\/\/portaltela.pt\/api\/wp\/v2\/posts\/402946\/revisions"}],"wp:featuredmedia":[{"embeddable":true,"href":"https:\/\/portaltela.pt\/api\/wp\/v2\/media\/402948"}],"wp:attachment":[{"href":"https:\/\/portaltela.pt\/api\/wp\/v2\/media?parent=402946"}],"wp:term":[{"taxonomy":"category","embeddable":true,"href":"https:\/\/portaltela.pt\/api\/wp\/v2\/categories?post=402946"},{"taxonomy":"post_tag","embeddable":true,"href":"https:\/\/portaltela.pt\/api\/wp\/v2\/tags?post=402946"}],"curies":[{"name":"wp","href":"https:\/\/api.w.org\/{rel}","templated":true}]}}